{"id":1213,"date":"2010-03-29T10:41:04","date_gmt":"2010-03-29T09:41:04","guid":{"rendered":"http:\/\/www.diariodeunanovia.com\/blog\/?p=1213"},"modified":"2010-03-29T10:41:04","modified_gmt":"2010-03-29T09:41:04","slug":"magdalena-de-suecia-pospone-su-boda","status":"publish","type":"post","link":"http:\/\/noviasespana.com\/noviasgipuzkoa\/magdalena-de-suecia-pospone-su-boda\/","title":{"rendered":"Magdalena de Suecia pospone su boda"},"content":{"rendered":"<p style=\"text-align: justify\">Queridas novias!!! La benjamina de los reyes de Suecia, Magdalena, no atraviesa por un buen momento sentimental. Seg\u00fan informa esta semana la revista \u00abPronto\u00bb, el enlace entre la princesa y su prometido, Jonas Bergstr\u00f6m, corre peligro, algo que ya advert\u00edan los peri\u00f3dicos suecos hace un tiempo. Magdalena y Jonas pasan por una aguda crisis amorosa\u00bb, anunci\u00f3 el rotativo \u00abExpressen\u00bb, mientra el \u00abAftonbladet\u00bb afirmaba: \u00abSu matrimonio puede esperar\u00bb. De acuerdo con estos diarios, lo que ha distanciado a los novios es, precisamente, la planificaci\u00f3n de su boda. Magdalena estar\u00eda harta de cargar con el peso de los preparativos, mientras que Jonas la habr\u00eda acusado de estar dominada por \u00abuna furia organizadora\u00bb. Aunque la  Familia Real sueca ha desmentido esta informaci\u00f3n, s\u00ed que ha informado de que el enlace entre Magdalena y Jonas se pospondr\u00e1 hasta la primavera de 2011.\u00a0 Algunos achacan esta decisi\u00f3n a una causa pr\u00e1ctica y que tienen como objetivos que las arcas de Suecia no afronten tres importantes gastos (la boda de\u00a0 Victoria de Suecia, la de Magdalena y los Premios Nobel) en un mismo a\u00f1o, destaca \u00abPronto\u00bb.<\/p>\n<p style=\"text-align: justify\"><img data-recalc-dims=\"1\" loading=\"lazy\" decoding=\"async\" class=\"aligncenter size-full wp-image-1216\" title=\"990287\" src=\"https:\/\/i0.wp.com\/www.diariodeunanovia.com\/blog\/wp-content\/uploads\/sites\/4\/2010\/03\/990287.jpg?resize=565%2C400\" alt=\"990287\" width=\"565\" height=\"400\" \/><\/p>\n<p><span> <\/span><\/p>\n","protected":false},"excerpt":{"rendered":"<p>Queridas novias!!! La benjamina de los reyes de Suecia, Magdalena, no atraviesa por un buen momento sentimental. Seg\u00fan informa esta semana la revista \u00abPronto\u00bb, el enlace entre la princesa y su prometido, Jonas Bergstr\u00f6m, corre peligro, algo que ya advert\u00edan los peri\u00f3dicos suecos hace un tiempo. Magdalena y Jonas pasan por una aguda crisis amorosa\u00bb, [&hellip;]<\/p>\n","protected":false},"author":2,"featured_media":0,"comment_status":"open","ping_status":"open","sticky":false,"template":"","format":"standard","meta":{"jetpack_post_was_ever_published":false,"_jetpack_newsletter_access":"","_jetpack_dont_email_post_to_subs":false,"_jetpack_newsletter_tier_id":0,"_jetpack_memberships_contains_paywalled_content":false,"_jetpack_memberships_contains_paid_content":false,"footnotes":""},"categories":[1],"tags":[],"class_list":["post-1213","post","type-post","status-publish","format-standard","hentry","category-novias"],"yoast_head":"<!-- This site is optimized with the Yoast SEO plugin v27.5 - https:\/\/yoast.com\/product\/yoast-seo-wordpress\/ -->\n<title>Magdalena de Suecia pospone su boda - Novias Gipuzkoa<\/title>\n<meta name=\"robots\" content=\"index, follow, max-snippet:-1, max-image-preview:large, max-video-preview:-1\" \/>\n<link rel=\"canonical\" href=\"http:\/\/noviasespana.com\/noviasgipuzkoa\/magdalena-de-suecia-pospone-su-boda\/\" \/>\n<meta property=\"og:locale\" content=\"es_ES\" \/>\n<meta property=\"og:type\" content=\"article\" \/>\n<meta property=\"og:title\" content=\"Magdalena de Suecia pospone su boda - Novias Gipuzkoa\" \/>\n<meta property=\"og:description\" content=\"Queridas novias!!! La benjamina de los reyes de Suecia, Magdalena, no atraviesa por un buen momento sentimental. Seg\u00fan informa esta semana la revista \u00abPronto\u00bb, el enlace entre la princesa y su prometido, Jonas Bergstr\u00f6m, corre peligro, algo que ya advert\u00edan los peri\u00f3dicos suecos hace un tiempo. Magdalena y Jonas pasan por una aguda crisis amorosa\u00bb, [&hellip;]\" \/>\n<meta property=\"og:url\" content=\"http:\/\/noviasespana.com\/noviasgipuzkoa\/magdalena-de-suecia-pospone-su-boda\/\" \/>\n<meta property=\"og:site_name\" content=\"Novias Gipuzkoa\" \/>\n<meta property=\"article:published_time\" content=\"2010-03-29T09:41:04+00:00\" \/>\n<meta property=\"og:image\" content=\"http:\/\/www.diariodeunanovia.com\/blog\/wp-content\/uploads\/sites\/4\/2010\/03\/990287.jpg\" \/>\n<meta name=\"author\" content=\"admin\" \/>\n<meta name=\"twitter:label1\" content=\"Escrito por\" \/>\n\t<meta name=\"twitter:data1\" content=\"admin\" \/>\n\t<meta name=\"twitter:label2\" content=\"Tiempo de lectura\" \/>\n\t<meta name=\"twitter:data2\" content=\"1 minuto\" \/>\n<script type=\"application\/ld+json\" class=\"yoast-schema-graph\">{\"@context\":\"https:\\\/\\\/schema.org\",\"@graph\":[{\"@type\":\"Article\",\"@id\":\"http:\\\/\\\/noviasespana.com\\\/noviasgipuzkoa\\\/magdalena-de-suecia-pospone-su-boda\\\/#article\",\"isPartOf\":{\"@id\":\"http:\\\/\\\/noviasespana.com\\\/noviasgipuzkoa\\\/magdalena-de-suecia-pospone-su-boda\\\/\"},\"author\":{\"name\":\"admin\",\"@id\":\"http:\\\/\\\/noviasespana.com\\\/noviasgipuzkoa\\\/#\\\/schema\\\/person\\\/82ff6e303fad28e4da623aa4d27969ed\"},\"headline\":\"Magdalena de Suecia pospone su boda\",\"datePublished\":\"2010-03-29T09:41:04+00:00\",\"mainEntityOfPage\":{\"@id\":\"http:\\\/\\\/noviasespana.com\\\/noviasgipuzkoa\\\/magdalena-de-suecia-pospone-su-boda\\\/\"},\"wordCount\":196,\"commentCount\":0,\"image\":{\"@id\":\"http:\\\/\\\/noviasespana.com\\\/noviasgipuzkoa\\\/magdalena-de-suecia-pospone-su-boda\\\/#primaryimage\"},\"thumbnailUrl\":\"http:\\\/\\\/www.diariodeunanovia.com\\\/blog\\\/wp-content\\\/uploads\\\/sites\\\/4\\\/2010\\\/03\\\/990287.jpg\",\"articleSection\":[\"novias\"],\"inLanguage\":\"es\",\"potentialAction\":[{\"@type\":\"CommentAction\",\"name\":\"Comment\",\"target\":[\"http:\\\/\\\/noviasespana.com\\\/noviasgipuzkoa\\\/magdalena-de-suecia-pospone-su-boda\\\/#respond\"]}]},{\"@type\":\"WebPage\",\"@id\":\"http:\\\/\\\/noviasespana.com\\\/noviasgipuzkoa\\\/magdalena-de-suecia-pospone-su-boda\\\/\",\"url\":\"http:\\\/\\\/noviasespana.com\\\/noviasgipuzkoa\\\/magdalena-de-suecia-pospone-su-boda\\\/\",\"name\":\"Magdalena de Suecia pospone su boda - Novias Gipuzkoa\",\"isPartOf\":{\"@id\":\"http:\\\/\\\/noviasespana.com\\\/noviasgipuzkoa\\\/#website\"},\"primaryImageOfPage\":{\"@id\":\"http:\\\/\\\/noviasespana.com\\\/noviasgipuzkoa\\\/magdalena-de-suecia-pospone-su-boda\\\/#primaryimage\"},\"image\":{\"@id\":\"http:\\\/\\\/noviasespana.com\\\/noviasgipuzkoa\\\/magdalena-de-suecia-pospone-su-boda\\\/#primaryimage\"},\"thumbnailUrl\":\"http:\\\/\\\/www.diariodeunanovia.com\\\/blog\\\/wp-content\\\/uploads\\\/sites\\\/4\\\/2010\\\/03\\\/990287.jpg\",\"datePublished\":\"2010-03-29T09:41:04+00:00\",\"author\":{\"@id\":\"http:\\\/\\\/noviasespana.com\\\/noviasgipuzkoa\\\/#\\\/schema\\\/person\\\/82ff6e303fad28e4da623aa4d27969ed\"},\"breadcrumb\":{\"@id\":\"http:\\\/\\\/noviasespana.com\\\/noviasgipuzkoa\\\/magdalena-de-suecia-pospone-su-boda\\\/#breadcrumb\"},\"inLanguage\":\"es\",\"potentialAction\":[{\"@type\":\"ReadAction\",\"target\":[\"http:\\\/\\\/noviasespana.com\\\/noviasgipuzkoa\\\/magdalena-de-suecia-pospone-su-boda\\\/\"]}]},{\"@type\":\"ImageObject\",\"inLanguage\":\"es\",\"@id\":\"http:\\\/\\\/noviasespana.com\\\/noviasgipuzkoa\\\/magdalena-de-suecia-pospone-su-boda\\\/#primaryimage\",\"url\":\"http:\\\/\\\/www.diariodeunanovia.com\\\/blog\\\/wp-content\\\/uploads\\\/sites\\\/4\\\/2010\\\/03\\\/990287.jpg\",\"contentUrl\":\"http:\\\/\\\/www.diariodeunanovia.com\\\/blog\\\/wp-content\\\/uploads\\\/sites\\\/4\\\/2010\\\/03\\\/990287.jpg\"},{\"@type\":\"BreadcrumbList\",\"@id\":\"http:\\\/\\\/noviasespana.com\\\/noviasgipuzkoa\\\/magdalena-de-suecia-pospone-su-boda\\\/#breadcrumb\",\"itemListElement\":[{\"@type\":\"ListItem\",\"position\":1,\"name\":\"Portada\",\"item\":\"http:\\\/\\\/noviasespana.com\\\/noviasgipuzkoa\\\/\"},{\"@type\":\"ListItem\",\"position\":2,\"name\":\"Magdalena de Suecia pospone su boda\"}]},{\"@type\":\"WebSite\",\"@id\":\"http:\\\/\\\/noviasespana.com\\\/noviasgipuzkoa\\\/#website\",\"url\":\"http:\\\/\\\/noviasespana.com\\\/noviasgipuzkoa\\\/\",\"name\":\"Novias Gipuzkoa\",\"description\":\"Revista de novias\",\"potentialAction\":[{\"@type\":\"SearchAction\",\"target\":{\"@type\":\"EntryPoint\",\"urlTemplate\":\"http:\\\/\\\/noviasespana.com\\\/noviasgipuzkoa\\\/?s={search_term_string}\"},\"query-input\":{\"@type\":\"PropertyValueSpecification\",\"valueRequired\":true,\"valueName\":\"search_term_string\"}}],\"inLanguage\":\"es\"},{\"@type\":\"Person\",\"@id\":\"http:\\\/\\\/noviasespana.com\\\/noviasgipuzkoa\\\/#\\\/schema\\\/person\\\/82ff6e303fad28e4da623aa4d27969ed\",\"name\":\"admin\",\"image\":{\"@type\":\"ImageObject\",\"inLanguage\":\"es\",\"@id\":\"https:\\\/\\\/secure.gravatar.com\\\/avatar\\\/0f45231fddfb43fcbd0cdde4582a3580baf474d75fca7d494b42ff86847de871?s=96&d=mm&r=g\",\"url\":\"https:\\\/\\\/secure.gravatar.com\\\/avatar\\\/0f45231fddfb43fcbd0cdde4582a3580baf474d75fca7d494b42ff86847de871?s=96&d=mm&r=g\",\"contentUrl\":\"https:\\\/\\\/secure.gravatar.com\\\/avatar\\\/0f45231fddfb43fcbd0cdde4582a3580baf474d75fca7d494b42ff86847de871?s=96&d=mm&r=g\",\"caption\":\"admin\"},\"url\":\"http:\\\/\\\/noviasespana.com\\\/noviasgipuzkoa\\\/author\\\/admin\\\/\"}]}<\/script>\n<!-- \/ Yoast SEO plugin. -->","yoast_head_json":{"title":"Magdalena de Suecia pospone su boda - Novias Gipuzkoa","robots":{"index":"index","follow":"follow","max-snippet":"max-snippet:-1","max-image-preview":"max-image-preview:large","max-video-preview":"max-video-preview:-1"},"canonical":"http:\/\/noviasespana.com\/noviasgipuzkoa\/magdalena-de-suecia-pospone-su-boda\/","og_locale":"es_ES","og_type":"article","og_title":"Magdalena de Suecia pospone su boda - Novias Gipuzkoa","og_description":"Queridas novias!!! La benjamina de los reyes de Suecia, Magdalena, no atraviesa por un buen momento sentimental. Seg\u00fan informa esta semana la revista \u00abPronto\u00bb, el enlace entre la princesa y su prometido, Jonas Bergstr\u00f6m, corre peligro, algo que ya advert\u00edan los peri\u00f3dicos suecos hace un tiempo. Magdalena y Jonas pasan por una aguda crisis amorosa\u00bb, [&hellip;]","og_url":"http:\/\/noviasespana.com\/noviasgipuzkoa\/magdalena-de-suecia-pospone-su-boda\/","og_site_name":"Novias Gipuzkoa","article_published_time":"2010-03-29T09:41:04+00:00","og_image":[{"url":"http:\/\/www.diariodeunanovia.com\/blog\/wp-content\/uploads\/sites\/4\/2010\/03\/990287.jpg","type":"","width":"","height":""}],"author":"admin","twitter_misc":{"Escrito por":"admin","Tiempo de lectura":"1 minuto"},"schema":{"@context":"https:\/\/schema.org","@graph":[{"@type":"Article","@id":"http:\/\/noviasespana.com\/noviasgipuzkoa\/magdalena-de-suecia-pospone-su-boda\/#article","isPartOf":{"@id":"http:\/\/noviasespana.com\/noviasgipuzkoa\/magdalena-de-suecia-pospone-su-boda\/"},"author":{"name":"admin","@id":"http:\/\/noviasespana.com\/noviasgipuzkoa\/#\/schema\/person\/82ff6e303fad28e4da623aa4d27969ed"},"headline":"Magdalena de Suecia pospone su boda","datePublished":"2010-03-29T09:41:04+00:00","mainEntityOfPage":{"@id":"http:\/\/noviasespana.com\/noviasgipuzkoa\/magdalena-de-suecia-pospone-su-boda\/"},"wordCount":196,"commentCount":0,"image":{"@id":"http:\/\/noviasespana.com\/noviasgipuzkoa\/magdalena-de-suecia-pospone-su-boda\/#primaryimage"},"thumbnailUrl":"http:\/\/www.diariodeunanovia.com\/blog\/wp-content\/uploads\/sites\/4\/2010\/03\/990287.jpg","articleSection":["novias"],"inLanguage":"es","potentialAction":[{"@type":"CommentAction","name":"Comment","target":["http:\/\/noviasespana.com\/noviasgipuzkoa\/magdalena-de-suecia-pospone-su-boda\/#respond"]}]},{"@type":"WebPage","@id":"http:\/\/noviasespana.com\/noviasgipuzkoa\/magdalena-de-suecia-pospone-su-boda\/","url":"http:\/\/noviasespana.com\/noviasgipuzkoa\/magdalena-de-suecia-pospone-su-boda\/","name":"Magdalena de Suecia pospone su boda - Novias Gipuzkoa","isPartOf":{"@id":"http:\/\/noviasespana.com\/noviasgipuzkoa\/#website"},"primaryImageOfPage":{"@id":"http:\/\/noviasespana.com\/noviasgipuzkoa\/magdalena-de-suecia-pospone-su-boda\/#primaryimage"},"image":{"@id":"http:\/\/noviasespana.com\/noviasgipuzkoa\/magdalena-de-suecia-pospone-su-boda\/#primaryimage"},"thumbnailUrl":"http:\/\/www.diariodeunanovia.com\/blog\/wp-content\/uploads\/sites\/4\/2010\/03\/990287.jpg","datePublished":"2010-03-29T09:41:04+00:00","author":{"@id":"http:\/\/noviasespana.com\/noviasgipuzkoa\/#\/schema\/person\/82ff6e303fad28e4da623aa4d27969ed"},"breadcrumb":{"@id":"http:\/\/noviasespana.com\/noviasgipuzkoa\/magdalena-de-suecia-pospone-su-boda\/#breadcrumb"},"inLanguage":"es","potentialAction":[{"@type":"ReadAction","target":["http:\/\/noviasespana.com\/noviasgipuzkoa\/magdalena-de-suecia-pospone-su-boda\/"]}]},{"@type":"ImageObject","inLanguage":"es","@id":"http:\/\/noviasespana.com\/noviasgipuzkoa\/magdalena-de-suecia-pospone-su-boda\/#primaryimage","url":"http:\/\/www.diariodeunanovia.com\/blog\/wp-content\/uploads\/sites\/4\/2010\/03\/990287.jpg","contentUrl":"http:\/\/www.diariodeunanovia.com\/blog\/wp-content\/uploads\/sites\/4\/2010\/03\/990287.jpg"},{"@type":"BreadcrumbList","@id":"http:\/\/noviasespana.com\/noviasgipuzkoa\/magdalena-de-suecia-pospone-su-boda\/#breadcrumb","itemListElement":[{"@type":"ListItem","position":1,"name":"Portada","item":"http:\/\/noviasespana.com\/noviasgipuzkoa\/"},{"@type":"ListItem","position":2,"name":"Magdalena de Suecia pospone su boda"}]},{"@type":"WebSite","@id":"http:\/\/noviasespana.com\/noviasgipuzkoa\/#website","url":"http:\/\/noviasespana.com\/noviasgipuzkoa\/","name":"Novias Gipuzkoa","description":"Revista de novias","potentialAction":[{"@type":"SearchAction","target":{"@type":"EntryPoint","urlTemplate":"http:\/\/noviasespana.com\/noviasgipuzkoa\/?s={search_term_string}"},"query-input":{"@type":"PropertyValueSpecification","valueRequired":true,"valueName":"search_term_string"}}],"inLanguage":"es"},{"@type":"Person","@id":"http:\/\/noviasespana.com\/noviasgipuzkoa\/#\/schema\/person\/82ff6e303fad28e4da623aa4d27969ed","name":"admin","image":{"@type":"ImageObject","inLanguage":"es","@id":"https:\/\/secure.gravatar.com\/avatar\/0f45231fddfb43fcbd0cdde4582a3580baf474d75fca7d494b42ff86847de871?s=96&d=mm&r=g","url":"https:\/\/secure.gravatar.com\/avatar\/0f45231fddfb43fcbd0cdde4582a3580baf474d75fca7d494b42ff86847de871?s=96&d=mm&r=g","contentUrl":"https:\/\/secure.gravatar.com\/avatar\/0f45231fddfb43fcbd0cdde4582a3580baf474d75fca7d494b42ff86847de871?s=96&d=mm&r=g","caption":"admin"},"url":"http:\/\/noviasespana.com\/noviasgipuzkoa\/author\/admin\/"}]}},"jetpack_featured_media_url":"","jetpack_sharing_enabled":true,"jetpack_shortlink":"https:\/\/wp.me\/p5Hg6P-jz","jetpack_likes_enabled":true,"_links":{"self":[{"href":"http:\/\/noviasespana.com\/noviasgipuzkoa\/wp-json\/wp\/v2\/posts\/1213","targetHints":{"allow":["GET"]}}],"collection":[{"href":"http:\/\/noviasespana.com\/noviasgipuzkoa\/wp-json\/wp\/v2\/posts"}],"about":[{"href":"http:\/\/noviasespana.com\/noviasgipuzkoa\/wp-json\/wp\/v2\/types\/post"}],"author":[{"embeddable":true,"href":"http:\/\/noviasespana.com\/noviasgipuzkoa\/wp-json\/wp\/v2\/users\/2"}],"replies":[{"embeddable":true,"href":"http:\/\/noviasespana.com\/noviasgipuzkoa\/wp-json\/wp\/v2\/comments?post=1213"}],"version-history":[{"count":0,"href":"http:\/\/noviasespana.com\/noviasgipuzkoa\/wp-json\/wp\/v2\/posts\/1213\/revisions"}],"wp:attachment":[{"href":"http:\/\/noviasespana.com\/noviasgipuzkoa\/wp-json\/wp\/v2\/media?parent=1213"}],"wp:term":[{"taxonomy":"category","embeddable":true,"href":"http:\/\/noviasespana.com\/noviasgipuzkoa\/wp-json\/wp\/v2\/categories?post=1213"},{"taxonomy":"post_tag","embeddable":true,"href":"http:\/\/noviasespana.com\/noviasgipuzkoa\/wp-json\/wp\/v2\/tags?post=1213"}],"curies":[{"name":"wp","href":"https:\/\/api.w.org\/{rel}","templated":true}]}}