{"id":3409,"date":"2011-07-22T09:00:06","date_gmt":"2011-07-22T07:00:06","guid":{"rendered":"http:\/\/www.diariodeunanovia.com\/blog\/?p=3409"},"modified":"2011-07-22T09:00:06","modified_gmt":"2011-07-22T07:00:06","slug":"fiona-ferrer-reutiliza-su-vestido-novia","status":"publish","type":"post","link":"http:\/\/noviasespana.com\/noviasbizkaia\/fiona-ferrer-reutiliza-su-vestido-novia\/","title":{"rendered":"Fiona Ferrer reutiliza su vestido novia"},"content":{"rendered":"<p style=\"text-align: center\"><img data-recalc-dims=\"1\" loading=\"lazy\" decoding=\"async\" class=\"aligncenter size-medium wp-image-3410\" title=\"45fiona_300\" src=\"https:\/\/i0.wp.com\/www.diariodeunanovia.com\/blog\/wp-content\/uploads\/sites\/6\/2011\/07\/45fiona_300-243x300.jpg?resize=243%2C300\" alt=\"45fiona_300\" width=\"243\" height=\"300\" \/><\/p>\n<p>Queridas novias!! \u00bfConoceis a Fiona Ferrer?. <strong>La estilista y experta en moda se apunta a la tendencia anticrisis de reutilar vestidos.<\/strong> La princesa Letizia es una experta en la materia y es muy habitual verla repetir modelito en distintos actos oficiales. <strong>Pero en esta ocasi\u00f3n Fiona Ferrer, ha ido un paso m\u00e1s all\u00e1 ya que el que ha reutilizado ha sido su vestido de novia<\/strong>. La ocasi\u00f3n elegida ha sido una de las fiestas de famosos m\u00e1s populares del verano. No es f\u00e1cil dar una nuevo uso a un vestido tan especial como este pero claro la cosa tiene truco, ya que <strong>se trata del modelo de la ceremonia civil. Un precioso y discreto vestido de coctel, en sat\u00e9n color crema<\/strong> nada que ver con el traje de cuento por el que opt\u00f3 para la ceremonia religiosa y que fue portada de <em>Hola<\/em>. <!--more-->Pero no es menos cierto que la boda se celebr\u00f3 hace ya dos a\u00f1os, lo que refuerza la teor\u00eda de los buenos vestidos no pasan de moda. Pero si lo que quieres es reciclar de verdad, apuesta por vestidos de novia ec\u00f3logicos. Los vimos en la pasada edici\u00f3n del VII Concurso Nupcial Puerta de Europa, y se tratda de dise\u00f1os realizados con materiales naturales y reciclables, que se reconvierten en trajes de c\u00f3ctel, ba\u00f1adores, bolsos y colchas de cama. \u00bfQu\u00e9 os parece? \u00bfReutilizariais vuestro vestido de novia?<\/p>\n<p>Fuente:\u00a0<\/p>\n<p><a href=\"http:\/\/www.vanitatis.com\/noticias\/2011\/fiona-ferrer-reutiliza-vestido-fiesta-novia-20110714-15058.html\" target=\"_blank\">http:\/\/www.vanitatis.com\/<\/a><\/p>\n","protected":false},"excerpt":{"rendered":"<p>Queridas novias!! \u00bfConoceis a Fiona Ferrer?. La estilista y experta en moda se apunta a la tendencia anticrisis de reutilar vestidos. La princesa Letizia es una experta en la materia y es muy habitual verla repetir modelito en distintos actos oficiales. Pero en esta ocasi\u00f3n Fiona Ferrer, ha ido un paso m\u00e1s all\u00e1 ya que [&hellip;]<\/p>\n","protected":false},"author":2,"featured_media":0,"comment_status":"open","ping_status":"open","sticky":false,"template":"","format":"standard","meta":{"jetpack_post_was_ever_published":false,"_jetpack_newsletter_access":"","_jetpack_dont_email_post_to_subs":false,"_jetpack_newsletter_tier_id":0,"_jetpack_memberships_contains_paywalled_content":false,"_jetpack_memberships_contains_paid_content":false,"footnotes":""},"categories":[1],"tags":[],"class_list":["post-3409","post","type-post","status-publish","format-standard","hentry","category-novias"],"yoast_head":"<!-- This site is optimized with the Yoast SEO plugin v27.5 - https:\/\/yoast.com\/product\/yoast-seo-wordpress\/ -->\n<title>Fiona Ferrer reutiliza su vestido novia - Novias Bizkaia<\/title>\n<meta name=\"robots\" content=\"index, follow, max-snippet:-1, max-image-preview:large, max-video-preview:-1\" \/>\n<link rel=\"canonical\" href=\"http:\/\/noviasespana.com\/noviasbizkaia\/fiona-ferrer-reutiliza-su-vestido-novia\/\" \/>\n<meta property=\"og:locale\" content=\"es_ES\" \/>\n<meta property=\"og:type\" content=\"article\" \/>\n<meta property=\"og:title\" content=\"Fiona Ferrer reutiliza su vestido novia - Novias Bizkaia\" \/>\n<meta property=\"og:description\" content=\"Queridas novias!! \u00bfConoceis a Fiona Ferrer?. La estilista y experta en moda se apunta a la tendencia anticrisis de reutilar vestidos. La princesa Letizia es una experta en la materia y es muy habitual verla repetir modelito en distintos actos oficiales. Pero en esta ocasi\u00f3n Fiona Ferrer, ha ido un paso m\u00e1s all\u00e1 ya que [&hellip;]\" \/>\n<meta property=\"og:url\" content=\"http:\/\/noviasespana.com\/noviasbizkaia\/fiona-ferrer-reutiliza-su-vestido-novia\/\" \/>\n<meta property=\"og:site_name\" content=\"Novias Bizkaia\" \/>\n<meta property=\"article:published_time\" content=\"2011-07-22T07:00:06+00:00\" \/>\n<meta property=\"og:image\" content=\"http:\/\/www.diariodeunanovia.com\/blog\/wp-content\/uploads\/sites\/6\/2011\/07\/45fiona_300-243x300.jpg\" \/>\n<meta name=\"author\" content=\"admin\" \/>\n<meta name=\"twitter:label1\" content=\"Escrito por\" \/>\n\t<meta name=\"twitter:data1\" content=\"admin\" \/>\n\t<meta name=\"twitter:label2\" content=\"Tiempo de lectura\" \/>\n\t<meta name=\"twitter:data2\" content=\"1 minuto\" \/>\n<script type=\"application\/ld+json\" class=\"yoast-schema-graph\">{\"@context\":\"https:\\\/\\\/schema.org\",\"@graph\":[{\"@type\":\"Article\",\"@id\":\"http:\\\/\\\/noviasespana.com\\\/noviasbizkaia\\\/fiona-ferrer-reutiliza-su-vestido-novia\\\/#article\",\"isPartOf\":{\"@id\":\"http:\\\/\\\/noviasespana.com\\\/noviasbizkaia\\\/fiona-ferrer-reutiliza-su-vestido-novia\\\/\"},\"author\":{\"name\":\"admin\",\"@id\":\"http:\\\/\\\/noviasespana.com\\\/noviasbizkaia\\\/#\\\/schema\\\/person\\\/82ff6e303fad28e4da623aa4d27969ed\"},\"headline\":\"Fiona Ferrer reutiliza su vestido novia\",\"datePublished\":\"2011-07-22T07:00:06+00:00\",\"mainEntityOfPage\":{\"@id\":\"http:\\\/\\\/noviasespana.com\\\/noviasbizkaia\\\/fiona-ferrer-reutiliza-su-vestido-novia\\\/\"},\"wordCount\":254,\"commentCount\":0,\"image\":{\"@id\":\"http:\\\/\\\/noviasespana.com\\\/noviasbizkaia\\\/fiona-ferrer-reutiliza-su-vestido-novia\\\/#primaryimage\"},\"thumbnailUrl\":\"http:\\\/\\\/www.diariodeunanovia.com\\\/blog\\\/wp-content\\\/uploads\\\/sites\\\/6\\\/2011\\\/07\\\/45fiona_300-243x300.jpg\",\"articleSection\":[\"novias\"],\"inLanguage\":\"es\",\"potentialAction\":[{\"@type\":\"CommentAction\",\"name\":\"Comment\",\"target\":[\"http:\\\/\\\/noviasespana.com\\\/noviasbizkaia\\\/fiona-ferrer-reutiliza-su-vestido-novia\\\/#respond\"]}]},{\"@type\":\"WebPage\",\"@id\":\"http:\\\/\\\/noviasespana.com\\\/noviasbizkaia\\\/fiona-ferrer-reutiliza-su-vestido-novia\\\/\",\"url\":\"http:\\\/\\\/noviasespana.com\\\/noviasbizkaia\\\/fiona-ferrer-reutiliza-su-vestido-novia\\\/\",\"name\":\"Fiona Ferrer reutiliza su vestido novia - Novias Bizkaia\",\"isPartOf\":{\"@id\":\"http:\\\/\\\/noviasespana.com\\\/noviasbizkaia\\\/#website\"},\"primaryImageOfPage\":{\"@id\":\"http:\\\/\\\/noviasespana.com\\\/noviasbizkaia\\\/fiona-ferrer-reutiliza-su-vestido-novia\\\/#primaryimage\"},\"image\":{\"@id\":\"http:\\\/\\\/noviasespana.com\\\/noviasbizkaia\\\/fiona-ferrer-reutiliza-su-vestido-novia\\\/#primaryimage\"},\"thumbnailUrl\":\"http:\\\/\\\/www.diariodeunanovia.com\\\/blog\\\/wp-content\\\/uploads\\\/sites\\\/6\\\/2011\\\/07\\\/45fiona_300-243x300.jpg\",\"datePublished\":\"2011-07-22T07:00:06+00:00\",\"author\":{\"@id\":\"http:\\\/\\\/noviasespana.com\\\/noviasbizkaia\\\/#\\\/schema\\\/person\\\/82ff6e303fad28e4da623aa4d27969ed\"},\"breadcrumb\":{\"@id\":\"http:\\\/\\\/noviasespana.com\\\/noviasbizkaia\\\/fiona-ferrer-reutiliza-su-vestido-novia\\\/#breadcrumb\"},\"inLanguage\":\"es\",\"potentialAction\":[{\"@type\":\"ReadAction\",\"target\":[\"http:\\\/\\\/noviasespana.com\\\/noviasbizkaia\\\/fiona-ferrer-reutiliza-su-vestido-novia\\\/\"]}]},{\"@type\":\"ImageObject\",\"inLanguage\":\"es\",\"@id\":\"http:\\\/\\\/noviasespana.com\\\/noviasbizkaia\\\/fiona-ferrer-reutiliza-su-vestido-novia\\\/#primaryimage\",\"url\":\"http:\\\/\\\/www.diariodeunanovia.com\\\/blog\\\/wp-content\\\/uploads\\\/sites\\\/6\\\/2011\\\/07\\\/45fiona_300-243x300.jpg\",\"contentUrl\":\"http:\\\/\\\/www.diariodeunanovia.com\\\/blog\\\/wp-content\\\/uploads\\\/sites\\\/6\\\/2011\\\/07\\\/45fiona_300-243x300.jpg\"},{\"@type\":\"BreadcrumbList\",\"@id\":\"http:\\\/\\\/noviasespana.com\\\/noviasbizkaia\\\/fiona-ferrer-reutiliza-su-vestido-novia\\\/#breadcrumb\",\"itemListElement\":[{\"@type\":\"ListItem\",\"position\":1,\"name\":\"Portada\",\"item\":\"http:\\\/\\\/noviasespana.com\\\/noviasbizkaia\\\/\"},{\"@type\":\"ListItem\",\"position\":2,\"name\":\"Fiona Ferrer reutiliza su vestido novia\"}]},{\"@type\":\"WebSite\",\"@id\":\"http:\\\/\\\/noviasespana.com\\\/noviasbizkaia\\\/#website\",\"url\":\"http:\\\/\\\/noviasespana.com\\\/noviasbizkaia\\\/\",\"name\":\"Novias Bizkaia\",\"description\":\"Revista de novias\",\"potentialAction\":[{\"@type\":\"SearchAction\",\"target\":{\"@type\":\"EntryPoint\",\"urlTemplate\":\"http:\\\/\\\/noviasespana.com\\\/noviasbizkaia\\\/?s={search_term_string}\"},\"query-input\":{\"@type\":\"PropertyValueSpecification\",\"valueRequired\":true,\"valueName\":\"search_term_string\"}}],\"inLanguage\":\"es\"},{\"@type\":\"Person\",\"@id\":\"http:\\\/\\\/noviasespana.com\\\/noviasbizkaia\\\/#\\\/schema\\\/person\\\/82ff6e303fad28e4da623aa4d27969ed\",\"name\":\"admin\",\"image\":{\"@type\":\"ImageObject\",\"inLanguage\":\"es\",\"@id\":\"https:\\\/\\\/secure.gravatar.com\\\/avatar\\\/0f45231fddfb43fcbd0cdde4582a3580baf474d75fca7d494b42ff86847de871?s=96&d=mm&r=g\",\"url\":\"https:\\\/\\\/secure.gravatar.com\\\/avatar\\\/0f45231fddfb43fcbd0cdde4582a3580baf474d75fca7d494b42ff86847de871?s=96&d=mm&r=g\",\"contentUrl\":\"https:\\\/\\\/secure.gravatar.com\\\/avatar\\\/0f45231fddfb43fcbd0cdde4582a3580baf474d75fca7d494b42ff86847de871?s=96&d=mm&r=g\",\"caption\":\"admin\"},\"url\":\"http:\\\/\\\/noviasespana.com\\\/noviasbizkaia\\\/author\\\/admin\\\/\"}]}<\/script>\n<!-- \/ Yoast SEO plugin. -->","yoast_head_json":{"title":"Fiona Ferrer reutiliza su vestido novia - Novias Bizkaia","robots":{"index":"index","follow":"follow","max-snippet":"max-snippet:-1","max-image-preview":"max-image-preview:large","max-video-preview":"max-video-preview:-1"},"canonical":"http:\/\/noviasespana.com\/noviasbizkaia\/fiona-ferrer-reutiliza-su-vestido-novia\/","og_locale":"es_ES","og_type":"article","og_title":"Fiona Ferrer reutiliza su vestido novia - Novias Bizkaia","og_description":"Queridas novias!! \u00bfConoceis a Fiona Ferrer?. La estilista y experta en moda se apunta a la tendencia anticrisis de reutilar vestidos. La princesa Letizia es una experta en la materia y es muy habitual verla repetir modelito en distintos actos oficiales. Pero en esta ocasi\u00f3n Fiona Ferrer, ha ido un paso m\u00e1s all\u00e1 ya que [&hellip;]","og_url":"http:\/\/noviasespana.com\/noviasbizkaia\/fiona-ferrer-reutiliza-su-vestido-novia\/","og_site_name":"Novias Bizkaia","article_published_time":"2011-07-22T07:00:06+00:00","og_image":[{"url":"http:\/\/www.diariodeunanovia.com\/blog\/wp-content\/uploads\/sites\/6\/2011\/07\/45fiona_300-243x300.jpg","type":"","width":"","height":""}],"author":"admin","twitter_misc":{"Escrito por":"admin","Tiempo de lectura":"1 minuto"},"schema":{"@context":"https:\/\/schema.org","@graph":[{"@type":"Article","@id":"http:\/\/noviasespana.com\/noviasbizkaia\/fiona-ferrer-reutiliza-su-vestido-novia\/#article","isPartOf":{"@id":"http:\/\/noviasespana.com\/noviasbizkaia\/fiona-ferrer-reutiliza-su-vestido-novia\/"},"author":{"name":"admin","@id":"http:\/\/noviasespana.com\/noviasbizkaia\/#\/schema\/person\/82ff6e303fad28e4da623aa4d27969ed"},"headline":"Fiona Ferrer reutiliza su vestido novia","datePublished":"2011-07-22T07:00:06+00:00","mainEntityOfPage":{"@id":"http:\/\/noviasespana.com\/noviasbizkaia\/fiona-ferrer-reutiliza-su-vestido-novia\/"},"wordCount":254,"commentCount":0,"image":{"@id":"http:\/\/noviasespana.com\/noviasbizkaia\/fiona-ferrer-reutiliza-su-vestido-novia\/#primaryimage"},"thumbnailUrl":"http:\/\/www.diariodeunanovia.com\/blog\/wp-content\/uploads\/sites\/6\/2011\/07\/45fiona_300-243x300.jpg","articleSection":["novias"],"inLanguage":"es","potentialAction":[{"@type":"CommentAction","name":"Comment","target":["http:\/\/noviasespana.com\/noviasbizkaia\/fiona-ferrer-reutiliza-su-vestido-novia\/#respond"]}]},{"@type":"WebPage","@id":"http:\/\/noviasespana.com\/noviasbizkaia\/fiona-ferrer-reutiliza-su-vestido-novia\/","url":"http:\/\/noviasespana.com\/noviasbizkaia\/fiona-ferrer-reutiliza-su-vestido-novia\/","name":"Fiona Ferrer reutiliza su vestido novia - Novias Bizkaia","isPartOf":{"@id":"http:\/\/noviasespana.com\/noviasbizkaia\/#website"},"primaryImageOfPage":{"@id":"http:\/\/noviasespana.com\/noviasbizkaia\/fiona-ferrer-reutiliza-su-vestido-novia\/#primaryimage"},"image":{"@id":"http:\/\/noviasespana.com\/noviasbizkaia\/fiona-ferrer-reutiliza-su-vestido-novia\/#primaryimage"},"thumbnailUrl":"http:\/\/www.diariodeunanovia.com\/blog\/wp-content\/uploads\/sites\/6\/2011\/07\/45fiona_300-243x300.jpg","datePublished":"2011-07-22T07:00:06+00:00","author":{"@id":"http:\/\/noviasespana.com\/noviasbizkaia\/#\/schema\/person\/82ff6e303fad28e4da623aa4d27969ed"},"breadcrumb":{"@id":"http:\/\/noviasespana.com\/noviasbizkaia\/fiona-ferrer-reutiliza-su-vestido-novia\/#breadcrumb"},"inLanguage":"es","potentialAction":[{"@type":"ReadAction","target":["http:\/\/noviasespana.com\/noviasbizkaia\/fiona-ferrer-reutiliza-su-vestido-novia\/"]}]},{"@type":"ImageObject","inLanguage":"es","@id":"http:\/\/noviasespana.com\/noviasbizkaia\/fiona-ferrer-reutiliza-su-vestido-novia\/#primaryimage","url":"http:\/\/www.diariodeunanovia.com\/blog\/wp-content\/uploads\/sites\/6\/2011\/07\/45fiona_300-243x300.jpg","contentUrl":"http:\/\/www.diariodeunanovia.com\/blog\/wp-content\/uploads\/sites\/6\/2011\/07\/45fiona_300-243x300.jpg"},{"@type":"BreadcrumbList","@id":"http:\/\/noviasespana.com\/noviasbizkaia\/fiona-ferrer-reutiliza-su-vestido-novia\/#breadcrumb","itemListElement":[{"@type":"ListItem","position":1,"name":"Portada","item":"http:\/\/noviasespana.com\/noviasbizkaia\/"},{"@type":"ListItem","position":2,"name":"Fiona Ferrer reutiliza su vestido novia"}]},{"@type":"WebSite","@id":"http:\/\/noviasespana.com\/noviasbizkaia\/#website","url":"http:\/\/noviasespana.com\/noviasbizkaia\/","name":"Novias Bizkaia","description":"Revista de novias","potentialAction":[{"@type":"SearchAction","target":{"@type":"EntryPoint","urlTemplate":"http:\/\/noviasespana.com\/noviasbizkaia\/?s={search_term_string}"},"query-input":{"@type":"PropertyValueSpecification","valueRequired":true,"valueName":"search_term_string"}}],"inLanguage":"es"},{"@type":"Person","@id":"http:\/\/noviasespana.com\/noviasbizkaia\/#\/schema\/person\/82ff6e303fad28e4da623aa4d27969ed","name":"admin","image":{"@type":"ImageObject","inLanguage":"es","@id":"https:\/\/secure.gravatar.com\/avatar\/0f45231fddfb43fcbd0cdde4582a3580baf474d75fca7d494b42ff86847de871?s=96&d=mm&r=g","url":"https:\/\/secure.gravatar.com\/avatar\/0f45231fddfb43fcbd0cdde4582a3580baf474d75fca7d494b42ff86847de871?s=96&d=mm&r=g","contentUrl":"https:\/\/secure.gravatar.com\/avatar\/0f45231fddfb43fcbd0cdde4582a3580baf474d75fca7d494b42ff86847de871?s=96&d=mm&r=g","caption":"admin"},"url":"http:\/\/noviasespana.com\/noviasbizkaia\/author\/admin\/"}]}},"jetpack_featured_media_url":"","jetpack_sharing_enabled":true,"jetpack_shortlink":"https:\/\/wp.me\/p5Hg6P-SZ","jetpack_likes_enabled":true,"_links":{"self":[{"href":"http:\/\/noviasespana.com\/noviasbizkaia\/wp-json\/wp\/v2\/posts\/3409","targetHints":{"allow":["GET"]}}],"collection":[{"href":"http:\/\/noviasespana.com\/noviasbizkaia\/wp-json\/wp\/v2\/posts"}],"about":[{"href":"http:\/\/noviasespana.com\/noviasbizkaia\/wp-json\/wp\/v2\/types\/post"}],"author":[{"embeddable":true,"href":"http:\/\/noviasespana.com\/noviasbizkaia\/wp-json\/wp\/v2\/users\/2"}],"replies":[{"embeddable":true,"href":"http:\/\/noviasespana.com\/noviasbizkaia\/wp-json\/wp\/v2\/comments?post=3409"}],"version-history":[{"count":0,"href":"http:\/\/noviasespana.com\/noviasbizkaia\/wp-json\/wp\/v2\/posts\/3409\/revisions"}],"wp:attachment":[{"href":"http:\/\/noviasespana.com\/noviasbizkaia\/wp-json\/wp\/v2\/media?parent=3409"}],"wp:term":[{"taxonomy":"category","embeddable":true,"href":"http:\/\/noviasespana.com\/noviasbizkaia\/wp-json\/wp\/v2\/categories?post=3409"},{"taxonomy":"post_tag","embeddable":true,"href":"http:\/\/noviasespana.com\/noviasbizkaia\/wp-json\/wp\/v2\/tags?post=3409"}],"curies":[{"name":"wp","href":"https:\/\/api.w.org\/{rel}","templated":true}]}}