{"id":11,"date":"2011-04-06T17:30:30","date_gmt":"2011-04-06T15:30:30","guid":{"rendered":"http:\/\/www.diariodeunanovia.com\/blog\/?p=11"},"modified":"2011-04-06T17:30:30","modified_gmt":"2011-04-06T15:30:30","slug":"charlene-wittstock-la-futura-princesa-de-monaco-encarga-a-armani-su-traje-de-novia-2","status":"publish","type":"post","link":"http:\/\/noviasespana.com\/noviasbizkaia\/charlene-wittstock-la-futura-princesa-de-monaco-encarga-a-armani-su-traje-de-novia-2\/","title":{"rendered":"Charlene Wittstock, la futura Princesa de M\u00f3naco, encarga a Armani  su traje de novia."},"content":{"rendered":"<p><img data-recalc-dims=\"1\" loading=\"lazy\" decoding=\"async\" class=\"aligncenter size-full wp-image-12\" title=\"charlene - grace kelly\" src=\"https:\/\/i0.wp.com\/www.diariodeunanovia.com\/blog\/wp-content\/uploads\/sites\/6\/2011\/04\/charlene-grace-kelly.jpg?resize=225%2C225\" alt=\"charlene - grace kelly\" width=\"225\" height=\"225\" \/><\/p>\n<p>\u00a0<\/p>\n<p>\u00a0<\/p>\n<p>Queridas Novias!!!\u00a0 Recientemente\u00a0 hemos sabido que <strong>Armani\u00a0 <\/strong>ser\u00e1 el encargado de dise\u00f1ar el traje que lucir\u00e1 Charlene Wittstock\u00a0 en su enlace matrimonial con el Pr\u00edncipe Alberto de M\u00f3naco, que tendr\u00e1 lugar el pr\u00f3ximo mes de julio. Como de costumbre, todo sobre el vestido,\u00a0 \u00a0es un secreto bien guardado que no ser\u00e1 desvelado el gran d\u00eda, pero todo apunta a que \u00a0las comparaciones entre la futura esposa de Alberto de M\u00f3naco y Grace Kelly ser\u00e1n inevitables. \u00a0Tras el enlace con Alberto, esta ex nadadora sudafricana de 32 a\u00f1os, \u00a0se convertir\u00e1 en <em>Su Alteza Seren\u00edsima<\/em>, la Princesa Consorte de M\u00f3naco. Adem\u00e1s de Princesa Consorte, \u00a0Charlene \u00a0tambi\u00e9n recibir\u00e1 los t\u00edtulos de Baronesa de Saint-L\u00f4, Condesa de Carladez, \u00a0Marquesa de Baux, Duquesa de Valentinois, y Ciento Once Veces Dama.<\/p>\n","protected":false},"excerpt":{"rendered":"<p>\u00a0 \u00a0 Queridas Novias!!!\u00a0 Recientemente\u00a0 hemos sabido que Armani\u00a0 ser\u00e1 el encargado de dise\u00f1ar el traje que lucir\u00e1 Charlene Wittstock\u00a0 en su enlace matrimonial con el Pr\u00edncipe Alberto de M\u00f3naco, que tendr\u00e1 lugar el pr\u00f3ximo mes de julio. Como de costumbre, todo sobre el vestido,\u00a0 \u00a0es un secreto bien guardado que no ser\u00e1 desvelado el [&hellip;]<\/p>\n","protected":false},"author":2,"featured_media":0,"comment_status":"open","ping_status":"open","sticky":false,"template":"","format":"standard","meta":{"jetpack_post_was_ever_published":false,"_jetpack_newsletter_access":"","_jetpack_dont_email_post_to_subs":false,"_jetpack_newsletter_tier_id":0,"_jetpack_memberships_contains_paywalled_content":false,"_jetpack_memberships_contains_paid_content":false,"footnotes":""},"categories":[1],"tags":[],"class_list":["post-11","post","type-post","status-publish","format-standard","hentry","category-novias"],"yoast_head":"<!-- This site is optimized with the Yoast SEO plugin v27.5 - https:\/\/yoast.com\/product\/yoast-seo-wordpress\/ -->\n<title>Charlene Wittstock, la futura Princesa de M\u00f3naco, encarga a Armani su traje de novia. - Novias Bizkaia<\/title>\n<meta name=\"robots\" content=\"index, follow, max-snippet:-1, max-image-preview:large, max-video-preview:-1\" \/>\n<link rel=\"canonical\" href=\"http:\/\/noviasespana.com\/noviasbizkaia\/charlene-wittstock-la-futura-princesa-de-monaco-encarga-a-armani-su-traje-de-novia-2\/\" \/>\n<meta property=\"og:locale\" content=\"es_ES\" \/>\n<meta property=\"og:type\" content=\"article\" \/>\n<meta property=\"og:title\" content=\"Charlene Wittstock, la futura Princesa de M\u00f3naco, encarga a Armani su traje de novia. - Novias Bizkaia\" \/>\n<meta property=\"og:description\" content=\"\u00a0 \u00a0 Queridas Novias!!!\u00a0 Recientemente\u00a0 hemos sabido que Armani\u00a0 ser\u00e1 el encargado de dise\u00f1ar el traje que lucir\u00e1 Charlene Wittstock\u00a0 en su enlace matrimonial con el Pr\u00edncipe Alberto de M\u00f3naco, que tendr\u00e1 lugar el pr\u00f3ximo mes de julio. Como de costumbre, todo sobre el vestido,\u00a0 \u00a0es un secreto bien guardado que no ser\u00e1 desvelado el [&hellip;]\" \/>\n<meta property=\"og:url\" content=\"http:\/\/noviasespana.com\/noviasbizkaia\/charlene-wittstock-la-futura-princesa-de-monaco-encarga-a-armani-su-traje-de-novia-2\/\" \/>\n<meta property=\"og:site_name\" content=\"Novias Bizkaia\" \/>\n<meta property=\"article:published_time\" content=\"2011-04-06T15:30:30+00:00\" \/>\n<meta property=\"og:image\" content=\"http:\/\/www.diariodeunanovia.com\/blog\/wp-content\/uploads\/sites\/6\/2011\/04\/charlene-grace-kelly.jpg\" \/>\n<meta name=\"author\" content=\"admin\" \/>\n<meta name=\"twitter:label1\" content=\"Escrito por\" \/>\n\t<meta name=\"twitter:data1\" content=\"admin\" \/>\n\t<meta name=\"twitter:label2\" content=\"Tiempo de lectura\" \/>\n\t<meta name=\"twitter:data2\" content=\"1 minuto\" \/>\n<script type=\"application\/ld+json\" class=\"yoast-schema-graph\">{\"@context\":\"https:\\\/\\\/schema.org\",\"@graph\":[{\"@type\":\"Article\",\"@id\":\"http:\\\/\\\/noviasespana.com\\\/noviasbizkaia\\\/charlene-wittstock-la-futura-princesa-de-monaco-encarga-a-armani-su-traje-de-novia-2\\\/#article\",\"isPartOf\":{\"@id\":\"http:\\\/\\\/noviasespana.com\\\/noviasbizkaia\\\/charlene-wittstock-la-futura-princesa-de-monaco-encarga-a-armani-su-traje-de-novia-2\\\/\"},\"author\":{\"name\":\"admin\",\"@id\":\"http:\\\/\\\/noviasespana.com\\\/noviasbizkaia\\\/#\\\/schema\\\/person\\\/82ff6e303fad28e4da623aa4d27969ed\"},\"headline\":\"Charlene Wittstock, la futura Princesa de M\u00f3naco, encarga a Armani su traje de novia.\",\"datePublished\":\"2011-04-06T15:30:30+00:00\",\"mainEntityOfPage\":{\"@id\":\"http:\\\/\\\/noviasespana.com\\\/noviasbizkaia\\\/charlene-wittstock-la-futura-princesa-de-monaco-encarga-a-armani-su-traje-de-novia-2\\\/\"},\"wordCount\":152,\"commentCount\":0,\"image\":{\"@id\":\"http:\\\/\\\/noviasespana.com\\\/noviasbizkaia\\\/charlene-wittstock-la-futura-princesa-de-monaco-encarga-a-armani-su-traje-de-novia-2\\\/#primaryimage\"},\"thumbnailUrl\":\"http:\\\/\\\/www.diariodeunanovia.com\\\/blog\\\/wp-content\\\/uploads\\\/sites\\\/6\\\/2011\\\/04\\\/charlene-grace-kelly.jpg\",\"articleSection\":[\"novias\"],\"inLanguage\":\"es\",\"potentialAction\":[{\"@type\":\"CommentAction\",\"name\":\"Comment\",\"target\":[\"http:\\\/\\\/noviasespana.com\\\/noviasbizkaia\\\/charlene-wittstock-la-futura-princesa-de-monaco-encarga-a-armani-su-traje-de-novia-2\\\/#respond\"]}]},{\"@type\":\"WebPage\",\"@id\":\"http:\\\/\\\/noviasespana.com\\\/noviasbizkaia\\\/charlene-wittstock-la-futura-princesa-de-monaco-encarga-a-armani-su-traje-de-novia-2\\\/\",\"url\":\"http:\\\/\\\/noviasespana.com\\\/noviasbizkaia\\\/charlene-wittstock-la-futura-princesa-de-monaco-encarga-a-armani-su-traje-de-novia-2\\\/\",\"name\":\"Charlene Wittstock, la futura Princesa de M\u00f3naco, encarga a Armani su traje de novia. - Novias Bizkaia\",\"isPartOf\":{\"@id\":\"http:\\\/\\\/noviasespana.com\\\/noviasbizkaia\\\/#website\"},\"primaryImageOfPage\":{\"@id\":\"http:\\\/\\\/noviasespana.com\\\/noviasbizkaia\\\/charlene-wittstock-la-futura-princesa-de-monaco-encarga-a-armani-su-traje-de-novia-2\\\/#primaryimage\"},\"image\":{\"@id\":\"http:\\\/\\\/noviasespana.com\\\/noviasbizkaia\\\/charlene-wittstock-la-futura-princesa-de-monaco-encarga-a-armani-su-traje-de-novia-2\\\/#primaryimage\"},\"thumbnailUrl\":\"http:\\\/\\\/www.diariodeunanovia.com\\\/blog\\\/wp-content\\\/uploads\\\/sites\\\/6\\\/2011\\\/04\\\/charlene-grace-kelly.jpg\",\"datePublished\":\"2011-04-06T15:30:30+00:00\",\"author\":{\"@id\":\"http:\\\/\\\/noviasespana.com\\\/noviasbizkaia\\\/#\\\/schema\\\/person\\\/82ff6e303fad28e4da623aa4d27969ed\"},\"breadcrumb\":{\"@id\":\"http:\\\/\\\/noviasespana.com\\\/noviasbizkaia\\\/charlene-wittstock-la-futura-princesa-de-monaco-encarga-a-armani-su-traje-de-novia-2\\\/#breadcrumb\"},\"inLanguage\":\"es\",\"potentialAction\":[{\"@type\":\"ReadAction\",\"target\":[\"http:\\\/\\\/noviasespana.com\\\/noviasbizkaia\\\/charlene-wittstock-la-futura-princesa-de-monaco-encarga-a-armani-su-traje-de-novia-2\\\/\"]}]},{\"@type\":\"ImageObject\",\"inLanguage\":\"es\",\"@id\":\"http:\\\/\\\/noviasespana.com\\\/noviasbizkaia\\\/charlene-wittstock-la-futura-princesa-de-monaco-encarga-a-armani-su-traje-de-novia-2\\\/#primaryimage\",\"url\":\"http:\\\/\\\/www.diariodeunanovia.com\\\/blog\\\/wp-content\\\/uploads\\\/sites\\\/6\\\/2011\\\/04\\\/charlene-grace-kelly.jpg\",\"contentUrl\":\"http:\\\/\\\/www.diariodeunanovia.com\\\/blog\\\/wp-content\\\/uploads\\\/sites\\\/6\\\/2011\\\/04\\\/charlene-grace-kelly.jpg\"},{\"@type\":\"BreadcrumbList\",\"@id\":\"http:\\\/\\\/noviasespana.com\\\/noviasbizkaia\\\/charlene-wittstock-la-futura-princesa-de-monaco-encarga-a-armani-su-traje-de-novia-2\\\/#breadcrumb\",\"itemListElement\":[{\"@type\":\"ListItem\",\"position\":1,\"name\":\"Portada\",\"item\":\"http:\\\/\\\/noviasespana.com\\\/noviasbizkaia\\\/\"},{\"@type\":\"ListItem\",\"position\":2,\"name\":\"Charlene Wittstock, la futura Princesa de M\u00f3naco, encarga a Armani su traje de novia.\"}]},{\"@type\":\"WebSite\",\"@id\":\"http:\\\/\\\/noviasespana.com\\\/noviasbizkaia\\\/#website\",\"url\":\"http:\\\/\\\/noviasespana.com\\\/noviasbizkaia\\\/\",\"name\":\"Novias Bizkaia\",\"description\":\"Revista de novias\",\"potentialAction\":[{\"@type\":\"SearchAction\",\"target\":{\"@type\":\"EntryPoint\",\"urlTemplate\":\"http:\\\/\\\/noviasespana.com\\\/noviasbizkaia\\\/?s={search_term_string}\"},\"query-input\":{\"@type\":\"PropertyValueSpecification\",\"valueRequired\":true,\"valueName\":\"search_term_string\"}}],\"inLanguage\":\"es\"},{\"@type\":\"Person\",\"@id\":\"http:\\\/\\\/noviasespana.com\\\/noviasbizkaia\\\/#\\\/schema\\\/person\\\/82ff6e303fad28e4da623aa4d27969ed\",\"name\":\"admin\",\"image\":{\"@type\":\"ImageObject\",\"inLanguage\":\"es\",\"@id\":\"https:\\\/\\\/secure.gravatar.com\\\/avatar\\\/0f45231fddfb43fcbd0cdde4582a3580baf474d75fca7d494b42ff86847de871?s=96&d=mm&r=g\",\"url\":\"https:\\\/\\\/secure.gravatar.com\\\/avatar\\\/0f45231fddfb43fcbd0cdde4582a3580baf474d75fca7d494b42ff86847de871?s=96&d=mm&r=g\",\"contentUrl\":\"https:\\\/\\\/secure.gravatar.com\\\/avatar\\\/0f45231fddfb43fcbd0cdde4582a3580baf474d75fca7d494b42ff86847de871?s=96&d=mm&r=g\",\"caption\":\"admin\"},\"url\":\"http:\\\/\\\/noviasespana.com\\\/noviasbizkaia\\\/author\\\/admin\\\/\"}]}<\/script>\n<!-- \/ Yoast SEO plugin. -->","yoast_head_json":{"title":"Charlene Wittstock, la futura Princesa de M\u00f3naco, encarga a Armani su traje de novia. - Novias Bizkaia","robots":{"index":"index","follow":"follow","max-snippet":"max-snippet:-1","max-image-preview":"max-image-preview:large","max-video-preview":"max-video-preview:-1"},"canonical":"http:\/\/noviasespana.com\/noviasbizkaia\/charlene-wittstock-la-futura-princesa-de-monaco-encarga-a-armani-su-traje-de-novia-2\/","og_locale":"es_ES","og_type":"article","og_title":"Charlene Wittstock, la futura Princesa de M\u00f3naco, encarga a Armani su traje de novia. - Novias Bizkaia","og_description":"\u00a0 \u00a0 Queridas Novias!!!\u00a0 Recientemente\u00a0 hemos sabido que Armani\u00a0 ser\u00e1 el encargado de dise\u00f1ar el traje que lucir\u00e1 Charlene Wittstock\u00a0 en su enlace matrimonial con el Pr\u00edncipe Alberto de M\u00f3naco, que tendr\u00e1 lugar el pr\u00f3ximo mes de julio. Como de costumbre, todo sobre el vestido,\u00a0 \u00a0es un secreto bien guardado que no ser\u00e1 desvelado el [&hellip;]","og_url":"http:\/\/noviasespana.com\/noviasbizkaia\/charlene-wittstock-la-futura-princesa-de-monaco-encarga-a-armani-su-traje-de-novia-2\/","og_site_name":"Novias Bizkaia","article_published_time":"2011-04-06T15:30:30+00:00","og_image":[{"url":"http:\/\/www.diariodeunanovia.com\/blog\/wp-content\/uploads\/sites\/6\/2011\/04\/charlene-grace-kelly.jpg","type":"","width":"","height":""}],"author":"admin","twitter_misc":{"Escrito por":"admin","Tiempo de lectura":"1 minuto"},"schema":{"@context":"https:\/\/schema.org","@graph":[{"@type":"Article","@id":"http:\/\/noviasespana.com\/noviasbizkaia\/charlene-wittstock-la-futura-princesa-de-monaco-encarga-a-armani-su-traje-de-novia-2\/#article","isPartOf":{"@id":"http:\/\/noviasespana.com\/noviasbizkaia\/charlene-wittstock-la-futura-princesa-de-monaco-encarga-a-armani-su-traje-de-novia-2\/"},"author":{"name":"admin","@id":"http:\/\/noviasespana.com\/noviasbizkaia\/#\/schema\/person\/82ff6e303fad28e4da623aa4d27969ed"},"headline":"Charlene Wittstock, la futura Princesa de M\u00f3naco, encarga a Armani su traje de novia.","datePublished":"2011-04-06T15:30:30+00:00","mainEntityOfPage":{"@id":"http:\/\/noviasespana.com\/noviasbizkaia\/charlene-wittstock-la-futura-princesa-de-monaco-encarga-a-armani-su-traje-de-novia-2\/"},"wordCount":152,"commentCount":0,"image":{"@id":"http:\/\/noviasespana.com\/noviasbizkaia\/charlene-wittstock-la-futura-princesa-de-monaco-encarga-a-armani-su-traje-de-novia-2\/#primaryimage"},"thumbnailUrl":"http:\/\/www.diariodeunanovia.com\/blog\/wp-content\/uploads\/sites\/6\/2011\/04\/charlene-grace-kelly.jpg","articleSection":["novias"],"inLanguage":"es","potentialAction":[{"@type":"CommentAction","name":"Comment","target":["http:\/\/noviasespana.com\/noviasbizkaia\/charlene-wittstock-la-futura-princesa-de-monaco-encarga-a-armani-su-traje-de-novia-2\/#respond"]}]},{"@type":"WebPage","@id":"http:\/\/noviasespana.com\/noviasbizkaia\/charlene-wittstock-la-futura-princesa-de-monaco-encarga-a-armani-su-traje-de-novia-2\/","url":"http:\/\/noviasespana.com\/noviasbizkaia\/charlene-wittstock-la-futura-princesa-de-monaco-encarga-a-armani-su-traje-de-novia-2\/","name":"Charlene Wittstock, la futura Princesa de M\u00f3naco, encarga a Armani su traje de novia. - Novias Bizkaia","isPartOf":{"@id":"http:\/\/noviasespana.com\/noviasbizkaia\/#website"},"primaryImageOfPage":{"@id":"http:\/\/noviasespana.com\/noviasbizkaia\/charlene-wittstock-la-futura-princesa-de-monaco-encarga-a-armani-su-traje-de-novia-2\/#primaryimage"},"image":{"@id":"http:\/\/noviasespana.com\/noviasbizkaia\/charlene-wittstock-la-futura-princesa-de-monaco-encarga-a-armani-su-traje-de-novia-2\/#primaryimage"},"thumbnailUrl":"http:\/\/www.diariodeunanovia.com\/blog\/wp-content\/uploads\/sites\/6\/2011\/04\/charlene-grace-kelly.jpg","datePublished":"2011-04-06T15:30:30+00:00","author":{"@id":"http:\/\/noviasespana.com\/noviasbizkaia\/#\/schema\/person\/82ff6e303fad28e4da623aa4d27969ed"},"breadcrumb":{"@id":"http:\/\/noviasespana.com\/noviasbizkaia\/charlene-wittstock-la-futura-princesa-de-monaco-encarga-a-armani-su-traje-de-novia-2\/#breadcrumb"},"inLanguage":"es","potentialAction":[{"@type":"ReadAction","target":["http:\/\/noviasespana.com\/noviasbizkaia\/charlene-wittstock-la-futura-princesa-de-monaco-encarga-a-armani-su-traje-de-novia-2\/"]}]},{"@type":"ImageObject","inLanguage":"es","@id":"http:\/\/noviasespana.com\/noviasbizkaia\/charlene-wittstock-la-futura-princesa-de-monaco-encarga-a-armani-su-traje-de-novia-2\/#primaryimage","url":"http:\/\/www.diariodeunanovia.com\/blog\/wp-content\/uploads\/sites\/6\/2011\/04\/charlene-grace-kelly.jpg","contentUrl":"http:\/\/www.diariodeunanovia.com\/blog\/wp-content\/uploads\/sites\/6\/2011\/04\/charlene-grace-kelly.jpg"},{"@type":"BreadcrumbList","@id":"http:\/\/noviasespana.com\/noviasbizkaia\/charlene-wittstock-la-futura-princesa-de-monaco-encarga-a-armani-su-traje-de-novia-2\/#breadcrumb","itemListElement":[{"@type":"ListItem","position":1,"name":"Portada","item":"http:\/\/noviasespana.com\/noviasbizkaia\/"},{"@type":"ListItem","position":2,"name":"Charlene Wittstock, la futura Princesa de M\u00f3naco, encarga a Armani su traje de novia."}]},{"@type":"WebSite","@id":"http:\/\/noviasespana.com\/noviasbizkaia\/#website","url":"http:\/\/noviasespana.com\/noviasbizkaia\/","name":"Novias Bizkaia","description":"Revista de novias","potentialAction":[{"@type":"SearchAction","target":{"@type":"EntryPoint","urlTemplate":"http:\/\/noviasespana.com\/noviasbizkaia\/?s={search_term_string}"},"query-input":{"@type":"PropertyValueSpecification","valueRequired":true,"valueName":"search_term_string"}}],"inLanguage":"es"},{"@type":"Person","@id":"http:\/\/noviasespana.com\/noviasbizkaia\/#\/schema\/person\/82ff6e303fad28e4da623aa4d27969ed","name":"admin","image":{"@type":"ImageObject","inLanguage":"es","@id":"https:\/\/secure.gravatar.com\/avatar\/0f45231fddfb43fcbd0cdde4582a3580baf474d75fca7d494b42ff86847de871?s=96&d=mm&r=g","url":"https:\/\/secure.gravatar.com\/avatar\/0f45231fddfb43fcbd0cdde4582a3580baf474d75fca7d494b42ff86847de871?s=96&d=mm&r=g","contentUrl":"https:\/\/secure.gravatar.com\/avatar\/0f45231fddfb43fcbd0cdde4582a3580baf474d75fca7d494b42ff86847de871?s=96&d=mm&r=g","caption":"admin"},"url":"http:\/\/noviasespana.com\/noviasbizkaia\/author\/admin\/"}]}},"jetpack_featured_media_url":"","jetpack_sharing_enabled":true,"jetpack_shortlink":"https:\/\/wp.me\/p5Hg6P-b","jetpack_likes_enabled":true,"_links":{"self":[{"href":"http:\/\/noviasespana.com\/noviasbizkaia\/wp-json\/wp\/v2\/posts\/11","targetHints":{"allow":["GET"]}}],"collection":[{"href":"http:\/\/noviasespana.com\/noviasbizkaia\/wp-json\/wp\/v2\/posts"}],"about":[{"href":"http:\/\/noviasespana.com\/noviasbizkaia\/wp-json\/wp\/v2\/types\/post"}],"author":[{"embeddable":true,"href":"http:\/\/noviasespana.com\/noviasbizkaia\/wp-json\/wp\/v2\/users\/2"}],"replies":[{"embeddable":true,"href":"http:\/\/noviasespana.com\/noviasbizkaia\/wp-json\/wp\/v2\/comments?post=11"}],"version-history":[{"count":0,"href":"http:\/\/noviasespana.com\/noviasbizkaia\/wp-json\/wp\/v2\/posts\/11\/revisions"}],"wp:attachment":[{"href":"http:\/\/noviasespana.com\/noviasbizkaia\/wp-json\/wp\/v2\/media?parent=11"}],"wp:term":[{"taxonomy":"category","embeddable":true,"href":"http:\/\/noviasespana.com\/noviasbizkaia\/wp-json\/wp\/v2\/categories?post=11"},{"taxonomy":"post_tag","embeddable":true,"href":"http:\/\/noviasespana.com\/noviasbizkaia\/wp-json\/wp\/v2\/tags?post=11"}],"curies":[{"name":"wp","href":"https:\/\/api.w.org\/{rel}","templated":true}]}}