{"id":990,"date":"2010-02-18T13:24:28","date_gmt":"2010-02-18T11:24:28","guid":{"rendered":"http:\/\/www.diariodeunanovia.com\/blog\/?p=990"},"modified":"2010-02-18T13:24:28","modified_gmt":"2010-02-18T11:24:28","slug":"comienza-la-cibeles-fashion-week","status":"publish","type":"post","link":"http:\/\/noviasespana.com\/noviasbaleares\/comienza-la-cibeles-fashion-week\/","title":{"rendered":"Diario de una novia en \u00abCibeles Fashion Week\u00bb"},"content":{"rendered":"<p style=\"text-align: justify\">Queridas novias!!! Ya pod\u00e9is estar avisando a vuestras avisadas de que hoy comienza en Madrid la \u00ab<a title=\"Diario de una novia - Cibeles Fashion Week\" href=\"http:\/\/www.ifema.es\/web\/ferias\/cibeles\/default.html\" target=\"_blank\">Cibeles Fashion Week<\/a>\u00ab, en la podr\u00e1n encontrar las propuestas m\u00e1s originales de cara a vuestro futuro enlace. Nosotras estamos all\u00ed para traeros todas las novedades de la moda espa\u00f1ola que nos interesa, sobre todo fiesta e invitadas. Un total de 51 dise\u00f1adores se dar\u00e1n cita hasta el d\u00eda 23 de febrero en este certamen, en el cual tambi\u00e9n estar\u00e1n presentes 30 j\u00f3venes creadores, dentro del showrrom \u00abEl Ego\u00bb, un espacio con venta directa al p\u00fablico que durar\u00e1 todos los d\u00edas de celebraci\u00f3n de la semana de la moda madrile\u00f1a. Esta edici\u00f3n de Cibeles, a la que se espera acudan m\u00e1s de 50.000 personas, entre compradores, prensa e invitados, presenta novedades de diversa \u00edndole que contribuir\u00e1n a reforzar a hacer de este certamen el mejor espacio de promoci\u00f3n de la moda espa\u00f1ola y su m\u00e1s destacado referente dentro y fuera de nuestras fronteras.<\/p>\n<p style=\"text-align: justify\"><span class=\"embed-youtube\" style=\"text-align:center; display: block;\"><iframe loading=\"lazy\" class=\"youtube-player\" width=\"900\" height=\"507\" src=\"https:\/\/www.youtube.com\/embed\/2bn8CzL6Fz4?version=3&#038;rel=1&#038;showsearch=0&#038;showinfo=1&#038;iv_load_policy=1&#038;fs=1&#038;hl=es-ES&#038;autohide=2&#038;wmode=transparent\" allowfullscreen=\"true\" style=\"border:0;\" sandbox=\"allow-scripts allow-same-origin allow-popups allow-presentation allow-popups-to-escape-sandbox\"><\/iframe><\/span><\/p>\n<p style=\"text-align: justify\">As\u00ed, en esta convocatoria (que ha aumentado de 5 a 6 el n\u00famero de jornadas de duraci\u00f3n), destaca la vuelta al escenario del pabell\u00f3n 14.1 de Feria de Madrid de Davidelf\u00edn y Jes\u00fas del Pozo, adem\u00e1s de la incorporaci\u00f3n de la joven creadora catalana Teresa Helbig y el retorno tambi\u00e9n al calendario oficial de desfiles que se desarrollan en Feria de Madrid de dos nombres destacados en el actual panorama de la moda espa\u00f1ola: Ion Fiz y Mar\u00eda Escot\u00e9. El bloque de desfiles de los denominados dise\u00f1adores consagrados, lo abrir\u00e1 el creador Jes\u00fas del Pozo el viernes 19 de febrero a las 11 horas, y lo cerrar\u00e1n los dise\u00f1adores Jes\u00fas Lorenzo y Miguel Marinero el martes 23 de febrero, a las 19.00 horas, con sus propuestas de peleter\u00eda. Ese mismo \u00faltimo d\u00eda, a las 21:00 horas, el desfile solidario Lancia Think&#8217;in pondr\u00e1 punto final a la 51 edici\u00f3n de Cibeles Madrid Fashion Week.<\/p>\n","protected":false},"excerpt":{"rendered":"<p>Queridas novias!!! Ya pod\u00e9is estar avisando a vuestras avisadas de que hoy comienza en Madrid la \u00abCibeles Fashion Week\u00ab, en la podr\u00e1n encontrar las propuestas m\u00e1s originales de cara a vuestro futuro enlace. Nosotras estamos all\u00ed para traeros todas las novedades de la moda espa\u00f1ola que nos interesa, sobre todo fiesta e invitadas. Un total [&hellip;]<\/p>\n","protected":false},"author":2,"featured_media":0,"comment_status":"open","ping_status":"open","sticky":false,"template":"","format":"standard","meta":{"jetpack_post_was_ever_published":false,"_jetpack_newsletter_access":"","_jetpack_dont_email_post_to_subs":false,"_jetpack_newsletter_tier_id":0,"_jetpack_memberships_contains_paywalled_content":false,"_jetpack_memberships_contains_paid_content":false,"footnotes":""},"categories":[1],"tags":[],"class_list":["post-990","post","type-post","status-publish","format-standard","hentry","category-novias"],"yoast_head":"<!-- This site is optimized with the Yoast SEO plugin v27.5 - https:\/\/yoast.com\/product\/yoast-seo-wordpress\/ -->\n<title>Diario de una novia en &quot;Cibeles Fashion Week&quot; - Novias Baleares<\/title>\n<meta name=\"robots\" content=\"index, follow, max-snippet:-1, max-image-preview:large, max-video-preview:-1\" \/>\n<link rel=\"canonical\" href=\"http:\/\/noviasespana.com\/noviasbaleares\/comienza-la-cibeles-fashion-week\/\" \/>\n<meta property=\"og:locale\" content=\"es_ES\" \/>\n<meta property=\"og:type\" content=\"article\" \/>\n<meta property=\"og:title\" content=\"Diario de una novia en &quot;Cibeles Fashion Week&quot; - Novias Baleares\" \/>\n<meta property=\"og:description\" content=\"Queridas novias!!! Ya pod\u00e9is estar avisando a vuestras avisadas de que hoy comienza en Madrid la \u00abCibeles Fashion Week\u00ab, en la podr\u00e1n encontrar las propuestas m\u00e1s originales de cara a vuestro futuro enlace. Nosotras estamos all\u00ed para traeros todas las novedades de la moda espa\u00f1ola que nos interesa, sobre todo fiesta e invitadas. Un total [&hellip;]\" \/>\n<meta property=\"og:url\" content=\"http:\/\/noviasespana.com\/noviasbaleares\/comienza-la-cibeles-fashion-week\/\" \/>\n<meta property=\"og:site_name\" content=\"Novias Baleares\" \/>\n<meta property=\"article:published_time\" content=\"2010-02-18T11:24:28+00:00\" \/>\n<meta name=\"author\" content=\"admin\" \/>\n<meta name=\"twitter:label1\" content=\"Escrito por\" \/>\n\t<meta name=\"twitter:data1\" content=\"admin\" \/>\n\t<meta name=\"twitter:label2\" content=\"Tiempo de lectura\" \/>\n\t<meta name=\"twitter:data2\" content=\"2 minutos\" \/>\n<script type=\"application\/ld+json\" class=\"yoast-schema-graph\">{\"@context\":\"https:\\\/\\\/schema.org\",\"@graph\":[{\"@type\":\"Article\",\"@id\":\"http:\\\/\\\/noviasespana.com\\\/noviasbaleares\\\/comienza-la-cibeles-fashion-week\\\/#article\",\"isPartOf\":{\"@id\":\"http:\\\/\\\/noviasespana.com\\\/noviasbaleares\\\/comienza-la-cibeles-fashion-week\\\/\"},\"author\":{\"name\":\"admin\",\"@id\":\"http:\\\/\\\/noviasespana.com\\\/noviasbaleares\\\/#\\\/schema\\\/person\\\/82ff6e303fad28e4da623aa4d27969ed\"},\"headline\":\"Diario de una novia en \u00abCibeles Fashion Week\u00bb\",\"datePublished\":\"2010-02-18T11:24:28+00:00\",\"mainEntityOfPage\":{\"@id\":\"http:\\\/\\\/noviasespana.com\\\/noviasbaleares\\\/comienza-la-cibeles-fashion-week\\\/\"},\"wordCount\":359,\"commentCount\":0,\"articleSection\":[\"novias\"],\"inLanguage\":\"es\",\"potentialAction\":[{\"@type\":\"CommentAction\",\"name\":\"Comment\",\"target\":[\"http:\\\/\\\/noviasespana.com\\\/noviasbaleares\\\/comienza-la-cibeles-fashion-week\\\/#respond\"]}]},{\"@type\":\"WebPage\",\"@id\":\"http:\\\/\\\/noviasespana.com\\\/noviasbaleares\\\/comienza-la-cibeles-fashion-week\\\/\",\"url\":\"http:\\\/\\\/noviasespana.com\\\/noviasbaleares\\\/comienza-la-cibeles-fashion-week\\\/\",\"name\":\"Diario de una novia en \\\"Cibeles Fashion Week\\\" - Novias Baleares\",\"isPartOf\":{\"@id\":\"http:\\\/\\\/noviasespana.com\\\/noviasbaleares\\\/#website\"},\"datePublished\":\"2010-02-18T11:24:28+00:00\",\"author\":{\"@id\":\"http:\\\/\\\/noviasespana.com\\\/noviasbaleares\\\/#\\\/schema\\\/person\\\/82ff6e303fad28e4da623aa4d27969ed\"},\"breadcrumb\":{\"@id\":\"http:\\\/\\\/noviasespana.com\\\/noviasbaleares\\\/comienza-la-cibeles-fashion-week\\\/#breadcrumb\"},\"inLanguage\":\"es\",\"potentialAction\":[{\"@type\":\"ReadAction\",\"target\":[\"http:\\\/\\\/noviasespana.com\\\/noviasbaleares\\\/comienza-la-cibeles-fashion-week\\\/\"]}]},{\"@type\":\"BreadcrumbList\",\"@id\":\"http:\\\/\\\/noviasespana.com\\\/noviasbaleares\\\/comienza-la-cibeles-fashion-week\\\/#breadcrumb\",\"itemListElement\":[{\"@type\":\"ListItem\",\"position\":1,\"name\":\"Portada\",\"item\":\"http:\\\/\\\/noviasespana.com\\\/noviasbaleares\\\/\"},{\"@type\":\"ListItem\",\"position\":2,\"name\":\"Diario de una novia en \u00abCibeles Fashion Week\u00bb\"}]},{\"@type\":\"WebSite\",\"@id\":\"http:\\\/\\\/noviasespana.com\\\/noviasbaleares\\\/#website\",\"url\":\"http:\\\/\\\/noviasespana.com\\\/noviasbaleares\\\/\",\"name\":\"Novias Baleares\",\"description\":\"Revista de novias\",\"potentialAction\":[{\"@type\":\"SearchAction\",\"target\":{\"@type\":\"EntryPoint\",\"urlTemplate\":\"http:\\\/\\\/noviasespana.com\\\/noviasbaleares\\\/?s={search_term_string}\"},\"query-input\":{\"@type\":\"PropertyValueSpecification\",\"valueRequired\":true,\"valueName\":\"search_term_string\"}}],\"inLanguage\":\"es\"},{\"@type\":\"Person\",\"@id\":\"http:\\\/\\\/noviasespana.com\\\/noviasbaleares\\\/#\\\/schema\\\/person\\\/82ff6e303fad28e4da623aa4d27969ed\",\"name\":\"admin\",\"image\":{\"@type\":\"ImageObject\",\"inLanguage\":\"es\",\"@id\":\"https:\\\/\\\/secure.gravatar.com\\\/avatar\\\/0f45231fddfb43fcbd0cdde4582a3580baf474d75fca7d494b42ff86847de871?s=96&d=mm&r=g\",\"url\":\"https:\\\/\\\/secure.gravatar.com\\\/avatar\\\/0f45231fddfb43fcbd0cdde4582a3580baf474d75fca7d494b42ff86847de871?s=96&d=mm&r=g\",\"contentUrl\":\"https:\\\/\\\/secure.gravatar.com\\\/avatar\\\/0f45231fddfb43fcbd0cdde4582a3580baf474d75fca7d494b42ff86847de871?s=96&d=mm&r=g\",\"caption\":\"admin\"},\"url\":\"http:\\\/\\\/noviasespana.com\\\/noviasbaleares\\\/author\\\/admin\\\/\"}]}<\/script>\n<!-- \/ Yoast SEO plugin. -->","yoast_head_json":{"title":"Diario de una novia en \"Cibeles Fashion Week\" - Novias Baleares","robots":{"index":"index","follow":"follow","max-snippet":"max-snippet:-1","max-image-preview":"max-image-preview:large","max-video-preview":"max-video-preview:-1"},"canonical":"http:\/\/noviasespana.com\/noviasbaleares\/comienza-la-cibeles-fashion-week\/","og_locale":"es_ES","og_type":"article","og_title":"Diario de una novia en \"Cibeles Fashion Week\" - Novias Baleares","og_description":"Queridas novias!!! Ya pod\u00e9is estar avisando a vuestras avisadas de que hoy comienza en Madrid la \u00abCibeles Fashion Week\u00ab, en la podr\u00e1n encontrar las propuestas m\u00e1s originales de cara a vuestro futuro enlace. Nosotras estamos all\u00ed para traeros todas las novedades de la moda espa\u00f1ola que nos interesa, sobre todo fiesta e invitadas. Un total [&hellip;]","og_url":"http:\/\/noviasespana.com\/noviasbaleares\/comienza-la-cibeles-fashion-week\/","og_site_name":"Novias Baleares","article_published_time":"2010-02-18T11:24:28+00:00","author":"admin","twitter_misc":{"Escrito por":"admin","Tiempo de lectura":"2 minutos"},"schema":{"@context":"https:\/\/schema.org","@graph":[{"@type":"Article","@id":"http:\/\/noviasespana.com\/noviasbaleares\/comienza-la-cibeles-fashion-week\/#article","isPartOf":{"@id":"http:\/\/noviasespana.com\/noviasbaleares\/comienza-la-cibeles-fashion-week\/"},"author":{"name":"admin","@id":"http:\/\/noviasespana.com\/noviasbaleares\/#\/schema\/person\/82ff6e303fad28e4da623aa4d27969ed"},"headline":"Diario de una novia en \u00abCibeles Fashion Week\u00bb","datePublished":"2010-02-18T11:24:28+00:00","mainEntityOfPage":{"@id":"http:\/\/noviasespana.com\/noviasbaleares\/comienza-la-cibeles-fashion-week\/"},"wordCount":359,"commentCount":0,"articleSection":["novias"],"inLanguage":"es","potentialAction":[{"@type":"CommentAction","name":"Comment","target":["http:\/\/noviasespana.com\/noviasbaleares\/comienza-la-cibeles-fashion-week\/#respond"]}]},{"@type":"WebPage","@id":"http:\/\/noviasespana.com\/noviasbaleares\/comienza-la-cibeles-fashion-week\/","url":"http:\/\/noviasespana.com\/noviasbaleares\/comienza-la-cibeles-fashion-week\/","name":"Diario de una novia en \"Cibeles Fashion Week\" - Novias Baleares","isPartOf":{"@id":"http:\/\/noviasespana.com\/noviasbaleares\/#website"},"datePublished":"2010-02-18T11:24:28+00:00","author":{"@id":"http:\/\/noviasespana.com\/noviasbaleares\/#\/schema\/person\/82ff6e303fad28e4da623aa4d27969ed"},"breadcrumb":{"@id":"http:\/\/noviasespana.com\/noviasbaleares\/comienza-la-cibeles-fashion-week\/#breadcrumb"},"inLanguage":"es","potentialAction":[{"@type":"ReadAction","target":["http:\/\/noviasespana.com\/noviasbaleares\/comienza-la-cibeles-fashion-week\/"]}]},{"@type":"BreadcrumbList","@id":"http:\/\/noviasespana.com\/noviasbaleares\/comienza-la-cibeles-fashion-week\/#breadcrumb","itemListElement":[{"@type":"ListItem","position":1,"name":"Portada","item":"http:\/\/noviasespana.com\/noviasbaleares\/"},{"@type":"ListItem","position":2,"name":"Diario de una novia en \u00abCibeles Fashion Week\u00bb"}]},{"@type":"WebSite","@id":"http:\/\/noviasespana.com\/noviasbaleares\/#website","url":"http:\/\/noviasespana.com\/noviasbaleares\/","name":"Novias Baleares","description":"Revista de novias","potentialAction":[{"@type":"SearchAction","target":{"@type":"EntryPoint","urlTemplate":"http:\/\/noviasespana.com\/noviasbaleares\/?s={search_term_string}"},"query-input":{"@type":"PropertyValueSpecification","valueRequired":true,"valueName":"search_term_string"}}],"inLanguage":"es"},{"@type":"Person","@id":"http:\/\/noviasespana.com\/noviasbaleares\/#\/schema\/person\/82ff6e303fad28e4da623aa4d27969ed","name":"admin","image":{"@type":"ImageObject","inLanguage":"es","@id":"https:\/\/secure.gravatar.com\/avatar\/0f45231fddfb43fcbd0cdde4582a3580baf474d75fca7d494b42ff86847de871?s=96&d=mm&r=g","url":"https:\/\/secure.gravatar.com\/avatar\/0f45231fddfb43fcbd0cdde4582a3580baf474d75fca7d494b42ff86847de871?s=96&d=mm&r=g","contentUrl":"https:\/\/secure.gravatar.com\/avatar\/0f45231fddfb43fcbd0cdde4582a3580baf474d75fca7d494b42ff86847de871?s=96&d=mm&r=g","caption":"admin"},"url":"http:\/\/noviasespana.com\/noviasbaleares\/author\/admin\/"}]}},"jetpack_featured_media_url":"","jetpack_sharing_enabled":true,"jetpack_shortlink":"https:\/\/wp.me\/p5Hg6P-fY","jetpack_likes_enabled":true,"_links":{"self":[{"href":"http:\/\/noviasespana.com\/noviasbaleares\/wp-json\/wp\/v2\/posts\/990","targetHints":{"allow":["GET"]}}],"collection":[{"href":"http:\/\/noviasespana.com\/noviasbaleares\/wp-json\/wp\/v2\/posts"}],"about":[{"href":"http:\/\/noviasespana.com\/noviasbaleares\/wp-json\/wp\/v2\/types\/post"}],"author":[{"embeddable":true,"href":"http:\/\/noviasespana.com\/noviasbaleares\/wp-json\/wp\/v2\/users\/2"}],"replies":[{"embeddable":true,"href":"http:\/\/noviasespana.com\/noviasbaleares\/wp-json\/wp\/v2\/comments?post=990"}],"version-history":[{"count":0,"href":"http:\/\/noviasespana.com\/noviasbaleares\/wp-json\/wp\/v2\/posts\/990\/revisions"}],"wp:attachment":[{"href":"http:\/\/noviasespana.com\/noviasbaleares\/wp-json\/wp\/v2\/media?parent=990"}],"wp:term":[{"taxonomy":"category","embeddable":true,"href":"http:\/\/noviasespana.com\/noviasbaleares\/wp-json\/wp\/v2\/categories?post=990"},{"taxonomy":"post_tag","embeddable":true,"href":"http:\/\/noviasespana.com\/noviasbaleares\/wp-json\/wp\/v2\/tags?post=990"}],"curies":[{"name":"wp","href":"https:\/\/api.w.org\/{rel}","templated":true}]}}