{"id":689,"date":"2010-01-12T10:46:44","date_gmt":"2010-01-12T08:46:44","guid":{"rendered":"http:\/\/www.diariodeunanovia.com\/blog\/?p=689"},"modified":"2010-01-12T10:46:44","modified_gmt":"2010-01-12T08:46:44","slug":"michael-buble-se-compromete-con-su-novia","status":"publish","type":"post","link":"http:\/\/noviasespana.com\/noviasbaleares\/michael-buble-se-compromete-con-su-novia\/","title":{"rendered":"Michael Bubl\u00e9 se compromete con su novia"},"content":{"rendered":"<p style=\"text-align: justify\">Hola chicas!!! El 2010 ha comenzado con muy bien pie para algunas parejas, entre ellas para la formada por el cantante canadiense Michael Bubl\u00e9 y su novia, la argentina, Luisana Loreley Lopilato de la Torre, quienes se han comprometido. Seg\u00fan ha confirmado el representante del cantante, la pareja se comprometi\u00f3 hace dos meses en Argentina aunque prefirieron guardarlo en secreto hasta el comienzo del a\u00f1o. \u00abMichael pidi\u00f3 matrimonio a Luisana en noviembre delante de toda su familia\u00bb, se\u00f1al\u00f3 Liz Rosenberg. Lopilato, de 22 a\u00f1os, es actriz de cine y televisi\u00f3n y cuando Bubl\u00e9 la propuso matrimonio no lo dud\u00f3 ni un momento. Michael obsequi\u00f3 a Luisana con un precioso anillo de compromiso de diamantes que el mismo dise\u00f1\u00f3. La pareja se conoci\u00f3 despu\u00e9s de uno de los conciertos del artista en Buenos Aires en noviembre de 2008 y desde ese momento no se separaron.<\/p>\n<p style=\"text-align: center\"><img data-recalc-dims=\"1\" loading=\"lazy\" decoding=\"async\" class=\"size-full wp-image-691 aligncenter\" title=\"USA\/\" src=\"https:\/\/i0.wp.com\/www.diariodeunanovia.com\/blog\/wp-content\/uploads\/sites\/5\/2010\/01\/buble.jpg?resize=407%2C305\" alt=\"USA\/\" width=\"407\" height=\"305\" \/><\/p>\n<p style=\"text-align: justify\">\n","protected":false},"excerpt":{"rendered":"<p>Hola chicas!!! El 2010 ha comenzado con muy bien pie para algunas parejas, entre ellas para la formada por el cantante canadiense Michael Bubl\u00e9 y su novia, la argentina, Luisana Loreley Lopilato de la Torre, quienes se han comprometido. Seg\u00fan ha confirmado el representante del cantante, la pareja se comprometi\u00f3 hace dos meses en Argentina [&hellip;]<\/p>\n","protected":false},"author":2,"featured_media":0,"comment_status":"open","ping_status":"open","sticky":false,"template":"","format":"standard","meta":{"jetpack_post_was_ever_published":false,"_jetpack_newsletter_access":"","_jetpack_dont_email_post_to_subs":false,"_jetpack_newsletter_tier_id":0,"_jetpack_memberships_contains_paywalled_content":false,"_jetpack_memberships_contains_paid_content":false,"footnotes":""},"categories":[1],"tags":[],"class_list":["post-689","post","type-post","status-publish","format-standard","hentry","category-novias"],"yoast_head":"<!-- This site is optimized with the Yoast SEO plugin v27.5 - https:\/\/yoast.com\/product\/yoast-seo-wordpress\/ -->\n<title>Michael Bubl\u00e9 se compromete con su novia - Novias Baleares<\/title>\n<meta name=\"robots\" content=\"index, follow, max-snippet:-1, max-image-preview:large, max-video-preview:-1\" \/>\n<link rel=\"canonical\" href=\"http:\/\/noviasespana.com\/noviasbaleares\/michael-buble-se-compromete-con-su-novia\/\" \/>\n<meta property=\"og:locale\" content=\"es_ES\" \/>\n<meta property=\"og:type\" content=\"article\" \/>\n<meta property=\"og:title\" content=\"Michael Bubl\u00e9 se compromete con su novia - Novias Baleares\" \/>\n<meta property=\"og:description\" content=\"Hola chicas!!! El 2010 ha comenzado con muy bien pie para algunas parejas, entre ellas para la formada por el cantante canadiense Michael Bubl\u00e9 y su novia, la argentina, Luisana Loreley Lopilato de la Torre, quienes se han comprometido. Seg\u00fan ha confirmado el representante del cantante, la pareja se comprometi\u00f3 hace dos meses en Argentina [&hellip;]\" \/>\n<meta property=\"og:url\" content=\"http:\/\/noviasespana.com\/noviasbaleares\/michael-buble-se-compromete-con-su-novia\/\" \/>\n<meta property=\"og:site_name\" content=\"Novias Baleares\" \/>\n<meta property=\"article:published_time\" content=\"2010-01-12T08:46:44+00:00\" \/>\n<meta property=\"og:image\" content=\"http:\/\/www.diariodeunanovia.com\/blog\/wp-content\/uploads\/sites\/5\/2010\/01\/buble.jpg\" \/>\n<meta name=\"author\" content=\"admin\" \/>\n<meta name=\"twitter:label1\" content=\"Escrito por\" \/>\n\t<meta name=\"twitter:data1\" content=\"admin\" \/>\n\t<meta name=\"twitter:label2\" content=\"Tiempo de lectura\" \/>\n\t<meta name=\"twitter:data2\" content=\"1 minuto\" \/>\n<script type=\"application\/ld+json\" class=\"yoast-schema-graph\">{\"@context\":\"https:\\\/\\\/schema.org\",\"@graph\":[{\"@type\":\"Article\",\"@id\":\"http:\\\/\\\/noviasespana.com\\\/noviasbaleares\\\/michael-buble-se-compromete-con-su-novia\\\/#article\",\"isPartOf\":{\"@id\":\"http:\\\/\\\/noviasespana.com\\\/noviasbaleares\\\/michael-buble-se-compromete-con-su-novia\\\/\"},\"author\":{\"name\":\"admin\",\"@id\":\"http:\\\/\\\/noviasespana.com\\\/noviasbaleares\\\/#\\\/schema\\\/person\\\/82ff6e303fad28e4da623aa4d27969ed\"},\"headline\":\"Michael Bubl\u00e9 se compromete con su novia\",\"datePublished\":\"2010-01-12T08:46:44+00:00\",\"mainEntityOfPage\":{\"@id\":\"http:\\\/\\\/noviasespana.com\\\/noviasbaleares\\\/michael-buble-se-compromete-con-su-novia\\\/\"},\"wordCount\":154,\"commentCount\":0,\"image\":{\"@id\":\"http:\\\/\\\/noviasespana.com\\\/noviasbaleares\\\/michael-buble-se-compromete-con-su-novia\\\/#primaryimage\"},\"thumbnailUrl\":\"http:\\\/\\\/www.diariodeunanovia.com\\\/blog\\\/wp-content\\\/uploads\\\/sites\\\/5\\\/2010\\\/01\\\/buble.jpg\",\"articleSection\":[\"novias\"],\"inLanguage\":\"es\",\"potentialAction\":[{\"@type\":\"CommentAction\",\"name\":\"Comment\",\"target\":[\"http:\\\/\\\/noviasespana.com\\\/noviasbaleares\\\/michael-buble-se-compromete-con-su-novia\\\/#respond\"]}]},{\"@type\":\"WebPage\",\"@id\":\"http:\\\/\\\/noviasespana.com\\\/noviasbaleares\\\/michael-buble-se-compromete-con-su-novia\\\/\",\"url\":\"http:\\\/\\\/noviasespana.com\\\/noviasbaleares\\\/michael-buble-se-compromete-con-su-novia\\\/\",\"name\":\"Michael Bubl\u00e9 se compromete con su novia - Novias Baleares\",\"isPartOf\":{\"@id\":\"http:\\\/\\\/noviasespana.com\\\/noviasbaleares\\\/#website\"},\"primaryImageOfPage\":{\"@id\":\"http:\\\/\\\/noviasespana.com\\\/noviasbaleares\\\/michael-buble-se-compromete-con-su-novia\\\/#primaryimage\"},\"image\":{\"@id\":\"http:\\\/\\\/noviasespana.com\\\/noviasbaleares\\\/michael-buble-se-compromete-con-su-novia\\\/#primaryimage\"},\"thumbnailUrl\":\"http:\\\/\\\/www.diariodeunanovia.com\\\/blog\\\/wp-content\\\/uploads\\\/sites\\\/5\\\/2010\\\/01\\\/buble.jpg\",\"datePublished\":\"2010-01-12T08:46:44+00:00\",\"author\":{\"@id\":\"http:\\\/\\\/noviasespana.com\\\/noviasbaleares\\\/#\\\/schema\\\/person\\\/82ff6e303fad28e4da623aa4d27969ed\"},\"breadcrumb\":{\"@id\":\"http:\\\/\\\/noviasespana.com\\\/noviasbaleares\\\/michael-buble-se-compromete-con-su-novia\\\/#breadcrumb\"},\"inLanguage\":\"es\",\"potentialAction\":[{\"@type\":\"ReadAction\",\"target\":[\"http:\\\/\\\/noviasespana.com\\\/noviasbaleares\\\/michael-buble-se-compromete-con-su-novia\\\/\"]}]},{\"@type\":\"ImageObject\",\"inLanguage\":\"es\",\"@id\":\"http:\\\/\\\/noviasespana.com\\\/noviasbaleares\\\/michael-buble-se-compromete-con-su-novia\\\/#primaryimage\",\"url\":\"http:\\\/\\\/www.diariodeunanovia.com\\\/blog\\\/wp-content\\\/uploads\\\/sites\\\/5\\\/2010\\\/01\\\/buble.jpg\",\"contentUrl\":\"http:\\\/\\\/www.diariodeunanovia.com\\\/blog\\\/wp-content\\\/uploads\\\/sites\\\/5\\\/2010\\\/01\\\/buble.jpg\"},{\"@type\":\"BreadcrumbList\",\"@id\":\"http:\\\/\\\/noviasespana.com\\\/noviasbaleares\\\/michael-buble-se-compromete-con-su-novia\\\/#breadcrumb\",\"itemListElement\":[{\"@type\":\"ListItem\",\"position\":1,\"name\":\"Portada\",\"item\":\"http:\\\/\\\/noviasespana.com\\\/noviasbaleares\\\/\"},{\"@type\":\"ListItem\",\"position\":2,\"name\":\"Michael Bubl\u00e9 se compromete con su novia\"}]},{\"@type\":\"WebSite\",\"@id\":\"http:\\\/\\\/noviasespana.com\\\/noviasbaleares\\\/#website\",\"url\":\"http:\\\/\\\/noviasespana.com\\\/noviasbaleares\\\/\",\"name\":\"Novias Baleares\",\"description\":\"Revista de novias\",\"potentialAction\":[{\"@type\":\"SearchAction\",\"target\":{\"@type\":\"EntryPoint\",\"urlTemplate\":\"http:\\\/\\\/noviasespana.com\\\/noviasbaleares\\\/?s={search_term_string}\"},\"query-input\":{\"@type\":\"PropertyValueSpecification\",\"valueRequired\":true,\"valueName\":\"search_term_string\"}}],\"inLanguage\":\"es\"},{\"@type\":\"Person\",\"@id\":\"http:\\\/\\\/noviasespana.com\\\/noviasbaleares\\\/#\\\/schema\\\/person\\\/82ff6e303fad28e4da623aa4d27969ed\",\"name\":\"admin\",\"image\":{\"@type\":\"ImageObject\",\"inLanguage\":\"es\",\"@id\":\"https:\\\/\\\/secure.gravatar.com\\\/avatar\\\/0f45231fddfb43fcbd0cdde4582a3580baf474d75fca7d494b42ff86847de871?s=96&d=mm&r=g\",\"url\":\"https:\\\/\\\/secure.gravatar.com\\\/avatar\\\/0f45231fddfb43fcbd0cdde4582a3580baf474d75fca7d494b42ff86847de871?s=96&d=mm&r=g\",\"contentUrl\":\"https:\\\/\\\/secure.gravatar.com\\\/avatar\\\/0f45231fddfb43fcbd0cdde4582a3580baf474d75fca7d494b42ff86847de871?s=96&d=mm&r=g\",\"caption\":\"admin\"},\"url\":\"http:\\\/\\\/noviasespana.com\\\/noviasbaleares\\\/author\\\/admin\\\/\"}]}<\/script>\n<!-- \/ Yoast SEO plugin. -->","yoast_head_json":{"title":"Michael Bubl\u00e9 se compromete con su novia - Novias Baleares","robots":{"index":"index","follow":"follow","max-snippet":"max-snippet:-1","max-image-preview":"max-image-preview:large","max-video-preview":"max-video-preview:-1"},"canonical":"http:\/\/noviasespana.com\/noviasbaleares\/michael-buble-se-compromete-con-su-novia\/","og_locale":"es_ES","og_type":"article","og_title":"Michael Bubl\u00e9 se compromete con su novia - Novias Baleares","og_description":"Hola chicas!!! El 2010 ha comenzado con muy bien pie para algunas parejas, entre ellas para la formada por el cantante canadiense Michael Bubl\u00e9 y su novia, la argentina, Luisana Loreley Lopilato de la Torre, quienes se han comprometido. Seg\u00fan ha confirmado el representante del cantante, la pareja se comprometi\u00f3 hace dos meses en Argentina [&hellip;]","og_url":"http:\/\/noviasespana.com\/noviasbaleares\/michael-buble-se-compromete-con-su-novia\/","og_site_name":"Novias Baleares","article_published_time":"2010-01-12T08:46:44+00:00","og_image":[{"url":"http:\/\/www.diariodeunanovia.com\/blog\/wp-content\/uploads\/sites\/5\/2010\/01\/buble.jpg","type":"","width":"","height":""}],"author":"admin","twitter_misc":{"Escrito por":"admin","Tiempo de lectura":"1 minuto"},"schema":{"@context":"https:\/\/schema.org","@graph":[{"@type":"Article","@id":"http:\/\/noviasespana.com\/noviasbaleares\/michael-buble-se-compromete-con-su-novia\/#article","isPartOf":{"@id":"http:\/\/noviasespana.com\/noviasbaleares\/michael-buble-se-compromete-con-su-novia\/"},"author":{"name":"admin","@id":"http:\/\/noviasespana.com\/noviasbaleares\/#\/schema\/person\/82ff6e303fad28e4da623aa4d27969ed"},"headline":"Michael Bubl\u00e9 se compromete con su novia","datePublished":"2010-01-12T08:46:44+00:00","mainEntityOfPage":{"@id":"http:\/\/noviasespana.com\/noviasbaleares\/michael-buble-se-compromete-con-su-novia\/"},"wordCount":154,"commentCount":0,"image":{"@id":"http:\/\/noviasespana.com\/noviasbaleares\/michael-buble-se-compromete-con-su-novia\/#primaryimage"},"thumbnailUrl":"http:\/\/www.diariodeunanovia.com\/blog\/wp-content\/uploads\/sites\/5\/2010\/01\/buble.jpg","articleSection":["novias"],"inLanguage":"es","potentialAction":[{"@type":"CommentAction","name":"Comment","target":["http:\/\/noviasespana.com\/noviasbaleares\/michael-buble-se-compromete-con-su-novia\/#respond"]}]},{"@type":"WebPage","@id":"http:\/\/noviasespana.com\/noviasbaleares\/michael-buble-se-compromete-con-su-novia\/","url":"http:\/\/noviasespana.com\/noviasbaleares\/michael-buble-se-compromete-con-su-novia\/","name":"Michael Bubl\u00e9 se compromete con su novia - Novias Baleares","isPartOf":{"@id":"http:\/\/noviasespana.com\/noviasbaleares\/#website"},"primaryImageOfPage":{"@id":"http:\/\/noviasespana.com\/noviasbaleares\/michael-buble-se-compromete-con-su-novia\/#primaryimage"},"image":{"@id":"http:\/\/noviasespana.com\/noviasbaleares\/michael-buble-se-compromete-con-su-novia\/#primaryimage"},"thumbnailUrl":"http:\/\/www.diariodeunanovia.com\/blog\/wp-content\/uploads\/sites\/5\/2010\/01\/buble.jpg","datePublished":"2010-01-12T08:46:44+00:00","author":{"@id":"http:\/\/noviasespana.com\/noviasbaleares\/#\/schema\/person\/82ff6e303fad28e4da623aa4d27969ed"},"breadcrumb":{"@id":"http:\/\/noviasespana.com\/noviasbaleares\/michael-buble-se-compromete-con-su-novia\/#breadcrumb"},"inLanguage":"es","potentialAction":[{"@type":"ReadAction","target":["http:\/\/noviasespana.com\/noviasbaleares\/michael-buble-se-compromete-con-su-novia\/"]}]},{"@type":"ImageObject","inLanguage":"es","@id":"http:\/\/noviasespana.com\/noviasbaleares\/michael-buble-se-compromete-con-su-novia\/#primaryimage","url":"http:\/\/www.diariodeunanovia.com\/blog\/wp-content\/uploads\/sites\/5\/2010\/01\/buble.jpg","contentUrl":"http:\/\/www.diariodeunanovia.com\/blog\/wp-content\/uploads\/sites\/5\/2010\/01\/buble.jpg"},{"@type":"BreadcrumbList","@id":"http:\/\/noviasespana.com\/noviasbaleares\/michael-buble-se-compromete-con-su-novia\/#breadcrumb","itemListElement":[{"@type":"ListItem","position":1,"name":"Portada","item":"http:\/\/noviasespana.com\/noviasbaleares\/"},{"@type":"ListItem","position":2,"name":"Michael Bubl\u00e9 se compromete con su novia"}]},{"@type":"WebSite","@id":"http:\/\/noviasespana.com\/noviasbaleares\/#website","url":"http:\/\/noviasespana.com\/noviasbaleares\/","name":"Novias Baleares","description":"Revista de novias","potentialAction":[{"@type":"SearchAction","target":{"@type":"EntryPoint","urlTemplate":"http:\/\/noviasespana.com\/noviasbaleares\/?s={search_term_string}"},"query-input":{"@type":"PropertyValueSpecification","valueRequired":true,"valueName":"search_term_string"}}],"inLanguage":"es"},{"@type":"Person","@id":"http:\/\/noviasespana.com\/noviasbaleares\/#\/schema\/person\/82ff6e303fad28e4da623aa4d27969ed","name":"admin","image":{"@type":"ImageObject","inLanguage":"es","@id":"https:\/\/secure.gravatar.com\/avatar\/0f45231fddfb43fcbd0cdde4582a3580baf474d75fca7d494b42ff86847de871?s=96&d=mm&r=g","url":"https:\/\/secure.gravatar.com\/avatar\/0f45231fddfb43fcbd0cdde4582a3580baf474d75fca7d494b42ff86847de871?s=96&d=mm&r=g","contentUrl":"https:\/\/secure.gravatar.com\/avatar\/0f45231fddfb43fcbd0cdde4582a3580baf474d75fca7d494b42ff86847de871?s=96&d=mm&r=g","caption":"admin"},"url":"http:\/\/noviasespana.com\/noviasbaleares\/author\/admin\/"}]}},"jetpack_featured_media_url":"","jetpack_sharing_enabled":true,"jetpack_shortlink":"https:\/\/wp.me\/p5Hg6P-b7","jetpack_likes_enabled":true,"_links":{"self":[{"href":"http:\/\/noviasespana.com\/noviasbaleares\/wp-json\/wp\/v2\/posts\/689","targetHints":{"allow":["GET"]}}],"collection":[{"href":"http:\/\/noviasespana.com\/noviasbaleares\/wp-json\/wp\/v2\/posts"}],"about":[{"href":"http:\/\/noviasespana.com\/noviasbaleares\/wp-json\/wp\/v2\/types\/post"}],"author":[{"embeddable":true,"href":"http:\/\/noviasespana.com\/noviasbaleares\/wp-json\/wp\/v2\/users\/2"}],"replies":[{"embeddable":true,"href":"http:\/\/noviasespana.com\/noviasbaleares\/wp-json\/wp\/v2\/comments?post=689"}],"version-history":[{"count":0,"href":"http:\/\/noviasespana.com\/noviasbaleares\/wp-json\/wp\/v2\/posts\/689\/revisions"}],"wp:attachment":[{"href":"http:\/\/noviasespana.com\/noviasbaleares\/wp-json\/wp\/v2\/media?parent=689"}],"wp:term":[{"taxonomy":"category","embeddable":true,"href":"http:\/\/noviasespana.com\/noviasbaleares\/wp-json\/wp\/v2\/categories?post=689"},{"taxonomy":"post_tag","embeddable":true,"href":"http:\/\/noviasespana.com\/noviasbaleares\/wp-json\/wp\/v2\/tags?post=689"}],"curies":[{"name":"wp","href":"https:\/\/api.w.org\/{rel}","templated":true}]}}