{"id":667,"date":"2010-01-07T11:36:02","date_gmt":"2010-01-07T09:36:02","guid":{"rendered":"http:\/\/www.diariodeunanovia.com\/blog\/?p=667"},"modified":"2010-01-07T11:36:02","modified_gmt":"2010-01-07T09:36:02","slug":"par-engsheden-disenara-el-vestido-de-novia-de-victoria-de-suecia","status":"publish","type":"post","link":"http:\/\/noviasespana.com\/noviasbaleares\/par-engsheden-disenara-el-vestido-de-novia-de-victoria-de-suecia\/","title":{"rendered":"Par Engsheden dise\u00f1ar\u00e1 el vestido de novia de Victoria de Suecia"},"content":{"rendered":"<p style=\"text-align: justify\">Hola chicas!!! La  Princesa Victoria de Suecia est\u00e1 ultimando los detalles de su boda, el pr\u00f3ximo 19 de junio. Como cualquier novia de su edad, la heredera de la corona sueca prepara con ilusi\u00f3n su gran d\u00eda, en el que contraer\u00e1 matrimonio con su prometido, Daniel Westling. Y como no pod\u00eda ser de otra forma, el vestido que lucir\u00e1 es el secreto mejor guardado. Eso s\u00ed: la prensa sueca ya ha descubierto al dise\u00f1ador elegido. No es otro que Par Engsheden, uno de los modistos predilectos de Victoria de Suecia, y tambi\u00e9n, de su hermana la Princesa Magdalena. Esta no es la primera vez que la futura reina conf\u00eda en el modisto, ya que luci\u00f3 sus creaciones en las ceremonias del Premio Nobel en 2007, 2008 y 2009, tres de sus apariciones p\u00fablicas m\u00e1s elegantes. Poco m\u00e1s se sabe del vestido que llevar\u00e1 al altar en la \u201cboda del a\u00f1o\u201d del pa\u00eds n\u00f3rdico. Lo que s\u00ed est\u00e1 claro es que Par Engsheden conoce bien la silueta de la  Princesa, que apuesta una vez m\u00e1s en el modisto.<\/p>\n<p style=\"text-align: center\"><img data-recalc-dims=\"1\" loading=\"lazy\" decoding=\"async\" class=\"size-full wp-image-668 aligncenter\" title=\"14839426--647x231\" src=\"https:\/\/i0.wp.com\/www.diariodeunanovia.com\/blog\/wp-content\/uploads\/sites\/5\/2010\/01\/14839426-647x231.jpg?resize=505%2C180\" alt=\"14839426--647x231\" width=\"505\" height=\"180\" \/><\/p>\n","protected":false},"excerpt":{"rendered":"<p>Hola chicas!!! La Princesa Victoria de Suecia est\u00e1 ultimando los detalles de su boda, el pr\u00f3ximo 19 de junio. Como cualquier novia de su edad, la heredera de la corona sueca prepara con ilusi\u00f3n su gran d\u00eda, en el que contraer\u00e1 matrimonio con su prometido, Daniel Westling. Y como no pod\u00eda ser de otra forma, [&hellip;]<\/p>\n","protected":false},"author":2,"featured_media":0,"comment_status":"open","ping_status":"open","sticky":false,"template":"","format":"standard","meta":{"jetpack_post_was_ever_published":false,"_jetpack_newsletter_access":"","_jetpack_dont_email_post_to_subs":false,"_jetpack_newsletter_tier_id":0,"_jetpack_memberships_contains_paywalled_content":false,"_jetpack_memberships_contains_paid_content":false,"footnotes":""},"categories":[1],"tags":[],"class_list":["post-667","post","type-post","status-publish","format-standard","hentry","category-novias"],"yoast_head":"<!-- This site is optimized with the Yoast SEO plugin v27.5 - https:\/\/yoast.com\/product\/yoast-seo-wordpress\/ -->\n<title>Par Engsheden dise\u00f1ar\u00e1 el vestido de novia de Victoria de Suecia - Novias Baleares<\/title>\n<meta name=\"robots\" content=\"index, follow, max-snippet:-1, max-image-preview:large, max-video-preview:-1\" \/>\n<link rel=\"canonical\" href=\"http:\/\/noviasespana.com\/noviasbaleares\/par-engsheden-disenara-el-vestido-de-novia-de-victoria-de-suecia\/\" \/>\n<meta property=\"og:locale\" content=\"es_ES\" \/>\n<meta property=\"og:type\" content=\"article\" \/>\n<meta property=\"og:title\" content=\"Par Engsheden dise\u00f1ar\u00e1 el vestido de novia de Victoria de Suecia - Novias Baleares\" \/>\n<meta property=\"og:description\" content=\"Hola chicas!!! La Princesa Victoria de Suecia est\u00e1 ultimando los detalles de su boda, el pr\u00f3ximo 19 de junio. Como cualquier novia de su edad, la heredera de la corona sueca prepara con ilusi\u00f3n su gran d\u00eda, en el que contraer\u00e1 matrimonio con su prometido, Daniel Westling. Y como no pod\u00eda ser de otra forma, [&hellip;]\" \/>\n<meta property=\"og:url\" content=\"http:\/\/noviasespana.com\/noviasbaleares\/par-engsheden-disenara-el-vestido-de-novia-de-victoria-de-suecia\/\" \/>\n<meta property=\"og:site_name\" content=\"Novias Baleares\" \/>\n<meta property=\"article:published_time\" content=\"2010-01-07T09:36:02+00:00\" \/>\n<meta property=\"og:image\" content=\"http:\/\/www.diariodeunanovia.com\/blog\/wp-content\/uploads\/sites\/5\/2010\/01\/14839426-647x231.jpg\" \/>\n<meta name=\"author\" content=\"admin\" \/>\n<meta name=\"twitter:label1\" content=\"Escrito por\" \/>\n\t<meta name=\"twitter:data1\" content=\"admin\" \/>\n\t<meta name=\"twitter:label2\" content=\"Tiempo de lectura\" \/>\n\t<meta name=\"twitter:data2\" content=\"1 minuto\" \/>\n<script type=\"application\/ld+json\" class=\"yoast-schema-graph\">{\"@context\":\"https:\\\/\\\/schema.org\",\"@graph\":[{\"@type\":\"Article\",\"@id\":\"http:\\\/\\\/noviasespana.com\\\/noviasbaleares\\\/par-engsheden-disenara-el-vestido-de-novia-de-victoria-de-suecia\\\/#article\",\"isPartOf\":{\"@id\":\"http:\\\/\\\/noviasespana.com\\\/noviasbaleares\\\/par-engsheden-disenara-el-vestido-de-novia-de-victoria-de-suecia\\\/\"},\"author\":{\"name\":\"admin\",\"@id\":\"http:\\\/\\\/noviasespana.com\\\/noviasbaleares\\\/#\\\/schema\\\/person\\\/82ff6e303fad28e4da623aa4d27969ed\"},\"headline\":\"Par Engsheden dise\u00f1ar\u00e1 el vestido de novia de Victoria de Suecia\",\"datePublished\":\"2010-01-07T09:36:02+00:00\",\"mainEntityOfPage\":{\"@id\":\"http:\\\/\\\/noviasespana.com\\\/noviasbaleares\\\/par-engsheden-disenara-el-vestido-de-novia-de-victoria-de-suecia\\\/\"},\"wordCount\":199,\"commentCount\":0,\"image\":{\"@id\":\"http:\\\/\\\/noviasespana.com\\\/noviasbaleares\\\/par-engsheden-disenara-el-vestido-de-novia-de-victoria-de-suecia\\\/#primaryimage\"},\"thumbnailUrl\":\"http:\\\/\\\/www.diariodeunanovia.com\\\/blog\\\/wp-content\\\/uploads\\\/sites\\\/5\\\/2010\\\/01\\\/14839426-647x231.jpg\",\"articleSection\":[\"novias\"],\"inLanguage\":\"es\",\"potentialAction\":[{\"@type\":\"CommentAction\",\"name\":\"Comment\",\"target\":[\"http:\\\/\\\/noviasespana.com\\\/noviasbaleares\\\/par-engsheden-disenara-el-vestido-de-novia-de-victoria-de-suecia\\\/#respond\"]}]},{\"@type\":\"WebPage\",\"@id\":\"http:\\\/\\\/noviasespana.com\\\/noviasbaleares\\\/par-engsheden-disenara-el-vestido-de-novia-de-victoria-de-suecia\\\/\",\"url\":\"http:\\\/\\\/noviasespana.com\\\/noviasbaleares\\\/par-engsheden-disenara-el-vestido-de-novia-de-victoria-de-suecia\\\/\",\"name\":\"Par Engsheden dise\u00f1ar\u00e1 el vestido de novia de Victoria de Suecia - Novias Baleares\",\"isPartOf\":{\"@id\":\"http:\\\/\\\/noviasespana.com\\\/noviasbaleares\\\/#website\"},\"primaryImageOfPage\":{\"@id\":\"http:\\\/\\\/noviasespana.com\\\/noviasbaleares\\\/par-engsheden-disenara-el-vestido-de-novia-de-victoria-de-suecia\\\/#primaryimage\"},\"image\":{\"@id\":\"http:\\\/\\\/noviasespana.com\\\/noviasbaleares\\\/par-engsheden-disenara-el-vestido-de-novia-de-victoria-de-suecia\\\/#primaryimage\"},\"thumbnailUrl\":\"http:\\\/\\\/www.diariodeunanovia.com\\\/blog\\\/wp-content\\\/uploads\\\/sites\\\/5\\\/2010\\\/01\\\/14839426-647x231.jpg\",\"datePublished\":\"2010-01-07T09:36:02+00:00\",\"author\":{\"@id\":\"http:\\\/\\\/noviasespana.com\\\/noviasbaleares\\\/#\\\/schema\\\/person\\\/82ff6e303fad28e4da623aa4d27969ed\"},\"breadcrumb\":{\"@id\":\"http:\\\/\\\/noviasespana.com\\\/noviasbaleares\\\/par-engsheden-disenara-el-vestido-de-novia-de-victoria-de-suecia\\\/#breadcrumb\"},\"inLanguage\":\"es\",\"potentialAction\":[{\"@type\":\"ReadAction\",\"target\":[\"http:\\\/\\\/noviasespana.com\\\/noviasbaleares\\\/par-engsheden-disenara-el-vestido-de-novia-de-victoria-de-suecia\\\/\"]}]},{\"@type\":\"ImageObject\",\"inLanguage\":\"es\",\"@id\":\"http:\\\/\\\/noviasespana.com\\\/noviasbaleares\\\/par-engsheden-disenara-el-vestido-de-novia-de-victoria-de-suecia\\\/#primaryimage\",\"url\":\"http:\\\/\\\/www.diariodeunanovia.com\\\/blog\\\/wp-content\\\/uploads\\\/sites\\\/5\\\/2010\\\/01\\\/14839426-647x231.jpg\",\"contentUrl\":\"http:\\\/\\\/www.diariodeunanovia.com\\\/blog\\\/wp-content\\\/uploads\\\/sites\\\/5\\\/2010\\\/01\\\/14839426-647x231.jpg\"},{\"@type\":\"BreadcrumbList\",\"@id\":\"http:\\\/\\\/noviasespana.com\\\/noviasbaleares\\\/par-engsheden-disenara-el-vestido-de-novia-de-victoria-de-suecia\\\/#breadcrumb\",\"itemListElement\":[{\"@type\":\"ListItem\",\"position\":1,\"name\":\"Portada\",\"item\":\"http:\\\/\\\/noviasespana.com\\\/noviasbaleares\\\/\"},{\"@type\":\"ListItem\",\"position\":2,\"name\":\"Par Engsheden dise\u00f1ar\u00e1 el vestido de novia de Victoria de Suecia\"}]},{\"@type\":\"WebSite\",\"@id\":\"http:\\\/\\\/noviasespana.com\\\/noviasbaleares\\\/#website\",\"url\":\"http:\\\/\\\/noviasespana.com\\\/noviasbaleares\\\/\",\"name\":\"Novias Baleares\",\"description\":\"Revista de novias\",\"potentialAction\":[{\"@type\":\"SearchAction\",\"target\":{\"@type\":\"EntryPoint\",\"urlTemplate\":\"http:\\\/\\\/noviasespana.com\\\/noviasbaleares\\\/?s={search_term_string}\"},\"query-input\":{\"@type\":\"PropertyValueSpecification\",\"valueRequired\":true,\"valueName\":\"search_term_string\"}}],\"inLanguage\":\"es\"},{\"@type\":\"Person\",\"@id\":\"http:\\\/\\\/noviasespana.com\\\/noviasbaleares\\\/#\\\/schema\\\/person\\\/82ff6e303fad28e4da623aa4d27969ed\",\"name\":\"admin\",\"image\":{\"@type\":\"ImageObject\",\"inLanguage\":\"es\",\"@id\":\"https:\\\/\\\/secure.gravatar.com\\\/avatar\\\/0f45231fddfb43fcbd0cdde4582a3580baf474d75fca7d494b42ff86847de871?s=96&d=mm&r=g\",\"url\":\"https:\\\/\\\/secure.gravatar.com\\\/avatar\\\/0f45231fddfb43fcbd0cdde4582a3580baf474d75fca7d494b42ff86847de871?s=96&d=mm&r=g\",\"contentUrl\":\"https:\\\/\\\/secure.gravatar.com\\\/avatar\\\/0f45231fddfb43fcbd0cdde4582a3580baf474d75fca7d494b42ff86847de871?s=96&d=mm&r=g\",\"caption\":\"admin\"},\"url\":\"http:\\\/\\\/noviasespana.com\\\/noviasbaleares\\\/author\\\/admin\\\/\"}]}<\/script>\n<!-- \/ Yoast SEO plugin. -->","yoast_head_json":{"title":"Par Engsheden dise\u00f1ar\u00e1 el vestido de novia de Victoria de Suecia - Novias Baleares","robots":{"index":"index","follow":"follow","max-snippet":"max-snippet:-1","max-image-preview":"max-image-preview:large","max-video-preview":"max-video-preview:-1"},"canonical":"http:\/\/noviasespana.com\/noviasbaleares\/par-engsheden-disenara-el-vestido-de-novia-de-victoria-de-suecia\/","og_locale":"es_ES","og_type":"article","og_title":"Par Engsheden dise\u00f1ar\u00e1 el vestido de novia de Victoria de Suecia - Novias Baleares","og_description":"Hola chicas!!! La Princesa Victoria de Suecia est\u00e1 ultimando los detalles de su boda, el pr\u00f3ximo 19 de junio. Como cualquier novia de su edad, la heredera de la corona sueca prepara con ilusi\u00f3n su gran d\u00eda, en el que contraer\u00e1 matrimonio con su prometido, Daniel Westling. Y como no pod\u00eda ser de otra forma, [&hellip;]","og_url":"http:\/\/noviasespana.com\/noviasbaleares\/par-engsheden-disenara-el-vestido-de-novia-de-victoria-de-suecia\/","og_site_name":"Novias Baleares","article_published_time":"2010-01-07T09:36:02+00:00","og_image":[{"url":"http:\/\/www.diariodeunanovia.com\/blog\/wp-content\/uploads\/sites\/5\/2010\/01\/14839426-647x231.jpg","type":"","width":"","height":""}],"author":"admin","twitter_misc":{"Escrito por":"admin","Tiempo de lectura":"1 minuto"},"schema":{"@context":"https:\/\/schema.org","@graph":[{"@type":"Article","@id":"http:\/\/noviasespana.com\/noviasbaleares\/par-engsheden-disenara-el-vestido-de-novia-de-victoria-de-suecia\/#article","isPartOf":{"@id":"http:\/\/noviasespana.com\/noviasbaleares\/par-engsheden-disenara-el-vestido-de-novia-de-victoria-de-suecia\/"},"author":{"name":"admin","@id":"http:\/\/noviasespana.com\/noviasbaleares\/#\/schema\/person\/82ff6e303fad28e4da623aa4d27969ed"},"headline":"Par Engsheden dise\u00f1ar\u00e1 el vestido de novia de Victoria de Suecia","datePublished":"2010-01-07T09:36:02+00:00","mainEntityOfPage":{"@id":"http:\/\/noviasespana.com\/noviasbaleares\/par-engsheden-disenara-el-vestido-de-novia-de-victoria-de-suecia\/"},"wordCount":199,"commentCount":0,"image":{"@id":"http:\/\/noviasespana.com\/noviasbaleares\/par-engsheden-disenara-el-vestido-de-novia-de-victoria-de-suecia\/#primaryimage"},"thumbnailUrl":"http:\/\/www.diariodeunanovia.com\/blog\/wp-content\/uploads\/sites\/5\/2010\/01\/14839426-647x231.jpg","articleSection":["novias"],"inLanguage":"es","potentialAction":[{"@type":"CommentAction","name":"Comment","target":["http:\/\/noviasespana.com\/noviasbaleares\/par-engsheden-disenara-el-vestido-de-novia-de-victoria-de-suecia\/#respond"]}]},{"@type":"WebPage","@id":"http:\/\/noviasespana.com\/noviasbaleares\/par-engsheden-disenara-el-vestido-de-novia-de-victoria-de-suecia\/","url":"http:\/\/noviasespana.com\/noviasbaleares\/par-engsheden-disenara-el-vestido-de-novia-de-victoria-de-suecia\/","name":"Par Engsheden dise\u00f1ar\u00e1 el vestido de novia de Victoria de Suecia - Novias Baleares","isPartOf":{"@id":"http:\/\/noviasespana.com\/noviasbaleares\/#website"},"primaryImageOfPage":{"@id":"http:\/\/noviasespana.com\/noviasbaleares\/par-engsheden-disenara-el-vestido-de-novia-de-victoria-de-suecia\/#primaryimage"},"image":{"@id":"http:\/\/noviasespana.com\/noviasbaleares\/par-engsheden-disenara-el-vestido-de-novia-de-victoria-de-suecia\/#primaryimage"},"thumbnailUrl":"http:\/\/www.diariodeunanovia.com\/blog\/wp-content\/uploads\/sites\/5\/2010\/01\/14839426-647x231.jpg","datePublished":"2010-01-07T09:36:02+00:00","author":{"@id":"http:\/\/noviasespana.com\/noviasbaleares\/#\/schema\/person\/82ff6e303fad28e4da623aa4d27969ed"},"breadcrumb":{"@id":"http:\/\/noviasespana.com\/noviasbaleares\/par-engsheden-disenara-el-vestido-de-novia-de-victoria-de-suecia\/#breadcrumb"},"inLanguage":"es","potentialAction":[{"@type":"ReadAction","target":["http:\/\/noviasespana.com\/noviasbaleares\/par-engsheden-disenara-el-vestido-de-novia-de-victoria-de-suecia\/"]}]},{"@type":"ImageObject","inLanguage":"es","@id":"http:\/\/noviasespana.com\/noviasbaleares\/par-engsheden-disenara-el-vestido-de-novia-de-victoria-de-suecia\/#primaryimage","url":"http:\/\/www.diariodeunanovia.com\/blog\/wp-content\/uploads\/sites\/5\/2010\/01\/14839426-647x231.jpg","contentUrl":"http:\/\/www.diariodeunanovia.com\/blog\/wp-content\/uploads\/sites\/5\/2010\/01\/14839426-647x231.jpg"},{"@type":"BreadcrumbList","@id":"http:\/\/noviasespana.com\/noviasbaleares\/par-engsheden-disenara-el-vestido-de-novia-de-victoria-de-suecia\/#breadcrumb","itemListElement":[{"@type":"ListItem","position":1,"name":"Portada","item":"http:\/\/noviasespana.com\/noviasbaleares\/"},{"@type":"ListItem","position":2,"name":"Par Engsheden dise\u00f1ar\u00e1 el vestido de novia de Victoria de Suecia"}]},{"@type":"WebSite","@id":"http:\/\/noviasespana.com\/noviasbaleares\/#website","url":"http:\/\/noviasespana.com\/noviasbaleares\/","name":"Novias Baleares","description":"Revista de novias","potentialAction":[{"@type":"SearchAction","target":{"@type":"EntryPoint","urlTemplate":"http:\/\/noviasespana.com\/noviasbaleares\/?s={search_term_string}"},"query-input":{"@type":"PropertyValueSpecification","valueRequired":true,"valueName":"search_term_string"}}],"inLanguage":"es"},{"@type":"Person","@id":"http:\/\/noviasespana.com\/noviasbaleares\/#\/schema\/person\/82ff6e303fad28e4da623aa4d27969ed","name":"admin","image":{"@type":"ImageObject","inLanguage":"es","@id":"https:\/\/secure.gravatar.com\/avatar\/0f45231fddfb43fcbd0cdde4582a3580baf474d75fca7d494b42ff86847de871?s=96&d=mm&r=g","url":"https:\/\/secure.gravatar.com\/avatar\/0f45231fddfb43fcbd0cdde4582a3580baf474d75fca7d494b42ff86847de871?s=96&d=mm&r=g","contentUrl":"https:\/\/secure.gravatar.com\/avatar\/0f45231fddfb43fcbd0cdde4582a3580baf474d75fca7d494b42ff86847de871?s=96&d=mm&r=g","caption":"admin"},"url":"http:\/\/noviasespana.com\/noviasbaleares\/author\/admin\/"}]}},"jetpack_featured_media_url":"","jetpack_sharing_enabled":true,"jetpack_shortlink":"https:\/\/wp.me\/p5Hg6P-aL","jetpack_likes_enabled":true,"_links":{"self":[{"href":"http:\/\/noviasespana.com\/noviasbaleares\/wp-json\/wp\/v2\/posts\/667","targetHints":{"allow":["GET"]}}],"collection":[{"href":"http:\/\/noviasespana.com\/noviasbaleares\/wp-json\/wp\/v2\/posts"}],"about":[{"href":"http:\/\/noviasespana.com\/noviasbaleares\/wp-json\/wp\/v2\/types\/post"}],"author":[{"embeddable":true,"href":"http:\/\/noviasespana.com\/noviasbaleares\/wp-json\/wp\/v2\/users\/2"}],"replies":[{"embeddable":true,"href":"http:\/\/noviasespana.com\/noviasbaleares\/wp-json\/wp\/v2\/comments?post=667"}],"version-history":[{"count":0,"href":"http:\/\/noviasespana.com\/noviasbaleares\/wp-json\/wp\/v2\/posts\/667\/revisions"}],"wp:attachment":[{"href":"http:\/\/noviasespana.com\/noviasbaleares\/wp-json\/wp\/v2\/media?parent=667"}],"wp:term":[{"taxonomy":"category","embeddable":true,"href":"http:\/\/noviasespana.com\/noviasbaleares\/wp-json\/wp\/v2\/categories?post=667"},{"taxonomy":"post_tag","embeddable":true,"href":"http:\/\/noviasespana.com\/noviasbaleares\/wp-json\/wp\/v2\/tags?post=667"}],"curies":[{"name":"wp","href":"https:\/\/api.w.org\/{rel}","templated":true}]}}