{"id":5,"date":"2009-09-01T11:09:49","date_gmt":"2009-09-01T09:09:49","guid":{"rendered":"http:\/\/www.diariodeunanovia.com\/blog\/?p=5"},"modified":"2009-09-01T11:09:49","modified_gmt":"2009-09-01T09:09:49","slug":"deprimido-por-ir-de-comprasdeprimido-por-ir-de-compras","status":"publish","type":"post","link":"http:\/\/noviasespana.com\/noviasbaleares\/deprimido-por-ir-de-comprasdeprimido-por-ir-de-compras\/","title":{"rendered":"Deprimido por ir de compras"},"content":{"rendered":"<p align=\"justify\">Hola chicas!!! A Wu Cheng, de 28 a\u00f1os de edad, le ha sido diagnosticada una depresi\u00f3n cl\u00ednica originada tras haberse visto obligado a acompa\u00f1ar a su novia de compras. El joven, de nacionalidad china, se encuentra bajo atenci\u00f3n psiqui\u00e1trica y dice que \u00abno puede ver una sola tienda\u00bb. \u00abCada vez que ella trataba de arrastrarme a un centro comercial, mi coraz\u00f3n empezaba a palpitar con fuerza, no podia respirar bien e incluso, comenzaba a sentirme algo mareado\u00bb, cuenta Chang. Seg\u00fan recoge en la web el peri\u00f3dico \u00abMirror News\u00bb, el joven asegura que, \u00abde dos a\u00f1os de relacion, habr\u00e1n gastado unos 12 meses en tiendas\u00bb y que \u00abesta obsesionada\u00bb. La novia, por su parte, no parece tomarse muy en serio todo lo que le esta ocurriendo al joven y aunque promete que tratar\u00e1 de dejar su obsesi\u00f3n por las compras, no parece muy convencida de poder conseguirlo. \u00abLe he prometido que cuando se encuentre mejor solo ir\u00e9 de compras una vez por semana, excepto cuando sean rebajas\u00bb, ha asegurado.<\/p>\n<p align=\"center\"><a title=\"adicta0.jpg\" href=\"https:\/\/i0.wp.com\/www.diariodeunanovia.com\/wordpress\/wp-content\/uploads\/sites\/5\/2009\/09\/adicta0.jpg\"><img data-recalc-dims=\"1\" decoding=\"async\" src=\"https:\/\/i0.wp.com\/www.diariodeunanovia.com\/wordpress\/wp-content\/uploads\/sites\/5\/2009\/09\/adicta0.jpg?w=900\" alt=\"adicta0.jpg\" \/><\/a><\/p>\n","protected":false},"excerpt":{"rendered":"<p>Hola chicas!!! A Wu Cheng, de 28 a\u00f1os de edad, le ha sido diagnosticada una depresi\u00f3n cl\u00ednica originada tras haberse visto obligado a acompa\u00f1ar a su novia de compras. El joven, de nacionalidad china, se encuentra bajo atenci\u00f3n psiqui\u00e1trica y dice que \u00abno puede ver una sola tienda\u00bb. \u00abCada vez que ella trataba de arrastrarme [&hellip;]<\/p>\n","protected":false},"author":2,"featured_media":0,"comment_status":"open","ping_status":"open","sticky":false,"template":"","format":"standard","meta":{"jetpack_post_was_ever_published":false,"_jetpack_newsletter_access":"","_jetpack_dont_email_post_to_subs":false,"_jetpack_newsletter_tier_id":0,"_jetpack_memberships_contains_paywalled_content":false,"_jetpack_memberships_contains_paid_content":false,"footnotes":""},"categories":[1],"tags":[],"class_list":["post-5","post","type-post","status-publish","format-standard","hentry","category-novias"],"yoast_head":"<!-- This site is optimized with the Yoast SEO plugin v27.5 - https:\/\/yoast.com\/product\/yoast-seo-wordpress\/ -->\n<title>Deprimido por ir de compras - Novias Baleares<\/title>\n<meta name=\"robots\" content=\"index, follow, max-snippet:-1, max-image-preview:large, max-video-preview:-1\" \/>\n<link rel=\"canonical\" href=\"http:\/\/noviasespana.com\/noviasbaleares\/deprimido-por-ir-de-comprasdeprimido-por-ir-de-compras\/\" \/>\n<meta property=\"og:locale\" content=\"es_ES\" \/>\n<meta property=\"og:type\" content=\"article\" \/>\n<meta property=\"og:title\" content=\"Deprimido por ir de compras - Novias Baleares\" \/>\n<meta property=\"og:description\" content=\"Hola chicas!!! A Wu Cheng, de 28 a\u00f1os de edad, le ha sido diagnosticada una depresi\u00f3n cl\u00ednica originada tras haberse visto obligado a acompa\u00f1ar a su novia de compras. El joven, de nacionalidad china, se encuentra bajo atenci\u00f3n psiqui\u00e1trica y dice que \u00abno puede ver una sola tienda\u00bb. \u00abCada vez que ella trataba de arrastrarme [&hellip;]\" \/>\n<meta property=\"og:url\" content=\"http:\/\/noviasespana.com\/noviasbaleares\/deprimido-por-ir-de-comprasdeprimido-por-ir-de-compras\/\" \/>\n<meta property=\"og:site_name\" content=\"Novias Baleares\" \/>\n<meta property=\"article:published_time\" content=\"2009-09-01T09:09:49+00:00\" \/>\n<meta property=\"og:image\" content=\"http:\/\/www.diariodeunanovia.com\/wordpress\/wp-content\/uploads\/sites\/5\/2009\/09\/adicta0.jpg\" \/>\n<meta name=\"author\" content=\"admin\" \/>\n<meta name=\"twitter:label1\" content=\"Escrito por\" \/>\n\t<meta name=\"twitter:data1\" content=\"admin\" \/>\n\t<meta name=\"twitter:label2\" content=\"Tiempo de lectura\" \/>\n\t<meta name=\"twitter:data2\" content=\"1 minuto\" \/>\n<script type=\"application\/ld+json\" class=\"yoast-schema-graph\">{\"@context\":\"https:\\\/\\\/schema.org\",\"@graph\":[{\"@type\":\"Article\",\"@id\":\"http:\\\/\\\/noviasespana.com\\\/noviasbaleares\\\/deprimido-por-ir-de-comprasdeprimido-por-ir-de-compras\\\/#article\",\"isPartOf\":{\"@id\":\"http:\\\/\\\/noviasespana.com\\\/noviasbaleares\\\/deprimido-por-ir-de-comprasdeprimido-por-ir-de-compras\\\/\"},\"author\":{\"name\":\"admin\",\"@id\":\"http:\\\/\\\/noviasespana.com\\\/noviasbaleares\\\/#\\\/schema\\\/person\\\/82ff6e303fad28e4da623aa4d27969ed\"},\"headline\":\"Deprimido por ir de compras\",\"datePublished\":\"2009-09-01T09:09:49+00:00\",\"mainEntityOfPage\":{\"@id\":\"http:\\\/\\\/noviasespana.com\\\/noviasbaleares\\\/deprimido-por-ir-de-comprasdeprimido-por-ir-de-compras\\\/\"},\"wordCount\":183,\"commentCount\":0,\"image\":{\"@id\":\"http:\\\/\\\/noviasespana.com\\\/noviasbaleares\\\/deprimido-por-ir-de-comprasdeprimido-por-ir-de-compras\\\/#primaryimage\"},\"thumbnailUrl\":\"http:\\\/\\\/www.diariodeunanovia.com\\\/wordpress\\\/wp-content\\\/uploads\\\/sites\\\/5\\\/2009\\\/09\\\/adicta0.jpg\",\"articleSection\":[\"novias\"],\"inLanguage\":\"es\",\"potentialAction\":[{\"@type\":\"CommentAction\",\"name\":\"Comment\",\"target\":[\"http:\\\/\\\/noviasespana.com\\\/noviasbaleares\\\/deprimido-por-ir-de-comprasdeprimido-por-ir-de-compras\\\/#respond\"]}]},{\"@type\":\"WebPage\",\"@id\":\"http:\\\/\\\/noviasespana.com\\\/noviasbaleares\\\/deprimido-por-ir-de-comprasdeprimido-por-ir-de-compras\\\/\",\"url\":\"http:\\\/\\\/noviasespana.com\\\/noviasbaleares\\\/deprimido-por-ir-de-comprasdeprimido-por-ir-de-compras\\\/\",\"name\":\"Deprimido por ir de compras - Novias Baleares\",\"isPartOf\":{\"@id\":\"http:\\\/\\\/noviasespana.com\\\/noviasbaleares\\\/#website\"},\"primaryImageOfPage\":{\"@id\":\"http:\\\/\\\/noviasespana.com\\\/noviasbaleares\\\/deprimido-por-ir-de-comprasdeprimido-por-ir-de-compras\\\/#primaryimage\"},\"image\":{\"@id\":\"http:\\\/\\\/noviasespana.com\\\/noviasbaleares\\\/deprimido-por-ir-de-comprasdeprimido-por-ir-de-compras\\\/#primaryimage\"},\"thumbnailUrl\":\"http:\\\/\\\/www.diariodeunanovia.com\\\/wordpress\\\/wp-content\\\/uploads\\\/sites\\\/5\\\/2009\\\/09\\\/adicta0.jpg\",\"datePublished\":\"2009-09-01T09:09:49+00:00\",\"author\":{\"@id\":\"http:\\\/\\\/noviasespana.com\\\/noviasbaleares\\\/#\\\/schema\\\/person\\\/82ff6e303fad28e4da623aa4d27969ed\"},\"breadcrumb\":{\"@id\":\"http:\\\/\\\/noviasespana.com\\\/noviasbaleares\\\/deprimido-por-ir-de-comprasdeprimido-por-ir-de-compras\\\/#breadcrumb\"},\"inLanguage\":\"es\",\"potentialAction\":[{\"@type\":\"ReadAction\",\"target\":[\"http:\\\/\\\/noviasespana.com\\\/noviasbaleares\\\/deprimido-por-ir-de-comprasdeprimido-por-ir-de-compras\\\/\"]}]},{\"@type\":\"ImageObject\",\"inLanguage\":\"es\",\"@id\":\"http:\\\/\\\/noviasespana.com\\\/noviasbaleares\\\/deprimido-por-ir-de-comprasdeprimido-por-ir-de-compras\\\/#primaryimage\",\"url\":\"http:\\\/\\\/www.diariodeunanovia.com\\\/wordpress\\\/wp-content\\\/uploads\\\/sites\\\/5\\\/2009\\\/09\\\/adicta0.jpg\",\"contentUrl\":\"http:\\\/\\\/www.diariodeunanovia.com\\\/wordpress\\\/wp-content\\\/uploads\\\/sites\\\/5\\\/2009\\\/09\\\/adicta0.jpg\"},{\"@type\":\"BreadcrumbList\",\"@id\":\"http:\\\/\\\/noviasespana.com\\\/noviasbaleares\\\/deprimido-por-ir-de-comprasdeprimido-por-ir-de-compras\\\/#breadcrumb\",\"itemListElement\":[{\"@type\":\"ListItem\",\"position\":1,\"name\":\"Portada\",\"item\":\"http:\\\/\\\/noviasespana.com\\\/noviasbaleares\\\/\"},{\"@type\":\"ListItem\",\"position\":2,\"name\":\"Deprimido por ir de compras\"}]},{\"@type\":\"WebSite\",\"@id\":\"http:\\\/\\\/noviasespana.com\\\/noviasbaleares\\\/#website\",\"url\":\"http:\\\/\\\/noviasespana.com\\\/noviasbaleares\\\/\",\"name\":\"Novias Baleares\",\"description\":\"Revista de novias\",\"potentialAction\":[{\"@type\":\"SearchAction\",\"target\":{\"@type\":\"EntryPoint\",\"urlTemplate\":\"http:\\\/\\\/noviasespana.com\\\/noviasbaleares\\\/?s={search_term_string}\"},\"query-input\":{\"@type\":\"PropertyValueSpecification\",\"valueRequired\":true,\"valueName\":\"search_term_string\"}}],\"inLanguage\":\"es\"},{\"@type\":\"Person\",\"@id\":\"http:\\\/\\\/noviasespana.com\\\/noviasbaleares\\\/#\\\/schema\\\/person\\\/82ff6e303fad28e4da623aa4d27969ed\",\"name\":\"admin\",\"image\":{\"@type\":\"ImageObject\",\"inLanguage\":\"es\",\"@id\":\"https:\\\/\\\/secure.gravatar.com\\\/avatar\\\/0f45231fddfb43fcbd0cdde4582a3580baf474d75fca7d494b42ff86847de871?s=96&d=mm&r=g\",\"url\":\"https:\\\/\\\/secure.gravatar.com\\\/avatar\\\/0f45231fddfb43fcbd0cdde4582a3580baf474d75fca7d494b42ff86847de871?s=96&d=mm&r=g\",\"contentUrl\":\"https:\\\/\\\/secure.gravatar.com\\\/avatar\\\/0f45231fddfb43fcbd0cdde4582a3580baf474d75fca7d494b42ff86847de871?s=96&d=mm&r=g\",\"caption\":\"admin\"},\"url\":\"http:\\\/\\\/noviasespana.com\\\/noviasbaleares\\\/author\\\/admin\\\/\"}]}<\/script>\n<!-- \/ Yoast SEO plugin. -->","yoast_head_json":{"title":"Deprimido por ir de compras - Novias Baleares","robots":{"index":"index","follow":"follow","max-snippet":"max-snippet:-1","max-image-preview":"max-image-preview:large","max-video-preview":"max-video-preview:-1"},"canonical":"http:\/\/noviasespana.com\/noviasbaleares\/deprimido-por-ir-de-comprasdeprimido-por-ir-de-compras\/","og_locale":"es_ES","og_type":"article","og_title":"Deprimido por ir de compras - Novias Baleares","og_description":"Hola chicas!!! A Wu Cheng, de 28 a\u00f1os de edad, le ha sido diagnosticada una depresi\u00f3n cl\u00ednica originada tras haberse visto obligado a acompa\u00f1ar a su novia de compras. El joven, de nacionalidad china, se encuentra bajo atenci\u00f3n psiqui\u00e1trica y dice que \u00abno puede ver una sola tienda\u00bb. \u00abCada vez que ella trataba de arrastrarme [&hellip;]","og_url":"http:\/\/noviasespana.com\/noviasbaleares\/deprimido-por-ir-de-comprasdeprimido-por-ir-de-compras\/","og_site_name":"Novias Baleares","article_published_time":"2009-09-01T09:09:49+00:00","og_image":[{"url":"http:\/\/www.diariodeunanovia.com\/wordpress\/wp-content\/uploads\/sites\/5\/2009\/09\/adicta0.jpg","type":"","width":"","height":""}],"author":"admin","twitter_misc":{"Escrito por":"admin","Tiempo de lectura":"1 minuto"},"schema":{"@context":"https:\/\/schema.org","@graph":[{"@type":"Article","@id":"http:\/\/noviasespana.com\/noviasbaleares\/deprimido-por-ir-de-comprasdeprimido-por-ir-de-compras\/#article","isPartOf":{"@id":"http:\/\/noviasespana.com\/noviasbaleares\/deprimido-por-ir-de-comprasdeprimido-por-ir-de-compras\/"},"author":{"name":"admin","@id":"http:\/\/noviasespana.com\/noviasbaleares\/#\/schema\/person\/82ff6e303fad28e4da623aa4d27969ed"},"headline":"Deprimido por ir de compras","datePublished":"2009-09-01T09:09:49+00:00","mainEntityOfPage":{"@id":"http:\/\/noviasespana.com\/noviasbaleares\/deprimido-por-ir-de-comprasdeprimido-por-ir-de-compras\/"},"wordCount":183,"commentCount":0,"image":{"@id":"http:\/\/noviasespana.com\/noviasbaleares\/deprimido-por-ir-de-comprasdeprimido-por-ir-de-compras\/#primaryimage"},"thumbnailUrl":"http:\/\/www.diariodeunanovia.com\/wordpress\/wp-content\/uploads\/sites\/5\/2009\/09\/adicta0.jpg","articleSection":["novias"],"inLanguage":"es","potentialAction":[{"@type":"CommentAction","name":"Comment","target":["http:\/\/noviasespana.com\/noviasbaleares\/deprimido-por-ir-de-comprasdeprimido-por-ir-de-compras\/#respond"]}]},{"@type":"WebPage","@id":"http:\/\/noviasespana.com\/noviasbaleares\/deprimido-por-ir-de-comprasdeprimido-por-ir-de-compras\/","url":"http:\/\/noviasespana.com\/noviasbaleares\/deprimido-por-ir-de-comprasdeprimido-por-ir-de-compras\/","name":"Deprimido por ir de compras - Novias Baleares","isPartOf":{"@id":"http:\/\/noviasespana.com\/noviasbaleares\/#website"},"primaryImageOfPage":{"@id":"http:\/\/noviasespana.com\/noviasbaleares\/deprimido-por-ir-de-comprasdeprimido-por-ir-de-compras\/#primaryimage"},"image":{"@id":"http:\/\/noviasespana.com\/noviasbaleares\/deprimido-por-ir-de-comprasdeprimido-por-ir-de-compras\/#primaryimage"},"thumbnailUrl":"http:\/\/www.diariodeunanovia.com\/wordpress\/wp-content\/uploads\/sites\/5\/2009\/09\/adicta0.jpg","datePublished":"2009-09-01T09:09:49+00:00","author":{"@id":"http:\/\/noviasespana.com\/noviasbaleares\/#\/schema\/person\/82ff6e303fad28e4da623aa4d27969ed"},"breadcrumb":{"@id":"http:\/\/noviasespana.com\/noviasbaleares\/deprimido-por-ir-de-comprasdeprimido-por-ir-de-compras\/#breadcrumb"},"inLanguage":"es","potentialAction":[{"@type":"ReadAction","target":["http:\/\/noviasespana.com\/noviasbaleares\/deprimido-por-ir-de-comprasdeprimido-por-ir-de-compras\/"]}]},{"@type":"ImageObject","inLanguage":"es","@id":"http:\/\/noviasespana.com\/noviasbaleares\/deprimido-por-ir-de-comprasdeprimido-por-ir-de-compras\/#primaryimage","url":"http:\/\/www.diariodeunanovia.com\/wordpress\/wp-content\/uploads\/sites\/5\/2009\/09\/adicta0.jpg","contentUrl":"http:\/\/www.diariodeunanovia.com\/wordpress\/wp-content\/uploads\/sites\/5\/2009\/09\/adicta0.jpg"},{"@type":"BreadcrumbList","@id":"http:\/\/noviasespana.com\/noviasbaleares\/deprimido-por-ir-de-comprasdeprimido-por-ir-de-compras\/#breadcrumb","itemListElement":[{"@type":"ListItem","position":1,"name":"Portada","item":"http:\/\/noviasespana.com\/noviasbaleares\/"},{"@type":"ListItem","position":2,"name":"Deprimido por ir de compras"}]},{"@type":"WebSite","@id":"http:\/\/noviasespana.com\/noviasbaleares\/#website","url":"http:\/\/noviasespana.com\/noviasbaleares\/","name":"Novias Baleares","description":"Revista de novias","potentialAction":[{"@type":"SearchAction","target":{"@type":"EntryPoint","urlTemplate":"http:\/\/noviasespana.com\/noviasbaleares\/?s={search_term_string}"},"query-input":{"@type":"PropertyValueSpecification","valueRequired":true,"valueName":"search_term_string"}}],"inLanguage":"es"},{"@type":"Person","@id":"http:\/\/noviasespana.com\/noviasbaleares\/#\/schema\/person\/82ff6e303fad28e4da623aa4d27969ed","name":"admin","image":{"@type":"ImageObject","inLanguage":"es","@id":"https:\/\/secure.gravatar.com\/avatar\/0f45231fddfb43fcbd0cdde4582a3580baf474d75fca7d494b42ff86847de871?s=96&d=mm&r=g","url":"https:\/\/secure.gravatar.com\/avatar\/0f45231fddfb43fcbd0cdde4582a3580baf474d75fca7d494b42ff86847de871?s=96&d=mm&r=g","contentUrl":"https:\/\/secure.gravatar.com\/avatar\/0f45231fddfb43fcbd0cdde4582a3580baf474d75fca7d494b42ff86847de871?s=96&d=mm&r=g","caption":"admin"},"url":"http:\/\/noviasespana.com\/noviasbaleares\/author\/admin\/"}]}},"jetpack_featured_media_url":"","jetpack_sharing_enabled":true,"jetpack_shortlink":"https:\/\/wp.me\/p5Hg6P-5","jetpack_likes_enabled":true,"_links":{"self":[{"href":"http:\/\/noviasespana.com\/noviasbaleares\/wp-json\/wp\/v2\/posts\/5","targetHints":{"allow":["GET"]}}],"collection":[{"href":"http:\/\/noviasespana.com\/noviasbaleares\/wp-json\/wp\/v2\/posts"}],"about":[{"href":"http:\/\/noviasespana.com\/noviasbaleares\/wp-json\/wp\/v2\/types\/post"}],"author":[{"embeddable":true,"href":"http:\/\/noviasespana.com\/noviasbaleares\/wp-json\/wp\/v2\/users\/2"}],"replies":[{"embeddable":true,"href":"http:\/\/noviasespana.com\/noviasbaleares\/wp-json\/wp\/v2\/comments?post=5"}],"version-history":[{"count":0,"href":"http:\/\/noviasespana.com\/noviasbaleares\/wp-json\/wp\/v2\/posts\/5\/revisions"}],"wp:attachment":[{"href":"http:\/\/noviasespana.com\/noviasbaleares\/wp-json\/wp\/v2\/media?parent=5"}],"wp:term":[{"taxonomy":"category","embeddable":true,"href":"http:\/\/noviasespana.com\/noviasbaleares\/wp-json\/wp\/v2\/categories?post=5"},{"taxonomy":"post_tag","embeddable":true,"href":"http:\/\/noviasespana.com\/noviasbaleares\/wp-json\/wp\/v2\/tags?post=5"}],"curies":[{"name":"wp","href":"https:\/\/api.w.org\/{rel}","templated":true}]}}