{"id":497,"date":"2009-12-03T11:14:17","date_gmt":"2009-12-03T09:14:17","guid":{"rendered":"http:\/\/www.diariodeunanovia.com\/blog\/?p=497"},"modified":"2009-12-03T11:14:17","modified_gmt":"2009-12-03T09:14:17","slug":"sevilla-de-boda-acoge-mas-de-un-centenar-de-expositores-del-10-al-13-de-diciembre","status":"publish","type":"post","link":"http:\/\/noviasespana.com\/noviasbaleares\/sevilla-de-boda-acoge-mas-de-un-centenar-de-expositores-del-10-al-13-de-diciembre\/","title":{"rendered":"&#8216;Sevilla de Boda&#8217; acoge m\u00e1s de un centenar de expositores del 10 al 13 de diciembre"},"content":{"rendered":"<p style=\"text-align: justify\">Hola chicas!!!\u00a0El Palacio de Exposiciones y Congresos de Sevilla (Fibes) acoger\u00e1 del 10 al 13 de diciembre la XIII edici\u00f3n de la muestra &#8216;Sevilla de Boda&#8217;, que con un centenar de expositores ser\u00e1 el centro de atenci\u00f3n de todas aquellas parejas y familiares que desean organizar su enlace matrimonial con todos y con cada uno de los detalles que hacen falta para este d\u00eda.\u00a0Seg\u00fan inform\u00f3 Fibes en una nota, &#8216;Sevilla de Boda&#8217; ser\u00e1 inaugurada el jueves d\u00eda 10 de diciembre por la concejal de Fiestas Mayores y Turismo del Ayuntamiento de Sevilla, Rosamar Prieto-Castro (PSOE), acompa\u00f1ada por las integrantes del grupo musical sevillano &#8216;Las Seventies&#8217;.\u00a0El desfile inaugural correr\u00e1 a cargo de la firma Novias Victorioso, con dise\u00f1os de novia en los que predominar\u00e1n los detalles originales como los flecos con blondas, blondas sobre blondas y organzas combinadas con plumas; esta firma desfilar\u00e1 todos los d\u00edas en la pasarela &#8216;Sevilla de Boda&#8217;.<\/p>\n<p style=\"text-align: center\"><img data-recalc-dims=\"1\" loading=\"lazy\" decoding=\"async\" class=\"aligncenter\" title=\"fotonoticia\" src=\"https:\/\/i0.wp.com\/www.diariodeunanovia.com\/blog\/wp-content\/uploads\/sites\/5\/2009\/12\/fotonoticia.jpg?resize=250%2C166\" alt=\"fotonoticia\" width=\"250\" height=\"166\" \/><\/p>\n<p style=\"text-align: justify\">Como novedades de este a\u00f1o en la feria cabe destacar la presencia de la marca Creafunde, dedicada a la artesan\u00eda en bronce, as\u00ed como a regalos de empresas personalizados, haciendo una promoci\u00f3n especial para sus clientes de dos noches de hotel al hacer el pedido en &#8216;Sevilla de Boda&#8217;.\u00a0Otra de las novedades de este a\u00f1o ser\u00e1 la opci\u00f3n que ofrece la firma Denovias de alquilar un vestido de novia. Tambi\u00e9n presentar\u00e1 su nueva colecci\u00f3n para ofrecerle al visitante todas las opciones para lucir radiante el d\u00eda del enlace.<\/p>\n","protected":false},"excerpt":{"rendered":"<p>Hola chicas!!!\u00a0El Palacio de Exposiciones y Congresos de Sevilla (Fibes) acoger\u00e1 del 10 al 13 de diciembre la XIII edici\u00f3n de la muestra &#8216;Sevilla de Boda&#8217;, que con un centenar de expositores ser\u00e1 el centro de atenci\u00f3n de todas aquellas parejas y familiares que desean organizar su enlace matrimonial con todos y con cada uno [&hellip;]<\/p>\n","protected":false},"author":2,"featured_media":0,"comment_status":"open","ping_status":"open","sticky":false,"template":"","format":"standard","meta":{"jetpack_post_was_ever_published":false,"_jetpack_newsletter_access":"","_jetpack_dont_email_post_to_subs":false,"_jetpack_newsletter_tier_id":0,"_jetpack_memberships_contains_paywalled_content":false,"_jetpack_memberships_contains_paid_content":false,"footnotes":""},"categories":[1],"tags":[],"class_list":["post-497","post","type-post","status-publish","format-standard","hentry","category-novias"],"yoast_head":"<!-- This site is optimized with the Yoast SEO plugin v27.5 - https:\/\/yoast.com\/product\/yoast-seo-wordpress\/ -->\n<title>&#039;Sevilla de Boda&#039; acoge m\u00e1s de un centenar de expositores del 10 al 13 de diciembre - Novias Baleares<\/title>\n<meta name=\"robots\" content=\"index, follow, max-snippet:-1, max-image-preview:large, max-video-preview:-1\" \/>\n<link rel=\"canonical\" href=\"http:\/\/noviasespana.com\/noviasbaleares\/sevilla-de-boda-acoge-mas-de-un-centenar-de-expositores-del-10-al-13-de-diciembre\/\" \/>\n<meta property=\"og:locale\" content=\"es_ES\" \/>\n<meta property=\"og:type\" content=\"article\" \/>\n<meta property=\"og:title\" content=\"&#039;Sevilla de Boda&#039; acoge m\u00e1s de un centenar de expositores del 10 al 13 de diciembre - Novias Baleares\" \/>\n<meta property=\"og:description\" content=\"Hola chicas!!!\u00a0El Palacio de Exposiciones y Congresos de Sevilla (Fibes) acoger\u00e1 del 10 al 13 de diciembre la XIII edici\u00f3n de la muestra &#8216;Sevilla de Boda&#8217;, que con un centenar de expositores ser\u00e1 el centro de atenci\u00f3n de todas aquellas parejas y familiares que desean organizar su enlace matrimonial con todos y con cada uno [&hellip;]\" \/>\n<meta property=\"og:url\" content=\"http:\/\/noviasespana.com\/noviasbaleares\/sevilla-de-boda-acoge-mas-de-un-centenar-de-expositores-del-10-al-13-de-diciembre\/\" \/>\n<meta property=\"og:site_name\" content=\"Novias Baleares\" \/>\n<meta property=\"article:published_time\" content=\"2009-12-03T09:14:17+00:00\" \/>\n<meta property=\"og:image\" content=\"http:\/\/www.diariodeunanovia.com\/blog\/wp-content\/uploads\/sites\/5\/2009\/12\/fotonoticia.jpg\" \/>\n<meta name=\"author\" content=\"admin\" \/>\n<meta name=\"twitter:label1\" content=\"Escrito por\" \/>\n\t<meta name=\"twitter:data1\" content=\"admin\" \/>\n\t<meta name=\"twitter:label2\" content=\"Tiempo de lectura\" \/>\n\t<meta name=\"twitter:data2\" content=\"1 minuto\" \/>\n<script type=\"application\/ld+json\" class=\"yoast-schema-graph\">{\"@context\":\"https:\\\/\\\/schema.org\",\"@graph\":[{\"@type\":\"Article\",\"@id\":\"http:\\\/\\\/noviasespana.com\\\/noviasbaleares\\\/sevilla-de-boda-acoge-mas-de-un-centenar-de-expositores-del-10-al-13-de-diciembre\\\/#article\",\"isPartOf\":{\"@id\":\"http:\\\/\\\/noviasespana.com\\\/noviasbaleares\\\/sevilla-de-boda-acoge-mas-de-un-centenar-de-expositores-del-10-al-13-de-diciembre\\\/\"},\"author\":{\"name\":\"admin\",\"@id\":\"http:\\\/\\\/noviasespana.com\\\/noviasbaleares\\\/#\\\/schema\\\/person\\\/82ff6e303fad28e4da623aa4d27969ed\"},\"headline\":\"&#8216;Sevilla de Boda&#8217; acoge m\u00e1s de un centenar de expositores del 10 al 13 de diciembre\",\"datePublished\":\"2009-12-03T09:14:17+00:00\",\"mainEntityOfPage\":{\"@id\":\"http:\\\/\\\/noviasespana.com\\\/noviasbaleares\\\/sevilla-de-boda-acoge-mas-de-un-centenar-de-expositores-del-10-al-13-de-diciembre\\\/\"},\"wordCount\":272,\"commentCount\":0,\"image\":{\"@id\":\"http:\\\/\\\/noviasespana.com\\\/noviasbaleares\\\/sevilla-de-boda-acoge-mas-de-un-centenar-de-expositores-del-10-al-13-de-diciembre\\\/#primaryimage\"},\"thumbnailUrl\":\"http:\\\/\\\/www.diariodeunanovia.com\\\/blog\\\/wp-content\\\/uploads\\\/sites\\\/5\\\/2009\\\/12\\\/fotonoticia.jpg\",\"articleSection\":[\"novias\"],\"inLanguage\":\"es\",\"potentialAction\":[{\"@type\":\"CommentAction\",\"name\":\"Comment\",\"target\":[\"http:\\\/\\\/noviasespana.com\\\/noviasbaleares\\\/sevilla-de-boda-acoge-mas-de-un-centenar-de-expositores-del-10-al-13-de-diciembre\\\/#respond\"]}]},{\"@type\":\"WebPage\",\"@id\":\"http:\\\/\\\/noviasespana.com\\\/noviasbaleares\\\/sevilla-de-boda-acoge-mas-de-un-centenar-de-expositores-del-10-al-13-de-diciembre\\\/\",\"url\":\"http:\\\/\\\/noviasespana.com\\\/noviasbaleares\\\/sevilla-de-boda-acoge-mas-de-un-centenar-de-expositores-del-10-al-13-de-diciembre\\\/\",\"name\":\"'Sevilla de Boda' acoge m\u00e1s de un centenar de expositores del 10 al 13 de diciembre - Novias Baleares\",\"isPartOf\":{\"@id\":\"http:\\\/\\\/noviasespana.com\\\/noviasbaleares\\\/#website\"},\"primaryImageOfPage\":{\"@id\":\"http:\\\/\\\/noviasespana.com\\\/noviasbaleares\\\/sevilla-de-boda-acoge-mas-de-un-centenar-de-expositores-del-10-al-13-de-diciembre\\\/#primaryimage\"},\"image\":{\"@id\":\"http:\\\/\\\/noviasespana.com\\\/noviasbaleares\\\/sevilla-de-boda-acoge-mas-de-un-centenar-de-expositores-del-10-al-13-de-diciembre\\\/#primaryimage\"},\"thumbnailUrl\":\"http:\\\/\\\/www.diariodeunanovia.com\\\/blog\\\/wp-content\\\/uploads\\\/sites\\\/5\\\/2009\\\/12\\\/fotonoticia.jpg\",\"datePublished\":\"2009-12-03T09:14:17+00:00\",\"author\":{\"@id\":\"http:\\\/\\\/noviasespana.com\\\/noviasbaleares\\\/#\\\/schema\\\/person\\\/82ff6e303fad28e4da623aa4d27969ed\"},\"breadcrumb\":{\"@id\":\"http:\\\/\\\/noviasespana.com\\\/noviasbaleares\\\/sevilla-de-boda-acoge-mas-de-un-centenar-de-expositores-del-10-al-13-de-diciembre\\\/#breadcrumb\"},\"inLanguage\":\"es\",\"potentialAction\":[{\"@type\":\"ReadAction\",\"target\":[\"http:\\\/\\\/noviasespana.com\\\/noviasbaleares\\\/sevilla-de-boda-acoge-mas-de-un-centenar-de-expositores-del-10-al-13-de-diciembre\\\/\"]}]},{\"@type\":\"ImageObject\",\"inLanguage\":\"es\",\"@id\":\"http:\\\/\\\/noviasespana.com\\\/noviasbaleares\\\/sevilla-de-boda-acoge-mas-de-un-centenar-de-expositores-del-10-al-13-de-diciembre\\\/#primaryimage\",\"url\":\"http:\\\/\\\/www.diariodeunanovia.com\\\/blog\\\/wp-content\\\/uploads\\\/sites\\\/5\\\/2009\\\/12\\\/fotonoticia.jpg\",\"contentUrl\":\"http:\\\/\\\/www.diariodeunanovia.com\\\/blog\\\/wp-content\\\/uploads\\\/sites\\\/5\\\/2009\\\/12\\\/fotonoticia.jpg\"},{\"@type\":\"BreadcrumbList\",\"@id\":\"http:\\\/\\\/noviasespana.com\\\/noviasbaleares\\\/sevilla-de-boda-acoge-mas-de-un-centenar-de-expositores-del-10-al-13-de-diciembre\\\/#breadcrumb\",\"itemListElement\":[{\"@type\":\"ListItem\",\"position\":1,\"name\":\"Portada\",\"item\":\"http:\\\/\\\/noviasespana.com\\\/noviasbaleares\\\/\"},{\"@type\":\"ListItem\",\"position\":2,\"name\":\"&#8216;Sevilla de Boda&#8217; acoge m\u00e1s de un centenar de expositores del 10 al 13 de diciembre\"}]},{\"@type\":\"WebSite\",\"@id\":\"http:\\\/\\\/noviasespana.com\\\/noviasbaleares\\\/#website\",\"url\":\"http:\\\/\\\/noviasespana.com\\\/noviasbaleares\\\/\",\"name\":\"Novias Baleares\",\"description\":\"Revista de novias\",\"potentialAction\":[{\"@type\":\"SearchAction\",\"target\":{\"@type\":\"EntryPoint\",\"urlTemplate\":\"http:\\\/\\\/noviasespana.com\\\/noviasbaleares\\\/?s={search_term_string}\"},\"query-input\":{\"@type\":\"PropertyValueSpecification\",\"valueRequired\":true,\"valueName\":\"search_term_string\"}}],\"inLanguage\":\"es\"},{\"@type\":\"Person\",\"@id\":\"http:\\\/\\\/noviasespana.com\\\/noviasbaleares\\\/#\\\/schema\\\/person\\\/82ff6e303fad28e4da623aa4d27969ed\",\"name\":\"admin\",\"image\":{\"@type\":\"ImageObject\",\"inLanguage\":\"es\",\"@id\":\"https:\\\/\\\/secure.gravatar.com\\\/avatar\\\/0f45231fddfb43fcbd0cdde4582a3580baf474d75fca7d494b42ff86847de871?s=96&d=mm&r=g\",\"url\":\"https:\\\/\\\/secure.gravatar.com\\\/avatar\\\/0f45231fddfb43fcbd0cdde4582a3580baf474d75fca7d494b42ff86847de871?s=96&d=mm&r=g\",\"contentUrl\":\"https:\\\/\\\/secure.gravatar.com\\\/avatar\\\/0f45231fddfb43fcbd0cdde4582a3580baf474d75fca7d494b42ff86847de871?s=96&d=mm&r=g\",\"caption\":\"admin\"},\"url\":\"http:\\\/\\\/noviasespana.com\\\/noviasbaleares\\\/author\\\/admin\\\/\"}]}<\/script>\n<!-- \/ Yoast SEO plugin. -->","yoast_head_json":{"title":"'Sevilla de Boda' acoge m\u00e1s de un centenar de expositores del 10 al 13 de diciembre - Novias Baleares","robots":{"index":"index","follow":"follow","max-snippet":"max-snippet:-1","max-image-preview":"max-image-preview:large","max-video-preview":"max-video-preview:-1"},"canonical":"http:\/\/noviasespana.com\/noviasbaleares\/sevilla-de-boda-acoge-mas-de-un-centenar-de-expositores-del-10-al-13-de-diciembre\/","og_locale":"es_ES","og_type":"article","og_title":"'Sevilla de Boda' acoge m\u00e1s de un centenar de expositores del 10 al 13 de diciembre - Novias Baleares","og_description":"Hola chicas!!!\u00a0El Palacio de Exposiciones y Congresos de Sevilla (Fibes) acoger\u00e1 del 10 al 13 de diciembre la XIII edici\u00f3n de la muestra &#8216;Sevilla de Boda&#8217;, que con un centenar de expositores ser\u00e1 el centro de atenci\u00f3n de todas aquellas parejas y familiares que desean organizar su enlace matrimonial con todos y con cada uno [&hellip;]","og_url":"http:\/\/noviasespana.com\/noviasbaleares\/sevilla-de-boda-acoge-mas-de-un-centenar-de-expositores-del-10-al-13-de-diciembre\/","og_site_name":"Novias Baleares","article_published_time":"2009-12-03T09:14:17+00:00","og_image":[{"url":"http:\/\/www.diariodeunanovia.com\/blog\/wp-content\/uploads\/sites\/5\/2009\/12\/fotonoticia.jpg","type":"","width":"","height":""}],"author":"admin","twitter_misc":{"Escrito por":"admin","Tiempo de lectura":"1 minuto"},"schema":{"@context":"https:\/\/schema.org","@graph":[{"@type":"Article","@id":"http:\/\/noviasespana.com\/noviasbaleares\/sevilla-de-boda-acoge-mas-de-un-centenar-de-expositores-del-10-al-13-de-diciembre\/#article","isPartOf":{"@id":"http:\/\/noviasespana.com\/noviasbaleares\/sevilla-de-boda-acoge-mas-de-un-centenar-de-expositores-del-10-al-13-de-diciembre\/"},"author":{"name":"admin","@id":"http:\/\/noviasespana.com\/noviasbaleares\/#\/schema\/person\/82ff6e303fad28e4da623aa4d27969ed"},"headline":"&#8216;Sevilla de Boda&#8217; acoge m\u00e1s de un centenar de expositores del 10 al 13 de diciembre","datePublished":"2009-12-03T09:14:17+00:00","mainEntityOfPage":{"@id":"http:\/\/noviasespana.com\/noviasbaleares\/sevilla-de-boda-acoge-mas-de-un-centenar-de-expositores-del-10-al-13-de-diciembre\/"},"wordCount":272,"commentCount":0,"image":{"@id":"http:\/\/noviasespana.com\/noviasbaleares\/sevilla-de-boda-acoge-mas-de-un-centenar-de-expositores-del-10-al-13-de-diciembre\/#primaryimage"},"thumbnailUrl":"http:\/\/www.diariodeunanovia.com\/blog\/wp-content\/uploads\/sites\/5\/2009\/12\/fotonoticia.jpg","articleSection":["novias"],"inLanguage":"es","potentialAction":[{"@type":"CommentAction","name":"Comment","target":["http:\/\/noviasespana.com\/noviasbaleares\/sevilla-de-boda-acoge-mas-de-un-centenar-de-expositores-del-10-al-13-de-diciembre\/#respond"]}]},{"@type":"WebPage","@id":"http:\/\/noviasespana.com\/noviasbaleares\/sevilla-de-boda-acoge-mas-de-un-centenar-de-expositores-del-10-al-13-de-diciembre\/","url":"http:\/\/noviasespana.com\/noviasbaleares\/sevilla-de-boda-acoge-mas-de-un-centenar-de-expositores-del-10-al-13-de-diciembre\/","name":"'Sevilla de Boda' acoge m\u00e1s de un centenar de expositores del 10 al 13 de diciembre - Novias Baleares","isPartOf":{"@id":"http:\/\/noviasespana.com\/noviasbaleares\/#website"},"primaryImageOfPage":{"@id":"http:\/\/noviasespana.com\/noviasbaleares\/sevilla-de-boda-acoge-mas-de-un-centenar-de-expositores-del-10-al-13-de-diciembre\/#primaryimage"},"image":{"@id":"http:\/\/noviasespana.com\/noviasbaleares\/sevilla-de-boda-acoge-mas-de-un-centenar-de-expositores-del-10-al-13-de-diciembre\/#primaryimage"},"thumbnailUrl":"http:\/\/www.diariodeunanovia.com\/blog\/wp-content\/uploads\/sites\/5\/2009\/12\/fotonoticia.jpg","datePublished":"2009-12-03T09:14:17+00:00","author":{"@id":"http:\/\/noviasespana.com\/noviasbaleares\/#\/schema\/person\/82ff6e303fad28e4da623aa4d27969ed"},"breadcrumb":{"@id":"http:\/\/noviasespana.com\/noviasbaleares\/sevilla-de-boda-acoge-mas-de-un-centenar-de-expositores-del-10-al-13-de-diciembre\/#breadcrumb"},"inLanguage":"es","potentialAction":[{"@type":"ReadAction","target":["http:\/\/noviasespana.com\/noviasbaleares\/sevilla-de-boda-acoge-mas-de-un-centenar-de-expositores-del-10-al-13-de-diciembre\/"]}]},{"@type":"ImageObject","inLanguage":"es","@id":"http:\/\/noviasespana.com\/noviasbaleares\/sevilla-de-boda-acoge-mas-de-un-centenar-de-expositores-del-10-al-13-de-diciembre\/#primaryimage","url":"http:\/\/www.diariodeunanovia.com\/blog\/wp-content\/uploads\/sites\/5\/2009\/12\/fotonoticia.jpg","contentUrl":"http:\/\/www.diariodeunanovia.com\/blog\/wp-content\/uploads\/sites\/5\/2009\/12\/fotonoticia.jpg"},{"@type":"BreadcrumbList","@id":"http:\/\/noviasespana.com\/noviasbaleares\/sevilla-de-boda-acoge-mas-de-un-centenar-de-expositores-del-10-al-13-de-diciembre\/#breadcrumb","itemListElement":[{"@type":"ListItem","position":1,"name":"Portada","item":"http:\/\/noviasespana.com\/noviasbaleares\/"},{"@type":"ListItem","position":2,"name":"&#8216;Sevilla de Boda&#8217; acoge m\u00e1s de un centenar de expositores del 10 al 13 de diciembre"}]},{"@type":"WebSite","@id":"http:\/\/noviasespana.com\/noviasbaleares\/#website","url":"http:\/\/noviasespana.com\/noviasbaleares\/","name":"Novias Baleares","description":"Revista de novias","potentialAction":[{"@type":"SearchAction","target":{"@type":"EntryPoint","urlTemplate":"http:\/\/noviasespana.com\/noviasbaleares\/?s={search_term_string}"},"query-input":{"@type":"PropertyValueSpecification","valueRequired":true,"valueName":"search_term_string"}}],"inLanguage":"es"},{"@type":"Person","@id":"http:\/\/noviasespana.com\/noviasbaleares\/#\/schema\/person\/82ff6e303fad28e4da623aa4d27969ed","name":"admin","image":{"@type":"ImageObject","inLanguage":"es","@id":"https:\/\/secure.gravatar.com\/avatar\/0f45231fddfb43fcbd0cdde4582a3580baf474d75fca7d494b42ff86847de871?s=96&d=mm&r=g","url":"https:\/\/secure.gravatar.com\/avatar\/0f45231fddfb43fcbd0cdde4582a3580baf474d75fca7d494b42ff86847de871?s=96&d=mm&r=g","contentUrl":"https:\/\/secure.gravatar.com\/avatar\/0f45231fddfb43fcbd0cdde4582a3580baf474d75fca7d494b42ff86847de871?s=96&d=mm&r=g","caption":"admin"},"url":"http:\/\/noviasespana.com\/noviasbaleares\/author\/admin\/"}]}},"jetpack_featured_media_url":"","jetpack_sharing_enabled":true,"jetpack_shortlink":"https:\/\/wp.me\/p5Hg6P-81","jetpack_likes_enabled":true,"_links":{"self":[{"href":"http:\/\/noviasespana.com\/noviasbaleares\/wp-json\/wp\/v2\/posts\/497","targetHints":{"allow":["GET"]}}],"collection":[{"href":"http:\/\/noviasespana.com\/noviasbaleares\/wp-json\/wp\/v2\/posts"}],"about":[{"href":"http:\/\/noviasespana.com\/noviasbaleares\/wp-json\/wp\/v2\/types\/post"}],"author":[{"embeddable":true,"href":"http:\/\/noviasespana.com\/noviasbaleares\/wp-json\/wp\/v2\/users\/2"}],"replies":[{"embeddable":true,"href":"http:\/\/noviasespana.com\/noviasbaleares\/wp-json\/wp\/v2\/comments?post=497"}],"version-history":[{"count":0,"href":"http:\/\/noviasespana.com\/noviasbaleares\/wp-json\/wp\/v2\/posts\/497\/revisions"}],"wp:attachment":[{"href":"http:\/\/noviasespana.com\/noviasbaleares\/wp-json\/wp\/v2\/media?parent=497"}],"wp:term":[{"taxonomy":"category","embeddable":true,"href":"http:\/\/noviasespana.com\/noviasbaleares\/wp-json\/wp\/v2\/categories?post=497"},{"taxonomy":"post_tag","embeddable":true,"href":"http:\/\/noviasespana.com\/noviasbaleares\/wp-json\/wp\/v2\/tags?post=497"}],"curies":[{"name":"wp","href":"https:\/\/api.w.org\/{rel}","templated":true}]}}