{"id":45,"date":"2009-07-21T10:25:59","date_gmt":"2009-07-21T08:25:59","guid":{"rendered":"http:\/\/www.diariodeunanovia.com\/blog\/?p=45"},"modified":"2009-07-21T10:25:59","modified_gmt":"2009-07-21T08:25:59","slug":"robert-redford-se-casa-a-los-72-anos","status":"publish","type":"post","link":"http:\/\/noviasespana.com\/noviasbaleares\/robert-redford-se-casa-a-los-72-anos\/","title":{"rendered":"Robert Redford se casa a los 72 a\u00f1os"},"content":{"rendered":"<p align=\"justify\">Hola chicas!!! El actor Robert Redford ha contraido matrimonio a sus 72 a\u00f1os de edad con su pareja desde hace 13 a\u00f1os, la pintora alemana Sibylle Szaggars. El enlace, al que solo asistieron 30 personas, entre familiares y amigos, tuvo lugar en la iglesia de St. Katharinen, en Hamburgo, y ha sido la gerente de la oficina parroquial, Renate MaSfeller, quien ha hecho p\u00fablica la ceremonia, a la que siguio una fiesta en el hotel Louis C. Jacob. Sin embargo, la gran celebraci\u00f3n tendra lugar en septiembre en Mexico, un pais al que siempre ha estado muy vinculado el actor. Redford y Szaggars, de 53 a\u00f1os, se enamoraron en 1996 y desde entonces viven en el rancho que el actor posee en Utah. Sibylle tiene all\u00ed un estudio donde trabaja como pintora. \u00c9l esta cada vez m\u00e1s alejado de las camaras pero no del cine, ya que sigue volcado en Sundance, donde cre\u00f3 un instituto para los jovenes cineastas y posteriormente fund\u00f3 un festival de cine.<\/p>\n<p align=\"center\"><a title=\"int-263075.jpg\" href=\"https:\/\/i0.wp.com\/www.diariodeunanovia.com\/wordpress\/wp-content\/uploads\/sites\/5\/2009\/07\/int-263075.jpg\"><img data-recalc-dims=\"1\" decoding=\"async\" src=\"https:\/\/i0.wp.com\/www.diariodeunanovia.com\/wordpress\/wp-content\/uploads\/sites\/5\/2009\/07\/int-263075.jpg?w=900\" alt=\"int-263075.jpg\" \/><\/a><\/p>\n","protected":false},"excerpt":{"rendered":"<p>Hola chicas!!! El actor Robert Redford ha contraido matrimonio a sus 72 a\u00f1os de edad con su pareja desde hace 13 a\u00f1os, la pintora alemana Sibylle Szaggars. El enlace, al que solo asistieron 30 personas, entre familiares y amigos, tuvo lugar en la iglesia de St. Katharinen, en Hamburgo, y ha sido la gerente de [&hellip;]<\/p>\n","protected":false},"author":2,"featured_media":0,"comment_status":"open","ping_status":"open","sticky":false,"template":"","format":"standard","meta":{"jetpack_post_was_ever_published":false,"_jetpack_newsletter_access":"","_jetpack_dont_email_post_to_subs":false,"_jetpack_newsletter_tier_id":0,"_jetpack_memberships_contains_paywalled_content":false,"_jetpack_memberships_contains_paid_content":false,"footnotes":""},"categories":[1],"tags":[],"class_list":["post-45","post","type-post","status-publish","format-standard","hentry","category-novias"],"yoast_head":"<!-- This site is optimized with the Yoast SEO plugin v27.5 - https:\/\/yoast.com\/product\/yoast-seo-wordpress\/ -->\n<title>Robert Redford se casa a los 72 a\u00f1os - Novias Baleares<\/title>\n<meta name=\"robots\" content=\"index, follow, max-snippet:-1, max-image-preview:large, max-video-preview:-1\" \/>\n<link rel=\"canonical\" href=\"http:\/\/noviasespana.com\/noviasbaleares\/robert-redford-se-casa-a-los-72-anos\/\" \/>\n<meta property=\"og:locale\" content=\"es_ES\" \/>\n<meta property=\"og:type\" content=\"article\" \/>\n<meta property=\"og:title\" content=\"Robert Redford se casa a los 72 a\u00f1os - Novias Baleares\" \/>\n<meta property=\"og:description\" content=\"Hola chicas!!! El actor Robert Redford ha contraido matrimonio a sus 72 a\u00f1os de edad con su pareja desde hace 13 a\u00f1os, la pintora alemana Sibylle Szaggars. El enlace, al que solo asistieron 30 personas, entre familiares y amigos, tuvo lugar en la iglesia de St. Katharinen, en Hamburgo, y ha sido la gerente de [&hellip;]\" \/>\n<meta property=\"og:url\" content=\"http:\/\/noviasespana.com\/noviasbaleares\/robert-redford-se-casa-a-los-72-anos\/\" \/>\n<meta property=\"og:site_name\" content=\"Novias Baleares\" \/>\n<meta property=\"article:published_time\" content=\"2009-07-21T08:25:59+00:00\" \/>\n<meta property=\"og:image\" content=\"http:\/\/www.diariodeunanovia.com\/wordpress\/wp-content\/uploads\/sites\/5\/2009\/07\/int-263075.jpg\" \/>\n<meta name=\"author\" content=\"admin\" \/>\n<meta name=\"twitter:label1\" content=\"Escrito por\" \/>\n\t<meta name=\"twitter:data1\" content=\"admin\" \/>\n\t<meta name=\"twitter:label2\" content=\"Tiempo de lectura\" \/>\n\t<meta name=\"twitter:data2\" content=\"1 minuto\" \/>\n<script type=\"application\/ld+json\" class=\"yoast-schema-graph\">{\"@context\":\"https:\\\/\\\/schema.org\",\"@graph\":[{\"@type\":\"Article\",\"@id\":\"http:\\\/\\\/noviasespana.com\\\/noviasbaleares\\\/robert-redford-se-casa-a-los-72-anos\\\/#article\",\"isPartOf\":{\"@id\":\"http:\\\/\\\/noviasespana.com\\\/noviasbaleares\\\/robert-redford-se-casa-a-los-72-anos\\\/\"},\"author\":{\"name\":\"admin\",\"@id\":\"http:\\\/\\\/noviasespana.com\\\/noviasbaleares\\\/#\\\/schema\\\/person\\\/82ff6e303fad28e4da623aa4d27969ed\"},\"headline\":\"Robert Redford se casa a los 72 a\u00f1os\",\"datePublished\":\"2009-07-21T08:25:59+00:00\",\"mainEntityOfPage\":{\"@id\":\"http:\\\/\\\/noviasespana.com\\\/noviasbaleares\\\/robert-redford-se-casa-a-los-72-anos\\\/\"},\"wordCount\":175,\"commentCount\":0,\"image\":{\"@id\":\"http:\\\/\\\/noviasespana.com\\\/noviasbaleares\\\/robert-redford-se-casa-a-los-72-anos\\\/#primaryimage\"},\"thumbnailUrl\":\"http:\\\/\\\/www.diariodeunanovia.com\\\/wordpress\\\/wp-content\\\/uploads\\\/sites\\\/5\\\/2009\\\/07\\\/int-263075.jpg\",\"articleSection\":[\"novias\"],\"inLanguage\":\"es\",\"potentialAction\":[{\"@type\":\"CommentAction\",\"name\":\"Comment\",\"target\":[\"http:\\\/\\\/noviasespana.com\\\/noviasbaleares\\\/robert-redford-se-casa-a-los-72-anos\\\/#respond\"]}]},{\"@type\":\"WebPage\",\"@id\":\"http:\\\/\\\/noviasespana.com\\\/noviasbaleares\\\/robert-redford-se-casa-a-los-72-anos\\\/\",\"url\":\"http:\\\/\\\/noviasespana.com\\\/noviasbaleares\\\/robert-redford-se-casa-a-los-72-anos\\\/\",\"name\":\"Robert Redford se casa a los 72 a\u00f1os - Novias Baleares\",\"isPartOf\":{\"@id\":\"http:\\\/\\\/noviasespana.com\\\/noviasbaleares\\\/#website\"},\"primaryImageOfPage\":{\"@id\":\"http:\\\/\\\/noviasespana.com\\\/noviasbaleares\\\/robert-redford-se-casa-a-los-72-anos\\\/#primaryimage\"},\"image\":{\"@id\":\"http:\\\/\\\/noviasespana.com\\\/noviasbaleares\\\/robert-redford-se-casa-a-los-72-anos\\\/#primaryimage\"},\"thumbnailUrl\":\"http:\\\/\\\/www.diariodeunanovia.com\\\/wordpress\\\/wp-content\\\/uploads\\\/sites\\\/5\\\/2009\\\/07\\\/int-263075.jpg\",\"datePublished\":\"2009-07-21T08:25:59+00:00\",\"author\":{\"@id\":\"http:\\\/\\\/noviasespana.com\\\/noviasbaleares\\\/#\\\/schema\\\/person\\\/82ff6e303fad28e4da623aa4d27969ed\"},\"breadcrumb\":{\"@id\":\"http:\\\/\\\/noviasespana.com\\\/noviasbaleares\\\/robert-redford-se-casa-a-los-72-anos\\\/#breadcrumb\"},\"inLanguage\":\"es\",\"potentialAction\":[{\"@type\":\"ReadAction\",\"target\":[\"http:\\\/\\\/noviasespana.com\\\/noviasbaleares\\\/robert-redford-se-casa-a-los-72-anos\\\/\"]}]},{\"@type\":\"ImageObject\",\"inLanguage\":\"es\",\"@id\":\"http:\\\/\\\/noviasespana.com\\\/noviasbaleares\\\/robert-redford-se-casa-a-los-72-anos\\\/#primaryimage\",\"url\":\"http:\\\/\\\/www.diariodeunanovia.com\\\/wordpress\\\/wp-content\\\/uploads\\\/sites\\\/5\\\/2009\\\/07\\\/int-263075.jpg\",\"contentUrl\":\"http:\\\/\\\/www.diariodeunanovia.com\\\/wordpress\\\/wp-content\\\/uploads\\\/sites\\\/5\\\/2009\\\/07\\\/int-263075.jpg\"},{\"@type\":\"BreadcrumbList\",\"@id\":\"http:\\\/\\\/noviasespana.com\\\/noviasbaleares\\\/robert-redford-se-casa-a-los-72-anos\\\/#breadcrumb\",\"itemListElement\":[{\"@type\":\"ListItem\",\"position\":1,\"name\":\"Portada\",\"item\":\"http:\\\/\\\/noviasespana.com\\\/noviasbaleares\\\/\"},{\"@type\":\"ListItem\",\"position\":2,\"name\":\"Robert Redford se casa a los 72 a\u00f1os\"}]},{\"@type\":\"WebSite\",\"@id\":\"http:\\\/\\\/noviasespana.com\\\/noviasbaleares\\\/#website\",\"url\":\"http:\\\/\\\/noviasespana.com\\\/noviasbaleares\\\/\",\"name\":\"Novias Baleares\",\"description\":\"Revista de novias\",\"potentialAction\":[{\"@type\":\"SearchAction\",\"target\":{\"@type\":\"EntryPoint\",\"urlTemplate\":\"http:\\\/\\\/noviasespana.com\\\/noviasbaleares\\\/?s={search_term_string}\"},\"query-input\":{\"@type\":\"PropertyValueSpecification\",\"valueRequired\":true,\"valueName\":\"search_term_string\"}}],\"inLanguage\":\"es\"},{\"@type\":\"Person\",\"@id\":\"http:\\\/\\\/noviasespana.com\\\/noviasbaleares\\\/#\\\/schema\\\/person\\\/82ff6e303fad28e4da623aa4d27969ed\",\"name\":\"admin\",\"image\":{\"@type\":\"ImageObject\",\"inLanguage\":\"es\",\"@id\":\"https:\\\/\\\/secure.gravatar.com\\\/avatar\\\/0f45231fddfb43fcbd0cdde4582a3580baf474d75fca7d494b42ff86847de871?s=96&d=mm&r=g\",\"url\":\"https:\\\/\\\/secure.gravatar.com\\\/avatar\\\/0f45231fddfb43fcbd0cdde4582a3580baf474d75fca7d494b42ff86847de871?s=96&d=mm&r=g\",\"contentUrl\":\"https:\\\/\\\/secure.gravatar.com\\\/avatar\\\/0f45231fddfb43fcbd0cdde4582a3580baf474d75fca7d494b42ff86847de871?s=96&d=mm&r=g\",\"caption\":\"admin\"},\"url\":\"http:\\\/\\\/noviasespana.com\\\/noviasbaleares\\\/author\\\/admin\\\/\"}]}<\/script>\n<!-- \/ Yoast SEO plugin. -->","yoast_head_json":{"title":"Robert Redford se casa a los 72 a\u00f1os - Novias Baleares","robots":{"index":"index","follow":"follow","max-snippet":"max-snippet:-1","max-image-preview":"max-image-preview:large","max-video-preview":"max-video-preview:-1"},"canonical":"http:\/\/noviasespana.com\/noviasbaleares\/robert-redford-se-casa-a-los-72-anos\/","og_locale":"es_ES","og_type":"article","og_title":"Robert Redford se casa a los 72 a\u00f1os - Novias Baleares","og_description":"Hola chicas!!! El actor Robert Redford ha contraido matrimonio a sus 72 a\u00f1os de edad con su pareja desde hace 13 a\u00f1os, la pintora alemana Sibylle Szaggars. El enlace, al que solo asistieron 30 personas, entre familiares y amigos, tuvo lugar en la iglesia de St. Katharinen, en Hamburgo, y ha sido la gerente de [&hellip;]","og_url":"http:\/\/noviasespana.com\/noviasbaleares\/robert-redford-se-casa-a-los-72-anos\/","og_site_name":"Novias Baleares","article_published_time":"2009-07-21T08:25:59+00:00","og_image":[{"url":"http:\/\/www.diariodeunanovia.com\/wordpress\/wp-content\/uploads\/sites\/5\/2009\/07\/int-263075.jpg","type":"","width":"","height":""}],"author":"admin","twitter_misc":{"Escrito por":"admin","Tiempo de lectura":"1 minuto"},"schema":{"@context":"https:\/\/schema.org","@graph":[{"@type":"Article","@id":"http:\/\/noviasespana.com\/noviasbaleares\/robert-redford-se-casa-a-los-72-anos\/#article","isPartOf":{"@id":"http:\/\/noviasespana.com\/noviasbaleares\/robert-redford-se-casa-a-los-72-anos\/"},"author":{"name":"admin","@id":"http:\/\/noviasespana.com\/noviasbaleares\/#\/schema\/person\/82ff6e303fad28e4da623aa4d27969ed"},"headline":"Robert Redford se casa a los 72 a\u00f1os","datePublished":"2009-07-21T08:25:59+00:00","mainEntityOfPage":{"@id":"http:\/\/noviasespana.com\/noviasbaleares\/robert-redford-se-casa-a-los-72-anos\/"},"wordCount":175,"commentCount":0,"image":{"@id":"http:\/\/noviasespana.com\/noviasbaleares\/robert-redford-se-casa-a-los-72-anos\/#primaryimage"},"thumbnailUrl":"http:\/\/www.diariodeunanovia.com\/wordpress\/wp-content\/uploads\/sites\/5\/2009\/07\/int-263075.jpg","articleSection":["novias"],"inLanguage":"es","potentialAction":[{"@type":"CommentAction","name":"Comment","target":["http:\/\/noviasespana.com\/noviasbaleares\/robert-redford-se-casa-a-los-72-anos\/#respond"]}]},{"@type":"WebPage","@id":"http:\/\/noviasespana.com\/noviasbaleares\/robert-redford-se-casa-a-los-72-anos\/","url":"http:\/\/noviasespana.com\/noviasbaleares\/robert-redford-se-casa-a-los-72-anos\/","name":"Robert Redford se casa a los 72 a\u00f1os - Novias Baleares","isPartOf":{"@id":"http:\/\/noviasespana.com\/noviasbaleares\/#website"},"primaryImageOfPage":{"@id":"http:\/\/noviasespana.com\/noviasbaleares\/robert-redford-se-casa-a-los-72-anos\/#primaryimage"},"image":{"@id":"http:\/\/noviasespana.com\/noviasbaleares\/robert-redford-se-casa-a-los-72-anos\/#primaryimage"},"thumbnailUrl":"http:\/\/www.diariodeunanovia.com\/wordpress\/wp-content\/uploads\/sites\/5\/2009\/07\/int-263075.jpg","datePublished":"2009-07-21T08:25:59+00:00","author":{"@id":"http:\/\/noviasespana.com\/noviasbaleares\/#\/schema\/person\/82ff6e303fad28e4da623aa4d27969ed"},"breadcrumb":{"@id":"http:\/\/noviasespana.com\/noviasbaleares\/robert-redford-se-casa-a-los-72-anos\/#breadcrumb"},"inLanguage":"es","potentialAction":[{"@type":"ReadAction","target":["http:\/\/noviasespana.com\/noviasbaleares\/robert-redford-se-casa-a-los-72-anos\/"]}]},{"@type":"ImageObject","inLanguage":"es","@id":"http:\/\/noviasespana.com\/noviasbaleares\/robert-redford-se-casa-a-los-72-anos\/#primaryimage","url":"http:\/\/www.diariodeunanovia.com\/wordpress\/wp-content\/uploads\/sites\/5\/2009\/07\/int-263075.jpg","contentUrl":"http:\/\/www.diariodeunanovia.com\/wordpress\/wp-content\/uploads\/sites\/5\/2009\/07\/int-263075.jpg"},{"@type":"BreadcrumbList","@id":"http:\/\/noviasespana.com\/noviasbaleares\/robert-redford-se-casa-a-los-72-anos\/#breadcrumb","itemListElement":[{"@type":"ListItem","position":1,"name":"Portada","item":"http:\/\/noviasespana.com\/noviasbaleares\/"},{"@type":"ListItem","position":2,"name":"Robert Redford se casa a los 72 a\u00f1os"}]},{"@type":"WebSite","@id":"http:\/\/noviasespana.com\/noviasbaleares\/#website","url":"http:\/\/noviasespana.com\/noviasbaleares\/","name":"Novias Baleares","description":"Revista de novias","potentialAction":[{"@type":"SearchAction","target":{"@type":"EntryPoint","urlTemplate":"http:\/\/noviasespana.com\/noviasbaleares\/?s={search_term_string}"},"query-input":{"@type":"PropertyValueSpecification","valueRequired":true,"valueName":"search_term_string"}}],"inLanguage":"es"},{"@type":"Person","@id":"http:\/\/noviasespana.com\/noviasbaleares\/#\/schema\/person\/82ff6e303fad28e4da623aa4d27969ed","name":"admin","image":{"@type":"ImageObject","inLanguage":"es","@id":"https:\/\/secure.gravatar.com\/avatar\/0f45231fddfb43fcbd0cdde4582a3580baf474d75fca7d494b42ff86847de871?s=96&d=mm&r=g","url":"https:\/\/secure.gravatar.com\/avatar\/0f45231fddfb43fcbd0cdde4582a3580baf474d75fca7d494b42ff86847de871?s=96&d=mm&r=g","contentUrl":"https:\/\/secure.gravatar.com\/avatar\/0f45231fddfb43fcbd0cdde4582a3580baf474d75fca7d494b42ff86847de871?s=96&d=mm&r=g","caption":"admin"},"url":"http:\/\/noviasespana.com\/noviasbaleares\/author\/admin\/"}]}},"jetpack_featured_media_url":"","jetpack_sharing_enabled":true,"jetpack_shortlink":"https:\/\/wp.me\/p5Hg6P-J","jetpack_likes_enabled":true,"_links":{"self":[{"href":"http:\/\/noviasespana.com\/noviasbaleares\/wp-json\/wp\/v2\/posts\/45","targetHints":{"allow":["GET"]}}],"collection":[{"href":"http:\/\/noviasespana.com\/noviasbaleares\/wp-json\/wp\/v2\/posts"}],"about":[{"href":"http:\/\/noviasespana.com\/noviasbaleares\/wp-json\/wp\/v2\/types\/post"}],"author":[{"embeddable":true,"href":"http:\/\/noviasespana.com\/noviasbaleares\/wp-json\/wp\/v2\/users\/2"}],"replies":[{"embeddable":true,"href":"http:\/\/noviasespana.com\/noviasbaleares\/wp-json\/wp\/v2\/comments?post=45"}],"version-history":[{"count":0,"href":"http:\/\/noviasespana.com\/noviasbaleares\/wp-json\/wp\/v2\/posts\/45\/revisions"}],"wp:attachment":[{"href":"http:\/\/noviasespana.com\/noviasbaleares\/wp-json\/wp\/v2\/media?parent=45"}],"wp:term":[{"taxonomy":"category","embeddable":true,"href":"http:\/\/noviasespana.com\/noviasbaleares\/wp-json\/wp\/v2\/categories?post=45"},{"taxonomy":"post_tag","embeddable":true,"href":"http:\/\/noviasespana.com\/noviasbaleares\/wp-json\/wp\/v2\/tags?post=45"}],"curies":[{"name":"wp","href":"https:\/\/api.w.org\/{rel}","templated":true}]}}