{"id":4142,"date":"2016-05-02T12:05:08","date_gmt":"2016-05-02T10:05:08","guid":{"rendered":"http:\/\/noviasespana.com\/noviasbaleares\/blog\/2016\/05\/02\/cronica-la-barcelona-bridal-week\/"},"modified":"2016-05-19T01:13:14","modified_gmt":"2016-05-19T01:13:14","slug":"cronica-la-barcelona-bridal-week","status":"publish","type":"post","link":"http:\/\/noviasespana.com\/noviasbaleares\/cronica-la-barcelona-bridal-week\/","title":{"rendered":"Cr\u00f3nica de la Barcelona Bridal Week"},"content":{"rendered":"<p class=\"p1\"><span class=\"s1\">La pasarela de novia BBW se abri\u00f3 el martes con el desfile de <strong>ROSA CLAR\u00c1<\/strong>, que no defraud\u00f3 y mantiene su estilo cl\u00e1sico y elegante que desde hace a\u00f1os define su nombre. Hemos visto desfilar por ella a dise\u00f1adores del panorama nacional como <strong>YOLAN CRIS, JES\u00daS PEIRO, ISABEL ZAPARDIEZ, o PATRICIA AVENDA\u00d1O<\/strong>, que puntuales acuden a la cita anual m\u00e1s importante del sector nupcial, pero esta edici\u00f3n 2016 se ha\u00a0a caracterizado por la incorporaci\u00f3n<\/span><span class=\"s1\">\u00a0de dise\u00f1adores internacionales, como <strong>NAEEM KHAN<\/strong>, uno de los\u00a0m\u00e1s esperados en\u00a0esta edici\u00f3n, conocido\u00a0por vestir a Michelle Obama, Rania de Jordania, Pen\u00e9lope Cruz o Eva Longoria. En su desfile mostr\u00f3\u00a0dise\u00f1os originales y atrevidos, con toques de color, predominando el lavanda y las gamas de azules, y otros con blancos puros muy elegantes y con trazas de estilos orientales. Otro internacional que hemos visto en esta pasarela ha sido <strong>Justin Alexander<\/strong> que present\u00f3 una colecci\u00f3n cl\u00e1sica inspirada en los a\u00f1os 50 y 60.<\/span><\/p>\n<p class=\"p1\"><span class=\"s1\">Pero los cl\u00e1sicos de todos los a\u00f1os\u00a0volvieron a\u00a0no defraudar,\u00a0el desfile de Rosa CLAR\u00c1 se iniciaba con la instagramer m\u00e1s famosa del mundo, ALEXIS REN y ROC\u00cdO CRUSSET, la dise\u00f1adora cambi\u00f3 este a\u00f1o sus mini lazos por maxi lazos rom\u00e1nticos, muy el<\/span><\/p>\n<p class=\"p1\"><span class=\"s1\">JES\u00daS PEIR\u00d3 este a\u00f1o nos sorprendi\u00f3 con unas novias llenas de detalles y pedrer\u00edas, dando un gran cambio al estilo al que nos ten\u00eda acostumbrados, de novias sencillas y minimalistas. <\/span><\/p>\n<p class=\"p1\"><span class=\"s1\">PRONOVIAS cerr\u00f3 fiel a su estilo, con una colecci\u00f3n llamada Le Ciel, mezclando estilos, con detalles en pedrer\u00eda, l\u00edneas rectas y con ca\u00edda destacando las l\u00edneas femeninas, y tambi\u00e9n vestidos vaporosos y, c\u00f3mo no, cerrando con una top, con Irina Shayk, que luci\u00f3 un vestido sencillo en la delantera pero contrastando la espalda con transparencias y pedrer\u00eda. Un verdadero espect\u00e1culo y un lujo para la vista.<\/span><\/p>\n<div class=\"tiled-gallery type-rectangular tiled-gallery-unresized\" data-original-width=\"900\" data-carousel-extra='{&quot;blog_id&quot;:5,&quot;permalink&quot;:&quot;http:\\\/\\\/noviasespana.com\\\/noviasbaleares\\\/cronica-la-barcelona-bridal-week\\\/&quot;,&quot;likes_blog_id&quot;:84191711}' itemscope itemtype=\"http:\/\/schema.org\/ImageGallery\" > <div class=\"gallery-row\" style=\"width: 900px; height: 599px;\" data-original-width=\"900\" data-original-height=\"599\" > <div class=\"gallery-group images-1\" style=\"width: 450px; height: 599px;\" data-original-width=\"450\" data-original-height=\"599\" > <div class=\"tiled-gallery-item tiled-gallery-item-large\" itemprop=\"associatedMedia\" itemscope itemtype=\"http:\/\/schema.org\/ImageObject\"> <a href=\"http:\/\/noviasespana.com\/noviasbaleares\/cronica-la-barcelona-bridal-week\/whatsapp-image-20160429-3\/\" border=\"0\" itemprop=\"url\"> <meta itemprop=\"width\" content=\"446\"> <meta itemprop=\"height\" content=\"595\"> <img decoding=\"async\" class=\"\" data-attachment-id=\"4148\" data-orig-file=\"http:\/\/noviasespana.com\/noviasbaleares\/wp-content\/uploads\/sites\/5\/2016\/05\/WhatsApp-Image-20160429-3.jpeg\" data-orig-size=\"1200,1600\" data-comments-opened=\"1\" data-image-meta=\"{&quot;aperture&quot;:&quot;0&quot;,&quot;credit&quot;:&quot;&quot;,&quot;camera&quot;:&quot;&quot;,&quot;caption&quot;:&quot;&quot;,&quot;created_timestamp&quot;:&quot;0&quot;,&quot;copyright&quot;:&quot;&quot;,&quot;focal_length&quot;:&quot;0&quot;,&quot;iso&quot;:&quot;0&quot;,&quot;shutter_speed&quot;:&quot;0&quot;,&quot;title&quot;:&quot;&quot;,&quot;orientation&quot;:&quot;0&quot;}\" data-image-title=\"WhatsApp-Image-20160429 (3)\" data-image-description=\"\" data-medium-file=\"https:\/\/i0.wp.com\/noviasespana.com\/noviasbaleares\/wp-content\/uploads\/sites\/5\/2016\/05\/WhatsApp-Image-20160429-3.jpeg?fit=225%2C300\" data-large-file=\"https:\/\/i0.wp.com\/noviasespana.com\/noviasbaleares\/wp-content\/uploads\/sites\/5\/2016\/05\/WhatsApp-Image-20160429-3.jpeg?fit=768%2C1024\" src=\"https:\/\/i0.wp.com\/noviasespana.com\/noviasbaleares\/wp-content\/uploads\/sites\/5\/2016\/05\/WhatsApp-Image-20160429-3.jpeg?w=446&#038;h=595\" srcset=\"https:\/\/i0.wp.com\/noviasespana.com\/noviasbaleares\/wp-content\/uploads\/sites\/5\/2016\/05\/WhatsApp-Image-20160429-3.jpeg?w=1200 1200w, https:\/\/i0.wp.com\/noviasespana.com\/noviasbaleares\/wp-content\/uploads\/sites\/5\/2016\/05\/WhatsApp-Image-20160429-3.jpeg?resize=225%2C300 225w, https:\/\/i0.wp.com\/noviasespana.com\/noviasbaleares\/wp-content\/uploads\/sites\/5\/2016\/05\/WhatsApp-Image-20160429-3.jpeg?resize=768%2C1024 768w\" width=\"446\" height=\"595\" loading=\"lazy\" data-original-width=\"446\" data-original-height=\"595\" itemprop=\"http:\/\/schema.org\/image\" title=\"WhatsApp-Image-20160429 (3)\" alt=\"WhatsApp-Image-20160429 (3)\" style=\"width: 446px; height: 595px;\" \/> <\/a> <\/div> <\/div> <!-- close group --> <div class=\"gallery-group images-1\" style=\"width: 450px; height: 599px;\" data-original-width=\"450\" data-original-height=\"599\" > <div class=\"tiled-gallery-item tiled-gallery-item-large\" itemprop=\"associatedMedia\" itemscope itemtype=\"http:\/\/schema.org\/ImageObject\"> <a href=\"http:\/\/noviasespana.com\/noviasbaleares\/cronica-la-barcelona-bridal-week\/whatsapp-image-20160429-2\/\" border=\"0\" itemprop=\"url\"> <meta itemprop=\"width\" content=\"446\"> <meta itemprop=\"height\" content=\"595\"> <img decoding=\"async\" class=\"\" data-attachment-id=\"4147\" data-orig-file=\"http:\/\/noviasespana.com\/noviasbaleares\/wp-content\/uploads\/sites\/5\/2016\/05\/WhatsApp-Image-20160429-2.jpeg\" data-orig-size=\"1200,1600\" data-comments-opened=\"1\" data-image-meta=\"{&quot;aperture&quot;:&quot;0&quot;,&quot;credit&quot;:&quot;&quot;,&quot;camera&quot;:&quot;&quot;,&quot;caption&quot;:&quot;&quot;,&quot;created_timestamp&quot;:&quot;0&quot;,&quot;copyright&quot;:&quot;&quot;,&quot;focal_length&quot;:&quot;0&quot;,&quot;iso&quot;:&quot;0&quot;,&quot;shutter_speed&quot;:&quot;0&quot;,&quot;title&quot;:&quot;&quot;,&quot;orientation&quot;:&quot;0&quot;}\" data-image-title=\"WhatsApp-Image-20160429 (2)\" data-image-description=\"\" data-medium-file=\"https:\/\/i0.wp.com\/noviasespana.com\/noviasbaleares\/wp-content\/uploads\/sites\/5\/2016\/05\/WhatsApp-Image-20160429-2.jpeg?fit=225%2C300\" data-large-file=\"https:\/\/i0.wp.com\/noviasespana.com\/noviasbaleares\/wp-content\/uploads\/sites\/5\/2016\/05\/WhatsApp-Image-20160429-2.jpeg?fit=768%2C1024\" src=\"https:\/\/i0.wp.com\/noviasespana.com\/noviasbaleares\/wp-content\/uploads\/sites\/5\/2016\/05\/WhatsApp-Image-20160429-2.jpeg?w=446&#038;h=595\" srcset=\"https:\/\/i0.wp.com\/noviasespana.com\/noviasbaleares\/wp-content\/uploads\/sites\/5\/2016\/05\/WhatsApp-Image-20160429-2.jpeg?w=1200 1200w, https:\/\/i0.wp.com\/noviasespana.com\/noviasbaleares\/wp-content\/uploads\/sites\/5\/2016\/05\/WhatsApp-Image-20160429-2.jpeg?resize=225%2C300 225w, https:\/\/i0.wp.com\/noviasespana.com\/noviasbaleares\/wp-content\/uploads\/sites\/5\/2016\/05\/WhatsApp-Image-20160429-2.jpeg?resize=768%2C1024 768w\" width=\"446\" height=\"595\" loading=\"lazy\" data-original-width=\"446\" data-original-height=\"595\" itemprop=\"http:\/\/schema.org\/image\" title=\"WhatsApp-Image-20160429 (2)\" alt=\"WhatsApp-Image-20160429 (2)\" style=\"width: 446px; height: 595px;\" \/> <\/a> <\/div> <\/div> <!-- close group --> <\/div> <!-- close row --> <div class=\"gallery-row\" style=\"width: 900px; height: 629px;\" data-original-width=\"900\" data-original-height=\"629\" > <div class=\"gallery-group images-3\" style=\"width: 278px; height: 629px;\" data-original-width=\"278\" data-original-height=\"629\" > <div class=\"tiled-gallery-item tiled-gallery-item-large\" itemprop=\"associatedMedia\" itemscope itemtype=\"http:\/\/schema.org\/ImageObject\"> <a href=\"http:\/\/noviasespana.com\/noviasbaleares\/cronica-la-barcelona-bridal-week\/whatsapp-image-20160429-1\/\" border=\"0\" itemprop=\"url\"> <meta itemprop=\"width\" content=\"274\"> <meta itemprop=\"height\" content=\"206\"> <img decoding=\"async\" class=\"\" data-attachment-id=\"4146\" data-orig-file=\"http:\/\/noviasespana.com\/noviasbaleares\/wp-content\/uploads\/sites\/5\/2016\/05\/WhatsApp-Image-20160429-1.jpeg\" data-orig-size=\"1600,1200\" data-comments-opened=\"1\" data-image-meta=\"{&quot;aperture&quot;:&quot;0&quot;,&quot;credit&quot;:&quot;&quot;,&quot;camera&quot;:&quot;&quot;,&quot;caption&quot;:&quot;&quot;,&quot;created_timestamp&quot;:&quot;0&quot;,&quot;copyright&quot;:&quot;&quot;,&quot;focal_length&quot;:&quot;0&quot;,&quot;iso&quot;:&quot;0&quot;,&quot;shutter_speed&quot;:&quot;0&quot;,&quot;title&quot;:&quot;&quot;,&quot;orientation&quot;:&quot;0&quot;}\" data-image-title=\"WhatsApp-Image-20160429 (1)\" data-image-description=\"\" data-medium-file=\"https:\/\/i0.wp.com\/noviasespana.com\/noviasbaleares\/wp-content\/uploads\/sites\/5\/2016\/05\/WhatsApp-Image-20160429-1.jpeg?fit=300%2C225\" data-large-file=\"https:\/\/i0.wp.com\/noviasespana.com\/noviasbaleares\/wp-content\/uploads\/sites\/5\/2016\/05\/WhatsApp-Image-20160429-1.jpeg?fit=900%2C675\" src=\"https:\/\/i0.wp.com\/noviasespana.com\/noviasbaleares\/wp-content\/uploads\/sites\/5\/2016\/05\/WhatsApp-Image-20160429-1.jpeg?w=274&#038;h=206\" srcset=\"https:\/\/i0.wp.com\/noviasespana.com\/noviasbaleares\/wp-content\/uploads\/sites\/5\/2016\/05\/WhatsApp-Image-20160429-1.jpeg?w=1600 1600w, https:\/\/i0.wp.com\/noviasespana.com\/noviasbaleares\/wp-content\/uploads\/sites\/5\/2016\/05\/WhatsApp-Image-20160429-1.jpeg?resize=300%2C225 300w, https:\/\/i0.wp.com\/noviasespana.com\/noviasbaleares\/wp-content\/uploads\/sites\/5\/2016\/05\/WhatsApp-Image-20160429-1.jpeg?resize=768%2C576 768w, https:\/\/i0.wp.com\/noviasespana.com\/noviasbaleares\/wp-content\/uploads\/sites\/5\/2016\/05\/WhatsApp-Image-20160429-1.jpeg?resize=1024%2C768 1024w\" width=\"274\" height=\"206\" loading=\"lazy\" data-original-width=\"274\" data-original-height=\"206\" itemprop=\"http:\/\/schema.org\/image\" title=\"WhatsApp-Image-20160429 (1)\" alt=\"WhatsApp-Image-20160429 (1)\" style=\"width: 274px; height: 206px;\" \/> <\/a> <\/div> <div class=\"tiled-gallery-item tiled-gallery-item-large\" itemprop=\"associatedMedia\" itemscope itemtype=\"http:\/\/schema.org\/ImageObject\"> <a href=\"http:\/\/noviasespana.com\/noviasbaleares\/cronica-la-barcelona-bridal-week\/whatsapp-image-20160429\/\" border=\"0\" itemprop=\"url\"> <meta itemprop=\"width\" content=\"274\"> <meta itemprop=\"height\" content=\"206\"> <img decoding=\"async\" class=\"\" data-attachment-id=\"4145\" data-orig-file=\"http:\/\/noviasespana.com\/noviasbaleares\/wp-content\/uploads\/sites\/5\/2016\/05\/WhatsApp-Image-20160429.jpeg\" data-orig-size=\"1600,1200\" data-comments-opened=\"1\" data-image-meta=\"{&quot;aperture&quot;:&quot;0&quot;,&quot;credit&quot;:&quot;&quot;,&quot;camera&quot;:&quot;&quot;,&quot;caption&quot;:&quot;&quot;,&quot;created_timestamp&quot;:&quot;0&quot;,&quot;copyright&quot;:&quot;&quot;,&quot;focal_length&quot;:&quot;0&quot;,&quot;iso&quot;:&quot;0&quot;,&quot;shutter_speed&quot;:&quot;0&quot;,&quot;title&quot;:&quot;&quot;,&quot;orientation&quot;:&quot;0&quot;}\" data-image-title=\"WhatsApp-Image-20160429\" data-image-description=\"\" data-medium-file=\"https:\/\/i0.wp.com\/noviasespana.com\/noviasbaleares\/wp-content\/uploads\/sites\/5\/2016\/05\/WhatsApp-Image-20160429.jpeg?fit=300%2C225\" data-large-file=\"https:\/\/i0.wp.com\/noviasespana.com\/noviasbaleares\/wp-content\/uploads\/sites\/5\/2016\/05\/WhatsApp-Image-20160429.jpeg?fit=900%2C675\" src=\"https:\/\/i0.wp.com\/noviasespana.com\/noviasbaleares\/wp-content\/uploads\/sites\/5\/2016\/05\/WhatsApp-Image-20160429.jpeg?w=274&#038;h=206\" srcset=\"https:\/\/i0.wp.com\/noviasespana.com\/noviasbaleares\/wp-content\/uploads\/sites\/5\/2016\/05\/WhatsApp-Image-20160429.jpeg?w=1600 1600w, https:\/\/i0.wp.com\/noviasespana.com\/noviasbaleares\/wp-content\/uploads\/sites\/5\/2016\/05\/WhatsApp-Image-20160429.jpeg?resize=300%2C225 300w, https:\/\/i0.wp.com\/noviasespana.com\/noviasbaleares\/wp-content\/uploads\/sites\/5\/2016\/05\/WhatsApp-Image-20160429.jpeg?resize=768%2C576 768w, https:\/\/i0.wp.com\/noviasespana.com\/noviasbaleares\/wp-content\/uploads\/sites\/5\/2016\/05\/WhatsApp-Image-20160429.jpeg?resize=1024%2C768 1024w\" width=\"274\" height=\"206\" loading=\"lazy\" data-original-width=\"274\" data-original-height=\"206\" itemprop=\"http:\/\/schema.org\/image\" title=\"WhatsApp-Image-20160429\" alt=\"Backstage Rosa Clar\u00e1\" style=\"width: 274px; height: 206px;\" \/> <\/a> <div class=\"tiled-gallery-caption\" itemprop=\"caption description\"> Backstage Rosa Clar\u00e1 <\/div> <\/div> <div class=\"tiled-gallery-item tiled-gallery-item-large\" itemprop=\"associatedMedia\" itemscope itemtype=\"http:\/\/schema.org\/ImageObject\"> <a href=\"http:\/\/noviasespana.com\/noviasbaleares\/cronica-la-barcelona-bridal-week\/9e17aa39-f83b-4293-a7a7-d07b1cc17328\/\" border=\"0\" itemprop=\"url\"> <meta itemprop=\"width\" content=\"274\"> <meta itemprop=\"height\" content=\"205\"> <img decoding=\"async\" class=\"\" data-attachment-id=\"4144\" data-orig-file=\"http:\/\/noviasespana.com\/noviasbaleares\/wp-content\/uploads\/sites\/5\/2016\/05\/9e17aa39-f83b-4293-a7a7-d07b1cc17328.jpg\" data-orig-size=\"1600,1200\" data-comments-opened=\"1\" data-image-meta=\"{&quot;aperture&quot;:&quot;0&quot;,&quot;credit&quot;:&quot;&quot;,&quot;camera&quot;:&quot;&quot;,&quot;caption&quot;:&quot;&quot;,&quot;created_timestamp&quot;:&quot;0&quot;,&quot;copyright&quot;:&quot;&quot;,&quot;focal_length&quot;:&quot;0&quot;,&quot;iso&quot;:&quot;0&quot;,&quot;shutter_speed&quot;:&quot;0&quot;,&quot;title&quot;:&quot;&quot;,&quot;orientation&quot;:&quot;0&quot;}\" data-image-title=\"9e17aa39-f83b-4293-a7a7-d07b1cc17328\" data-image-description=\"\" data-medium-file=\"https:\/\/i0.wp.com\/noviasespana.com\/noviasbaleares\/wp-content\/uploads\/sites\/5\/2016\/05\/9e17aa39-f83b-4293-a7a7-d07b1cc17328.jpg?fit=300%2C225\" data-large-file=\"https:\/\/i0.wp.com\/noviasespana.com\/noviasbaleares\/wp-content\/uploads\/sites\/5\/2016\/05\/9e17aa39-f83b-4293-a7a7-d07b1cc17328.jpg?fit=900%2C675\" src=\"https:\/\/i0.wp.com\/noviasespana.com\/noviasbaleares\/wp-content\/uploads\/sites\/5\/2016\/05\/9e17aa39-f83b-4293-a7a7-d07b1cc17328.jpg?w=274&#038;h=205\" srcset=\"https:\/\/i0.wp.com\/noviasespana.com\/noviasbaleares\/wp-content\/uploads\/sites\/5\/2016\/05\/9e17aa39-f83b-4293-a7a7-d07b1cc17328.jpg?w=1600 1600w, https:\/\/i0.wp.com\/noviasespana.com\/noviasbaleares\/wp-content\/uploads\/sites\/5\/2016\/05\/9e17aa39-f83b-4293-a7a7-d07b1cc17328.jpg?resize=300%2C225 300w, https:\/\/i0.wp.com\/noviasespana.com\/noviasbaleares\/wp-content\/uploads\/sites\/5\/2016\/05\/9e17aa39-f83b-4293-a7a7-d07b1cc17328.jpg?resize=768%2C576 768w, https:\/\/i0.wp.com\/noviasespana.com\/noviasbaleares\/wp-content\/uploads\/sites\/5\/2016\/05\/9e17aa39-f83b-4293-a7a7-d07b1cc17328.jpg?resize=1024%2C768 1024w\" width=\"274\" height=\"205\" loading=\"lazy\" data-original-width=\"274\" data-original-height=\"205\" itemprop=\"http:\/\/schema.org\/image\" title=\"9e17aa39-f83b-4293-a7a7-d07b1cc17328\" alt=\"Rosa Clar\u00e1\" style=\"width: 274px; height: 205px;\" \/> <\/a> <div class=\"tiled-gallery-caption\" itemprop=\"caption description\"> Rosa Clar\u00e1 <\/div> <\/div> <\/div> <!-- close group --> <div class=\"gallery-group images-1\" style=\"width: 622px; height: 629px;\" data-original-width=\"622\" data-original-height=\"629\" > <div class=\"tiled-gallery-item tiled-gallery-item-large\" itemprop=\"associatedMedia\" itemscope itemtype=\"http:\/\/schema.org\/ImageObject\"> <a href=\"http:\/\/noviasespana.com\/noviasbaleares\/cronica-la-barcelona-bridal-week\/irina-shayk-490x578\/\" border=\"0\" itemprop=\"url\"> <meta itemprop=\"width\" content=\"618\"> <meta itemprop=\"height\" content=\"625\"> <img decoding=\"async\" class=\"\" data-attachment-id=\"4143\" data-orig-file=\"http:\/\/noviasespana.com\/noviasbaleares\/wp-content\/uploads\/sites\/5\/2016\/05\/irina-shayk-490x578-e1463044642728.jpg\" data-orig-size=\"471,476\" data-comments-opened=\"1\" data-image-meta=\"{&quot;aperture&quot;:&quot;0&quot;,&quot;credit&quot;:&quot;&quot;,&quot;camera&quot;:&quot;&quot;,&quot;caption&quot;:&quot;&quot;,&quot;created_timestamp&quot;:&quot;0&quot;,&quot;copyright&quot;:&quot;&quot;,&quot;focal_length&quot;:&quot;0&quot;,&quot;iso&quot;:&quot;0&quot;,&quot;shutter_speed&quot;:&quot;0&quot;,&quot;title&quot;:&quot;&quot;,&quot;orientation&quot;:&quot;0&quot;}\" data-image-title=\"irina-shayk&#8211;490&#215;578\" data-image-description=\"\" data-medium-file=\"https:\/\/i0.wp.com\/noviasespana.com\/noviasbaleares\/wp-content\/uploads\/sites\/5\/2016\/05\/irina-shayk-490x578-e1463044642728.jpg?fit=297%2C300\" data-large-file=\"https:\/\/i0.wp.com\/noviasespana.com\/noviasbaleares\/wp-content\/uploads\/sites\/5\/2016\/05\/irina-shayk-490x578-e1463044642728.jpg?fit=471%2C476\" src=\"https:\/\/i0.wp.com\/noviasespana.com\/noviasbaleares\/wp-content\/uploads\/sites\/5\/2016\/05\/irina-shayk-490x578-e1463044642728.jpg?w=618&#038;h=625\" srcset=\"https:\/\/i0.wp.com\/noviasespana.com\/noviasbaleares\/wp-content\/uploads\/sites\/5\/2016\/05\/irina-shayk-490x578-e1463044642728.jpg?w=471 471w, https:\/\/i0.wp.com\/noviasespana.com\/noviasbaleares\/wp-content\/uploads\/sites\/5\/2016\/05\/irina-shayk-490x578-e1463044642728.jpg?resize=297%2C300 297w\" width=\"618\" height=\"625\" loading=\"lazy\" data-original-width=\"618\" data-original-height=\"625\" itemprop=\"http:\/\/schema.org\/image\" title=\"irina-shayk--490x578\" alt=\"Irina Shayk\" style=\"width: 618px; height: 625px;\" \/> <\/a> <div class=\"tiled-gallery-caption\" itemprop=\"caption description\"> Irina Shayk <\/div> <\/div> <\/div> <!-- close group --> <\/div> <!-- close row --> <\/div>\n","protected":false},"excerpt":{"rendered":"<p>La pasarela de novia BBW se abri\u00f3 el martes con el desfile de ROSA CLAR\u00c1, que no defraud\u00f3 y mantiene su estilo cl\u00e1sico y elegante que desde hace a\u00f1os define su nombre. Hemos visto desfilar por ella a dise\u00f1adores del panorama nacional como YOLAN CRIS, JES\u00daS PEIRO, ISABEL ZAPARDIEZ, o PATRICIA AVENDA\u00d1O, que puntuales acuden [&hellip;]<\/p>\n","protected":false},"author":2,"featured_media":4143,"comment_status":"open","ping_status":"open","sticky":false,"template":"","format":"standard","meta":{"jetpack_post_was_ever_published":false,"_jetpack_newsletter_access":"","_jetpack_dont_email_post_to_subs":false,"_jetpack_newsletter_tier_id":0,"_jetpack_memberships_contains_paywalled_content":false,"_jetpack_memberships_contains_paid_content":false,"footnotes":""},"categories":[3,6,1],"tags":[8],"class_list":["post-4142","post","type-post","status-publish","format-standard","has-post-thumbnail","hentry","category-espana","category-noticias","category-novias","tag-destacado"],"yoast_head":"<!-- This site is optimized with the Yoast SEO plugin v27.5 - https:\/\/yoast.com\/product\/yoast-seo-wordpress\/ -->\n<title>Cr\u00f3nica de la Barcelona Bridal Week - Novias Baleares<\/title>\n<meta name=\"robots\" content=\"index, follow, max-snippet:-1, max-image-preview:large, max-video-preview:-1\" \/>\n<link rel=\"canonical\" href=\"http:\/\/noviasespana.com\/noviasbaleares\/cronica-la-barcelona-bridal-week\/\" \/>\n<meta property=\"og:locale\" content=\"es_ES\" \/>\n<meta property=\"og:type\" content=\"article\" \/>\n<meta property=\"og:title\" content=\"Cr\u00f3nica de la Barcelona Bridal Week - Novias Baleares\" \/>\n<meta property=\"og:description\" content=\"La pasarela de novia BBW se abri\u00f3 el martes con el desfile de ROSA CLAR\u00c1, que no defraud\u00f3 y mantiene su estilo cl\u00e1sico y elegante que desde hace a\u00f1os define su nombre. Hemos visto desfilar por ella a dise\u00f1adores del panorama nacional como YOLAN CRIS, JES\u00daS PEIRO, ISABEL ZAPARDIEZ, o PATRICIA AVENDA\u00d1O, que puntuales acuden [&hellip;]\" \/>\n<meta property=\"og:url\" content=\"http:\/\/noviasespana.com\/noviasbaleares\/cronica-la-barcelona-bridal-week\/\" \/>\n<meta property=\"og:site_name\" content=\"Novias Baleares\" \/>\n<meta property=\"article:published_time\" content=\"2016-05-02T10:05:08+00:00\" \/>\n<meta property=\"article:modified_time\" content=\"2016-05-19T01:13:14+00:00\" \/>\n<meta property=\"og:image\" content=\"https:\/\/i2.wp.com\/noviasespana.com\/noviasbaleares\/wp-content\/uploads\/sites\/5\/2016\/05\/irina-shayk-490x578-e1463044642728.jpg?fit=471%2C476\" \/>\n\t<meta property=\"og:image:width\" content=\"471\" \/>\n\t<meta property=\"og:image:height\" content=\"476\" \/>\n\t<meta property=\"og:image:type\" content=\"image\/jpeg\" \/>\n<meta name=\"author\" content=\"admin\" \/>\n<meta name=\"twitter:label1\" content=\"Escrito por\" \/>\n\t<meta name=\"twitter:data1\" content=\"admin\" \/>\n\t<meta name=\"twitter:label2\" content=\"Tiempo de lectura\" \/>\n\t<meta name=\"twitter:data2\" content=\"2 minutos\" \/>\n<script type=\"application\/ld+json\" class=\"yoast-schema-graph\">{\"@context\":\"https:\\\/\\\/schema.org\",\"@graph\":[{\"@type\":\"Article\",\"@id\":\"http:\\\/\\\/noviasespana.com\\\/noviasbaleares\\\/cronica-la-barcelona-bridal-week\\\/#article\",\"isPartOf\":{\"@id\":\"http:\\\/\\\/noviasespana.com\\\/noviasbaleares\\\/cronica-la-barcelona-bridal-week\\\/\"},\"author\":{\"name\":\"admin\",\"@id\":\"http:\\\/\\\/noviasespana.com\\\/noviasbaleares\\\/#\\\/schema\\\/person\\\/82ff6e303fad28e4da623aa4d27969ed\"},\"headline\":\"Cr\u00f3nica de la Barcelona Bridal Week\",\"datePublished\":\"2016-05-02T10:05:08+00:00\",\"dateModified\":\"2016-05-19T01:13:14+00:00\",\"mainEntityOfPage\":{\"@id\":\"http:\\\/\\\/noviasespana.com\\\/noviasbaleares\\\/cronica-la-barcelona-bridal-week\\\/\"},\"wordCount\":344,\"commentCount\":0,\"image\":{\"@id\":\"http:\\\/\\\/noviasespana.com\\\/noviasbaleares\\\/cronica-la-barcelona-bridal-week\\\/#primaryimage\"},\"thumbnailUrl\":\"https:\\\/\\\/i0.wp.com\\\/noviasespana.com\\\/noviasbaleares\\\/wp-content\\\/uploads\\\/sites\\\/5\\\/2016\\\/05\\\/irina-shayk-490x578-e1463044642728.jpg?fit=471%2C476\",\"keywords\":[\"destacado\"],\"articleSection\":[\"Espa\u00f1a\",\"Noticias\",\"novias\"],\"inLanguage\":\"es\",\"potentialAction\":[{\"@type\":\"CommentAction\",\"name\":\"Comment\",\"target\":[\"http:\\\/\\\/noviasespana.com\\\/noviasbaleares\\\/cronica-la-barcelona-bridal-week\\\/#respond\"]}]},{\"@type\":\"WebPage\",\"@id\":\"http:\\\/\\\/noviasespana.com\\\/noviasbaleares\\\/cronica-la-barcelona-bridal-week\\\/\",\"url\":\"http:\\\/\\\/noviasespana.com\\\/noviasbaleares\\\/cronica-la-barcelona-bridal-week\\\/\",\"name\":\"Cr\u00f3nica de la Barcelona Bridal Week - Novias Baleares\",\"isPartOf\":{\"@id\":\"http:\\\/\\\/noviasespana.com\\\/noviasbaleares\\\/#website\"},\"primaryImageOfPage\":{\"@id\":\"http:\\\/\\\/noviasespana.com\\\/noviasbaleares\\\/cronica-la-barcelona-bridal-week\\\/#primaryimage\"},\"image\":{\"@id\":\"http:\\\/\\\/noviasespana.com\\\/noviasbaleares\\\/cronica-la-barcelona-bridal-week\\\/#primaryimage\"},\"thumbnailUrl\":\"https:\\\/\\\/i0.wp.com\\\/noviasespana.com\\\/noviasbaleares\\\/wp-content\\\/uploads\\\/sites\\\/5\\\/2016\\\/05\\\/irina-shayk-490x578-e1463044642728.jpg?fit=471%2C476\",\"datePublished\":\"2016-05-02T10:05:08+00:00\",\"dateModified\":\"2016-05-19T01:13:14+00:00\",\"author\":{\"@id\":\"http:\\\/\\\/noviasespana.com\\\/noviasbaleares\\\/#\\\/schema\\\/person\\\/82ff6e303fad28e4da623aa4d27969ed\"},\"breadcrumb\":{\"@id\":\"http:\\\/\\\/noviasespana.com\\\/noviasbaleares\\\/cronica-la-barcelona-bridal-week\\\/#breadcrumb\"},\"inLanguage\":\"es\",\"potentialAction\":[{\"@type\":\"ReadAction\",\"target\":[\"http:\\\/\\\/noviasespana.com\\\/noviasbaleares\\\/cronica-la-barcelona-bridal-week\\\/\"]}]},{\"@type\":\"ImageObject\",\"inLanguage\":\"es\",\"@id\":\"http:\\\/\\\/noviasespana.com\\\/noviasbaleares\\\/cronica-la-barcelona-bridal-week\\\/#primaryimage\",\"url\":\"https:\\\/\\\/i0.wp.com\\\/noviasespana.com\\\/noviasbaleares\\\/wp-content\\\/uploads\\\/sites\\\/5\\\/2016\\\/05\\\/irina-shayk-490x578-e1463044642728.jpg?fit=471%2C476\",\"contentUrl\":\"https:\\\/\\\/i0.wp.com\\\/noviasespana.com\\\/noviasbaleares\\\/wp-content\\\/uploads\\\/sites\\\/5\\\/2016\\\/05\\\/irina-shayk-490x578-e1463044642728.jpg?fit=471%2C476\",\"width\":471,\"height\":476,\"caption\":\"Irina Shayk\"},{\"@type\":\"BreadcrumbList\",\"@id\":\"http:\\\/\\\/noviasespana.com\\\/noviasbaleares\\\/cronica-la-barcelona-bridal-week\\\/#breadcrumb\",\"itemListElement\":[{\"@type\":\"ListItem\",\"position\":1,\"name\":\"Portada\",\"item\":\"http:\\\/\\\/noviasespana.com\\\/noviasbaleares\\\/\"},{\"@type\":\"ListItem\",\"position\":2,\"name\":\"Cr\u00f3nica de la Barcelona Bridal Week\"}]},{\"@type\":\"WebSite\",\"@id\":\"http:\\\/\\\/noviasespana.com\\\/noviasbaleares\\\/#website\",\"url\":\"http:\\\/\\\/noviasespana.com\\\/noviasbaleares\\\/\",\"name\":\"Novias Baleares\",\"description\":\"Revista de novias\",\"potentialAction\":[{\"@type\":\"SearchAction\",\"target\":{\"@type\":\"EntryPoint\",\"urlTemplate\":\"http:\\\/\\\/noviasespana.com\\\/noviasbaleares\\\/?s={search_term_string}\"},\"query-input\":{\"@type\":\"PropertyValueSpecification\",\"valueRequired\":true,\"valueName\":\"search_term_string\"}}],\"inLanguage\":\"es\"},{\"@type\":\"Person\",\"@id\":\"http:\\\/\\\/noviasespana.com\\\/noviasbaleares\\\/#\\\/schema\\\/person\\\/82ff6e303fad28e4da623aa4d27969ed\",\"name\":\"admin\",\"image\":{\"@type\":\"ImageObject\",\"inLanguage\":\"es\",\"@id\":\"https:\\\/\\\/secure.gravatar.com\\\/avatar\\\/0f45231fddfb43fcbd0cdde4582a3580baf474d75fca7d494b42ff86847de871?s=96&d=mm&r=g\",\"url\":\"https:\\\/\\\/secure.gravatar.com\\\/avatar\\\/0f45231fddfb43fcbd0cdde4582a3580baf474d75fca7d494b42ff86847de871?s=96&d=mm&r=g\",\"contentUrl\":\"https:\\\/\\\/secure.gravatar.com\\\/avatar\\\/0f45231fddfb43fcbd0cdde4582a3580baf474d75fca7d494b42ff86847de871?s=96&d=mm&r=g\",\"caption\":\"admin\"},\"url\":\"http:\\\/\\\/noviasespana.com\\\/noviasbaleares\\\/author\\\/admin\\\/\"}]}<\/script>\n<!-- \/ Yoast SEO plugin. -->","yoast_head_json":{"title":"Cr\u00f3nica de la Barcelona Bridal Week - Novias Baleares","robots":{"index":"index","follow":"follow","max-snippet":"max-snippet:-1","max-image-preview":"max-image-preview:large","max-video-preview":"max-video-preview:-1"},"canonical":"http:\/\/noviasespana.com\/noviasbaleares\/cronica-la-barcelona-bridal-week\/","og_locale":"es_ES","og_type":"article","og_title":"Cr\u00f3nica de la Barcelona Bridal Week - Novias Baleares","og_description":"La pasarela de novia BBW se abri\u00f3 el martes con el desfile de ROSA CLAR\u00c1, que no defraud\u00f3 y mantiene su estilo cl\u00e1sico y elegante que desde hace a\u00f1os define su nombre. Hemos visto desfilar por ella a dise\u00f1adores del panorama nacional como YOLAN CRIS, JES\u00daS PEIRO, ISABEL ZAPARDIEZ, o PATRICIA AVENDA\u00d1O, que puntuales acuden [&hellip;]","og_url":"http:\/\/noviasespana.com\/noviasbaleares\/cronica-la-barcelona-bridal-week\/","og_site_name":"Novias Baleares","article_published_time":"2016-05-02T10:05:08+00:00","article_modified_time":"2016-05-19T01:13:14+00:00","og_image":[{"width":471,"height":476,"url":"https:\/\/i2.wp.com\/noviasespana.com\/noviasbaleares\/wp-content\/uploads\/sites\/5\/2016\/05\/irina-shayk-490x578-e1463044642728.jpg?fit=471%2C476","type":"image\/jpeg"}],"author":"admin","twitter_misc":{"Escrito por":"admin","Tiempo de lectura":"2 minutos"},"schema":{"@context":"https:\/\/schema.org","@graph":[{"@type":"Article","@id":"http:\/\/noviasespana.com\/noviasbaleares\/cronica-la-barcelona-bridal-week\/#article","isPartOf":{"@id":"http:\/\/noviasespana.com\/noviasbaleares\/cronica-la-barcelona-bridal-week\/"},"author":{"name":"admin","@id":"http:\/\/noviasespana.com\/noviasbaleares\/#\/schema\/person\/82ff6e303fad28e4da623aa4d27969ed"},"headline":"Cr\u00f3nica de la Barcelona Bridal Week","datePublished":"2016-05-02T10:05:08+00:00","dateModified":"2016-05-19T01:13:14+00:00","mainEntityOfPage":{"@id":"http:\/\/noviasespana.com\/noviasbaleares\/cronica-la-barcelona-bridal-week\/"},"wordCount":344,"commentCount":0,"image":{"@id":"http:\/\/noviasespana.com\/noviasbaleares\/cronica-la-barcelona-bridal-week\/#primaryimage"},"thumbnailUrl":"https:\/\/i0.wp.com\/noviasespana.com\/noviasbaleares\/wp-content\/uploads\/sites\/5\/2016\/05\/irina-shayk-490x578-e1463044642728.jpg?fit=471%2C476","keywords":["destacado"],"articleSection":["Espa\u00f1a","Noticias","novias"],"inLanguage":"es","potentialAction":[{"@type":"CommentAction","name":"Comment","target":["http:\/\/noviasespana.com\/noviasbaleares\/cronica-la-barcelona-bridal-week\/#respond"]}]},{"@type":"WebPage","@id":"http:\/\/noviasespana.com\/noviasbaleares\/cronica-la-barcelona-bridal-week\/","url":"http:\/\/noviasespana.com\/noviasbaleares\/cronica-la-barcelona-bridal-week\/","name":"Cr\u00f3nica de la Barcelona Bridal Week - Novias Baleares","isPartOf":{"@id":"http:\/\/noviasespana.com\/noviasbaleares\/#website"},"primaryImageOfPage":{"@id":"http:\/\/noviasespana.com\/noviasbaleares\/cronica-la-barcelona-bridal-week\/#primaryimage"},"image":{"@id":"http:\/\/noviasespana.com\/noviasbaleares\/cronica-la-barcelona-bridal-week\/#primaryimage"},"thumbnailUrl":"https:\/\/i0.wp.com\/noviasespana.com\/noviasbaleares\/wp-content\/uploads\/sites\/5\/2016\/05\/irina-shayk-490x578-e1463044642728.jpg?fit=471%2C476","datePublished":"2016-05-02T10:05:08+00:00","dateModified":"2016-05-19T01:13:14+00:00","author":{"@id":"http:\/\/noviasespana.com\/noviasbaleares\/#\/schema\/person\/82ff6e303fad28e4da623aa4d27969ed"},"breadcrumb":{"@id":"http:\/\/noviasespana.com\/noviasbaleares\/cronica-la-barcelona-bridal-week\/#breadcrumb"},"inLanguage":"es","potentialAction":[{"@type":"ReadAction","target":["http:\/\/noviasespana.com\/noviasbaleares\/cronica-la-barcelona-bridal-week\/"]}]},{"@type":"ImageObject","inLanguage":"es","@id":"http:\/\/noviasespana.com\/noviasbaleares\/cronica-la-barcelona-bridal-week\/#primaryimage","url":"https:\/\/i0.wp.com\/noviasespana.com\/noviasbaleares\/wp-content\/uploads\/sites\/5\/2016\/05\/irina-shayk-490x578-e1463044642728.jpg?fit=471%2C476","contentUrl":"https:\/\/i0.wp.com\/noviasespana.com\/noviasbaleares\/wp-content\/uploads\/sites\/5\/2016\/05\/irina-shayk-490x578-e1463044642728.jpg?fit=471%2C476","width":471,"height":476,"caption":"Irina Shayk"},{"@type":"BreadcrumbList","@id":"http:\/\/noviasespana.com\/noviasbaleares\/cronica-la-barcelona-bridal-week\/#breadcrumb","itemListElement":[{"@type":"ListItem","position":1,"name":"Portada","item":"http:\/\/noviasespana.com\/noviasbaleares\/"},{"@type":"ListItem","position":2,"name":"Cr\u00f3nica de la Barcelona Bridal Week"}]},{"@type":"WebSite","@id":"http:\/\/noviasespana.com\/noviasbaleares\/#website","url":"http:\/\/noviasespana.com\/noviasbaleares\/","name":"Novias Baleares","description":"Revista de novias","potentialAction":[{"@type":"SearchAction","target":{"@type":"EntryPoint","urlTemplate":"http:\/\/noviasespana.com\/noviasbaleares\/?s={search_term_string}"},"query-input":{"@type":"PropertyValueSpecification","valueRequired":true,"valueName":"search_term_string"}}],"inLanguage":"es"},{"@type":"Person","@id":"http:\/\/noviasespana.com\/noviasbaleares\/#\/schema\/person\/82ff6e303fad28e4da623aa4d27969ed","name":"admin","image":{"@type":"ImageObject","inLanguage":"es","@id":"https:\/\/secure.gravatar.com\/avatar\/0f45231fddfb43fcbd0cdde4582a3580baf474d75fca7d494b42ff86847de871?s=96&d=mm&r=g","url":"https:\/\/secure.gravatar.com\/avatar\/0f45231fddfb43fcbd0cdde4582a3580baf474d75fca7d494b42ff86847de871?s=96&d=mm&r=g","contentUrl":"https:\/\/secure.gravatar.com\/avatar\/0f45231fddfb43fcbd0cdde4582a3580baf474d75fca7d494b42ff86847de871?s=96&d=mm&r=g","caption":"admin"},"url":"http:\/\/noviasespana.com\/noviasbaleares\/author\/admin\/"}]}},"jetpack_featured_media_url":"https:\/\/i0.wp.com\/noviasespana.com\/noviasbaleares\/wp-content\/uploads\/sites\/5\/2016\/05\/irina-shayk-490x578-e1463044642728.jpg?fit=471%2C476","jetpack_sharing_enabled":true,"jetpack_shortlink":"https:\/\/wp.me\/p5Hg6P-14O","jetpack_likes_enabled":true,"_links":{"self":[{"href":"http:\/\/noviasespana.com\/noviasbaleares\/wp-json\/wp\/v2\/posts\/4142","targetHints":{"allow":["GET"]}}],"collection":[{"href":"http:\/\/noviasespana.com\/noviasbaleares\/wp-json\/wp\/v2\/posts"}],"about":[{"href":"http:\/\/noviasespana.com\/noviasbaleares\/wp-json\/wp\/v2\/types\/post"}],"author":[{"embeddable":true,"href":"http:\/\/noviasespana.com\/noviasbaleares\/wp-json\/wp\/v2\/users\/2"}],"replies":[{"embeddable":true,"href":"http:\/\/noviasespana.com\/noviasbaleares\/wp-json\/wp\/v2\/comments?post=4142"}],"version-history":[{"count":1,"href":"http:\/\/noviasespana.com\/noviasbaleares\/wp-json\/wp\/v2\/posts\/4142\/revisions"}],"predecessor-version":[{"id":4149,"href":"http:\/\/noviasespana.com\/noviasbaleares\/wp-json\/wp\/v2\/posts\/4142\/revisions\/4149"}],"wp:featuredmedia":[{"embeddable":true,"href":"http:\/\/noviasespana.com\/noviasbaleares\/wp-json\/wp\/v2\/media\/4143"}],"wp:attachment":[{"href":"http:\/\/noviasespana.com\/noviasbaleares\/wp-json\/wp\/v2\/media?parent=4142"}],"wp:term":[{"taxonomy":"category","embeddable":true,"href":"http:\/\/noviasespana.com\/noviasbaleares\/wp-json\/wp\/v2\/categories?post=4142"},{"taxonomy":"post_tag","embeddable":true,"href":"http:\/\/noviasespana.com\/noviasbaleares\/wp-json\/wp\/v2\/tags?post=4142"}],"curies":[{"name":"wp","href":"https:\/\/api.w.org\/{rel}","templated":true}]}}