{"id":414,"date":"2009-11-17T12:38:03","date_gmt":"2009-11-17T10:38:03","guid":{"rendered":"http:\/\/www.diariodeunanovia.com\/blog\/?p=414"},"modified":"2009-11-17T12:38:03","modified_gmt":"2009-11-17T10:38:03","slug":"nueva-cita-para-los-futuros-novios-en-celebra-malaga","status":"publish","type":"post","link":"http:\/\/noviasespana.com\/noviasbaleares\/nueva-cita-para-los-futuros-novios-en-celebra-malaga\/","title":{"rendered":"Nueva cita para los futuros novios en \u00abCelebra M\u00e1laga\u00bb"},"content":{"rendered":"<p style=\"text-align: justify\">Hola chicas!!! El Palacio de Ferias y Congresos de M\u00e1laga (FYCMA) apuesta un a\u00f1o m\u00e1s por la organizaci\u00f3n de eventos y la moda nupcial, e incorpora a su calendario la feria de bodas y celebraciones \u00abCelebra M\u00e1laga\u00bb, que tendr\u00e1 lugar del 27 al 29 de noviembre, esto es, dentro de dos fines de semana. Tras el \u00e9xito experimentado en la pasada edici\u00f3n \u2013con m\u00e1s de 4.500 visitantes, un centenar de empresas representadas y cerca de 80 expositores\u2013 \u201cCelebra M\u00e1laga 2009\u201d se ha consolidado como referente dentro del marco competitivo de las ferias de bodas y celebraciones a nivel provincial y regional, un evento que destaca por su calidad y puesta en escena. Por ello, este a\u00f1o la convocatoria aglutina de nuevo una amplia oferta de empresas de diversos sectores que cubren todos los productos y servicios necesarios para cualquier evento social. En este sentido, estar\u00e1n presentes organizadoras de eventos, empresas de catering y montaje de carpas; m\u00fasica e iluminaci\u00f3n; regalos y listas de boda; representantes del sector de la moda nupcial y de fiesta; contrataci\u00f3n de transporte, y profesionales de fotograf\u00eda y v\u00eddeo, entre otros.<\/p>\n<p style=\"text-align: center\"><a href=\"http:\/\/www.fycma.com\/celebra.asp#\/goEvento\/Celebra\/\/Informacion_general\/Presentacion\/\"><img data-recalc-dims=\"1\" loading=\"lazy\" decoding=\"async\" class=\"aligncenter size-full wp-image-416\" title=\"Cartel_de_la_feria\" src=\"https:\/\/i0.wp.com\/www.diariodeunanovia.com\/blog\/wp-content\/uploads\/sites\/5\/2009\/11\/Cartel_de_la_feria.jpg?resize=328%2C504\" alt=\"Cartel_de_la_feria\" width=\"328\" height=\"504\" \/><\/a><em>(PIncha sobre la imagen para ir a la p\u00e1gina de \u00abCelebra M\u00e1laga\u00bb)<\/em><\/p>\n","protected":false},"excerpt":{"rendered":"<p>Hola chicas!!! El Palacio de Ferias y Congresos de M\u00e1laga (FYCMA) apuesta un a\u00f1o m\u00e1s por la organizaci\u00f3n de eventos y la moda nupcial, e incorpora a su calendario la feria de bodas y celebraciones \u00abCelebra M\u00e1laga\u00bb, que tendr\u00e1 lugar del 27 al 29 de noviembre, esto es, dentro de dos fines de semana. Tras [&hellip;]<\/p>\n","protected":false},"author":2,"featured_media":0,"comment_status":"open","ping_status":"open","sticky":false,"template":"","format":"standard","meta":{"jetpack_post_was_ever_published":false,"_jetpack_newsletter_access":"","_jetpack_dont_email_post_to_subs":false,"_jetpack_newsletter_tier_id":0,"_jetpack_memberships_contains_paywalled_content":false,"_jetpack_memberships_contains_paid_content":false,"footnotes":""},"categories":[1],"tags":[],"class_list":["post-414","post","type-post","status-publish","format-standard","hentry","category-novias"],"yoast_head":"<!-- This site is optimized with the Yoast SEO plugin v27.5 - https:\/\/yoast.com\/product\/yoast-seo-wordpress\/ -->\n<title>Nueva cita para los futuros novios en &quot;Celebra M\u00e1laga&quot; - Novias Baleares<\/title>\n<meta name=\"robots\" content=\"index, follow, max-snippet:-1, max-image-preview:large, max-video-preview:-1\" \/>\n<link rel=\"canonical\" href=\"http:\/\/noviasespana.com\/noviasbaleares\/nueva-cita-para-los-futuros-novios-en-celebra-malaga\/\" \/>\n<meta property=\"og:locale\" content=\"es_ES\" \/>\n<meta property=\"og:type\" content=\"article\" \/>\n<meta property=\"og:title\" content=\"Nueva cita para los futuros novios en &quot;Celebra M\u00e1laga&quot; - Novias Baleares\" \/>\n<meta property=\"og:description\" content=\"Hola chicas!!! El Palacio de Ferias y Congresos de M\u00e1laga (FYCMA) apuesta un a\u00f1o m\u00e1s por la organizaci\u00f3n de eventos y la moda nupcial, e incorpora a su calendario la feria de bodas y celebraciones \u00abCelebra M\u00e1laga\u00bb, que tendr\u00e1 lugar del 27 al 29 de noviembre, esto es, dentro de dos fines de semana. Tras [&hellip;]\" \/>\n<meta property=\"og:url\" content=\"http:\/\/noviasespana.com\/noviasbaleares\/nueva-cita-para-los-futuros-novios-en-celebra-malaga\/\" \/>\n<meta property=\"og:site_name\" content=\"Novias Baleares\" \/>\n<meta property=\"article:published_time\" content=\"2009-11-17T10:38:03+00:00\" \/>\n<meta property=\"og:image\" content=\"http:\/\/www.diariodeunanovia.com\/blog\/wp-content\/uploads\/sites\/5\/2009\/11\/Cartel_de_la_feria.jpg\" \/>\n<meta name=\"author\" content=\"admin\" \/>\n<meta name=\"twitter:label1\" content=\"Escrito por\" \/>\n\t<meta name=\"twitter:data1\" content=\"admin\" \/>\n\t<meta name=\"twitter:label2\" content=\"Tiempo de lectura\" \/>\n\t<meta name=\"twitter:data2\" content=\"1 minuto\" \/>\n<script type=\"application\/ld+json\" class=\"yoast-schema-graph\">{\"@context\":\"https:\\\/\\\/schema.org\",\"@graph\":[{\"@type\":\"Article\",\"@id\":\"http:\\\/\\\/noviasespana.com\\\/noviasbaleares\\\/nueva-cita-para-los-futuros-novios-en-celebra-malaga\\\/#article\",\"isPartOf\":{\"@id\":\"http:\\\/\\\/noviasespana.com\\\/noviasbaleares\\\/nueva-cita-para-los-futuros-novios-en-celebra-malaga\\\/\"},\"author\":{\"name\":\"admin\",\"@id\":\"http:\\\/\\\/noviasespana.com\\\/noviasbaleares\\\/#\\\/schema\\\/person\\\/82ff6e303fad28e4da623aa4d27969ed\"},\"headline\":\"Nueva cita para los futuros novios en \u00abCelebra M\u00e1laga\u00bb\",\"datePublished\":\"2009-11-17T10:38:03+00:00\",\"mainEntityOfPage\":{\"@id\":\"http:\\\/\\\/noviasespana.com\\\/noviasbaleares\\\/nueva-cita-para-los-futuros-novios-en-celebra-malaga\\\/\"},\"wordCount\":219,\"commentCount\":0,\"image\":{\"@id\":\"http:\\\/\\\/noviasespana.com\\\/noviasbaleares\\\/nueva-cita-para-los-futuros-novios-en-celebra-malaga\\\/#primaryimage\"},\"thumbnailUrl\":\"http:\\\/\\\/www.diariodeunanovia.com\\\/blog\\\/wp-content\\\/uploads\\\/sites\\\/5\\\/2009\\\/11\\\/Cartel_de_la_feria.jpg\",\"articleSection\":[\"novias\"],\"inLanguage\":\"es\",\"potentialAction\":[{\"@type\":\"CommentAction\",\"name\":\"Comment\",\"target\":[\"http:\\\/\\\/noviasespana.com\\\/noviasbaleares\\\/nueva-cita-para-los-futuros-novios-en-celebra-malaga\\\/#respond\"]}]},{\"@type\":\"WebPage\",\"@id\":\"http:\\\/\\\/noviasespana.com\\\/noviasbaleares\\\/nueva-cita-para-los-futuros-novios-en-celebra-malaga\\\/\",\"url\":\"http:\\\/\\\/noviasespana.com\\\/noviasbaleares\\\/nueva-cita-para-los-futuros-novios-en-celebra-malaga\\\/\",\"name\":\"Nueva cita para los futuros novios en \\\"Celebra M\u00e1laga\\\" - Novias Baleares\",\"isPartOf\":{\"@id\":\"http:\\\/\\\/noviasespana.com\\\/noviasbaleares\\\/#website\"},\"primaryImageOfPage\":{\"@id\":\"http:\\\/\\\/noviasespana.com\\\/noviasbaleares\\\/nueva-cita-para-los-futuros-novios-en-celebra-malaga\\\/#primaryimage\"},\"image\":{\"@id\":\"http:\\\/\\\/noviasespana.com\\\/noviasbaleares\\\/nueva-cita-para-los-futuros-novios-en-celebra-malaga\\\/#primaryimage\"},\"thumbnailUrl\":\"http:\\\/\\\/www.diariodeunanovia.com\\\/blog\\\/wp-content\\\/uploads\\\/sites\\\/5\\\/2009\\\/11\\\/Cartel_de_la_feria.jpg\",\"datePublished\":\"2009-11-17T10:38:03+00:00\",\"author\":{\"@id\":\"http:\\\/\\\/noviasespana.com\\\/noviasbaleares\\\/#\\\/schema\\\/person\\\/82ff6e303fad28e4da623aa4d27969ed\"},\"breadcrumb\":{\"@id\":\"http:\\\/\\\/noviasespana.com\\\/noviasbaleares\\\/nueva-cita-para-los-futuros-novios-en-celebra-malaga\\\/#breadcrumb\"},\"inLanguage\":\"es\",\"potentialAction\":[{\"@type\":\"ReadAction\",\"target\":[\"http:\\\/\\\/noviasespana.com\\\/noviasbaleares\\\/nueva-cita-para-los-futuros-novios-en-celebra-malaga\\\/\"]}]},{\"@type\":\"ImageObject\",\"inLanguage\":\"es\",\"@id\":\"http:\\\/\\\/noviasespana.com\\\/noviasbaleares\\\/nueva-cita-para-los-futuros-novios-en-celebra-malaga\\\/#primaryimage\",\"url\":\"http:\\\/\\\/www.diariodeunanovia.com\\\/blog\\\/wp-content\\\/uploads\\\/sites\\\/5\\\/2009\\\/11\\\/Cartel_de_la_feria.jpg\",\"contentUrl\":\"http:\\\/\\\/www.diariodeunanovia.com\\\/blog\\\/wp-content\\\/uploads\\\/sites\\\/5\\\/2009\\\/11\\\/Cartel_de_la_feria.jpg\"},{\"@type\":\"BreadcrumbList\",\"@id\":\"http:\\\/\\\/noviasespana.com\\\/noviasbaleares\\\/nueva-cita-para-los-futuros-novios-en-celebra-malaga\\\/#breadcrumb\",\"itemListElement\":[{\"@type\":\"ListItem\",\"position\":1,\"name\":\"Portada\",\"item\":\"http:\\\/\\\/noviasespana.com\\\/noviasbaleares\\\/\"},{\"@type\":\"ListItem\",\"position\":2,\"name\":\"Nueva cita para los futuros novios en \u00abCelebra M\u00e1laga\u00bb\"}]},{\"@type\":\"WebSite\",\"@id\":\"http:\\\/\\\/noviasespana.com\\\/noviasbaleares\\\/#website\",\"url\":\"http:\\\/\\\/noviasespana.com\\\/noviasbaleares\\\/\",\"name\":\"Novias Baleares\",\"description\":\"Revista de novias\",\"potentialAction\":[{\"@type\":\"SearchAction\",\"target\":{\"@type\":\"EntryPoint\",\"urlTemplate\":\"http:\\\/\\\/noviasespana.com\\\/noviasbaleares\\\/?s={search_term_string}\"},\"query-input\":{\"@type\":\"PropertyValueSpecification\",\"valueRequired\":true,\"valueName\":\"search_term_string\"}}],\"inLanguage\":\"es\"},{\"@type\":\"Person\",\"@id\":\"http:\\\/\\\/noviasespana.com\\\/noviasbaleares\\\/#\\\/schema\\\/person\\\/82ff6e303fad28e4da623aa4d27969ed\",\"name\":\"admin\",\"image\":{\"@type\":\"ImageObject\",\"inLanguage\":\"es\",\"@id\":\"https:\\\/\\\/secure.gravatar.com\\\/avatar\\\/0f45231fddfb43fcbd0cdde4582a3580baf474d75fca7d494b42ff86847de871?s=96&d=mm&r=g\",\"url\":\"https:\\\/\\\/secure.gravatar.com\\\/avatar\\\/0f45231fddfb43fcbd0cdde4582a3580baf474d75fca7d494b42ff86847de871?s=96&d=mm&r=g\",\"contentUrl\":\"https:\\\/\\\/secure.gravatar.com\\\/avatar\\\/0f45231fddfb43fcbd0cdde4582a3580baf474d75fca7d494b42ff86847de871?s=96&d=mm&r=g\",\"caption\":\"admin\"},\"url\":\"http:\\\/\\\/noviasespana.com\\\/noviasbaleares\\\/author\\\/admin\\\/\"}]}<\/script>\n<!-- \/ Yoast SEO plugin. -->","yoast_head_json":{"title":"Nueva cita para los futuros novios en \"Celebra M\u00e1laga\" - Novias Baleares","robots":{"index":"index","follow":"follow","max-snippet":"max-snippet:-1","max-image-preview":"max-image-preview:large","max-video-preview":"max-video-preview:-1"},"canonical":"http:\/\/noviasespana.com\/noviasbaleares\/nueva-cita-para-los-futuros-novios-en-celebra-malaga\/","og_locale":"es_ES","og_type":"article","og_title":"Nueva cita para los futuros novios en \"Celebra M\u00e1laga\" - Novias Baleares","og_description":"Hola chicas!!! El Palacio de Ferias y Congresos de M\u00e1laga (FYCMA) apuesta un a\u00f1o m\u00e1s por la organizaci\u00f3n de eventos y la moda nupcial, e incorpora a su calendario la feria de bodas y celebraciones \u00abCelebra M\u00e1laga\u00bb, que tendr\u00e1 lugar del 27 al 29 de noviembre, esto es, dentro de dos fines de semana. Tras [&hellip;]","og_url":"http:\/\/noviasespana.com\/noviasbaleares\/nueva-cita-para-los-futuros-novios-en-celebra-malaga\/","og_site_name":"Novias Baleares","article_published_time":"2009-11-17T10:38:03+00:00","og_image":[{"url":"http:\/\/www.diariodeunanovia.com\/blog\/wp-content\/uploads\/sites\/5\/2009\/11\/Cartel_de_la_feria.jpg","type":"","width":"","height":""}],"author":"admin","twitter_misc":{"Escrito por":"admin","Tiempo de lectura":"1 minuto"},"schema":{"@context":"https:\/\/schema.org","@graph":[{"@type":"Article","@id":"http:\/\/noviasespana.com\/noviasbaleares\/nueva-cita-para-los-futuros-novios-en-celebra-malaga\/#article","isPartOf":{"@id":"http:\/\/noviasespana.com\/noviasbaleares\/nueva-cita-para-los-futuros-novios-en-celebra-malaga\/"},"author":{"name":"admin","@id":"http:\/\/noviasespana.com\/noviasbaleares\/#\/schema\/person\/82ff6e303fad28e4da623aa4d27969ed"},"headline":"Nueva cita para los futuros novios en \u00abCelebra M\u00e1laga\u00bb","datePublished":"2009-11-17T10:38:03+00:00","mainEntityOfPage":{"@id":"http:\/\/noviasespana.com\/noviasbaleares\/nueva-cita-para-los-futuros-novios-en-celebra-malaga\/"},"wordCount":219,"commentCount":0,"image":{"@id":"http:\/\/noviasespana.com\/noviasbaleares\/nueva-cita-para-los-futuros-novios-en-celebra-malaga\/#primaryimage"},"thumbnailUrl":"http:\/\/www.diariodeunanovia.com\/blog\/wp-content\/uploads\/sites\/5\/2009\/11\/Cartel_de_la_feria.jpg","articleSection":["novias"],"inLanguage":"es","potentialAction":[{"@type":"CommentAction","name":"Comment","target":["http:\/\/noviasespana.com\/noviasbaleares\/nueva-cita-para-los-futuros-novios-en-celebra-malaga\/#respond"]}]},{"@type":"WebPage","@id":"http:\/\/noviasespana.com\/noviasbaleares\/nueva-cita-para-los-futuros-novios-en-celebra-malaga\/","url":"http:\/\/noviasespana.com\/noviasbaleares\/nueva-cita-para-los-futuros-novios-en-celebra-malaga\/","name":"Nueva cita para los futuros novios en \"Celebra M\u00e1laga\" - Novias Baleares","isPartOf":{"@id":"http:\/\/noviasespana.com\/noviasbaleares\/#website"},"primaryImageOfPage":{"@id":"http:\/\/noviasespana.com\/noviasbaleares\/nueva-cita-para-los-futuros-novios-en-celebra-malaga\/#primaryimage"},"image":{"@id":"http:\/\/noviasespana.com\/noviasbaleares\/nueva-cita-para-los-futuros-novios-en-celebra-malaga\/#primaryimage"},"thumbnailUrl":"http:\/\/www.diariodeunanovia.com\/blog\/wp-content\/uploads\/sites\/5\/2009\/11\/Cartel_de_la_feria.jpg","datePublished":"2009-11-17T10:38:03+00:00","author":{"@id":"http:\/\/noviasespana.com\/noviasbaleares\/#\/schema\/person\/82ff6e303fad28e4da623aa4d27969ed"},"breadcrumb":{"@id":"http:\/\/noviasespana.com\/noviasbaleares\/nueva-cita-para-los-futuros-novios-en-celebra-malaga\/#breadcrumb"},"inLanguage":"es","potentialAction":[{"@type":"ReadAction","target":["http:\/\/noviasespana.com\/noviasbaleares\/nueva-cita-para-los-futuros-novios-en-celebra-malaga\/"]}]},{"@type":"ImageObject","inLanguage":"es","@id":"http:\/\/noviasespana.com\/noviasbaleares\/nueva-cita-para-los-futuros-novios-en-celebra-malaga\/#primaryimage","url":"http:\/\/www.diariodeunanovia.com\/blog\/wp-content\/uploads\/sites\/5\/2009\/11\/Cartel_de_la_feria.jpg","contentUrl":"http:\/\/www.diariodeunanovia.com\/blog\/wp-content\/uploads\/sites\/5\/2009\/11\/Cartel_de_la_feria.jpg"},{"@type":"BreadcrumbList","@id":"http:\/\/noviasespana.com\/noviasbaleares\/nueva-cita-para-los-futuros-novios-en-celebra-malaga\/#breadcrumb","itemListElement":[{"@type":"ListItem","position":1,"name":"Portada","item":"http:\/\/noviasespana.com\/noviasbaleares\/"},{"@type":"ListItem","position":2,"name":"Nueva cita para los futuros novios en \u00abCelebra M\u00e1laga\u00bb"}]},{"@type":"WebSite","@id":"http:\/\/noviasespana.com\/noviasbaleares\/#website","url":"http:\/\/noviasespana.com\/noviasbaleares\/","name":"Novias Baleares","description":"Revista de novias","potentialAction":[{"@type":"SearchAction","target":{"@type":"EntryPoint","urlTemplate":"http:\/\/noviasespana.com\/noviasbaleares\/?s={search_term_string}"},"query-input":{"@type":"PropertyValueSpecification","valueRequired":true,"valueName":"search_term_string"}}],"inLanguage":"es"},{"@type":"Person","@id":"http:\/\/noviasespana.com\/noviasbaleares\/#\/schema\/person\/82ff6e303fad28e4da623aa4d27969ed","name":"admin","image":{"@type":"ImageObject","inLanguage":"es","@id":"https:\/\/secure.gravatar.com\/avatar\/0f45231fddfb43fcbd0cdde4582a3580baf474d75fca7d494b42ff86847de871?s=96&d=mm&r=g","url":"https:\/\/secure.gravatar.com\/avatar\/0f45231fddfb43fcbd0cdde4582a3580baf474d75fca7d494b42ff86847de871?s=96&d=mm&r=g","contentUrl":"https:\/\/secure.gravatar.com\/avatar\/0f45231fddfb43fcbd0cdde4582a3580baf474d75fca7d494b42ff86847de871?s=96&d=mm&r=g","caption":"admin"},"url":"http:\/\/noviasespana.com\/noviasbaleares\/author\/admin\/"}]}},"jetpack_featured_media_url":"","jetpack_sharing_enabled":true,"jetpack_shortlink":"https:\/\/wp.me\/p5Hg6P-6G","jetpack_likes_enabled":true,"_links":{"self":[{"href":"http:\/\/noviasespana.com\/noviasbaleares\/wp-json\/wp\/v2\/posts\/414","targetHints":{"allow":["GET"]}}],"collection":[{"href":"http:\/\/noviasespana.com\/noviasbaleares\/wp-json\/wp\/v2\/posts"}],"about":[{"href":"http:\/\/noviasespana.com\/noviasbaleares\/wp-json\/wp\/v2\/types\/post"}],"author":[{"embeddable":true,"href":"http:\/\/noviasespana.com\/noviasbaleares\/wp-json\/wp\/v2\/users\/2"}],"replies":[{"embeddable":true,"href":"http:\/\/noviasespana.com\/noviasbaleares\/wp-json\/wp\/v2\/comments?post=414"}],"version-history":[{"count":0,"href":"http:\/\/noviasespana.com\/noviasbaleares\/wp-json\/wp\/v2\/posts\/414\/revisions"}],"wp:attachment":[{"href":"http:\/\/noviasespana.com\/noviasbaleares\/wp-json\/wp\/v2\/media?parent=414"}],"wp:term":[{"taxonomy":"category","embeddable":true,"href":"http:\/\/noviasespana.com\/noviasbaleares\/wp-json\/wp\/v2\/categories?post=414"},{"taxonomy":"post_tag","embeddable":true,"href":"http:\/\/noviasespana.com\/noviasbaleares\/wp-json\/wp\/v2\/tags?post=414"}],"curies":[{"name":"wp","href":"https:\/\/api.w.org\/{rel}","templated":true}]}}