{"id":4108,"date":"2015-02-16T08:00:07","date_gmt":"2015-02-16T08:00:07","guid":{"rendered":"http:\/\/noviasespana.com\/noviasbaleares\/?p=4108"},"modified":"2015-02-16T09:14:57","modified_gmt":"2015-02-16T09:14:57","slug":"vestidos-con-cola","status":"publish","type":"post","link":"http:\/\/noviasespana.com\/noviasbaleares\/vestidos-con-cola\/","title":{"rendered":"Vestidos con cola"},"content":{"rendered":"<p>Repasando las tendencias de novias 2015 destaca, junto con los escotes \u00a0en la espalda y el encaje, los vestidos con\u00a0cola. Desde la cl\u00e1sica cola larga del estilo catedral hasta las m\u00e1s discretas colas barridas. La tendencia este 2015 en las novias, esta por detr\u00e1s.<\/p>\n<div id=\"attachment_4111\" style=\"width: 216px\" class=\"wp-caption alignnone\"><a href=\"https:\/\/i0.wp.com\/noviasespana.com\/wp-content\/uploads\/sites\/5\/2015\/02\/Novia-cola-intermedia-sujeta-en-la-mano.jpg\"><img data-recalc-dims=\"1\" loading=\"lazy\" decoding=\"async\" aria-describedby=\"caption-attachment-4111\" data-attachment-id=\"4111\" data-permalink=\"http:\/\/noviasespana.com\/noviasbaleares\/vestidos-con-cola\/novia-cola-intermedia-sujeta-en-la-mano\/\" data-orig-file=\"https:\/\/i0.wp.com\/noviasespana.com\/noviasbaleares\/wp-content\/uploads\/sites\/5\/2015\/02\/Novia-cola-intermedia-sujeta-en-la-mano.jpg?fit=480%2C700\" data-orig-size=\"480,700\" data-comments-opened=\"1\" data-image-meta=\"{&quot;aperture&quot;:&quot;0&quot;,&quot;credit&quot;:&quot;&quot;,&quot;camera&quot;:&quot;&quot;,&quot;caption&quot;:&quot;&quot;,&quot;created_timestamp&quot;:&quot;0&quot;,&quot;copyright&quot;:&quot;&quot;,&quot;focal_length&quot;:&quot;0&quot;,&quot;iso&quot;:&quot;0&quot;,&quot;shutter_speed&quot;:&quot;0&quot;,&quot;title&quot;:&quot;&quot;,&quot;orientation&quot;:&quot;0&quot;}\" data-image-title=\"Novia cola intermedia sujeta en la mano\" data-image-description=\"\" data-image-caption=\"&lt;p&gt;Vestido de  Yolan Cris con cola intermedia sujeta en la mano.&lt;\/p&gt;\n\" data-medium-file=\"https:\/\/i0.wp.com\/noviasespana.com\/noviasbaleares\/wp-content\/uploads\/sites\/5\/2015\/02\/Novia-cola-intermedia-sujeta-en-la-mano.jpg?fit=206%2C300\" data-large-file=\"https:\/\/i0.wp.com\/noviasespana.com\/noviasbaleares\/wp-content\/uploads\/sites\/5\/2015\/02\/Novia-cola-intermedia-sujeta-en-la-mano.jpg?fit=480%2C700\" class=\"size-medium wp-image-4111\" src=\"https:\/\/i0.wp.com\/noviasespana.com\/wp-content\/uploads\/sites\/5\/2015\/02\/Novia-cola-intermedia-sujeta-en-la-mano-206x300.jpg?resize=206%2C300\" alt=\"Vestido de  Yolan Cris con cola intermedia sujeta en la mano.\" width=\"206\" height=\"300\" srcset=\"https:\/\/i0.wp.com\/noviasespana.com\/noviasbaleares\/wp-content\/uploads\/sites\/5\/2015\/02\/Novia-cola-intermedia-sujeta-en-la-mano.jpg?resize=206%2C300 206w, https:\/\/i0.wp.com\/noviasespana.com\/noviasbaleares\/wp-content\/uploads\/sites\/5\/2015\/02\/Novia-cola-intermedia-sujeta-en-la-mano.jpg?w=480 480w\" sizes=\"auto, (max-width: 206px) 100vw, 206px\" \/><\/a><p id=\"caption-attachment-4111\" class=\"wp-caption-text\">Vestido de YolanCris con cola intermedia sujeta en la mano.<\/p><\/div>\n<div id=\"attachment_4109\" style=\"width: 190px\" class=\"wp-caption alignnone\"><a href=\"https:\/\/i0.wp.com\/noviasespana.com\/wp-content\/uploads\/sites\/5\/2015\/02\/novias-cola-13-a.jpg\"><img data-recalc-dims=\"1\" loading=\"lazy\" decoding=\"async\" aria-describedby=\"caption-attachment-4109\" data-attachment-id=\"4109\" data-permalink=\"http:\/\/noviasespana.com\/noviasbaleares\/vestidos-con-cola\/novias-cola-13-a\/\" data-orig-file=\"https:\/\/i0.wp.com\/noviasespana.com\/noviasbaleares\/wp-content\/uploads\/sites\/5\/2015\/02\/novias-cola-13-a.jpg?fit=510%2C850\" data-orig-size=\"510,850\" data-comments-opened=\"1\" data-image-meta=\"{&quot;aperture&quot;:&quot;0&quot;,&quot;credit&quot;:&quot;&quot;,&quot;camera&quot;:&quot;&quot;,&quot;caption&quot;:&quot;&quot;,&quot;created_timestamp&quot;:&quot;0&quot;,&quot;copyright&quot;:&quot;&quot;,&quot;focal_length&quot;:&quot;0&quot;,&quot;iso&quot;:&quot;0&quot;,&quot;shutter_speed&quot;:&quot;0&quot;,&quot;title&quot;:&quot;&quot;,&quot;orientation&quot;:&quot;0&quot;}\" data-image-title=\"novias-cola-13-a\" data-image-description=\"\" data-image-caption=\"&lt;p&gt;Vestido de Kenneth Poolcon con  espalda al aire, y cola de doble efecto. &lt;\/p&gt;\n\" data-medium-file=\"https:\/\/i0.wp.com\/noviasespana.com\/noviasbaleares\/wp-content\/uploads\/sites\/5\/2015\/02\/novias-cola-13-a.jpg?fit=180%2C300\" data-large-file=\"https:\/\/i0.wp.com\/noviasespana.com\/noviasbaleares\/wp-content\/uploads\/sites\/5\/2015\/02\/novias-cola-13-a.jpg?fit=510%2C850\" class=\"size-medium wp-image-4109\" src=\"https:\/\/i0.wp.com\/noviasespana.com\/wp-content\/uploads\/sites\/5\/2015\/02\/novias-cola-13-a-180x300.jpg?resize=180%2C300\" alt=\"Vestido de Kenneth Poolcon con  espalda al aire, y cola de doble efecto. \" width=\"180\" height=\"300\" srcset=\"https:\/\/i0.wp.com\/noviasespana.com\/noviasbaleares\/wp-content\/uploads\/sites\/5\/2015\/02\/novias-cola-13-a.jpg?resize=180%2C300 180w, https:\/\/i0.wp.com\/noviasespana.com\/noviasbaleares\/wp-content\/uploads\/sites\/5\/2015\/02\/novias-cola-13-a.jpg?w=510 510w\" sizes=\"auto, (max-width: 180px) 100vw, 180px\" \/><\/a><p id=\"caption-attachment-4109\" class=\"wp-caption-text\">Vestido de Kenneth Pool con espalda al aire, y cola de doble efecto.<\/p><\/div>\n<p>El protocolo ya no marca el largo de la cola del vestido, y ahora es sobre todo una decisi\u00f3n seg\u00fan el gusto y estilo de la novia.<\/p>\n<p>Los dise\u00f1adores ofrecen esta temporada deliciosos vestidos muy rom\u00e1nticos, con una estilosa cola \u201cbarrido\u201d, de unos treinta cent\u00edmetros o menos, que como su nombre indica barre el suelo. La parte de atr\u00e1s toma protagonismo en vestidos lenceros, de colas intermedias y en los trajes sirena que logran aumentar su volumen en el bajo del vestido, y triplic\u00e1ndolo cuando nos damos la vuelta.<\/p>\n<div id=\"attachment_4110\" style=\"width: 190px\" class=\"wp-caption alignnone\"><a href=\"https:\/\/i0.wp.com\/noviasespana.com\/wp-content\/uploads\/sites\/5\/2015\/02\/novias-cola-20-a.jpg\"><img data-recalc-dims=\"1\" loading=\"lazy\" decoding=\"async\" aria-describedby=\"caption-attachment-4110\" data-attachment-id=\"4110\" data-permalink=\"http:\/\/noviasespana.com\/noviasbaleares\/vestidos-con-cola\/novias-cola-20-a\/\" data-orig-file=\"https:\/\/i0.wp.com\/noviasespana.com\/noviasbaleares\/wp-content\/uploads\/sites\/5\/2015\/02\/novias-cola-20-a.jpg?fit=510%2C850\" data-orig-size=\"510,850\" data-comments-opened=\"1\" data-image-meta=\"{&quot;aperture&quot;:&quot;0&quot;,&quot;credit&quot;:&quot;&quot;,&quot;camera&quot;:&quot;&quot;,&quot;caption&quot;:&quot;&quot;,&quot;created_timestamp&quot;:&quot;0&quot;,&quot;copyright&quot;:&quot;&quot;,&quot;focal_length&quot;:&quot;0&quot;,&quot;iso&quot;:&quot;0&quot;,&quot;shutter_speed&quot;:&quot;0&quot;,&quot;title&quot;:&quot;&quot;,&quot;orientation&quot;:&quot;0&quot;}\" data-image-title=\"novias-cola-20-a\" data-image-description=\"\" data-image-caption=\"&lt;p&gt;Moldelo de Pronovias  con cola de tul de m\u00e1s de un metro. &lt;\/p&gt;\n\" data-medium-file=\"https:\/\/i0.wp.com\/noviasespana.com\/noviasbaleares\/wp-content\/uploads\/sites\/5\/2015\/02\/novias-cola-20-a.jpg?fit=180%2C300\" data-large-file=\"https:\/\/i0.wp.com\/noviasespana.com\/noviasbaleares\/wp-content\/uploads\/sites\/5\/2015\/02\/novias-cola-20-a.jpg?fit=510%2C850\" class=\"size-medium wp-image-4110\" src=\"https:\/\/i0.wp.com\/noviasespana.com\/wp-content\/uploads\/sites\/5\/2015\/02\/novias-cola-20-a-180x300.jpg?resize=180%2C300\" alt=\"Moldelo de Pronovias  con cola de tul de m\u00e1s de un metro. \" width=\"180\" height=\"300\" srcset=\"https:\/\/i0.wp.com\/noviasespana.com\/noviasbaleares\/wp-content\/uploads\/sites\/5\/2015\/02\/novias-cola-20-a.jpg?resize=180%2C300 180w, https:\/\/i0.wp.com\/noviasespana.com\/noviasbaleares\/wp-content\/uploads\/sites\/5\/2015\/02\/novias-cola-20-a.jpg?w=510 510w\" sizes=\"auto, (max-width: 180px) 100vw, 180px\" \/><\/a><p id=\"caption-attachment-4110\" class=\"wp-caption-text\">Moldelo de Pronovias con cola de tul de m\u00e1s de un metro.<\/p><\/div>\n<p>La cola \u201cestilo catedral\u201d de m\u00e1s de tres metros de largos deja paso a la \u201ctipo capilla\u201d \u00a0en un punto intermedio con su\u00a0metro y medio apta para la ceremonia y el baile, ya que\u00a0pueden recogerse en la mu\u00f1eca o engancharse a la espalda,\u00a0dependiendo de c\u00f3mo est\u00e9 estructurada la falda.<\/p>\n<p>En 2015 veremos tambi\u00e9n colas desmontables<strong>,<\/strong>\u00a0casi siempre acompa\u00f1ando a vestidos elaborados en tejidos m\u00e1s sustanciosos, como el mikado de seda, o las que\u00a0<strong>parten de los hombros<\/strong>\u00a0y caen sobre la espalda a modo de capa plisada.<\/p>\n<p><a href=\"https:\/\/i0.wp.com\/noviasespana.com\/wp-content\/uploads\/sites\/5\/2015\/02\/novias-yolancris-04-a.jpg\"><img data-recalc-dims=\"1\" loading=\"lazy\" decoding=\"async\" data-attachment-id=\"4061\" data-permalink=\"http:\/\/noviasespana.com\/noviasbaleares\/desfile-novias-victorio-lucchino-coleccion-2015\/novias-yolancris-04-a\/\" data-orig-file=\"https:\/\/i0.wp.com\/noviasespana.com\/noviasbaleares\/wp-content\/uploads\/sites\/5\/2015\/02\/novias-yolancris-04-a.jpg?fit=990%2C650\" data-orig-size=\"990,650\" data-comments-opened=\"1\" data-image-meta=\"{&quot;aperture&quot;:&quot;0&quot;,&quot;credit&quot;:&quot;&quot;,&quot;camera&quot;:&quot;&quot;,&quot;caption&quot;:&quot;&quot;,&quot;created_timestamp&quot;:&quot;0&quot;,&quot;copyright&quot;:&quot;&quot;,&quot;focal_length&quot;:&quot;0&quot;,&quot;iso&quot;:&quot;0&quot;,&quot;shutter_speed&quot;:&quot;0&quot;,&quot;title&quot;:&quot;&quot;,&quot;orientation&quot;:&quot;0&quot;}\" data-image-title=\"novias-yolancris-04-a\" data-image-description=\"\" data-image-caption=\"\" data-medium-file=\"https:\/\/i0.wp.com\/noviasespana.com\/noviasbaleares\/wp-content\/uploads\/sites\/5\/2015\/02\/novias-yolancris-04-a.jpg?fit=300%2C197\" data-large-file=\"https:\/\/i0.wp.com\/noviasespana.com\/noviasbaleares\/wp-content\/uploads\/sites\/5\/2015\/02\/novias-yolancris-04-a.jpg?fit=900%2C591\" class=\"alignnone size-medium wp-image-4061\" src=\"https:\/\/i0.wp.com\/noviasespana.com\/wp-content\/uploads\/sites\/5\/2015\/02\/novias-yolancris-04-a-300x197.jpg?resize=300%2C197\" alt=\"novias-yolancris-04-a\" width=\"300\" height=\"197\" srcset=\"https:\/\/i0.wp.com\/noviasespana.com\/noviasbaleares\/wp-content\/uploads\/sites\/5\/2015\/02\/novias-yolancris-04-a.jpg?resize=300%2C197 300w, https:\/\/i0.wp.com\/noviasespana.com\/noviasbaleares\/wp-content\/uploads\/sites\/5\/2015\/02\/novias-yolancris-04-a.jpg?w=990 990w\" sizes=\"auto, (max-width: 300px) 100vw, 300px\" \/><\/a><a href=\"https:\/\/i0.wp.com\/noviasespana.com\/wp-content\/uploads\/sites\/5\/2015\/02\/novias-transforma-19-a.jpg\"><img data-recalc-dims=\"1\" loading=\"lazy\" decoding=\"async\" data-attachment-id=\"4112\" data-permalink=\"http:\/\/noviasespana.com\/noviasbaleares\/vestidos-con-cola\/novias-transforma-19-a\/\" data-orig-file=\"https:\/\/i0.wp.com\/noviasespana.com\/noviasbaleares\/wp-content\/uploads\/sites\/5\/2015\/02\/novias-transforma-19-a.jpg?fit=990%2C650\" data-orig-size=\"990,650\" data-comments-opened=\"1\" data-image-meta=\"{&quot;aperture&quot;:&quot;0&quot;,&quot;credit&quot;:&quot;&quot;,&quot;camera&quot;:&quot;&quot;,&quot;caption&quot;:&quot;&quot;,&quot;created_timestamp&quot;:&quot;0&quot;,&quot;copyright&quot;:&quot;&quot;,&quot;focal_length&quot;:&quot;0&quot;,&quot;iso&quot;:&quot;0&quot;,&quot;shutter_speed&quot;:&quot;0&quot;,&quot;title&quot;:&quot;&quot;,&quot;orientation&quot;:&quot;0&quot;}\" data-image-title=\"novias-transforma-19-a\" data-image-description=\"\" data-image-caption=\"\" data-medium-file=\"https:\/\/i0.wp.com\/noviasespana.com\/noviasbaleares\/wp-content\/uploads\/sites\/5\/2015\/02\/novias-transforma-19-a.jpg?fit=300%2C197\" data-large-file=\"https:\/\/i0.wp.com\/noviasespana.com\/noviasbaleares\/wp-content\/uploads\/sites\/5\/2015\/02\/novias-transforma-19-a.jpg?fit=900%2C591\" class=\"alignnone size-medium wp-image-4112\" src=\"https:\/\/i0.wp.com\/noviasespana.com\/wp-content\/uploads\/sites\/5\/2015\/02\/novias-transforma-19-a-300x197.jpg?resize=300%2C197\" alt=\"novias-transforma-19-a\" width=\"300\" height=\"197\" srcset=\"https:\/\/i0.wp.com\/noviasespana.com\/noviasbaleares\/wp-content\/uploads\/sites\/5\/2015\/02\/novias-transforma-19-a.jpg?resize=300%2C197 300w, https:\/\/i0.wp.com\/noviasespana.com\/noviasbaleares\/wp-content\/uploads\/sites\/5\/2015\/02\/novias-transforma-19-a.jpg?w=990 990w\" sizes=\"auto, (max-width: 300px) 100vw, 300px\" \/><\/a> <a href=\"https:\/\/i0.wp.com\/noviasespana.com\/wp-content\/uploads\/sites\/5\/2015\/02\/novias-cola-17-a.jpg\"><img data-recalc-dims=\"1\" loading=\"lazy\" decoding=\"async\" data-attachment-id=\"4113\" data-permalink=\"http:\/\/noviasespana.com\/noviasbaleares\/vestidos-con-cola\/novias-cola-17-a\/\" data-orig-file=\"https:\/\/i0.wp.com\/noviasespana.com\/noviasbaleares\/wp-content\/uploads\/sites\/5\/2015\/02\/novias-cola-17-a.jpg?fit=510%2C850\" data-orig-size=\"510,850\" data-comments-opened=\"1\" data-image-meta=\"{&quot;aperture&quot;:&quot;0&quot;,&quot;credit&quot;:&quot;&quot;,&quot;camera&quot;:&quot;&quot;,&quot;caption&quot;:&quot;&quot;,&quot;created_timestamp&quot;:&quot;0&quot;,&quot;copyright&quot;:&quot;&quot;,&quot;focal_length&quot;:&quot;0&quot;,&quot;iso&quot;:&quot;0&quot;,&quot;shutter_speed&quot;:&quot;0&quot;,&quot;title&quot;:&quot;&quot;,&quot;orientation&quot;:&quot;0&quot;}\" data-image-title=\"novias-cola-17-a\" data-image-description=\"\" data-image-caption=\"\" data-medium-file=\"https:\/\/i0.wp.com\/noviasespana.com\/noviasbaleares\/wp-content\/uploads\/sites\/5\/2015\/02\/novias-cola-17-a.jpg?fit=180%2C300\" data-large-file=\"https:\/\/i0.wp.com\/noviasespana.com\/noviasbaleares\/wp-content\/uploads\/sites\/5\/2015\/02\/novias-cola-17-a.jpg?fit=510%2C850\" class=\"alignnone size-medium wp-image-4113\" src=\"https:\/\/i0.wp.com\/noviasespana.com\/wp-content\/uploads\/sites\/5\/2015\/02\/novias-cola-17-a-180x300.jpg?resize=180%2C300\" alt=\"novias-cola-17-a\" width=\"180\" height=\"300\" srcset=\"https:\/\/i0.wp.com\/noviasespana.com\/noviasbaleares\/wp-content\/uploads\/sites\/5\/2015\/02\/novias-cola-17-a.jpg?resize=180%2C300 180w, https:\/\/i0.wp.com\/noviasespana.com\/noviasbaleares\/wp-content\/uploads\/sites\/5\/2015\/02\/novias-cola-17-a.jpg?w=510 510w\" sizes=\"auto, (max-width: 180px) 100vw, 180px\" \/><\/a><\/p>\n<p>\u00bfQu\u00e9 te parece?, ahora decides t\u00fa&#8230;<br \/>\nFuente: hola.com<\/p>\n","protected":false},"excerpt":{"rendered":"<p>Repasando las tendencias de novias 2015 destaca, junto con los escotes \u00a0en la espalda y el encaje, los vestidos con\u00a0cola. Desde la cl\u00e1sica cola larga del estilo catedral hasta las m\u00e1s discretas colas barridas. La tendencia este 2015 en las novias, esta por detr\u00e1s. El protocolo ya no marca el largo de la cola del [&hellip;]<\/p>\n","protected":false},"author":3,"featured_media":4111,"comment_status":"open","ping_status":"open","sticky":false,"template":"","format":"standard","meta":{"jetpack_post_was_ever_published":false,"_jetpack_newsletter_access":"","_jetpack_dont_email_post_to_subs":false,"_jetpack_newsletter_tier_id":0,"_jetpack_memberships_contains_paywalled_content":false,"_jetpack_memberships_contains_paid_content":false,"footnotes":""},"categories":[1],"tags":[14,12,10,13,11],"class_list":["post-4108","post","type-post","status-publish","format-standard","has-post-thumbnail","hentry","category-novias","tag-cola","tag-novia","tag-tendencias-2015","tag-vestidos","tag-vestidos-de-novia"],"yoast_head":"<!-- This site is optimized with the Yoast SEO plugin v27.5 - https:\/\/yoast.com\/product\/yoast-seo-wordpress\/ -->\n<title>Novias Espa\u00f1a - vestidos con cola<\/title>\n<meta name=\"description\" content=\"tendencias 2015 - vestidos con cola\" \/>\n<meta name=\"robots\" content=\"index, follow, max-snippet:-1, max-image-preview:large, max-video-preview:-1\" \/>\n<link rel=\"canonical\" href=\"http:\/\/noviasespana.com\/noviasbaleares\/vestidos-con-cola\/\" \/>\n<meta property=\"og:locale\" content=\"es_ES\" \/>\n<meta property=\"og:type\" content=\"article\" \/>\n<meta property=\"og:title\" content=\"Novias Espa\u00f1a - vestidos con cola\" \/>\n<meta property=\"og:description\" content=\"tendencias 2015 - vestidos con cola\" \/>\n<meta property=\"og:url\" content=\"http:\/\/noviasespana.com\/noviasbaleares\/vestidos-con-cola\/\" \/>\n<meta property=\"og:site_name\" content=\"Novias Baleares\" \/>\n<meta property=\"article:published_time\" content=\"2015-02-16T08:00:07+00:00\" \/>\n<meta property=\"article:modified_time\" content=\"2015-02-16T09:14:57+00:00\" \/>\n<meta property=\"og:image\" content=\"https:\/\/i0.wp.com\/noviasespana.com\/noviasbaleares\/wp-content\/uploads\/sites\/5\/2015\/02\/Novia-cola-intermedia-sujeta-en-la-mano.jpg?fit=480%2C700\" \/>\n\t<meta property=\"og:image:width\" content=\"480\" \/>\n\t<meta property=\"og:image:height\" content=\"700\" \/>\n\t<meta property=\"og:image:type\" content=\"image\/jpeg\" \/>\n<meta name=\"author\" content=\"Itziar Ulibarri\" \/>\n<meta name=\"twitter:label1\" content=\"Escrito por\" \/>\n\t<meta name=\"twitter:data1\" content=\"Itziar Ulibarri\" \/>\n\t<meta name=\"twitter:label2\" content=\"Tiempo de lectura\" \/>\n\t<meta name=\"twitter:data2\" content=\"2 minutos\" \/>\n<script type=\"application\/ld+json\" class=\"yoast-schema-graph\">{\"@context\":\"https:\\\/\\\/schema.org\",\"@graph\":[{\"@type\":\"Article\",\"@id\":\"http:\\\/\\\/noviasespana.com\\\/noviasbaleares\\\/vestidos-con-cola\\\/#article\",\"isPartOf\":{\"@id\":\"http:\\\/\\\/noviasespana.com\\\/noviasbaleares\\\/vestidos-con-cola\\\/\"},\"author\":{\"name\":\"Itziar Ulibarri\",\"@id\":\"http:\\\/\\\/noviasespana.com\\\/noviasbaleares\\\/#\\\/schema\\\/person\\\/c060dc000330112f5716554151443d11\"},\"headline\":\"Vestidos con cola\",\"datePublished\":\"2015-02-16T08:00:07+00:00\",\"dateModified\":\"2015-02-16T09:14:57+00:00\",\"mainEntityOfPage\":{\"@id\":\"http:\\\/\\\/noviasespana.com\\\/noviasbaleares\\\/vestidos-con-cola\\\/\"},\"wordCount\":306,\"commentCount\":0,\"image\":{\"@id\":\"http:\\\/\\\/noviasespana.com\\\/noviasbaleares\\\/vestidos-con-cola\\\/#primaryimage\"},\"thumbnailUrl\":\"https:\\\/\\\/i0.wp.com\\\/noviasespana.com\\\/noviasbaleares\\\/wp-content\\\/uploads\\\/sites\\\/5\\\/2015\\\/02\\\/Novia-cola-intermedia-sujeta-en-la-mano.jpg?fit=480%2C700\",\"keywords\":[\"cola\",\"novia\",\"tendencias 2015\",\"vestidos\",\"vestidos de novia\"],\"articleSection\":[\"novias\"],\"inLanguage\":\"es\",\"potentialAction\":[{\"@type\":\"CommentAction\",\"name\":\"Comment\",\"target\":[\"http:\\\/\\\/noviasespana.com\\\/noviasbaleares\\\/vestidos-con-cola\\\/#respond\"]}]},{\"@type\":\"WebPage\",\"@id\":\"http:\\\/\\\/noviasespana.com\\\/noviasbaleares\\\/vestidos-con-cola\\\/\",\"url\":\"http:\\\/\\\/noviasespana.com\\\/noviasbaleares\\\/vestidos-con-cola\\\/\",\"name\":\"Novias Espa\u00f1a - vestidos con cola\",\"isPartOf\":{\"@id\":\"http:\\\/\\\/noviasespana.com\\\/noviasbaleares\\\/#website\"},\"primaryImageOfPage\":{\"@id\":\"http:\\\/\\\/noviasespana.com\\\/noviasbaleares\\\/vestidos-con-cola\\\/#primaryimage\"},\"image\":{\"@id\":\"http:\\\/\\\/noviasespana.com\\\/noviasbaleares\\\/vestidos-con-cola\\\/#primaryimage\"},\"thumbnailUrl\":\"https:\\\/\\\/i0.wp.com\\\/noviasespana.com\\\/noviasbaleares\\\/wp-content\\\/uploads\\\/sites\\\/5\\\/2015\\\/02\\\/Novia-cola-intermedia-sujeta-en-la-mano.jpg?fit=480%2C700\",\"datePublished\":\"2015-02-16T08:00:07+00:00\",\"dateModified\":\"2015-02-16T09:14:57+00:00\",\"author\":{\"@id\":\"http:\\\/\\\/noviasespana.com\\\/noviasbaleares\\\/#\\\/schema\\\/person\\\/c060dc000330112f5716554151443d11\"},\"description\":\"tendencias 2015 - vestidos con cola\",\"breadcrumb\":{\"@id\":\"http:\\\/\\\/noviasespana.com\\\/noviasbaleares\\\/vestidos-con-cola\\\/#breadcrumb\"},\"inLanguage\":\"es\",\"potentialAction\":[{\"@type\":\"ReadAction\",\"target\":[\"http:\\\/\\\/noviasespana.com\\\/noviasbaleares\\\/vestidos-con-cola\\\/\"]}]},{\"@type\":\"ImageObject\",\"inLanguage\":\"es\",\"@id\":\"http:\\\/\\\/noviasespana.com\\\/noviasbaleares\\\/vestidos-con-cola\\\/#primaryimage\",\"url\":\"https:\\\/\\\/i0.wp.com\\\/noviasespana.com\\\/noviasbaleares\\\/wp-content\\\/uploads\\\/sites\\\/5\\\/2015\\\/02\\\/Novia-cola-intermedia-sujeta-en-la-mano.jpg?fit=480%2C700\",\"contentUrl\":\"https:\\\/\\\/i0.wp.com\\\/noviasespana.com\\\/noviasbaleares\\\/wp-content\\\/uploads\\\/sites\\\/5\\\/2015\\\/02\\\/Novia-cola-intermedia-sujeta-en-la-mano.jpg?fit=480%2C700\",\"width\":480,\"height\":700,\"caption\":\"Vestido de Yolan Cris con cola intermedia sujeta en la mano.\"},{\"@type\":\"BreadcrumbList\",\"@id\":\"http:\\\/\\\/noviasespana.com\\\/noviasbaleares\\\/vestidos-con-cola\\\/#breadcrumb\",\"itemListElement\":[{\"@type\":\"ListItem\",\"position\":1,\"name\":\"Portada\",\"item\":\"http:\\\/\\\/noviasespana.com\\\/noviasbaleares\\\/\"},{\"@type\":\"ListItem\",\"position\":2,\"name\":\"Vestidos con cola\"}]},{\"@type\":\"WebSite\",\"@id\":\"http:\\\/\\\/noviasespana.com\\\/noviasbaleares\\\/#website\",\"url\":\"http:\\\/\\\/noviasespana.com\\\/noviasbaleares\\\/\",\"name\":\"Novias Baleares\",\"description\":\"Revista de novias\",\"potentialAction\":[{\"@type\":\"SearchAction\",\"target\":{\"@type\":\"EntryPoint\",\"urlTemplate\":\"http:\\\/\\\/noviasespana.com\\\/noviasbaleares\\\/?s={search_term_string}\"},\"query-input\":{\"@type\":\"PropertyValueSpecification\",\"valueRequired\":true,\"valueName\":\"search_term_string\"}}],\"inLanguage\":\"es\"},{\"@type\":\"Person\",\"@id\":\"http:\\\/\\\/noviasespana.com\\\/noviasbaleares\\\/#\\\/schema\\\/person\\\/c060dc000330112f5716554151443d11\",\"name\":\"Itziar Ulibarri\",\"image\":{\"@type\":\"ImageObject\",\"inLanguage\":\"es\",\"@id\":\"https:\\\/\\\/secure.gravatar.com\\\/avatar\\\/b06c45343f65e11822f6ad8da8a1ad64b2d03bfe34aa43d123c6af520fb46a58?s=96&d=mm&r=g\",\"url\":\"https:\\\/\\\/secure.gravatar.com\\\/avatar\\\/b06c45343f65e11822f6ad8da8a1ad64b2d03bfe34aa43d123c6af520fb46a58?s=96&d=mm&r=g\",\"contentUrl\":\"https:\\\/\\\/secure.gravatar.com\\\/avatar\\\/b06c45343f65e11822f6ad8da8a1ad64b2d03bfe34aa43d123c6af520fb46a58?s=96&d=mm&r=g\",\"caption\":\"Itziar Ulibarri\"},\"url\":\"http:\\\/\\\/noviasespana.com\\\/noviasbaleares\\\/author\\\/itziar\\\/\"}]}<\/script>\n<!-- \/ Yoast SEO plugin. -->","yoast_head_json":{"title":"Novias Espa\u00f1a - vestidos con cola","description":"tendencias 2015 - vestidos con cola","robots":{"index":"index","follow":"follow","max-snippet":"max-snippet:-1","max-image-preview":"max-image-preview:large","max-video-preview":"max-video-preview:-1"},"canonical":"http:\/\/noviasespana.com\/noviasbaleares\/vestidos-con-cola\/","og_locale":"es_ES","og_type":"article","og_title":"Novias Espa\u00f1a - vestidos con cola","og_description":"tendencias 2015 - vestidos con cola","og_url":"http:\/\/noviasespana.com\/noviasbaleares\/vestidos-con-cola\/","og_site_name":"Novias Baleares","article_published_time":"2015-02-16T08:00:07+00:00","article_modified_time":"2015-02-16T09:14:57+00:00","og_image":[{"width":480,"height":700,"url":"https:\/\/i0.wp.com\/noviasespana.com\/noviasbaleares\/wp-content\/uploads\/sites\/5\/2015\/02\/Novia-cola-intermedia-sujeta-en-la-mano.jpg?fit=480%2C700","type":"image\/jpeg"}],"author":"Itziar Ulibarri","twitter_misc":{"Escrito por":"Itziar Ulibarri","Tiempo de lectura":"2 minutos"},"schema":{"@context":"https:\/\/schema.org","@graph":[{"@type":"Article","@id":"http:\/\/noviasespana.com\/noviasbaleares\/vestidos-con-cola\/#article","isPartOf":{"@id":"http:\/\/noviasespana.com\/noviasbaleares\/vestidos-con-cola\/"},"author":{"name":"Itziar Ulibarri","@id":"http:\/\/noviasespana.com\/noviasbaleares\/#\/schema\/person\/c060dc000330112f5716554151443d11"},"headline":"Vestidos con cola","datePublished":"2015-02-16T08:00:07+00:00","dateModified":"2015-02-16T09:14:57+00:00","mainEntityOfPage":{"@id":"http:\/\/noviasespana.com\/noviasbaleares\/vestidos-con-cola\/"},"wordCount":306,"commentCount":0,"image":{"@id":"http:\/\/noviasespana.com\/noviasbaleares\/vestidos-con-cola\/#primaryimage"},"thumbnailUrl":"https:\/\/i0.wp.com\/noviasespana.com\/noviasbaleares\/wp-content\/uploads\/sites\/5\/2015\/02\/Novia-cola-intermedia-sujeta-en-la-mano.jpg?fit=480%2C700","keywords":["cola","novia","tendencias 2015","vestidos","vestidos de novia"],"articleSection":["novias"],"inLanguage":"es","potentialAction":[{"@type":"CommentAction","name":"Comment","target":["http:\/\/noviasespana.com\/noviasbaleares\/vestidos-con-cola\/#respond"]}]},{"@type":"WebPage","@id":"http:\/\/noviasespana.com\/noviasbaleares\/vestidos-con-cola\/","url":"http:\/\/noviasespana.com\/noviasbaleares\/vestidos-con-cola\/","name":"Novias Espa\u00f1a - vestidos con cola","isPartOf":{"@id":"http:\/\/noviasespana.com\/noviasbaleares\/#website"},"primaryImageOfPage":{"@id":"http:\/\/noviasespana.com\/noviasbaleares\/vestidos-con-cola\/#primaryimage"},"image":{"@id":"http:\/\/noviasespana.com\/noviasbaleares\/vestidos-con-cola\/#primaryimage"},"thumbnailUrl":"https:\/\/i0.wp.com\/noviasespana.com\/noviasbaleares\/wp-content\/uploads\/sites\/5\/2015\/02\/Novia-cola-intermedia-sujeta-en-la-mano.jpg?fit=480%2C700","datePublished":"2015-02-16T08:00:07+00:00","dateModified":"2015-02-16T09:14:57+00:00","author":{"@id":"http:\/\/noviasespana.com\/noviasbaleares\/#\/schema\/person\/c060dc000330112f5716554151443d11"},"description":"tendencias 2015 - vestidos con cola","breadcrumb":{"@id":"http:\/\/noviasespana.com\/noviasbaleares\/vestidos-con-cola\/#breadcrumb"},"inLanguage":"es","potentialAction":[{"@type":"ReadAction","target":["http:\/\/noviasespana.com\/noviasbaleares\/vestidos-con-cola\/"]}]},{"@type":"ImageObject","inLanguage":"es","@id":"http:\/\/noviasespana.com\/noviasbaleares\/vestidos-con-cola\/#primaryimage","url":"https:\/\/i0.wp.com\/noviasespana.com\/noviasbaleares\/wp-content\/uploads\/sites\/5\/2015\/02\/Novia-cola-intermedia-sujeta-en-la-mano.jpg?fit=480%2C700","contentUrl":"https:\/\/i0.wp.com\/noviasespana.com\/noviasbaleares\/wp-content\/uploads\/sites\/5\/2015\/02\/Novia-cola-intermedia-sujeta-en-la-mano.jpg?fit=480%2C700","width":480,"height":700,"caption":"Vestido de Yolan Cris con cola intermedia sujeta en la mano."},{"@type":"BreadcrumbList","@id":"http:\/\/noviasespana.com\/noviasbaleares\/vestidos-con-cola\/#breadcrumb","itemListElement":[{"@type":"ListItem","position":1,"name":"Portada","item":"http:\/\/noviasespana.com\/noviasbaleares\/"},{"@type":"ListItem","position":2,"name":"Vestidos con cola"}]},{"@type":"WebSite","@id":"http:\/\/noviasespana.com\/noviasbaleares\/#website","url":"http:\/\/noviasespana.com\/noviasbaleares\/","name":"Novias Baleares","description":"Revista de novias","potentialAction":[{"@type":"SearchAction","target":{"@type":"EntryPoint","urlTemplate":"http:\/\/noviasespana.com\/noviasbaleares\/?s={search_term_string}"},"query-input":{"@type":"PropertyValueSpecification","valueRequired":true,"valueName":"search_term_string"}}],"inLanguage":"es"},{"@type":"Person","@id":"http:\/\/noviasespana.com\/noviasbaleares\/#\/schema\/person\/c060dc000330112f5716554151443d11","name":"Itziar Ulibarri","image":{"@type":"ImageObject","inLanguage":"es","@id":"https:\/\/secure.gravatar.com\/avatar\/b06c45343f65e11822f6ad8da8a1ad64b2d03bfe34aa43d123c6af520fb46a58?s=96&d=mm&r=g","url":"https:\/\/secure.gravatar.com\/avatar\/b06c45343f65e11822f6ad8da8a1ad64b2d03bfe34aa43d123c6af520fb46a58?s=96&d=mm&r=g","contentUrl":"https:\/\/secure.gravatar.com\/avatar\/b06c45343f65e11822f6ad8da8a1ad64b2d03bfe34aa43d123c6af520fb46a58?s=96&d=mm&r=g","caption":"Itziar Ulibarri"},"url":"http:\/\/noviasespana.com\/noviasbaleares\/author\/itziar\/"}]}},"jetpack_featured_media_url":"https:\/\/i0.wp.com\/noviasespana.com\/noviasbaleares\/wp-content\/uploads\/sites\/5\/2015\/02\/Novia-cola-intermedia-sujeta-en-la-mano.jpg?fit=480%2C700","jetpack_sharing_enabled":true,"jetpack_shortlink":"https:\/\/wp.me\/p5Hg6P-14g","jetpack_likes_enabled":true,"_links":{"self":[{"href":"http:\/\/noviasespana.com\/noviasbaleares\/wp-json\/wp\/v2\/posts\/4108","targetHints":{"allow":["GET"]}}],"collection":[{"href":"http:\/\/noviasespana.com\/noviasbaleares\/wp-json\/wp\/v2\/posts"}],"about":[{"href":"http:\/\/noviasespana.com\/noviasbaleares\/wp-json\/wp\/v2\/types\/post"}],"author":[{"embeddable":true,"href":"http:\/\/noviasespana.com\/noviasbaleares\/wp-json\/wp\/v2\/users\/3"}],"replies":[{"embeddable":true,"href":"http:\/\/noviasespana.com\/noviasbaleares\/wp-json\/wp\/v2\/comments?post=4108"}],"version-history":[{"count":5,"href":"http:\/\/noviasespana.com\/noviasbaleares\/wp-json\/wp\/v2\/posts\/4108\/revisions"}],"predecessor-version":[{"id":4127,"href":"http:\/\/noviasespana.com\/noviasbaleares\/wp-json\/wp\/v2\/posts\/4108\/revisions\/4127"}],"wp:featuredmedia":[{"embeddable":true,"href":"http:\/\/noviasespana.com\/noviasbaleares\/wp-json\/wp\/v2\/media\/4111"}],"wp:attachment":[{"href":"http:\/\/noviasespana.com\/noviasbaleares\/wp-json\/wp\/v2\/media?parent=4108"}],"wp:term":[{"taxonomy":"category","embeddable":true,"href":"http:\/\/noviasespana.com\/noviasbaleares\/wp-json\/wp\/v2\/categories?post=4108"},{"taxonomy":"post_tag","embeddable":true,"href":"http:\/\/noviasespana.com\/noviasbaleares\/wp-json\/wp\/v2\/tags?post=4108"}],"curies":[{"name":"wp","href":"https:\/\/api.w.org\/{rel}","templated":true}]}}