{"id":39,"date":"2009-07-24T11:22:05","date_gmt":"2009-07-24T09:22:05","guid":{"rendered":"http:\/\/www.diariodeunanovia.com\/blog\/?p=39"},"modified":"2009-07-24T11:22:05","modified_gmt":"2009-07-24T09:22:05","slug":"boda-de-jaime-polanco-y-fiona-ferrer","status":"publish","type":"post","link":"http:\/\/noviasespana.com\/noviasbaleares\/boda-de-jaime-polanco-y-fiona-ferrer\/","title":{"rendered":"Boda de Jaime Polanco y Fiona Ferrer"},"content":{"rendered":"<p style=\"text-align: left\">Hola chicas!!! Jaime Polanco y Fiona Ferrer han sido los protagonistas de la gran boda del a\u00f1o. El sobrino del fundador de Prisa y la directora de &#8216;Elite Model Look Espa\u00f1a&#8217; han contraido matrimonio en un idilico rinc\u00f3n de Tenerife. All\u00ed reunieron a una larga lista de invitados vips que los acompa\u00f1aron en este feliz d\u00eda. El pasado jueves, 16 de julio, tuvo lugar la boda de Jaime Polanco, sobrino del fallecido fundador del imperio &#8216;Prisa&#8217;, Jesus Polanco, y actual director de estrategia de este grupo para America con Fiona Ferrer, hija del que fuera presidente de &#8216;Pasarela Gaudi&#8217;, Juan Ferrer, y directora de &#8216;Elite Model Look Espana&#8217;. Entre la larga lista de invitados figuraban Naty Abascal y sus hijos, Enrique Ponce y Paloma Cuevas, Adriana Carolina Herrera y Litri, Agatha Ruiz de la Prada y Pedro Jota, Cary Lapique y Carlos Goyanes, Alfonso Cortina, Fernando Fernandez Tapias y Nuria Gonzalez, Joaqu\u00edn Cort\u00e9s y Carla Pereyra, Ana Rosa Quintana y Juan Mu\u00f1oz, Pepe Barroso y M\u00f3nica Silva, Colate sin Paulina, Elena Tablada y David Bisbal y Genoveva Casanova, entre otros.<\/p>\n<p align=\"center\"><a title=\"boda-ferrer-polanco-hola.jpg\" href=\"https:\/\/i0.wp.com\/www.diariodeunanovia.com\/wordpress\/wp-content\/uploads\/sites\/5\/2009\/07\/boda-ferrer-polanco-hola.jpg\"><img data-recalc-dims=\"1\" decoding=\"async\" src=\"https:\/\/i0.wp.com\/www.diariodeunanovia.com\/wordpress\/wp-content\/uploads\/sites\/5\/2009\/07\/boda-ferrer-polanco-hola.jpg?w=900\" alt=\"boda-ferrer-polanco-hola.jpg\" \/><\/a><\/p>\n","protected":false},"excerpt":{"rendered":"<p>Hola chicas!!! Jaime Polanco y Fiona Ferrer han sido los protagonistas de la gran boda del a\u00f1o. El sobrino del fundador de Prisa y la directora de &#8216;Elite Model Look Espa\u00f1a&#8217; han contraido matrimonio en un idilico rinc\u00f3n de Tenerife. All\u00ed reunieron a una larga lista de invitados vips que los acompa\u00f1aron en este feliz [&hellip;]<\/p>\n","protected":false},"author":2,"featured_media":0,"comment_status":"open","ping_status":"open","sticky":false,"template":"","format":"standard","meta":{"jetpack_post_was_ever_published":false,"_jetpack_newsletter_access":"","_jetpack_dont_email_post_to_subs":false,"_jetpack_newsletter_tier_id":0,"_jetpack_memberships_contains_paywalled_content":false,"_jetpack_memberships_contains_paid_content":false,"footnotes":""},"categories":[1],"tags":[],"class_list":["post-39","post","type-post","status-publish","format-standard","hentry","category-novias"],"yoast_head":"<!-- This site is optimized with the Yoast SEO plugin v27.5 - https:\/\/yoast.com\/product\/yoast-seo-wordpress\/ -->\n<title>Boda de Jaime Polanco y Fiona Ferrer - Novias Baleares<\/title>\n<meta name=\"robots\" content=\"index, follow, max-snippet:-1, max-image-preview:large, max-video-preview:-1\" \/>\n<link rel=\"canonical\" href=\"http:\/\/noviasespana.com\/noviasbaleares\/boda-de-jaime-polanco-y-fiona-ferrer\/\" \/>\n<meta property=\"og:locale\" content=\"es_ES\" \/>\n<meta property=\"og:type\" content=\"article\" \/>\n<meta property=\"og:title\" content=\"Boda de Jaime Polanco y Fiona Ferrer - Novias Baleares\" \/>\n<meta property=\"og:description\" content=\"Hola chicas!!! Jaime Polanco y Fiona Ferrer han sido los protagonistas de la gran boda del a\u00f1o. El sobrino del fundador de Prisa y la directora de &#8216;Elite Model Look Espa\u00f1a&#8217; han contraido matrimonio en un idilico rinc\u00f3n de Tenerife. All\u00ed reunieron a una larga lista de invitados vips que los acompa\u00f1aron en este feliz [&hellip;]\" \/>\n<meta property=\"og:url\" content=\"http:\/\/noviasespana.com\/noviasbaleares\/boda-de-jaime-polanco-y-fiona-ferrer\/\" \/>\n<meta property=\"og:site_name\" content=\"Novias Baleares\" \/>\n<meta property=\"article:published_time\" content=\"2009-07-24T09:22:05+00:00\" \/>\n<meta property=\"og:image\" content=\"http:\/\/www.diariodeunanovia.com\/wordpress\/wp-content\/uploads\/sites\/5\/2009\/07\/boda-ferrer-polanco-hola.jpg\" \/>\n<meta name=\"author\" content=\"admin\" \/>\n<meta name=\"twitter:label1\" content=\"Escrito por\" \/>\n\t<meta name=\"twitter:data1\" content=\"admin\" \/>\n\t<meta name=\"twitter:label2\" content=\"Tiempo de lectura\" \/>\n\t<meta name=\"twitter:data2\" content=\"1 minuto\" \/>\n<script type=\"application\/ld+json\" class=\"yoast-schema-graph\">{\"@context\":\"https:\\\/\\\/schema.org\",\"@graph\":[{\"@type\":\"Article\",\"@id\":\"http:\\\/\\\/noviasespana.com\\\/noviasbaleares\\\/boda-de-jaime-polanco-y-fiona-ferrer\\\/#article\",\"isPartOf\":{\"@id\":\"http:\\\/\\\/noviasespana.com\\\/noviasbaleares\\\/boda-de-jaime-polanco-y-fiona-ferrer\\\/\"},\"author\":{\"name\":\"admin\",\"@id\":\"http:\\\/\\\/noviasespana.com\\\/noviasbaleares\\\/#\\\/schema\\\/person\\\/82ff6e303fad28e4da623aa4d27969ed\"},\"headline\":\"Boda de Jaime Polanco y Fiona Ferrer\",\"datePublished\":\"2009-07-24T09:22:05+00:00\",\"mainEntityOfPage\":{\"@id\":\"http:\\\/\\\/noviasespana.com\\\/noviasbaleares\\\/boda-de-jaime-polanco-y-fiona-ferrer\\\/\"},\"wordCount\":195,\"commentCount\":0,\"image\":{\"@id\":\"http:\\\/\\\/noviasespana.com\\\/noviasbaleares\\\/boda-de-jaime-polanco-y-fiona-ferrer\\\/#primaryimage\"},\"thumbnailUrl\":\"http:\\\/\\\/www.diariodeunanovia.com\\\/wordpress\\\/wp-content\\\/uploads\\\/sites\\\/5\\\/2009\\\/07\\\/boda-ferrer-polanco-hola.jpg\",\"articleSection\":[\"novias\"],\"inLanguage\":\"es\",\"potentialAction\":[{\"@type\":\"CommentAction\",\"name\":\"Comment\",\"target\":[\"http:\\\/\\\/noviasespana.com\\\/noviasbaleares\\\/boda-de-jaime-polanco-y-fiona-ferrer\\\/#respond\"]}]},{\"@type\":\"WebPage\",\"@id\":\"http:\\\/\\\/noviasespana.com\\\/noviasbaleares\\\/boda-de-jaime-polanco-y-fiona-ferrer\\\/\",\"url\":\"http:\\\/\\\/noviasespana.com\\\/noviasbaleares\\\/boda-de-jaime-polanco-y-fiona-ferrer\\\/\",\"name\":\"Boda de Jaime Polanco y Fiona Ferrer - Novias Baleares\",\"isPartOf\":{\"@id\":\"http:\\\/\\\/noviasespana.com\\\/noviasbaleares\\\/#website\"},\"primaryImageOfPage\":{\"@id\":\"http:\\\/\\\/noviasespana.com\\\/noviasbaleares\\\/boda-de-jaime-polanco-y-fiona-ferrer\\\/#primaryimage\"},\"image\":{\"@id\":\"http:\\\/\\\/noviasespana.com\\\/noviasbaleares\\\/boda-de-jaime-polanco-y-fiona-ferrer\\\/#primaryimage\"},\"thumbnailUrl\":\"http:\\\/\\\/www.diariodeunanovia.com\\\/wordpress\\\/wp-content\\\/uploads\\\/sites\\\/5\\\/2009\\\/07\\\/boda-ferrer-polanco-hola.jpg\",\"datePublished\":\"2009-07-24T09:22:05+00:00\",\"author\":{\"@id\":\"http:\\\/\\\/noviasespana.com\\\/noviasbaleares\\\/#\\\/schema\\\/person\\\/82ff6e303fad28e4da623aa4d27969ed\"},\"breadcrumb\":{\"@id\":\"http:\\\/\\\/noviasespana.com\\\/noviasbaleares\\\/boda-de-jaime-polanco-y-fiona-ferrer\\\/#breadcrumb\"},\"inLanguage\":\"es\",\"potentialAction\":[{\"@type\":\"ReadAction\",\"target\":[\"http:\\\/\\\/noviasespana.com\\\/noviasbaleares\\\/boda-de-jaime-polanco-y-fiona-ferrer\\\/\"]}]},{\"@type\":\"ImageObject\",\"inLanguage\":\"es\",\"@id\":\"http:\\\/\\\/noviasespana.com\\\/noviasbaleares\\\/boda-de-jaime-polanco-y-fiona-ferrer\\\/#primaryimage\",\"url\":\"http:\\\/\\\/www.diariodeunanovia.com\\\/wordpress\\\/wp-content\\\/uploads\\\/sites\\\/5\\\/2009\\\/07\\\/boda-ferrer-polanco-hola.jpg\",\"contentUrl\":\"http:\\\/\\\/www.diariodeunanovia.com\\\/wordpress\\\/wp-content\\\/uploads\\\/sites\\\/5\\\/2009\\\/07\\\/boda-ferrer-polanco-hola.jpg\"},{\"@type\":\"BreadcrumbList\",\"@id\":\"http:\\\/\\\/noviasespana.com\\\/noviasbaleares\\\/boda-de-jaime-polanco-y-fiona-ferrer\\\/#breadcrumb\",\"itemListElement\":[{\"@type\":\"ListItem\",\"position\":1,\"name\":\"Portada\",\"item\":\"http:\\\/\\\/noviasespana.com\\\/noviasbaleares\\\/\"},{\"@type\":\"ListItem\",\"position\":2,\"name\":\"Boda de Jaime Polanco y Fiona Ferrer\"}]},{\"@type\":\"WebSite\",\"@id\":\"http:\\\/\\\/noviasespana.com\\\/noviasbaleares\\\/#website\",\"url\":\"http:\\\/\\\/noviasespana.com\\\/noviasbaleares\\\/\",\"name\":\"Novias Baleares\",\"description\":\"Revista de novias\",\"potentialAction\":[{\"@type\":\"SearchAction\",\"target\":{\"@type\":\"EntryPoint\",\"urlTemplate\":\"http:\\\/\\\/noviasespana.com\\\/noviasbaleares\\\/?s={search_term_string}\"},\"query-input\":{\"@type\":\"PropertyValueSpecification\",\"valueRequired\":true,\"valueName\":\"search_term_string\"}}],\"inLanguage\":\"es\"},{\"@type\":\"Person\",\"@id\":\"http:\\\/\\\/noviasespana.com\\\/noviasbaleares\\\/#\\\/schema\\\/person\\\/82ff6e303fad28e4da623aa4d27969ed\",\"name\":\"admin\",\"image\":{\"@type\":\"ImageObject\",\"inLanguage\":\"es\",\"@id\":\"https:\\\/\\\/secure.gravatar.com\\\/avatar\\\/0f45231fddfb43fcbd0cdde4582a3580baf474d75fca7d494b42ff86847de871?s=96&d=mm&r=g\",\"url\":\"https:\\\/\\\/secure.gravatar.com\\\/avatar\\\/0f45231fddfb43fcbd0cdde4582a3580baf474d75fca7d494b42ff86847de871?s=96&d=mm&r=g\",\"contentUrl\":\"https:\\\/\\\/secure.gravatar.com\\\/avatar\\\/0f45231fddfb43fcbd0cdde4582a3580baf474d75fca7d494b42ff86847de871?s=96&d=mm&r=g\",\"caption\":\"admin\"},\"url\":\"http:\\\/\\\/noviasespana.com\\\/noviasbaleares\\\/author\\\/admin\\\/\"}]}<\/script>\n<!-- \/ Yoast SEO plugin. -->","yoast_head_json":{"title":"Boda de Jaime Polanco y Fiona Ferrer - Novias Baleares","robots":{"index":"index","follow":"follow","max-snippet":"max-snippet:-1","max-image-preview":"max-image-preview:large","max-video-preview":"max-video-preview:-1"},"canonical":"http:\/\/noviasespana.com\/noviasbaleares\/boda-de-jaime-polanco-y-fiona-ferrer\/","og_locale":"es_ES","og_type":"article","og_title":"Boda de Jaime Polanco y Fiona Ferrer - Novias Baleares","og_description":"Hola chicas!!! Jaime Polanco y Fiona Ferrer han sido los protagonistas de la gran boda del a\u00f1o. El sobrino del fundador de Prisa y la directora de &#8216;Elite Model Look Espa\u00f1a&#8217; han contraido matrimonio en un idilico rinc\u00f3n de Tenerife. All\u00ed reunieron a una larga lista de invitados vips que los acompa\u00f1aron en este feliz [&hellip;]","og_url":"http:\/\/noviasespana.com\/noviasbaleares\/boda-de-jaime-polanco-y-fiona-ferrer\/","og_site_name":"Novias Baleares","article_published_time":"2009-07-24T09:22:05+00:00","og_image":[{"url":"http:\/\/www.diariodeunanovia.com\/wordpress\/wp-content\/uploads\/sites\/5\/2009\/07\/boda-ferrer-polanco-hola.jpg","type":"","width":"","height":""}],"author":"admin","twitter_misc":{"Escrito por":"admin","Tiempo de lectura":"1 minuto"},"schema":{"@context":"https:\/\/schema.org","@graph":[{"@type":"Article","@id":"http:\/\/noviasespana.com\/noviasbaleares\/boda-de-jaime-polanco-y-fiona-ferrer\/#article","isPartOf":{"@id":"http:\/\/noviasespana.com\/noviasbaleares\/boda-de-jaime-polanco-y-fiona-ferrer\/"},"author":{"name":"admin","@id":"http:\/\/noviasespana.com\/noviasbaleares\/#\/schema\/person\/82ff6e303fad28e4da623aa4d27969ed"},"headline":"Boda de Jaime Polanco y Fiona Ferrer","datePublished":"2009-07-24T09:22:05+00:00","mainEntityOfPage":{"@id":"http:\/\/noviasespana.com\/noviasbaleares\/boda-de-jaime-polanco-y-fiona-ferrer\/"},"wordCount":195,"commentCount":0,"image":{"@id":"http:\/\/noviasespana.com\/noviasbaleares\/boda-de-jaime-polanco-y-fiona-ferrer\/#primaryimage"},"thumbnailUrl":"http:\/\/www.diariodeunanovia.com\/wordpress\/wp-content\/uploads\/sites\/5\/2009\/07\/boda-ferrer-polanco-hola.jpg","articleSection":["novias"],"inLanguage":"es","potentialAction":[{"@type":"CommentAction","name":"Comment","target":["http:\/\/noviasespana.com\/noviasbaleares\/boda-de-jaime-polanco-y-fiona-ferrer\/#respond"]}]},{"@type":"WebPage","@id":"http:\/\/noviasespana.com\/noviasbaleares\/boda-de-jaime-polanco-y-fiona-ferrer\/","url":"http:\/\/noviasespana.com\/noviasbaleares\/boda-de-jaime-polanco-y-fiona-ferrer\/","name":"Boda de Jaime Polanco y Fiona Ferrer - Novias Baleares","isPartOf":{"@id":"http:\/\/noviasespana.com\/noviasbaleares\/#website"},"primaryImageOfPage":{"@id":"http:\/\/noviasespana.com\/noviasbaleares\/boda-de-jaime-polanco-y-fiona-ferrer\/#primaryimage"},"image":{"@id":"http:\/\/noviasespana.com\/noviasbaleares\/boda-de-jaime-polanco-y-fiona-ferrer\/#primaryimage"},"thumbnailUrl":"http:\/\/www.diariodeunanovia.com\/wordpress\/wp-content\/uploads\/sites\/5\/2009\/07\/boda-ferrer-polanco-hola.jpg","datePublished":"2009-07-24T09:22:05+00:00","author":{"@id":"http:\/\/noviasespana.com\/noviasbaleares\/#\/schema\/person\/82ff6e303fad28e4da623aa4d27969ed"},"breadcrumb":{"@id":"http:\/\/noviasespana.com\/noviasbaleares\/boda-de-jaime-polanco-y-fiona-ferrer\/#breadcrumb"},"inLanguage":"es","potentialAction":[{"@type":"ReadAction","target":["http:\/\/noviasespana.com\/noviasbaleares\/boda-de-jaime-polanco-y-fiona-ferrer\/"]}]},{"@type":"ImageObject","inLanguage":"es","@id":"http:\/\/noviasespana.com\/noviasbaleares\/boda-de-jaime-polanco-y-fiona-ferrer\/#primaryimage","url":"http:\/\/www.diariodeunanovia.com\/wordpress\/wp-content\/uploads\/sites\/5\/2009\/07\/boda-ferrer-polanco-hola.jpg","contentUrl":"http:\/\/www.diariodeunanovia.com\/wordpress\/wp-content\/uploads\/sites\/5\/2009\/07\/boda-ferrer-polanco-hola.jpg"},{"@type":"BreadcrumbList","@id":"http:\/\/noviasespana.com\/noviasbaleares\/boda-de-jaime-polanco-y-fiona-ferrer\/#breadcrumb","itemListElement":[{"@type":"ListItem","position":1,"name":"Portada","item":"http:\/\/noviasespana.com\/noviasbaleares\/"},{"@type":"ListItem","position":2,"name":"Boda de Jaime Polanco y Fiona Ferrer"}]},{"@type":"WebSite","@id":"http:\/\/noviasespana.com\/noviasbaleares\/#website","url":"http:\/\/noviasespana.com\/noviasbaleares\/","name":"Novias Baleares","description":"Revista de novias","potentialAction":[{"@type":"SearchAction","target":{"@type":"EntryPoint","urlTemplate":"http:\/\/noviasespana.com\/noviasbaleares\/?s={search_term_string}"},"query-input":{"@type":"PropertyValueSpecification","valueRequired":true,"valueName":"search_term_string"}}],"inLanguage":"es"},{"@type":"Person","@id":"http:\/\/noviasespana.com\/noviasbaleares\/#\/schema\/person\/82ff6e303fad28e4da623aa4d27969ed","name":"admin","image":{"@type":"ImageObject","inLanguage":"es","@id":"https:\/\/secure.gravatar.com\/avatar\/0f45231fddfb43fcbd0cdde4582a3580baf474d75fca7d494b42ff86847de871?s=96&d=mm&r=g","url":"https:\/\/secure.gravatar.com\/avatar\/0f45231fddfb43fcbd0cdde4582a3580baf474d75fca7d494b42ff86847de871?s=96&d=mm&r=g","contentUrl":"https:\/\/secure.gravatar.com\/avatar\/0f45231fddfb43fcbd0cdde4582a3580baf474d75fca7d494b42ff86847de871?s=96&d=mm&r=g","caption":"admin"},"url":"http:\/\/noviasespana.com\/noviasbaleares\/author\/admin\/"}]}},"jetpack_featured_media_url":"","jetpack_sharing_enabled":true,"jetpack_shortlink":"https:\/\/wp.me\/p5Hg6P-D","jetpack_likes_enabled":true,"_links":{"self":[{"href":"http:\/\/noviasespana.com\/noviasbaleares\/wp-json\/wp\/v2\/posts\/39","targetHints":{"allow":["GET"]}}],"collection":[{"href":"http:\/\/noviasespana.com\/noviasbaleares\/wp-json\/wp\/v2\/posts"}],"about":[{"href":"http:\/\/noviasespana.com\/noviasbaleares\/wp-json\/wp\/v2\/types\/post"}],"author":[{"embeddable":true,"href":"http:\/\/noviasespana.com\/noviasbaleares\/wp-json\/wp\/v2\/users\/2"}],"replies":[{"embeddable":true,"href":"http:\/\/noviasespana.com\/noviasbaleares\/wp-json\/wp\/v2\/comments?post=39"}],"version-history":[{"count":0,"href":"http:\/\/noviasespana.com\/noviasbaleares\/wp-json\/wp\/v2\/posts\/39\/revisions"}],"wp:attachment":[{"href":"http:\/\/noviasespana.com\/noviasbaleares\/wp-json\/wp\/v2\/media?parent=39"}],"wp:term":[{"taxonomy":"category","embeddable":true,"href":"http:\/\/noviasespana.com\/noviasbaleares\/wp-json\/wp\/v2\/categories?post=39"},{"taxonomy":"post_tag","embeddable":true,"href":"http:\/\/noviasespana.com\/noviasbaleares\/wp-json\/wp\/v2\/tags?post=39"}],"curies":[{"name":"wp","href":"https:\/\/api.w.org\/{rel}","templated":true}]}}