{"id":3746,"date":"2012-02-20T09:00:43","date_gmt":"2012-02-20T08:00:43","guid":{"rendered":"http:\/\/www.diariodeunanovia.com\/blog\/?p=3746"},"modified":"2012-02-20T09:00:43","modified_gmt":"2012-02-20T08:00:43","slug":"buenos-dias-contorno-de-ojos","status":"publish","type":"post","link":"http:\/\/noviasespana.com\/noviasbaleares\/buenos-dias-contorno-de-ojos\/","title":{"rendered":"Buenos d\u00edas \u00a1contorno de ojos!"},"content":{"rendered":"<p><em><img decoding=\"async\" class=\"size-full wp-image-3747 alignnone\" title=\"contorno\" src=\"http:\/\/www.diariodeunanovia.com\/blog\/wp-content\/uploads\/sites\/5\/2012\/02\/contorno.bmp\" alt=\"contorno\" \/><\/em><\/p>\n<p><em>Lunes de belleza<\/em> y qu\u00e9 mejor manera para empezar el d\u00eda que cuid\u00e1ndote un poco. \u00a0<strong>Y es que la ma\u00f1ana es el mejor momento para aplicarse el contorno de los ojos y desde luego es una muy buena idea convertirlo en una rutina de belleza<\/strong>. El contorno de los ojos, es ese peque\u00f1o gran desconocido, pero es sin duda un fiel aliado para mantener la piel hermosa. Su problema es que muchas veces se nos olvida d\u00e1rnoslo o no encontramos el momento id\u00f3neo para aplicarlo. Lo mejor es incluirlo entre tus gestos habituales de cuidado e hidratar la zona de las patas de gallo, cada ma\u00f1ana, \u00bfEl resultado? <strong>Tu mirada se ver\u00e1 m\u00e1s fresca, tu piel estar\u00e1 m\u00e1s bonita y adem\u00e1s el corrector o el maquillaje se deslizar\u00e1n y extender\u00e1 mejor<\/strong>. Un truco de las top para el d\u00eda de tu boda, no olvides llevar una crema de este tipo en la bolsita del maquillaje, y re-aplicarla de vez en cuando a lo largo del d\u00eda, como si fuera la hidratante de manos, tu mirada se mantendr\u00e1 radiante todo el d\u00eda.<\/p>\n<p>\u00a0<\/p>\n<p>Fuente : Hola.com<\/p>\n","protected":false},"excerpt":{"rendered":"<p>Lunes de belleza y qu\u00e9 mejor manera para empezar el d\u00eda que cuid\u00e1ndote un poco. \u00a0Y es que la ma\u00f1ana es el mejor momento para aplicarse el contorno de los ojos y desde luego es una muy buena idea convertirlo en una rutina de belleza. El contorno de los ojos, es ese peque\u00f1o gran desconocido, [&hellip;]<\/p>\n","protected":false},"author":2,"featured_media":0,"comment_status":"open","ping_status":"open","sticky":false,"template":"","format":"standard","meta":{"jetpack_post_was_ever_published":false,"_jetpack_newsletter_access":"","_jetpack_dont_email_post_to_subs":false,"_jetpack_newsletter_tier_id":0,"_jetpack_memberships_contains_paywalled_content":false,"_jetpack_memberships_contains_paid_content":false,"footnotes":""},"categories":[1],"tags":[],"class_list":["post-3746","post","type-post","status-publish","format-standard","hentry","category-novias"],"yoast_head":"<!-- This site is optimized with the Yoast SEO plugin v27.5 - https:\/\/yoast.com\/product\/yoast-seo-wordpress\/ -->\n<title>Buenos d\u00edas \u00a1contorno de ojos! - Novias Baleares<\/title>\n<meta name=\"robots\" content=\"index, follow, max-snippet:-1, max-image-preview:large, max-video-preview:-1\" \/>\n<link rel=\"canonical\" href=\"http:\/\/noviasespana.com\/noviasbaleares\/buenos-dias-contorno-de-ojos\/\" \/>\n<meta property=\"og:locale\" content=\"es_ES\" \/>\n<meta property=\"og:type\" content=\"article\" \/>\n<meta property=\"og:title\" content=\"Buenos d\u00edas \u00a1contorno de ojos! - Novias Baleares\" \/>\n<meta property=\"og:description\" content=\"Lunes de belleza y qu\u00e9 mejor manera para empezar el d\u00eda que cuid\u00e1ndote un poco. \u00a0Y es que la ma\u00f1ana es el mejor momento para aplicarse el contorno de los ojos y desde luego es una muy buena idea convertirlo en una rutina de belleza. El contorno de los ojos, es ese peque\u00f1o gran desconocido, [&hellip;]\" \/>\n<meta property=\"og:url\" content=\"http:\/\/noviasespana.com\/noviasbaleares\/buenos-dias-contorno-de-ojos\/\" \/>\n<meta property=\"og:site_name\" content=\"Novias Baleares\" \/>\n<meta property=\"article:published_time\" content=\"2012-02-20T08:00:43+00:00\" \/>\n<meta property=\"og:image\" content=\"http:\/\/www.diariodeunanovia.com\/blog\/wp-content\/uploads\/sites\/5\/2012\/02\/contorno.bmp\" \/>\n<meta name=\"author\" content=\"admin\" \/>\n<meta name=\"twitter:label1\" content=\"Escrito por\" \/>\n\t<meta name=\"twitter:data1\" content=\"admin\" \/>\n\t<meta name=\"twitter:label2\" content=\"Tiempo de lectura\" \/>\n\t<meta name=\"twitter:data2\" content=\"1 minuto\" \/>\n<script type=\"application\/ld+json\" class=\"yoast-schema-graph\">{\"@context\":\"https:\\\/\\\/schema.org\",\"@graph\":[{\"@type\":\"Article\",\"@id\":\"http:\\\/\\\/noviasespana.com\\\/noviasbaleares\\\/buenos-dias-contorno-de-ojos\\\/#article\",\"isPartOf\":{\"@id\":\"http:\\\/\\\/noviasespana.com\\\/noviasbaleares\\\/buenos-dias-contorno-de-ojos\\\/\"},\"author\":{\"name\":\"admin\",\"@id\":\"http:\\\/\\\/noviasespana.com\\\/noviasbaleares\\\/#\\\/schema\\\/person\\\/82ff6e303fad28e4da623aa4d27969ed\"},\"headline\":\"Buenos d\u00edas \u00a1contorno de ojos!\",\"datePublished\":\"2012-02-20T08:00:43+00:00\",\"mainEntityOfPage\":{\"@id\":\"http:\\\/\\\/noviasespana.com\\\/noviasbaleares\\\/buenos-dias-contorno-de-ojos\\\/\"},\"wordCount\":204,\"commentCount\":0,\"image\":{\"@id\":\"http:\\\/\\\/noviasespana.com\\\/noviasbaleares\\\/buenos-dias-contorno-de-ojos\\\/#primaryimage\"},\"thumbnailUrl\":\"http:\\\/\\\/www.diariodeunanovia.com\\\/blog\\\/wp-content\\\/uploads\\\/sites\\\/5\\\/2012\\\/02\\\/contorno.bmp\",\"articleSection\":[\"novias\"],\"inLanguage\":\"es\",\"potentialAction\":[{\"@type\":\"CommentAction\",\"name\":\"Comment\",\"target\":[\"http:\\\/\\\/noviasespana.com\\\/noviasbaleares\\\/buenos-dias-contorno-de-ojos\\\/#respond\"]}]},{\"@type\":\"WebPage\",\"@id\":\"http:\\\/\\\/noviasespana.com\\\/noviasbaleares\\\/buenos-dias-contorno-de-ojos\\\/\",\"url\":\"http:\\\/\\\/noviasespana.com\\\/noviasbaleares\\\/buenos-dias-contorno-de-ojos\\\/\",\"name\":\"Buenos d\u00edas \u00a1contorno de ojos! - Novias Baleares\",\"isPartOf\":{\"@id\":\"http:\\\/\\\/noviasespana.com\\\/noviasbaleares\\\/#website\"},\"primaryImageOfPage\":{\"@id\":\"http:\\\/\\\/noviasespana.com\\\/noviasbaleares\\\/buenos-dias-contorno-de-ojos\\\/#primaryimage\"},\"image\":{\"@id\":\"http:\\\/\\\/noviasespana.com\\\/noviasbaleares\\\/buenos-dias-contorno-de-ojos\\\/#primaryimage\"},\"thumbnailUrl\":\"http:\\\/\\\/www.diariodeunanovia.com\\\/blog\\\/wp-content\\\/uploads\\\/sites\\\/5\\\/2012\\\/02\\\/contorno.bmp\",\"datePublished\":\"2012-02-20T08:00:43+00:00\",\"author\":{\"@id\":\"http:\\\/\\\/noviasespana.com\\\/noviasbaleares\\\/#\\\/schema\\\/person\\\/82ff6e303fad28e4da623aa4d27969ed\"},\"breadcrumb\":{\"@id\":\"http:\\\/\\\/noviasespana.com\\\/noviasbaleares\\\/buenos-dias-contorno-de-ojos\\\/#breadcrumb\"},\"inLanguage\":\"es\",\"potentialAction\":[{\"@type\":\"ReadAction\",\"target\":[\"http:\\\/\\\/noviasespana.com\\\/noviasbaleares\\\/buenos-dias-contorno-de-ojos\\\/\"]}]},{\"@type\":\"ImageObject\",\"inLanguage\":\"es\",\"@id\":\"http:\\\/\\\/noviasespana.com\\\/noviasbaleares\\\/buenos-dias-contorno-de-ojos\\\/#primaryimage\",\"url\":\"http:\\\/\\\/www.diariodeunanovia.com\\\/blog\\\/wp-content\\\/uploads\\\/sites\\\/5\\\/2012\\\/02\\\/contorno.bmp\",\"contentUrl\":\"http:\\\/\\\/www.diariodeunanovia.com\\\/blog\\\/wp-content\\\/uploads\\\/sites\\\/5\\\/2012\\\/02\\\/contorno.bmp\"},{\"@type\":\"BreadcrumbList\",\"@id\":\"http:\\\/\\\/noviasespana.com\\\/noviasbaleares\\\/buenos-dias-contorno-de-ojos\\\/#breadcrumb\",\"itemListElement\":[{\"@type\":\"ListItem\",\"position\":1,\"name\":\"Portada\",\"item\":\"http:\\\/\\\/noviasespana.com\\\/noviasbaleares\\\/\"},{\"@type\":\"ListItem\",\"position\":2,\"name\":\"Buenos d\u00edas \u00a1contorno de ojos!\"}]},{\"@type\":\"WebSite\",\"@id\":\"http:\\\/\\\/noviasespana.com\\\/noviasbaleares\\\/#website\",\"url\":\"http:\\\/\\\/noviasespana.com\\\/noviasbaleares\\\/\",\"name\":\"Novias Baleares\",\"description\":\"Revista de novias\",\"potentialAction\":[{\"@type\":\"SearchAction\",\"target\":{\"@type\":\"EntryPoint\",\"urlTemplate\":\"http:\\\/\\\/noviasespana.com\\\/noviasbaleares\\\/?s={search_term_string}\"},\"query-input\":{\"@type\":\"PropertyValueSpecification\",\"valueRequired\":true,\"valueName\":\"search_term_string\"}}],\"inLanguage\":\"es\"},{\"@type\":\"Person\",\"@id\":\"http:\\\/\\\/noviasespana.com\\\/noviasbaleares\\\/#\\\/schema\\\/person\\\/82ff6e303fad28e4da623aa4d27969ed\",\"name\":\"admin\",\"image\":{\"@type\":\"ImageObject\",\"inLanguage\":\"es\",\"@id\":\"https:\\\/\\\/secure.gravatar.com\\\/avatar\\\/0f45231fddfb43fcbd0cdde4582a3580baf474d75fca7d494b42ff86847de871?s=96&d=mm&r=g\",\"url\":\"https:\\\/\\\/secure.gravatar.com\\\/avatar\\\/0f45231fddfb43fcbd0cdde4582a3580baf474d75fca7d494b42ff86847de871?s=96&d=mm&r=g\",\"contentUrl\":\"https:\\\/\\\/secure.gravatar.com\\\/avatar\\\/0f45231fddfb43fcbd0cdde4582a3580baf474d75fca7d494b42ff86847de871?s=96&d=mm&r=g\",\"caption\":\"admin\"},\"url\":\"http:\\\/\\\/noviasespana.com\\\/noviasbaleares\\\/author\\\/admin\\\/\"}]}<\/script>\n<!-- \/ Yoast SEO plugin. -->","yoast_head_json":{"title":"Buenos d\u00edas \u00a1contorno de ojos! - Novias Baleares","robots":{"index":"index","follow":"follow","max-snippet":"max-snippet:-1","max-image-preview":"max-image-preview:large","max-video-preview":"max-video-preview:-1"},"canonical":"http:\/\/noviasespana.com\/noviasbaleares\/buenos-dias-contorno-de-ojos\/","og_locale":"es_ES","og_type":"article","og_title":"Buenos d\u00edas \u00a1contorno de ojos! - Novias Baleares","og_description":"Lunes de belleza y qu\u00e9 mejor manera para empezar el d\u00eda que cuid\u00e1ndote un poco. \u00a0Y es que la ma\u00f1ana es el mejor momento para aplicarse el contorno de los ojos y desde luego es una muy buena idea convertirlo en una rutina de belleza. El contorno de los ojos, es ese peque\u00f1o gran desconocido, [&hellip;]","og_url":"http:\/\/noviasespana.com\/noviasbaleares\/buenos-dias-contorno-de-ojos\/","og_site_name":"Novias Baleares","article_published_time":"2012-02-20T08:00:43+00:00","og_image":[{"url":"http:\/\/www.diariodeunanovia.com\/blog\/wp-content\/uploads\/sites\/5\/2012\/02\/contorno.bmp","type":"","width":"","height":""}],"author":"admin","twitter_misc":{"Escrito por":"admin","Tiempo de lectura":"1 minuto"},"schema":{"@context":"https:\/\/schema.org","@graph":[{"@type":"Article","@id":"http:\/\/noviasespana.com\/noviasbaleares\/buenos-dias-contorno-de-ojos\/#article","isPartOf":{"@id":"http:\/\/noviasespana.com\/noviasbaleares\/buenos-dias-contorno-de-ojos\/"},"author":{"name":"admin","@id":"http:\/\/noviasespana.com\/noviasbaleares\/#\/schema\/person\/82ff6e303fad28e4da623aa4d27969ed"},"headline":"Buenos d\u00edas \u00a1contorno de ojos!","datePublished":"2012-02-20T08:00:43+00:00","mainEntityOfPage":{"@id":"http:\/\/noviasespana.com\/noviasbaleares\/buenos-dias-contorno-de-ojos\/"},"wordCount":204,"commentCount":0,"image":{"@id":"http:\/\/noviasespana.com\/noviasbaleares\/buenos-dias-contorno-de-ojos\/#primaryimage"},"thumbnailUrl":"http:\/\/www.diariodeunanovia.com\/blog\/wp-content\/uploads\/sites\/5\/2012\/02\/contorno.bmp","articleSection":["novias"],"inLanguage":"es","potentialAction":[{"@type":"CommentAction","name":"Comment","target":["http:\/\/noviasespana.com\/noviasbaleares\/buenos-dias-contorno-de-ojos\/#respond"]}]},{"@type":"WebPage","@id":"http:\/\/noviasespana.com\/noviasbaleares\/buenos-dias-contorno-de-ojos\/","url":"http:\/\/noviasespana.com\/noviasbaleares\/buenos-dias-contorno-de-ojos\/","name":"Buenos d\u00edas \u00a1contorno de ojos! - Novias Baleares","isPartOf":{"@id":"http:\/\/noviasespana.com\/noviasbaleares\/#website"},"primaryImageOfPage":{"@id":"http:\/\/noviasespana.com\/noviasbaleares\/buenos-dias-contorno-de-ojos\/#primaryimage"},"image":{"@id":"http:\/\/noviasespana.com\/noviasbaleares\/buenos-dias-contorno-de-ojos\/#primaryimage"},"thumbnailUrl":"http:\/\/www.diariodeunanovia.com\/blog\/wp-content\/uploads\/sites\/5\/2012\/02\/contorno.bmp","datePublished":"2012-02-20T08:00:43+00:00","author":{"@id":"http:\/\/noviasespana.com\/noviasbaleares\/#\/schema\/person\/82ff6e303fad28e4da623aa4d27969ed"},"breadcrumb":{"@id":"http:\/\/noviasespana.com\/noviasbaleares\/buenos-dias-contorno-de-ojos\/#breadcrumb"},"inLanguage":"es","potentialAction":[{"@type":"ReadAction","target":["http:\/\/noviasespana.com\/noviasbaleares\/buenos-dias-contorno-de-ojos\/"]}]},{"@type":"ImageObject","inLanguage":"es","@id":"http:\/\/noviasespana.com\/noviasbaleares\/buenos-dias-contorno-de-ojos\/#primaryimage","url":"http:\/\/www.diariodeunanovia.com\/blog\/wp-content\/uploads\/sites\/5\/2012\/02\/contorno.bmp","contentUrl":"http:\/\/www.diariodeunanovia.com\/blog\/wp-content\/uploads\/sites\/5\/2012\/02\/contorno.bmp"},{"@type":"BreadcrumbList","@id":"http:\/\/noviasespana.com\/noviasbaleares\/buenos-dias-contorno-de-ojos\/#breadcrumb","itemListElement":[{"@type":"ListItem","position":1,"name":"Portada","item":"http:\/\/noviasespana.com\/noviasbaleares\/"},{"@type":"ListItem","position":2,"name":"Buenos d\u00edas \u00a1contorno de ojos!"}]},{"@type":"WebSite","@id":"http:\/\/noviasespana.com\/noviasbaleares\/#website","url":"http:\/\/noviasespana.com\/noviasbaleares\/","name":"Novias Baleares","description":"Revista de novias","potentialAction":[{"@type":"SearchAction","target":{"@type":"EntryPoint","urlTemplate":"http:\/\/noviasespana.com\/noviasbaleares\/?s={search_term_string}"},"query-input":{"@type":"PropertyValueSpecification","valueRequired":true,"valueName":"search_term_string"}}],"inLanguage":"es"},{"@type":"Person","@id":"http:\/\/noviasespana.com\/noviasbaleares\/#\/schema\/person\/82ff6e303fad28e4da623aa4d27969ed","name":"admin","image":{"@type":"ImageObject","inLanguage":"es","@id":"https:\/\/secure.gravatar.com\/avatar\/0f45231fddfb43fcbd0cdde4582a3580baf474d75fca7d494b42ff86847de871?s=96&d=mm&r=g","url":"https:\/\/secure.gravatar.com\/avatar\/0f45231fddfb43fcbd0cdde4582a3580baf474d75fca7d494b42ff86847de871?s=96&d=mm&r=g","contentUrl":"https:\/\/secure.gravatar.com\/avatar\/0f45231fddfb43fcbd0cdde4582a3580baf474d75fca7d494b42ff86847de871?s=96&d=mm&r=g","caption":"admin"},"url":"http:\/\/noviasespana.com\/noviasbaleares\/author\/admin\/"}]}},"jetpack_featured_media_url":"","jetpack_sharing_enabled":true,"jetpack_shortlink":"https:\/\/wp.me\/p5Hg6P-Yq","jetpack_likes_enabled":true,"_links":{"self":[{"href":"http:\/\/noviasespana.com\/noviasbaleares\/wp-json\/wp\/v2\/posts\/3746","targetHints":{"allow":["GET"]}}],"collection":[{"href":"http:\/\/noviasespana.com\/noviasbaleares\/wp-json\/wp\/v2\/posts"}],"about":[{"href":"http:\/\/noviasespana.com\/noviasbaleares\/wp-json\/wp\/v2\/types\/post"}],"author":[{"embeddable":true,"href":"http:\/\/noviasespana.com\/noviasbaleares\/wp-json\/wp\/v2\/users\/2"}],"replies":[{"embeddable":true,"href":"http:\/\/noviasespana.com\/noviasbaleares\/wp-json\/wp\/v2\/comments?post=3746"}],"version-history":[{"count":0,"href":"http:\/\/noviasespana.com\/noviasbaleares\/wp-json\/wp\/v2\/posts\/3746\/revisions"}],"wp:attachment":[{"href":"http:\/\/noviasespana.com\/noviasbaleares\/wp-json\/wp\/v2\/media?parent=3746"}],"wp:term":[{"taxonomy":"category","embeddable":true,"href":"http:\/\/noviasespana.com\/noviasbaleares\/wp-json\/wp\/v2\/categories?post=3746"},{"taxonomy":"post_tag","embeddable":true,"href":"http:\/\/noviasespana.com\/noviasbaleares\/wp-json\/wp\/v2\/tags?post=3746"}],"curies":[{"name":"wp","href":"https:\/\/api.w.org\/{rel}","templated":true}]}}