{"id":3736,"date":"2012-02-15T09:00:49","date_gmt":"2012-02-15T08:00:49","guid":{"rendered":"http:\/\/www.diariodeunanovia.com\/blog\/?p=3736"},"modified":"2012-02-15T09:00:49","modified_gmt":"2012-02-15T08:00:49","slug":"isabel-zapardiez-lleva-su-esencia-a-la-pasarela-couture-fashion-week-de-nueva-york","status":"publish","type":"post","link":"http:\/\/noviasespana.com\/noviasbaleares\/isabel-zapardiez-lleva-su-esencia-a-la-pasarela-couture-fashion-week-de-nueva-york\/","title":{"rendered":"ISABEL ZAPARDIEZ LLEVA SU ESENCIA A LA PASARELA COUTURE FASHION WEEK DE NUEVA YORK"},"content":{"rendered":"<p style=\"text-align: center\"><img data-recalc-dims=\"1\" loading=\"lazy\" decoding=\"async\" class=\"size-medium wp-image-3737  aligncenter\" title=\"e&amp;m fotografas 3\" alt=\"e&amp;m fotografas 3\" src=\"https:\/\/i0.wp.com\/www.diariodeunanovia.com\/blog\/wp-content\/uploads\/sites\/5\/2012\/02\/em-fotografas-3-300x212.jpg?resize=300%2C212\" width=\"300\" height=\"212\" \/><\/p>\n<p>La dise\u00f1adora Isabel Zapardiez va a llevar su estilo nupcial a la ciudad de Nueva York, donde participar\u00e1 en la pasarela Couture Fashion Week que se celebra del 17 al 19 de Febrero en el emblem\u00e1tico hotel Waldorf Astoria. La Couture Fashion Week es uno de los distintos eventos que se celebran enmarcados en la Semana de la Moda de Nueva York. Durante tres d\u00edas, el gran sal\u00f3n del Waldorf Astoria se transformar\u00e1 en una pasarela de lujo por la que desfilar\u00e1n dise\u00f1adores de diversas partes del mundo y de distintos \u00e1mbitos, invitados por la organizaci\u00f3n. Isabel Zapardiez presentar\u00e1 un show concebido para transportar la diversidad de su inspiraci\u00f3n, a trav\u00e9s de una selecci\u00f3n de dise\u00f1os que, seg\u00fan la dise\u00f1adora, <em>\u201cbusca materializar la esencia de nuestra marca\u201d.<\/em> Ante su presentaci\u00f3n en Nueva York, la dise\u00f1adora se muestra <em>\u201cmuy ilusionada por encontrarme con el p\u00fablico neoyorquino; por las consultas recibidas, parece que conectamos con su estilo\u201d<\/em> La novia que presentar\u00e1 Isabel Zapardiez es ambivalente y muestra delicadeza y fuerza al mismo tiempo; son mujeres de siluetas et\u00e9reas con una presencia rotunda, siempre en torno a la idea de <em>que \u201ccada dise\u00f1o debe contar su propia historia\u201d,<\/em> como destaca la dise\u00f1adora. Sus vestidos dibujan la silueta de manera delicada y femenina.\u00a0Las cinturas marcadas, las espaldas descubiertas y los juegos de transparencias son algunas de las se\u00f1as de identidad habituales de la dise\u00f1adora, as\u00ed como las aplicaciones vintage y los drapeados. En cuanto a los tejidos, se decanta por <em>\u201clas sedas: sat\u00e9n, muselina, gasa, tul, y los brocados\u201d, <\/em>apostando fuerte por la mezcla de g\u00e9neros y los bordados artesanales. Aunque el blanco es el color protagonista, sus dise\u00f1os se abren tambi\u00e9n a tonalidades pastel, rosa empolvado, plata y oro.<\/p>\n","protected":false},"excerpt":{"rendered":"<p>La dise\u00f1adora Isabel Zapardiez va a llevar su estilo nupcial a la ciudad de Nueva York, donde participar\u00e1 en la pasarela Couture Fashion Week que se celebra del 17 al 19 de Febrero en el emblem\u00e1tico hotel Waldorf Astoria. La Couture Fashion Week es uno de los distintos eventos que se celebran enmarcados en la [&hellip;]<\/p>\n","protected":false},"author":2,"featured_media":3864,"comment_status":"open","ping_status":"open","sticky":false,"template":"","format":"standard","meta":{"jetpack_post_was_ever_published":false,"_jetpack_newsletter_access":"","_jetpack_dont_email_post_to_subs":false,"_jetpack_newsletter_tier_id":0,"_jetpack_memberships_contains_paywalled_content":false,"_jetpack_memberships_contains_paid_content":false,"footnotes":""},"categories":[1],"tags":[],"class_list":["post-3736","post","type-post","status-publish","format-standard","has-post-thumbnail","hentry","category-novias"],"yoast_head":"<!-- This site is optimized with the Yoast SEO plugin v27.5 - https:\/\/yoast.com\/product\/yoast-seo-wordpress\/ -->\n<title>ISABEL ZAPARDIEZ LLEVA SU ESENCIA A LA PASARELA COUTURE FASHION WEEK DE NUEVA YORK - Novias Baleares<\/title>\n<meta name=\"robots\" content=\"index, follow, max-snippet:-1, max-image-preview:large, max-video-preview:-1\" \/>\n<link rel=\"canonical\" href=\"http:\/\/noviasespana.com\/noviasbaleares\/isabel-zapardiez-lleva-su-esencia-a-la-pasarela-couture-fashion-week-de-nueva-york\/\" \/>\n<meta property=\"og:locale\" content=\"es_ES\" \/>\n<meta property=\"og:type\" content=\"article\" \/>\n<meta property=\"og:title\" content=\"ISABEL ZAPARDIEZ LLEVA SU ESENCIA A LA PASARELA COUTURE FASHION WEEK DE NUEVA YORK - Novias Baleares\" \/>\n<meta property=\"og:description\" content=\"La dise\u00f1adora Isabel Zapardiez va a llevar su estilo nupcial a la ciudad de Nueva York, donde participar\u00e1 en la pasarela Couture Fashion Week que se celebra del 17 al 19 de Febrero en el emblem\u00e1tico hotel Waldorf Astoria. La Couture Fashion Week es uno de los distintos eventos que se celebran enmarcados en la [&hellip;]\" \/>\n<meta property=\"og:url\" content=\"http:\/\/noviasespana.com\/noviasbaleares\/isabel-zapardiez-lleva-su-esencia-a-la-pasarela-couture-fashion-week-de-nueva-york\/\" \/>\n<meta property=\"og:site_name\" content=\"Novias Baleares\" \/>\n<meta property=\"article:published_time\" content=\"2012-02-15T08:00:49+00:00\" \/>\n<meta name=\"author\" content=\"admin\" \/>\n<meta name=\"twitter:label1\" content=\"Escrito por\" \/>\n\t<meta name=\"twitter:data1\" content=\"admin\" \/>\n\t<meta name=\"twitter:label2\" content=\"Tiempo de lectura\" \/>\n\t<meta name=\"twitter:data2\" content=\"2 minutos\" \/>\n<script type=\"application\/ld+json\" class=\"yoast-schema-graph\">{\"@context\":\"https:\\\/\\\/schema.org\",\"@graph\":[{\"@type\":\"Article\",\"@id\":\"http:\\\/\\\/noviasespana.com\\\/noviasbaleares\\\/isabel-zapardiez-lleva-su-esencia-a-la-pasarela-couture-fashion-week-de-nueva-york\\\/#article\",\"isPartOf\":{\"@id\":\"http:\\\/\\\/noviasespana.com\\\/noviasbaleares\\\/isabel-zapardiez-lleva-su-esencia-a-la-pasarela-couture-fashion-week-de-nueva-york\\\/\"},\"author\":{\"name\":\"admin\",\"@id\":\"http:\\\/\\\/noviasespana.com\\\/noviasbaleares\\\/#\\\/schema\\\/person\\\/82ff6e303fad28e4da623aa4d27969ed\"},\"headline\":\"ISABEL ZAPARDIEZ LLEVA SU ESENCIA A LA PASARELA COUTURE FASHION WEEK DE NUEVA YORK\",\"datePublished\":\"2012-02-15T08:00:49+00:00\",\"mainEntityOfPage\":{\"@id\":\"http:\\\/\\\/noviasespana.com\\\/noviasbaleares\\\/isabel-zapardiez-lleva-su-esencia-a-la-pasarela-couture-fashion-week-de-nueva-york\\\/\"},\"wordCount\":324,\"commentCount\":0,\"image\":{\"@id\":\"http:\\\/\\\/noviasespana.com\\\/noviasbaleares\\\/isabel-zapardiez-lleva-su-esencia-a-la-pasarela-couture-fashion-week-de-nueva-york\\\/#primaryimage\"},\"thumbnailUrl\":\"\",\"articleSection\":[\"novias\"],\"inLanguage\":\"es\",\"potentialAction\":[{\"@type\":\"CommentAction\",\"name\":\"Comment\",\"target\":[\"http:\\\/\\\/noviasespana.com\\\/noviasbaleares\\\/isabel-zapardiez-lleva-su-esencia-a-la-pasarela-couture-fashion-week-de-nueva-york\\\/#respond\"]}]},{\"@type\":\"WebPage\",\"@id\":\"http:\\\/\\\/noviasespana.com\\\/noviasbaleares\\\/isabel-zapardiez-lleva-su-esencia-a-la-pasarela-couture-fashion-week-de-nueva-york\\\/\",\"url\":\"http:\\\/\\\/noviasespana.com\\\/noviasbaleares\\\/isabel-zapardiez-lleva-su-esencia-a-la-pasarela-couture-fashion-week-de-nueva-york\\\/\",\"name\":\"ISABEL ZAPARDIEZ LLEVA SU ESENCIA A LA PASARELA COUTURE FASHION WEEK DE NUEVA YORK - Novias Baleares\",\"isPartOf\":{\"@id\":\"http:\\\/\\\/noviasespana.com\\\/noviasbaleares\\\/#website\"},\"primaryImageOfPage\":{\"@id\":\"http:\\\/\\\/noviasespana.com\\\/noviasbaleares\\\/isabel-zapardiez-lleva-su-esencia-a-la-pasarela-couture-fashion-week-de-nueva-york\\\/#primaryimage\"},\"image\":{\"@id\":\"http:\\\/\\\/noviasespana.com\\\/noviasbaleares\\\/isabel-zapardiez-lleva-su-esencia-a-la-pasarela-couture-fashion-week-de-nueva-york\\\/#primaryimage\"},\"thumbnailUrl\":\"\",\"datePublished\":\"2012-02-15T08:00:49+00:00\",\"author\":{\"@id\":\"http:\\\/\\\/noviasespana.com\\\/noviasbaleares\\\/#\\\/schema\\\/person\\\/82ff6e303fad28e4da623aa4d27969ed\"},\"breadcrumb\":{\"@id\":\"http:\\\/\\\/noviasespana.com\\\/noviasbaleares\\\/isabel-zapardiez-lleva-su-esencia-a-la-pasarela-couture-fashion-week-de-nueva-york\\\/#breadcrumb\"},\"inLanguage\":\"es\",\"potentialAction\":[{\"@type\":\"ReadAction\",\"target\":[\"http:\\\/\\\/noviasespana.com\\\/noviasbaleares\\\/isabel-zapardiez-lleva-su-esencia-a-la-pasarela-couture-fashion-week-de-nueva-york\\\/\"]}]},{\"@type\":\"ImageObject\",\"inLanguage\":\"es\",\"@id\":\"http:\\\/\\\/noviasespana.com\\\/noviasbaleares\\\/isabel-zapardiez-lleva-su-esencia-a-la-pasarela-couture-fashion-week-de-nueva-york\\\/#primaryimage\",\"url\":\"\",\"contentUrl\":\"\"},{\"@type\":\"BreadcrumbList\",\"@id\":\"http:\\\/\\\/noviasespana.com\\\/noviasbaleares\\\/isabel-zapardiez-lleva-su-esencia-a-la-pasarela-couture-fashion-week-de-nueva-york\\\/#breadcrumb\",\"itemListElement\":[{\"@type\":\"ListItem\",\"position\":1,\"name\":\"Portada\",\"item\":\"http:\\\/\\\/noviasespana.com\\\/noviasbaleares\\\/\"},{\"@type\":\"ListItem\",\"position\":2,\"name\":\"ISABEL ZAPARDIEZ LLEVA SU ESENCIA A LA PASARELA COUTURE FASHION WEEK DE NUEVA YORK\"}]},{\"@type\":\"WebSite\",\"@id\":\"http:\\\/\\\/noviasespana.com\\\/noviasbaleares\\\/#website\",\"url\":\"http:\\\/\\\/noviasespana.com\\\/noviasbaleares\\\/\",\"name\":\"Novias Baleares\",\"description\":\"Revista de novias\",\"potentialAction\":[{\"@type\":\"SearchAction\",\"target\":{\"@type\":\"EntryPoint\",\"urlTemplate\":\"http:\\\/\\\/noviasespana.com\\\/noviasbaleares\\\/?s={search_term_string}\"},\"query-input\":{\"@type\":\"PropertyValueSpecification\",\"valueRequired\":true,\"valueName\":\"search_term_string\"}}],\"inLanguage\":\"es\"},{\"@type\":\"Person\",\"@id\":\"http:\\\/\\\/noviasespana.com\\\/noviasbaleares\\\/#\\\/schema\\\/person\\\/82ff6e303fad28e4da623aa4d27969ed\",\"name\":\"admin\",\"image\":{\"@type\":\"ImageObject\",\"inLanguage\":\"es\",\"@id\":\"https:\\\/\\\/secure.gravatar.com\\\/avatar\\\/0f45231fddfb43fcbd0cdde4582a3580baf474d75fca7d494b42ff86847de871?s=96&d=mm&r=g\",\"url\":\"https:\\\/\\\/secure.gravatar.com\\\/avatar\\\/0f45231fddfb43fcbd0cdde4582a3580baf474d75fca7d494b42ff86847de871?s=96&d=mm&r=g\",\"contentUrl\":\"https:\\\/\\\/secure.gravatar.com\\\/avatar\\\/0f45231fddfb43fcbd0cdde4582a3580baf474d75fca7d494b42ff86847de871?s=96&d=mm&r=g\",\"caption\":\"admin\"},\"url\":\"http:\\\/\\\/noviasespana.com\\\/noviasbaleares\\\/author\\\/admin\\\/\"}]}<\/script>\n<!-- \/ Yoast SEO plugin. -->","yoast_head_json":{"title":"ISABEL ZAPARDIEZ LLEVA SU ESENCIA A LA PASARELA COUTURE FASHION WEEK DE NUEVA YORK - Novias Baleares","robots":{"index":"index","follow":"follow","max-snippet":"max-snippet:-1","max-image-preview":"max-image-preview:large","max-video-preview":"max-video-preview:-1"},"canonical":"http:\/\/noviasespana.com\/noviasbaleares\/isabel-zapardiez-lleva-su-esencia-a-la-pasarela-couture-fashion-week-de-nueva-york\/","og_locale":"es_ES","og_type":"article","og_title":"ISABEL ZAPARDIEZ LLEVA SU ESENCIA A LA PASARELA COUTURE FASHION WEEK DE NUEVA YORK - Novias Baleares","og_description":"La dise\u00f1adora Isabel Zapardiez va a llevar su estilo nupcial a la ciudad de Nueva York, donde participar\u00e1 en la pasarela Couture Fashion Week que se celebra del 17 al 19 de Febrero en el emblem\u00e1tico hotel Waldorf Astoria. La Couture Fashion Week es uno de los distintos eventos que se celebran enmarcados en la [&hellip;]","og_url":"http:\/\/noviasespana.com\/noviasbaleares\/isabel-zapardiez-lleva-su-esencia-a-la-pasarela-couture-fashion-week-de-nueva-york\/","og_site_name":"Novias Baleares","article_published_time":"2012-02-15T08:00:49+00:00","author":"admin","twitter_misc":{"Escrito por":"admin","Tiempo de lectura":"2 minutos"},"schema":{"@context":"https:\/\/schema.org","@graph":[{"@type":"Article","@id":"http:\/\/noviasespana.com\/noviasbaleares\/isabel-zapardiez-lleva-su-esencia-a-la-pasarela-couture-fashion-week-de-nueva-york\/#article","isPartOf":{"@id":"http:\/\/noviasespana.com\/noviasbaleares\/isabel-zapardiez-lleva-su-esencia-a-la-pasarela-couture-fashion-week-de-nueva-york\/"},"author":{"name":"admin","@id":"http:\/\/noviasespana.com\/noviasbaleares\/#\/schema\/person\/82ff6e303fad28e4da623aa4d27969ed"},"headline":"ISABEL ZAPARDIEZ LLEVA SU ESENCIA A LA PASARELA COUTURE FASHION WEEK DE NUEVA YORK","datePublished":"2012-02-15T08:00:49+00:00","mainEntityOfPage":{"@id":"http:\/\/noviasespana.com\/noviasbaleares\/isabel-zapardiez-lleva-su-esencia-a-la-pasarela-couture-fashion-week-de-nueva-york\/"},"wordCount":324,"commentCount":0,"image":{"@id":"http:\/\/noviasespana.com\/noviasbaleares\/isabel-zapardiez-lleva-su-esencia-a-la-pasarela-couture-fashion-week-de-nueva-york\/#primaryimage"},"thumbnailUrl":"","articleSection":["novias"],"inLanguage":"es","potentialAction":[{"@type":"CommentAction","name":"Comment","target":["http:\/\/noviasespana.com\/noviasbaleares\/isabel-zapardiez-lleva-su-esencia-a-la-pasarela-couture-fashion-week-de-nueva-york\/#respond"]}]},{"@type":"WebPage","@id":"http:\/\/noviasespana.com\/noviasbaleares\/isabel-zapardiez-lleva-su-esencia-a-la-pasarela-couture-fashion-week-de-nueva-york\/","url":"http:\/\/noviasespana.com\/noviasbaleares\/isabel-zapardiez-lleva-su-esencia-a-la-pasarela-couture-fashion-week-de-nueva-york\/","name":"ISABEL ZAPARDIEZ LLEVA SU ESENCIA A LA PASARELA COUTURE FASHION WEEK DE NUEVA YORK - Novias Baleares","isPartOf":{"@id":"http:\/\/noviasespana.com\/noviasbaleares\/#website"},"primaryImageOfPage":{"@id":"http:\/\/noviasespana.com\/noviasbaleares\/isabel-zapardiez-lleva-su-esencia-a-la-pasarela-couture-fashion-week-de-nueva-york\/#primaryimage"},"image":{"@id":"http:\/\/noviasespana.com\/noviasbaleares\/isabel-zapardiez-lleva-su-esencia-a-la-pasarela-couture-fashion-week-de-nueva-york\/#primaryimage"},"thumbnailUrl":"","datePublished":"2012-02-15T08:00:49+00:00","author":{"@id":"http:\/\/noviasespana.com\/noviasbaleares\/#\/schema\/person\/82ff6e303fad28e4da623aa4d27969ed"},"breadcrumb":{"@id":"http:\/\/noviasespana.com\/noviasbaleares\/isabel-zapardiez-lleva-su-esencia-a-la-pasarela-couture-fashion-week-de-nueva-york\/#breadcrumb"},"inLanguage":"es","potentialAction":[{"@type":"ReadAction","target":["http:\/\/noviasespana.com\/noviasbaleares\/isabel-zapardiez-lleva-su-esencia-a-la-pasarela-couture-fashion-week-de-nueva-york\/"]}]},{"@type":"ImageObject","inLanguage":"es","@id":"http:\/\/noviasespana.com\/noviasbaleares\/isabel-zapardiez-lleva-su-esencia-a-la-pasarela-couture-fashion-week-de-nueva-york\/#primaryimage","url":"","contentUrl":""},{"@type":"BreadcrumbList","@id":"http:\/\/noviasespana.com\/noviasbaleares\/isabel-zapardiez-lleva-su-esencia-a-la-pasarela-couture-fashion-week-de-nueva-york\/#breadcrumb","itemListElement":[{"@type":"ListItem","position":1,"name":"Portada","item":"http:\/\/noviasespana.com\/noviasbaleares\/"},{"@type":"ListItem","position":2,"name":"ISABEL ZAPARDIEZ LLEVA SU ESENCIA A LA PASARELA COUTURE FASHION WEEK DE NUEVA YORK"}]},{"@type":"WebSite","@id":"http:\/\/noviasespana.com\/noviasbaleares\/#website","url":"http:\/\/noviasespana.com\/noviasbaleares\/","name":"Novias Baleares","description":"Revista de novias","potentialAction":[{"@type":"SearchAction","target":{"@type":"EntryPoint","urlTemplate":"http:\/\/noviasespana.com\/noviasbaleares\/?s={search_term_string}"},"query-input":{"@type":"PropertyValueSpecification","valueRequired":true,"valueName":"search_term_string"}}],"inLanguage":"es"},{"@type":"Person","@id":"http:\/\/noviasespana.com\/noviasbaleares\/#\/schema\/person\/82ff6e303fad28e4da623aa4d27969ed","name":"admin","image":{"@type":"ImageObject","inLanguage":"es","@id":"https:\/\/secure.gravatar.com\/avatar\/0f45231fddfb43fcbd0cdde4582a3580baf474d75fca7d494b42ff86847de871?s=96&d=mm&r=g","url":"https:\/\/secure.gravatar.com\/avatar\/0f45231fddfb43fcbd0cdde4582a3580baf474d75fca7d494b42ff86847de871?s=96&d=mm&r=g","contentUrl":"https:\/\/secure.gravatar.com\/avatar\/0f45231fddfb43fcbd0cdde4582a3580baf474d75fca7d494b42ff86847de871?s=96&d=mm&r=g","caption":"admin"},"url":"http:\/\/noviasespana.com\/noviasbaleares\/author\/admin\/"}]}},"jetpack_featured_media_url":"","jetpack_sharing_enabled":true,"jetpack_shortlink":"https:\/\/wp.me\/p5Hg6P-Yg","jetpack_likes_enabled":true,"_links":{"self":[{"href":"http:\/\/noviasespana.com\/noviasbaleares\/wp-json\/wp\/v2\/posts\/3736","targetHints":{"allow":["GET"]}}],"collection":[{"href":"http:\/\/noviasespana.com\/noviasbaleares\/wp-json\/wp\/v2\/posts"}],"about":[{"href":"http:\/\/noviasespana.com\/noviasbaleares\/wp-json\/wp\/v2\/types\/post"}],"author":[{"embeddable":true,"href":"http:\/\/noviasespana.com\/noviasbaleares\/wp-json\/wp\/v2\/users\/2"}],"replies":[{"embeddable":true,"href":"http:\/\/noviasespana.com\/noviasbaleares\/wp-json\/wp\/v2\/comments?post=3736"}],"version-history":[{"count":0,"href":"http:\/\/noviasespana.com\/noviasbaleares\/wp-json\/wp\/v2\/posts\/3736\/revisions"}],"wp:featuredmedia":[{"embeddable":true,"href":"http:\/\/noviasespana.com\/noviasbaleares\/wp-json\/"}],"wp:attachment":[{"href":"http:\/\/noviasespana.com\/noviasbaleares\/wp-json\/wp\/v2\/media?parent=3736"}],"wp:term":[{"taxonomy":"category","embeddable":true,"href":"http:\/\/noviasespana.com\/noviasbaleares\/wp-json\/wp\/v2\/categories?post=3736"},{"taxonomy":"post_tag","embeddable":true,"href":"http:\/\/noviasespana.com\/noviasbaleares\/wp-json\/wp\/v2\/tags?post=3736"}],"curies":[{"name":"wp","href":"https:\/\/api.w.org\/{rel}","templated":true}]}}