{"id":3728,"date":"2012-01-30T08:40:43","date_gmt":"2012-01-30T07:40:43","guid":{"rendered":"http:\/\/www.diariodeunanovia.com\/blog\/?p=3728"},"modified":"2012-01-30T08:40:43","modified_gmt":"2012-01-30T07:40:43","slug":"fotorejuvenecimeinto-para-lucir-una-piel-radiante","status":"publish","type":"post","link":"http:\/\/noviasespana.com\/noviasbaleares\/fotorejuvenecimeinto-para-lucir-una-piel-radiante\/","title":{"rendered":"Fotorejuvenecimiento para lucir una piel radiante"},"content":{"rendered":"<p style=\"text-align: center\"><img data-recalc-dims=\"1\" loading=\"lazy\" decoding=\"async\" class=\"size-medium wp-image-3729  aligncenter\" title=\"1\" src=\"https:\/\/i0.wp.com\/www.diariodeunanovia.com\/blog\/wp-content\/uploads\/sites\/5\/2012\/01\/1-299x300.jpg?resize=299%2C300\" alt=\"1\" width=\"299\" height=\"300\" \/><\/p>\n<p>Hoy en \u201cLunes de belleza\u201d una recomendaci\u00f3n, el blog \u201cModa y un poco m\u00e1s\u201d. En \u00e9l pod\u00e9is encontrar inspiraci\u00f3n para looks para las d\u00eda a d\u00eda y tambi\u00e9n interesantes propuestas de belleza como la que os traigo hoy. El Fotorejuvenecimiento. A partir de los 30 hay que empezar a cuidarse. Arruguitas, l\u00edneas de expresi\u00f3n\u2026 el mercado ofrece distintas opciones para luchar contra estos peque\u00f1os enemigos, entre ellos el fotorejuveneciemiento. Un tratamiento cl\u00ednico, que rejuvenece la piel mediante el empleo de luz pulsada. Provoca la estimulaci\u00f3n de la elastina y del col\u00e1geno presente en la dermis, combinando la luz con la transmisi\u00f3n de calor. Tambi\u00e9n sirve para tratar ciertos trastornos de la piel como las feas manchas faciales. Lo mejor, que los resultados son visibles desde las primeras sesiones y en muchos casos, espectaculares. Tras la primera sesi\u00f3n, el cutis luce m\u00e1s terso y suave, en cada sesi\u00f3n se regenera entre un 12% y un 20% de la piel. Adem\u00e1s de en el rostro, el tratamiento es muy eficaz \u00a0en manos, antebrazos y escote. Un tratamiento muy interesante para llegar al d\u00eda B con un rostro joven y fresco.<\/p>\n<p>Fuente: <a href=\"http:\/\/www.modayunpocomas.com\/2012\/01\/fotorejuvenecimiento.html\">http:\/\/www.modayunpocomas.com\/2012\/01\/fotorejuvenecimiento.html<\/a><\/p>\n","protected":false},"excerpt":{"rendered":"<p>Hoy en \u201cLunes de belleza\u201d una recomendaci\u00f3n, el blog \u201cModa y un poco m\u00e1s\u201d. En \u00e9l pod\u00e9is encontrar inspiraci\u00f3n para looks para las d\u00eda a d\u00eda y tambi\u00e9n interesantes propuestas de belleza como la que os traigo hoy. El Fotorejuvenecimiento. A partir de los 30 hay que empezar a cuidarse. Arruguitas, l\u00edneas de expresi\u00f3n\u2026 el [&hellip;]<\/p>\n","protected":false},"author":2,"featured_media":0,"comment_status":"open","ping_status":"open","sticky":false,"template":"","format":"standard","meta":{"jetpack_post_was_ever_published":false,"_jetpack_newsletter_access":"","_jetpack_dont_email_post_to_subs":false,"_jetpack_newsletter_tier_id":0,"_jetpack_memberships_contains_paywalled_content":false,"_jetpack_memberships_contains_paid_content":false,"footnotes":""},"categories":[1],"tags":[],"class_list":["post-3728","post","type-post","status-publish","format-standard","hentry","category-novias"],"yoast_head":"<!-- This site is optimized with the Yoast SEO plugin v27.5 - https:\/\/yoast.com\/product\/yoast-seo-wordpress\/ -->\n<title>Fotorejuvenecimiento para lucir una piel radiante - Novias Baleares<\/title>\n<meta name=\"robots\" content=\"index, follow, max-snippet:-1, max-image-preview:large, max-video-preview:-1\" \/>\n<link rel=\"canonical\" href=\"http:\/\/noviasespana.com\/noviasbaleares\/fotorejuvenecimeinto-para-lucir-una-piel-radiante\/\" \/>\n<meta property=\"og:locale\" content=\"es_ES\" \/>\n<meta property=\"og:type\" content=\"article\" \/>\n<meta property=\"og:title\" content=\"Fotorejuvenecimiento para lucir una piel radiante - Novias Baleares\" \/>\n<meta property=\"og:description\" content=\"Hoy en \u201cLunes de belleza\u201d una recomendaci\u00f3n, el blog \u201cModa y un poco m\u00e1s\u201d. En \u00e9l pod\u00e9is encontrar inspiraci\u00f3n para looks para las d\u00eda a d\u00eda y tambi\u00e9n interesantes propuestas de belleza como la que os traigo hoy. El Fotorejuvenecimiento. A partir de los 30 hay que empezar a cuidarse. Arruguitas, l\u00edneas de expresi\u00f3n\u2026 el [&hellip;]\" \/>\n<meta property=\"og:url\" content=\"http:\/\/noviasespana.com\/noviasbaleares\/fotorejuvenecimeinto-para-lucir-una-piel-radiante\/\" \/>\n<meta property=\"og:site_name\" content=\"Novias Baleares\" \/>\n<meta property=\"article:published_time\" content=\"2012-01-30T07:40:43+00:00\" \/>\n<meta property=\"og:image\" content=\"http:\/\/www.diariodeunanovia.com\/blog\/wp-content\/uploads\/sites\/5\/2012\/01\/1-299x300.jpg\" \/>\n<meta name=\"author\" content=\"admin\" \/>\n<meta name=\"twitter:label1\" content=\"Escrito por\" \/>\n\t<meta name=\"twitter:data1\" content=\"admin\" \/>\n\t<meta name=\"twitter:label2\" content=\"Tiempo de lectura\" \/>\n\t<meta name=\"twitter:data2\" content=\"1 minuto\" \/>\n<script type=\"application\/ld+json\" class=\"yoast-schema-graph\">{\"@context\":\"https:\\\/\\\/schema.org\",\"@graph\":[{\"@type\":\"Article\",\"@id\":\"http:\\\/\\\/noviasespana.com\\\/noviasbaleares\\\/fotorejuvenecimeinto-para-lucir-una-piel-radiante\\\/#article\",\"isPartOf\":{\"@id\":\"http:\\\/\\\/noviasespana.com\\\/noviasbaleares\\\/fotorejuvenecimeinto-para-lucir-una-piel-radiante\\\/\"},\"author\":{\"name\":\"admin\",\"@id\":\"http:\\\/\\\/noviasespana.com\\\/noviasbaleares\\\/#\\\/schema\\\/person\\\/82ff6e303fad28e4da623aa4d27969ed\"},\"headline\":\"Fotorejuvenecimiento para lucir una piel radiante\",\"datePublished\":\"2012-01-30T07:40:43+00:00\",\"mainEntityOfPage\":{\"@id\":\"http:\\\/\\\/noviasespana.com\\\/noviasbaleares\\\/fotorejuvenecimeinto-para-lucir-una-piel-radiante\\\/\"},\"wordCount\":218,\"commentCount\":0,\"image\":{\"@id\":\"http:\\\/\\\/noviasespana.com\\\/noviasbaleares\\\/fotorejuvenecimeinto-para-lucir-una-piel-radiante\\\/#primaryimage\"},\"thumbnailUrl\":\"http:\\\/\\\/www.diariodeunanovia.com\\\/blog\\\/wp-content\\\/uploads\\\/sites\\\/5\\\/2012\\\/01\\\/1-299x300.jpg\",\"articleSection\":[\"novias\"],\"inLanguage\":\"es\",\"potentialAction\":[{\"@type\":\"CommentAction\",\"name\":\"Comment\",\"target\":[\"http:\\\/\\\/noviasespana.com\\\/noviasbaleares\\\/fotorejuvenecimeinto-para-lucir-una-piel-radiante\\\/#respond\"]}]},{\"@type\":\"WebPage\",\"@id\":\"http:\\\/\\\/noviasespana.com\\\/noviasbaleares\\\/fotorejuvenecimeinto-para-lucir-una-piel-radiante\\\/\",\"url\":\"http:\\\/\\\/noviasespana.com\\\/noviasbaleares\\\/fotorejuvenecimeinto-para-lucir-una-piel-radiante\\\/\",\"name\":\"Fotorejuvenecimiento para lucir una piel radiante - Novias Baleares\",\"isPartOf\":{\"@id\":\"http:\\\/\\\/noviasespana.com\\\/noviasbaleares\\\/#website\"},\"primaryImageOfPage\":{\"@id\":\"http:\\\/\\\/noviasespana.com\\\/noviasbaleares\\\/fotorejuvenecimeinto-para-lucir-una-piel-radiante\\\/#primaryimage\"},\"image\":{\"@id\":\"http:\\\/\\\/noviasespana.com\\\/noviasbaleares\\\/fotorejuvenecimeinto-para-lucir-una-piel-radiante\\\/#primaryimage\"},\"thumbnailUrl\":\"http:\\\/\\\/www.diariodeunanovia.com\\\/blog\\\/wp-content\\\/uploads\\\/sites\\\/5\\\/2012\\\/01\\\/1-299x300.jpg\",\"datePublished\":\"2012-01-30T07:40:43+00:00\",\"author\":{\"@id\":\"http:\\\/\\\/noviasespana.com\\\/noviasbaleares\\\/#\\\/schema\\\/person\\\/82ff6e303fad28e4da623aa4d27969ed\"},\"breadcrumb\":{\"@id\":\"http:\\\/\\\/noviasespana.com\\\/noviasbaleares\\\/fotorejuvenecimeinto-para-lucir-una-piel-radiante\\\/#breadcrumb\"},\"inLanguage\":\"es\",\"potentialAction\":[{\"@type\":\"ReadAction\",\"target\":[\"http:\\\/\\\/noviasespana.com\\\/noviasbaleares\\\/fotorejuvenecimeinto-para-lucir-una-piel-radiante\\\/\"]}]},{\"@type\":\"ImageObject\",\"inLanguage\":\"es\",\"@id\":\"http:\\\/\\\/noviasespana.com\\\/noviasbaleares\\\/fotorejuvenecimeinto-para-lucir-una-piel-radiante\\\/#primaryimage\",\"url\":\"http:\\\/\\\/www.diariodeunanovia.com\\\/blog\\\/wp-content\\\/uploads\\\/sites\\\/5\\\/2012\\\/01\\\/1-299x300.jpg\",\"contentUrl\":\"http:\\\/\\\/www.diariodeunanovia.com\\\/blog\\\/wp-content\\\/uploads\\\/sites\\\/5\\\/2012\\\/01\\\/1-299x300.jpg\"},{\"@type\":\"BreadcrumbList\",\"@id\":\"http:\\\/\\\/noviasespana.com\\\/noviasbaleares\\\/fotorejuvenecimeinto-para-lucir-una-piel-radiante\\\/#breadcrumb\",\"itemListElement\":[{\"@type\":\"ListItem\",\"position\":1,\"name\":\"Portada\",\"item\":\"http:\\\/\\\/noviasespana.com\\\/noviasbaleares\\\/\"},{\"@type\":\"ListItem\",\"position\":2,\"name\":\"Fotorejuvenecimiento para lucir una piel radiante\"}]},{\"@type\":\"WebSite\",\"@id\":\"http:\\\/\\\/noviasespana.com\\\/noviasbaleares\\\/#website\",\"url\":\"http:\\\/\\\/noviasespana.com\\\/noviasbaleares\\\/\",\"name\":\"Novias Baleares\",\"description\":\"Revista de novias\",\"potentialAction\":[{\"@type\":\"SearchAction\",\"target\":{\"@type\":\"EntryPoint\",\"urlTemplate\":\"http:\\\/\\\/noviasespana.com\\\/noviasbaleares\\\/?s={search_term_string}\"},\"query-input\":{\"@type\":\"PropertyValueSpecification\",\"valueRequired\":true,\"valueName\":\"search_term_string\"}}],\"inLanguage\":\"es\"},{\"@type\":\"Person\",\"@id\":\"http:\\\/\\\/noviasespana.com\\\/noviasbaleares\\\/#\\\/schema\\\/person\\\/82ff6e303fad28e4da623aa4d27969ed\",\"name\":\"admin\",\"image\":{\"@type\":\"ImageObject\",\"inLanguage\":\"es\",\"@id\":\"https:\\\/\\\/secure.gravatar.com\\\/avatar\\\/0f45231fddfb43fcbd0cdde4582a3580baf474d75fca7d494b42ff86847de871?s=96&d=mm&r=g\",\"url\":\"https:\\\/\\\/secure.gravatar.com\\\/avatar\\\/0f45231fddfb43fcbd0cdde4582a3580baf474d75fca7d494b42ff86847de871?s=96&d=mm&r=g\",\"contentUrl\":\"https:\\\/\\\/secure.gravatar.com\\\/avatar\\\/0f45231fddfb43fcbd0cdde4582a3580baf474d75fca7d494b42ff86847de871?s=96&d=mm&r=g\",\"caption\":\"admin\"},\"url\":\"http:\\\/\\\/noviasespana.com\\\/noviasbaleares\\\/author\\\/admin\\\/\"}]}<\/script>\n<!-- \/ Yoast SEO plugin. -->","yoast_head_json":{"title":"Fotorejuvenecimiento para lucir una piel radiante - Novias Baleares","robots":{"index":"index","follow":"follow","max-snippet":"max-snippet:-1","max-image-preview":"max-image-preview:large","max-video-preview":"max-video-preview:-1"},"canonical":"http:\/\/noviasespana.com\/noviasbaleares\/fotorejuvenecimeinto-para-lucir-una-piel-radiante\/","og_locale":"es_ES","og_type":"article","og_title":"Fotorejuvenecimiento para lucir una piel radiante - Novias Baleares","og_description":"Hoy en \u201cLunes de belleza\u201d una recomendaci\u00f3n, el blog \u201cModa y un poco m\u00e1s\u201d. En \u00e9l pod\u00e9is encontrar inspiraci\u00f3n para looks para las d\u00eda a d\u00eda y tambi\u00e9n interesantes propuestas de belleza como la que os traigo hoy. El Fotorejuvenecimiento. A partir de los 30 hay que empezar a cuidarse. Arruguitas, l\u00edneas de expresi\u00f3n\u2026 el [&hellip;]","og_url":"http:\/\/noviasespana.com\/noviasbaleares\/fotorejuvenecimeinto-para-lucir-una-piel-radiante\/","og_site_name":"Novias Baleares","article_published_time":"2012-01-30T07:40:43+00:00","og_image":[{"url":"http:\/\/www.diariodeunanovia.com\/blog\/wp-content\/uploads\/sites\/5\/2012\/01\/1-299x300.jpg","type":"","width":"","height":""}],"author":"admin","twitter_misc":{"Escrito por":"admin","Tiempo de lectura":"1 minuto"},"schema":{"@context":"https:\/\/schema.org","@graph":[{"@type":"Article","@id":"http:\/\/noviasespana.com\/noviasbaleares\/fotorejuvenecimeinto-para-lucir-una-piel-radiante\/#article","isPartOf":{"@id":"http:\/\/noviasespana.com\/noviasbaleares\/fotorejuvenecimeinto-para-lucir-una-piel-radiante\/"},"author":{"name":"admin","@id":"http:\/\/noviasespana.com\/noviasbaleares\/#\/schema\/person\/82ff6e303fad28e4da623aa4d27969ed"},"headline":"Fotorejuvenecimiento para lucir una piel radiante","datePublished":"2012-01-30T07:40:43+00:00","mainEntityOfPage":{"@id":"http:\/\/noviasespana.com\/noviasbaleares\/fotorejuvenecimeinto-para-lucir-una-piel-radiante\/"},"wordCount":218,"commentCount":0,"image":{"@id":"http:\/\/noviasespana.com\/noviasbaleares\/fotorejuvenecimeinto-para-lucir-una-piel-radiante\/#primaryimage"},"thumbnailUrl":"http:\/\/www.diariodeunanovia.com\/blog\/wp-content\/uploads\/sites\/5\/2012\/01\/1-299x300.jpg","articleSection":["novias"],"inLanguage":"es","potentialAction":[{"@type":"CommentAction","name":"Comment","target":["http:\/\/noviasespana.com\/noviasbaleares\/fotorejuvenecimeinto-para-lucir-una-piel-radiante\/#respond"]}]},{"@type":"WebPage","@id":"http:\/\/noviasespana.com\/noviasbaleares\/fotorejuvenecimeinto-para-lucir-una-piel-radiante\/","url":"http:\/\/noviasespana.com\/noviasbaleares\/fotorejuvenecimeinto-para-lucir-una-piel-radiante\/","name":"Fotorejuvenecimiento para lucir una piel radiante - Novias Baleares","isPartOf":{"@id":"http:\/\/noviasespana.com\/noviasbaleares\/#website"},"primaryImageOfPage":{"@id":"http:\/\/noviasespana.com\/noviasbaleares\/fotorejuvenecimeinto-para-lucir-una-piel-radiante\/#primaryimage"},"image":{"@id":"http:\/\/noviasespana.com\/noviasbaleares\/fotorejuvenecimeinto-para-lucir-una-piel-radiante\/#primaryimage"},"thumbnailUrl":"http:\/\/www.diariodeunanovia.com\/blog\/wp-content\/uploads\/sites\/5\/2012\/01\/1-299x300.jpg","datePublished":"2012-01-30T07:40:43+00:00","author":{"@id":"http:\/\/noviasespana.com\/noviasbaleares\/#\/schema\/person\/82ff6e303fad28e4da623aa4d27969ed"},"breadcrumb":{"@id":"http:\/\/noviasespana.com\/noviasbaleares\/fotorejuvenecimeinto-para-lucir-una-piel-radiante\/#breadcrumb"},"inLanguage":"es","potentialAction":[{"@type":"ReadAction","target":["http:\/\/noviasespana.com\/noviasbaleares\/fotorejuvenecimeinto-para-lucir-una-piel-radiante\/"]}]},{"@type":"ImageObject","inLanguage":"es","@id":"http:\/\/noviasespana.com\/noviasbaleares\/fotorejuvenecimeinto-para-lucir-una-piel-radiante\/#primaryimage","url":"http:\/\/www.diariodeunanovia.com\/blog\/wp-content\/uploads\/sites\/5\/2012\/01\/1-299x300.jpg","contentUrl":"http:\/\/www.diariodeunanovia.com\/blog\/wp-content\/uploads\/sites\/5\/2012\/01\/1-299x300.jpg"},{"@type":"BreadcrumbList","@id":"http:\/\/noviasespana.com\/noviasbaleares\/fotorejuvenecimeinto-para-lucir-una-piel-radiante\/#breadcrumb","itemListElement":[{"@type":"ListItem","position":1,"name":"Portada","item":"http:\/\/noviasespana.com\/noviasbaleares\/"},{"@type":"ListItem","position":2,"name":"Fotorejuvenecimiento para lucir una piel radiante"}]},{"@type":"WebSite","@id":"http:\/\/noviasespana.com\/noviasbaleares\/#website","url":"http:\/\/noviasespana.com\/noviasbaleares\/","name":"Novias Baleares","description":"Revista de novias","potentialAction":[{"@type":"SearchAction","target":{"@type":"EntryPoint","urlTemplate":"http:\/\/noviasespana.com\/noviasbaleares\/?s={search_term_string}"},"query-input":{"@type":"PropertyValueSpecification","valueRequired":true,"valueName":"search_term_string"}}],"inLanguage":"es"},{"@type":"Person","@id":"http:\/\/noviasespana.com\/noviasbaleares\/#\/schema\/person\/82ff6e303fad28e4da623aa4d27969ed","name":"admin","image":{"@type":"ImageObject","inLanguage":"es","@id":"https:\/\/secure.gravatar.com\/avatar\/0f45231fddfb43fcbd0cdde4582a3580baf474d75fca7d494b42ff86847de871?s=96&d=mm&r=g","url":"https:\/\/secure.gravatar.com\/avatar\/0f45231fddfb43fcbd0cdde4582a3580baf474d75fca7d494b42ff86847de871?s=96&d=mm&r=g","contentUrl":"https:\/\/secure.gravatar.com\/avatar\/0f45231fddfb43fcbd0cdde4582a3580baf474d75fca7d494b42ff86847de871?s=96&d=mm&r=g","caption":"admin"},"url":"http:\/\/noviasespana.com\/noviasbaleares\/author\/admin\/"}]}},"jetpack_featured_media_url":"","jetpack_sharing_enabled":true,"jetpack_shortlink":"https:\/\/wp.me\/p5Hg6P-Y8","jetpack_likes_enabled":true,"_links":{"self":[{"href":"http:\/\/noviasespana.com\/noviasbaleares\/wp-json\/wp\/v2\/posts\/3728","targetHints":{"allow":["GET"]}}],"collection":[{"href":"http:\/\/noviasespana.com\/noviasbaleares\/wp-json\/wp\/v2\/posts"}],"about":[{"href":"http:\/\/noviasespana.com\/noviasbaleares\/wp-json\/wp\/v2\/types\/post"}],"author":[{"embeddable":true,"href":"http:\/\/noviasespana.com\/noviasbaleares\/wp-json\/wp\/v2\/users\/2"}],"replies":[{"embeddable":true,"href":"http:\/\/noviasespana.com\/noviasbaleares\/wp-json\/wp\/v2\/comments?post=3728"}],"version-history":[{"count":0,"href":"http:\/\/noviasespana.com\/noviasbaleares\/wp-json\/wp\/v2\/posts\/3728\/revisions"}],"wp:attachment":[{"href":"http:\/\/noviasespana.com\/noviasbaleares\/wp-json\/wp\/v2\/media?parent=3728"}],"wp:term":[{"taxonomy":"category","embeddable":true,"href":"http:\/\/noviasespana.com\/noviasbaleares\/wp-json\/wp\/v2\/categories?post=3728"},{"taxonomy":"post_tag","embeddable":true,"href":"http:\/\/noviasespana.com\/noviasbaleares\/wp-json\/wp\/v2\/tags?post=3728"}],"curies":[{"name":"wp","href":"https:\/\/api.w.org\/{rel}","templated":true}]}}