{"id":3717,"date":"2012-01-27T09:00:44","date_gmt":"2012-01-27T08:00:44","guid":{"rendered":"http:\/\/www.diariodeunanovia.com\/blog\/?p=3717"},"modified":"2012-01-27T09:00:44","modified_gmt":"2012-01-27T08:00:44","slug":"la-lenceria-de-esta-primavera-se-pasea-por-paris","status":"publish","type":"post","link":"http:\/\/noviasespana.com\/noviasbaleares\/la-lenceria-de-esta-primavera-se-pasea-por-paris\/","title":{"rendered":"La lencer\u00eda de esta primavera se pasea por Par\u00eds"},"content":{"rendered":"<p><img data-recalc-dims=\"1\" loading=\"lazy\" decoding=\"async\" class=\"aligncenter size-medium wp-image-3719\" title=\"6b81c2c9a9313ff43ed6b94ec444a2c5_L\" src=\"https:\/\/i0.wp.com\/www.diariodeunanovia.com\/blog\/wp-content\/uploads\/sites\/5\/2012\/01\/6b81c2c9a9313ff43ed6b94ec444a2c5_L-300x205.jpg?resize=300%2C205\" alt=\"6b81c2c9a9313ff43ed6b94ec444a2c5_L\" width=\"300\" height=\"205\" \/><\/p>\n<p>La temperatura de Par\u00eds se eleva estos d\u00edas con la celebraci\u00f3n del Sal\u00f3n Internacional de la Lencer\u00eda. M\u00e1s de 500 firmas muestran sus dise\u00f1os para la pr\u00f3xima temporada en la que parece que el tangase quedar\u00e1 en los cajones y dejar\u00e1 paso a los culotes. En cuanto a los tejidos, la clave para estar a la \u00faltima es mezclar, aunque se impone el algod\u00f3n. Y por supuesto no puede faltar en el caj\u00f3n de los \u201csecretos\u201d una, o dos, neofajas, que permiten presumir de un cuerpo esculpido.<\/p>\n<p>Desde conjuntos provocadores y sexys, transparencias, encajes, corpi\u00f1os, medias, ligueros, culottes&#8230; parece que la primavera 2012 traer\u00e1 color y sensualidad a la moda m\u00e1s intima. Entre mis favoritos los dise\u00f1os sexys, na\u00effs y atrevidos\u00a0de la firma Passionata. Desde luego a la super modelo Bar Refaeli, que presenta la colecci\u00f3n, le sientan genial. Olvida el blanco y ponle color a tu moda interior incluso en tu boda.<\/p>\n","protected":false},"excerpt":{"rendered":"<p>La temperatura de Par\u00eds se eleva estos d\u00edas con la celebraci\u00f3n del Sal\u00f3n Internacional de la Lencer\u00eda. M\u00e1s de 500 firmas muestran sus dise\u00f1os para la pr\u00f3xima temporada en la que parece que el tangase quedar\u00e1 en los cajones y dejar\u00e1 paso a los culotes. En cuanto a los tejidos, la clave para estar a [&hellip;]<\/p>\n","protected":false},"author":2,"featured_media":0,"comment_status":"open","ping_status":"open","sticky":false,"template":"","format":"standard","meta":{"jetpack_post_was_ever_published":false,"_jetpack_newsletter_access":"","_jetpack_dont_email_post_to_subs":false,"_jetpack_newsletter_tier_id":0,"_jetpack_memberships_contains_paywalled_content":false,"_jetpack_memberships_contains_paid_content":false,"footnotes":""},"categories":[1],"tags":[],"class_list":["post-3717","post","type-post","status-publish","format-standard","hentry","category-novias"],"yoast_head":"<!-- This site is optimized with the Yoast SEO plugin v27.5 - https:\/\/yoast.com\/product\/yoast-seo-wordpress\/ -->\n<title>La lencer\u00eda de esta primavera se pasea por Par\u00eds - Novias Baleares<\/title>\n<meta name=\"robots\" content=\"index, follow, max-snippet:-1, max-image-preview:large, max-video-preview:-1\" \/>\n<link rel=\"canonical\" href=\"http:\/\/noviasespana.com\/noviasbaleares\/la-lenceria-de-esta-primavera-se-pasea-por-paris\/\" \/>\n<meta property=\"og:locale\" content=\"es_ES\" \/>\n<meta property=\"og:type\" content=\"article\" \/>\n<meta property=\"og:title\" content=\"La lencer\u00eda de esta primavera se pasea por Par\u00eds - Novias Baleares\" \/>\n<meta property=\"og:description\" content=\"La temperatura de Par\u00eds se eleva estos d\u00edas con la celebraci\u00f3n del Sal\u00f3n Internacional de la Lencer\u00eda. M\u00e1s de 500 firmas muestran sus dise\u00f1os para la pr\u00f3xima temporada en la que parece que el tangase quedar\u00e1 en los cajones y dejar\u00e1 paso a los culotes. En cuanto a los tejidos, la clave para estar a [&hellip;]\" \/>\n<meta property=\"og:url\" content=\"http:\/\/noviasespana.com\/noviasbaleares\/la-lenceria-de-esta-primavera-se-pasea-por-paris\/\" \/>\n<meta property=\"og:site_name\" content=\"Novias Baleares\" \/>\n<meta property=\"article:published_time\" content=\"2012-01-27T08:00:44+00:00\" \/>\n<meta property=\"og:image\" content=\"http:\/\/www.diariodeunanovia.com\/blog\/wp-content\/uploads\/sites\/5\/2012\/01\/6b81c2c9a9313ff43ed6b94ec444a2c5_L-300x205.jpg\" \/>\n<meta name=\"author\" content=\"admin\" \/>\n<meta name=\"twitter:label1\" content=\"Escrito por\" \/>\n\t<meta name=\"twitter:data1\" content=\"admin\" \/>\n\t<meta name=\"twitter:label2\" content=\"Tiempo de lectura\" \/>\n\t<meta name=\"twitter:data2\" content=\"1 minuto\" \/>\n<script type=\"application\/ld+json\" class=\"yoast-schema-graph\">{\"@context\":\"https:\\\/\\\/schema.org\",\"@graph\":[{\"@type\":\"Article\",\"@id\":\"http:\\\/\\\/noviasespana.com\\\/noviasbaleares\\\/la-lenceria-de-esta-primavera-se-pasea-por-paris\\\/#article\",\"isPartOf\":{\"@id\":\"http:\\\/\\\/noviasespana.com\\\/noviasbaleares\\\/la-lenceria-de-esta-primavera-se-pasea-por-paris\\\/\"},\"author\":{\"name\":\"admin\",\"@id\":\"http:\\\/\\\/noviasespana.com\\\/noviasbaleares\\\/#\\\/schema\\\/person\\\/82ff6e303fad28e4da623aa4d27969ed\"},\"headline\":\"La lencer\u00eda de esta primavera se pasea por Par\u00eds\",\"datePublished\":\"2012-01-27T08:00:44+00:00\",\"mainEntityOfPage\":{\"@id\":\"http:\\\/\\\/noviasespana.com\\\/noviasbaleares\\\/la-lenceria-de-esta-primavera-se-pasea-por-paris\\\/\"},\"wordCount\":178,\"commentCount\":0,\"image\":{\"@id\":\"http:\\\/\\\/noviasespana.com\\\/noviasbaleares\\\/la-lenceria-de-esta-primavera-se-pasea-por-paris\\\/#primaryimage\"},\"thumbnailUrl\":\"http:\\\/\\\/www.diariodeunanovia.com\\\/blog\\\/wp-content\\\/uploads\\\/sites\\\/5\\\/2012\\\/01\\\/6b81c2c9a9313ff43ed6b94ec444a2c5_L-300x205.jpg\",\"articleSection\":[\"novias\"],\"inLanguage\":\"es\",\"potentialAction\":[{\"@type\":\"CommentAction\",\"name\":\"Comment\",\"target\":[\"http:\\\/\\\/noviasespana.com\\\/noviasbaleares\\\/la-lenceria-de-esta-primavera-se-pasea-por-paris\\\/#respond\"]}]},{\"@type\":\"WebPage\",\"@id\":\"http:\\\/\\\/noviasespana.com\\\/noviasbaleares\\\/la-lenceria-de-esta-primavera-se-pasea-por-paris\\\/\",\"url\":\"http:\\\/\\\/noviasespana.com\\\/noviasbaleares\\\/la-lenceria-de-esta-primavera-se-pasea-por-paris\\\/\",\"name\":\"La lencer\u00eda de esta primavera se pasea por Par\u00eds - Novias Baleares\",\"isPartOf\":{\"@id\":\"http:\\\/\\\/noviasespana.com\\\/noviasbaleares\\\/#website\"},\"primaryImageOfPage\":{\"@id\":\"http:\\\/\\\/noviasespana.com\\\/noviasbaleares\\\/la-lenceria-de-esta-primavera-se-pasea-por-paris\\\/#primaryimage\"},\"image\":{\"@id\":\"http:\\\/\\\/noviasespana.com\\\/noviasbaleares\\\/la-lenceria-de-esta-primavera-se-pasea-por-paris\\\/#primaryimage\"},\"thumbnailUrl\":\"http:\\\/\\\/www.diariodeunanovia.com\\\/blog\\\/wp-content\\\/uploads\\\/sites\\\/5\\\/2012\\\/01\\\/6b81c2c9a9313ff43ed6b94ec444a2c5_L-300x205.jpg\",\"datePublished\":\"2012-01-27T08:00:44+00:00\",\"author\":{\"@id\":\"http:\\\/\\\/noviasespana.com\\\/noviasbaleares\\\/#\\\/schema\\\/person\\\/82ff6e303fad28e4da623aa4d27969ed\"},\"breadcrumb\":{\"@id\":\"http:\\\/\\\/noviasespana.com\\\/noviasbaleares\\\/la-lenceria-de-esta-primavera-se-pasea-por-paris\\\/#breadcrumb\"},\"inLanguage\":\"es\",\"potentialAction\":[{\"@type\":\"ReadAction\",\"target\":[\"http:\\\/\\\/noviasespana.com\\\/noviasbaleares\\\/la-lenceria-de-esta-primavera-se-pasea-por-paris\\\/\"]}]},{\"@type\":\"ImageObject\",\"inLanguage\":\"es\",\"@id\":\"http:\\\/\\\/noviasespana.com\\\/noviasbaleares\\\/la-lenceria-de-esta-primavera-se-pasea-por-paris\\\/#primaryimage\",\"url\":\"http:\\\/\\\/www.diariodeunanovia.com\\\/blog\\\/wp-content\\\/uploads\\\/sites\\\/5\\\/2012\\\/01\\\/6b81c2c9a9313ff43ed6b94ec444a2c5_L-300x205.jpg\",\"contentUrl\":\"http:\\\/\\\/www.diariodeunanovia.com\\\/blog\\\/wp-content\\\/uploads\\\/sites\\\/5\\\/2012\\\/01\\\/6b81c2c9a9313ff43ed6b94ec444a2c5_L-300x205.jpg\"},{\"@type\":\"BreadcrumbList\",\"@id\":\"http:\\\/\\\/noviasespana.com\\\/noviasbaleares\\\/la-lenceria-de-esta-primavera-se-pasea-por-paris\\\/#breadcrumb\",\"itemListElement\":[{\"@type\":\"ListItem\",\"position\":1,\"name\":\"Portada\",\"item\":\"http:\\\/\\\/noviasespana.com\\\/noviasbaleares\\\/\"},{\"@type\":\"ListItem\",\"position\":2,\"name\":\"La lencer\u00eda de esta primavera se pasea por Par\u00eds\"}]},{\"@type\":\"WebSite\",\"@id\":\"http:\\\/\\\/noviasespana.com\\\/noviasbaleares\\\/#website\",\"url\":\"http:\\\/\\\/noviasespana.com\\\/noviasbaleares\\\/\",\"name\":\"Novias Baleares\",\"description\":\"Revista de novias\",\"potentialAction\":[{\"@type\":\"SearchAction\",\"target\":{\"@type\":\"EntryPoint\",\"urlTemplate\":\"http:\\\/\\\/noviasespana.com\\\/noviasbaleares\\\/?s={search_term_string}\"},\"query-input\":{\"@type\":\"PropertyValueSpecification\",\"valueRequired\":true,\"valueName\":\"search_term_string\"}}],\"inLanguage\":\"es\"},{\"@type\":\"Person\",\"@id\":\"http:\\\/\\\/noviasespana.com\\\/noviasbaleares\\\/#\\\/schema\\\/person\\\/82ff6e303fad28e4da623aa4d27969ed\",\"name\":\"admin\",\"image\":{\"@type\":\"ImageObject\",\"inLanguage\":\"es\",\"@id\":\"https:\\\/\\\/secure.gravatar.com\\\/avatar\\\/0f45231fddfb43fcbd0cdde4582a3580baf474d75fca7d494b42ff86847de871?s=96&d=mm&r=g\",\"url\":\"https:\\\/\\\/secure.gravatar.com\\\/avatar\\\/0f45231fddfb43fcbd0cdde4582a3580baf474d75fca7d494b42ff86847de871?s=96&d=mm&r=g\",\"contentUrl\":\"https:\\\/\\\/secure.gravatar.com\\\/avatar\\\/0f45231fddfb43fcbd0cdde4582a3580baf474d75fca7d494b42ff86847de871?s=96&d=mm&r=g\",\"caption\":\"admin\"},\"url\":\"http:\\\/\\\/noviasespana.com\\\/noviasbaleares\\\/author\\\/admin\\\/\"}]}<\/script>\n<!-- \/ Yoast SEO plugin. -->","yoast_head_json":{"title":"La lencer\u00eda de esta primavera se pasea por Par\u00eds - Novias Baleares","robots":{"index":"index","follow":"follow","max-snippet":"max-snippet:-1","max-image-preview":"max-image-preview:large","max-video-preview":"max-video-preview:-1"},"canonical":"http:\/\/noviasespana.com\/noviasbaleares\/la-lenceria-de-esta-primavera-se-pasea-por-paris\/","og_locale":"es_ES","og_type":"article","og_title":"La lencer\u00eda de esta primavera se pasea por Par\u00eds - Novias Baleares","og_description":"La temperatura de Par\u00eds se eleva estos d\u00edas con la celebraci\u00f3n del Sal\u00f3n Internacional de la Lencer\u00eda. M\u00e1s de 500 firmas muestran sus dise\u00f1os para la pr\u00f3xima temporada en la que parece que el tangase quedar\u00e1 en los cajones y dejar\u00e1 paso a los culotes. En cuanto a los tejidos, la clave para estar a [&hellip;]","og_url":"http:\/\/noviasespana.com\/noviasbaleares\/la-lenceria-de-esta-primavera-se-pasea-por-paris\/","og_site_name":"Novias Baleares","article_published_time":"2012-01-27T08:00:44+00:00","og_image":[{"url":"http:\/\/www.diariodeunanovia.com\/blog\/wp-content\/uploads\/sites\/5\/2012\/01\/6b81c2c9a9313ff43ed6b94ec444a2c5_L-300x205.jpg","type":"","width":"","height":""}],"author":"admin","twitter_misc":{"Escrito por":"admin","Tiempo de lectura":"1 minuto"},"schema":{"@context":"https:\/\/schema.org","@graph":[{"@type":"Article","@id":"http:\/\/noviasespana.com\/noviasbaleares\/la-lenceria-de-esta-primavera-se-pasea-por-paris\/#article","isPartOf":{"@id":"http:\/\/noviasespana.com\/noviasbaleares\/la-lenceria-de-esta-primavera-se-pasea-por-paris\/"},"author":{"name":"admin","@id":"http:\/\/noviasespana.com\/noviasbaleares\/#\/schema\/person\/82ff6e303fad28e4da623aa4d27969ed"},"headline":"La lencer\u00eda de esta primavera se pasea por Par\u00eds","datePublished":"2012-01-27T08:00:44+00:00","mainEntityOfPage":{"@id":"http:\/\/noviasespana.com\/noviasbaleares\/la-lenceria-de-esta-primavera-se-pasea-por-paris\/"},"wordCount":178,"commentCount":0,"image":{"@id":"http:\/\/noviasespana.com\/noviasbaleares\/la-lenceria-de-esta-primavera-se-pasea-por-paris\/#primaryimage"},"thumbnailUrl":"http:\/\/www.diariodeunanovia.com\/blog\/wp-content\/uploads\/sites\/5\/2012\/01\/6b81c2c9a9313ff43ed6b94ec444a2c5_L-300x205.jpg","articleSection":["novias"],"inLanguage":"es","potentialAction":[{"@type":"CommentAction","name":"Comment","target":["http:\/\/noviasespana.com\/noviasbaleares\/la-lenceria-de-esta-primavera-se-pasea-por-paris\/#respond"]}]},{"@type":"WebPage","@id":"http:\/\/noviasespana.com\/noviasbaleares\/la-lenceria-de-esta-primavera-se-pasea-por-paris\/","url":"http:\/\/noviasespana.com\/noviasbaleares\/la-lenceria-de-esta-primavera-se-pasea-por-paris\/","name":"La lencer\u00eda de esta primavera se pasea por Par\u00eds - Novias Baleares","isPartOf":{"@id":"http:\/\/noviasespana.com\/noviasbaleares\/#website"},"primaryImageOfPage":{"@id":"http:\/\/noviasespana.com\/noviasbaleares\/la-lenceria-de-esta-primavera-se-pasea-por-paris\/#primaryimage"},"image":{"@id":"http:\/\/noviasespana.com\/noviasbaleares\/la-lenceria-de-esta-primavera-se-pasea-por-paris\/#primaryimage"},"thumbnailUrl":"http:\/\/www.diariodeunanovia.com\/blog\/wp-content\/uploads\/sites\/5\/2012\/01\/6b81c2c9a9313ff43ed6b94ec444a2c5_L-300x205.jpg","datePublished":"2012-01-27T08:00:44+00:00","author":{"@id":"http:\/\/noviasespana.com\/noviasbaleares\/#\/schema\/person\/82ff6e303fad28e4da623aa4d27969ed"},"breadcrumb":{"@id":"http:\/\/noviasespana.com\/noviasbaleares\/la-lenceria-de-esta-primavera-se-pasea-por-paris\/#breadcrumb"},"inLanguage":"es","potentialAction":[{"@type":"ReadAction","target":["http:\/\/noviasespana.com\/noviasbaleares\/la-lenceria-de-esta-primavera-se-pasea-por-paris\/"]}]},{"@type":"ImageObject","inLanguage":"es","@id":"http:\/\/noviasespana.com\/noviasbaleares\/la-lenceria-de-esta-primavera-se-pasea-por-paris\/#primaryimage","url":"http:\/\/www.diariodeunanovia.com\/blog\/wp-content\/uploads\/sites\/5\/2012\/01\/6b81c2c9a9313ff43ed6b94ec444a2c5_L-300x205.jpg","contentUrl":"http:\/\/www.diariodeunanovia.com\/blog\/wp-content\/uploads\/sites\/5\/2012\/01\/6b81c2c9a9313ff43ed6b94ec444a2c5_L-300x205.jpg"},{"@type":"BreadcrumbList","@id":"http:\/\/noviasespana.com\/noviasbaleares\/la-lenceria-de-esta-primavera-se-pasea-por-paris\/#breadcrumb","itemListElement":[{"@type":"ListItem","position":1,"name":"Portada","item":"http:\/\/noviasespana.com\/noviasbaleares\/"},{"@type":"ListItem","position":2,"name":"La lencer\u00eda de esta primavera se pasea por Par\u00eds"}]},{"@type":"WebSite","@id":"http:\/\/noviasespana.com\/noviasbaleares\/#website","url":"http:\/\/noviasespana.com\/noviasbaleares\/","name":"Novias Baleares","description":"Revista de novias","potentialAction":[{"@type":"SearchAction","target":{"@type":"EntryPoint","urlTemplate":"http:\/\/noviasespana.com\/noviasbaleares\/?s={search_term_string}"},"query-input":{"@type":"PropertyValueSpecification","valueRequired":true,"valueName":"search_term_string"}}],"inLanguage":"es"},{"@type":"Person","@id":"http:\/\/noviasespana.com\/noviasbaleares\/#\/schema\/person\/82ff6e303fad28e4da623aa4d27969ed","name":"admin","image":{"@type":"ImageObject","inLanguage":"es","@id":"https:\/\/secure.gravatar.com\/avatar\/0f45231fddfb43fcbd0cdde4582a3580baf474d75fca7d494b42ff86847de871?s=96&d=mm&r=g","url":"https:\/\/secure.gravatar.com\/avatar\/0f45231fddfb43fcbd0cdde4582a3580baf474d75fca7d494b42ff86847de871?s=96&d=mm&r=g","contentUrl":"https:\/\/secure.gravatar.com\/avatar\/0f45231fddfb43fcbd0cdde4582a3580baf474d75fca7d494b42ff86847de871?s=96&d=mm&r=g","caption":"admin"},"url":"http:\/\/noviasespana.com\/noviasbaleares\/author\/admin\/"}]}},"jetpack_featured_media_url":"","jetpack_sharing_enabled":true,"jetpack_shortlink":"https:\/\/wp.me\/p5Hg6P-XX","jetpack_likes_enabled":true,"_links":{"self":[{"href":"http:\/\/noviasespana.com\/noviasbaleares\/wp-json\/wp\/v2\/posts\/3717","targetHints":{"allow":["GET"]}}],"collection":[{"href":"http:\/\/noviasespana.com\/noviasbaleares\/wp-json\/wp\/v2\/posts"}],"about":[{"href":"http:\/\/noviasespana.com\/noviasbaleares\/wp-json\/wp\/v2\/types\/post"}],"author":[{"embeddable":true,"href":"http:\/\/noviasespana.com\/noviasbaleares\/wp-json\/wp\/v2\/users\/2"}],"replies":[{"embeddable":true,"href":"http:\/\/noviasespana.com\/noviasbaleares\/wp-json\/wp\/v2\/comments?post=3717"}],"version-history":[{"count":0,"href":"http:\/\/noviasespana.com\/noviasbaleares\/wp-json\/wp\/v2\/posts\/3717\/revisions"}],"wp:attachment":[{"href":"http:\/\/noviasespana.com\/noviasbaleares\/wp-json\/wp\/v2\/media?parent=3717"}],"wp:term":[{"taxonomy":"category","embeddable":true,"href":"http:\/\/noviasespana.com\/noviasbaleares\/wp-json\/wp\/v2\/categories?post=3717"},{"taxonomy":"post_tag","embeddable":true,"href":"http:\/\/noviasespana.com\/noviasbaleares\/wp-json\/wp\/v2\/tags?post=3717"}],"curies":[{"name":"wp","href":"https:\/\/api.w.org\/{rel}","templated":true}]}}