{"id":3712,"date":"2012-01-22T19:02:31","date_gmt":"2012-01-22T18:02:31","guid":{"rendered":"http:\/\/www.diariodeunanovia.com\/blog\/?p=3712"},"modified":"2012-01-22T19:02:31","modified_gmt":"2012-01-22T18:02:31","slug":"tonos-rosas-para-el-2012-de-la-mano-de-guerlain","status":"publish","type":"post","link":"http:\/\/noviasespana.com\/noviasbaleares\/tonos-rosas-para-el-2012-de-la-mano-de-guerlain\/","title":{"rendered":"Tonos rosas para el 2012 de la mano de Guerlain"},"content":{"rendered":"<p style=\"margin-top: 0cm;margin-right: 0cm;margin-bottom: 12.0pt;margin-left: 0cm;text-align: justify;line-height: 13.6pt;background: white\"><img data-recalc-dims=\"1\" loading=\"lazy\" decoding=\"async\" class=\"aligncenter size-medium wp-image-3713\" title=\"ecrin6c-rose-collection\" alt=\"ecrin6c-rose-collection\" src=\"https:\/\/i0.wp.com\/www.diariodeunanovia.com\/blog\/wp-content\/uploads\/sites\/5\/2012\/01\/ecrin6c-rose-collection-300x283.jpg?resize=300%2C283\" width=\"300\" height=\"283\" \/><\/p>\n<p style=\"margin-top: 0cm;margin-right: 0cm;margin-bottom: 12.0pt;margin-left: 0cm;text-align: justify;line-height: 13.6pt;background: white\"><span style=\"font-family: 'Arial','sans-serif'\">Este lunes de belleza podr\u00eda titularse, lunes fucsia, y es que no he podido resistirme y tras ver la nueva colecci\u00f3n de maquillaje primavera 2012 de Guerlain. Me encanta, soy una loca del rosa en maquillaje. Creo que es un color, femenino y favorecedor, y por supuesto, perfecto para una novia. Y es que la paleta de colores propuestos por Guerlain va desde el rosa pastel, subiendo la tonalidad hacia los fucsias hasta alcanzar el lila. Los tonos propuestos para el<strong>maquillaje de ojos<\/strong>son sombras de intensidad natural, sin estridencias. Un abanico de colores donde cada mujer puede encontrar los que la favorecen. El<a href=\"http:\/\/www.embelezzia.com\/belleza-y-salud\/68-champs-elysees-coleccion-maquillaje-otono-2010-de-guerlain\"><span style=\"color: windowtext\">sofisticado estuche-joya<\/span><\/a><em>Ecrin 6 Couleurs<\/em>sale a escena con nueva direcci\u00f3n parisina,<strong>66 Boulevard Montparnasse<\/strong>. Su precio 75 euros. El producto m\u00e1s impresionante y en<strong>edici\u00f3n limitada<\/strong> es la<strong>polvera \u201cCruel Gardenia\u201d<\/strong>. Transparente, irisada y ligera, se trata de unos polvos sublimadores prensados como un gran roset\u00f3n. Una preciosidad de polvera perfecta para una novia, s\u00e1cale partido utiliz\u00e1ndola como iluminador en los<strong>puntos de luz del rostro<\/strong>, como corporal, en hombros y escote para un look satinado. El precio de<em>Cruel Gardenia<\/em>es de 56 euros. La colecci\u00f3n es mucho m\u00e1s completa, as\u00ed que le dicaremos otro post a su nueva colecci\u00f3n de labiales. Por ahora, \u00bfqu\u00e9 me dec\u00eds?, \u00bfOs gusta el rosa?<\/span><\/p>\n<p>Fuente\u00a0<a href=\"http:\/\/www.trendenciasbelleza.com\/maquillaje\/una-cruel-gardenia-en-el-colorido-de-maquillaje-primavera-2012-de-guerlain\">http:\/\/www.trendenciasbelleza.com<\/a><\/p>\n<p style=\"margin-top: 0cm;margin-right: 0cm;margin-bottom: 12.0pt;margin-left: 0cm;text-align: justify;line-height: 13.6pt;background: white\"><span style=\"font-family: 'Arial','sans-serif'\"><br \/>\n<\/span><\/p>\n<p style=\"margin-top: 0cm;margin-right: 0cm;margin-bottom: 12.0pt;margin-left: 0cm;text-align: justify;line-height: 13.6pt;background: white\"><span style=\"font-family: 'Arial','sans-serif'\"><img data-recalc-dims=\"1\" loading=\"lazy\" decoding=\"async\" class=\"aligncenter size-medium wp-image-3714\" title=\"cruel-gardenia\" alt=\"cruel-gardenia\" src=\"https:\/\/i0.wp.com\/www.diariodeunanovia.com\/blog\/wp-content\/uploads\/sites\/5\/2012\/01\/cruel-gardenia-300x272.jpg?resize=300%2C272\" width=\"300\" height=\"272\" \/><br \/>\n<\/span><\/p>\n","protected":false},"excerpt":{"rendered":"<p>Este lunes de belleza podr\u00eda titularse, lunes fucsia, y es que no he podido resistirme y tras ver la nueva colecci\u00f3n de maquillaje primavera 2012 de Guerlain. Me encanta, soy una loca del rosa en maquillaje. Creo que es un color, femenino y favorecedor, y por supuesto, perfecto para una novia. Y es que la [&hellip;]<\/p>\n","protected":false},"author":2,"featured_media":3872,"comment_status":"open","ping_status":"open","sticky":false,"template":"","format":"standard","meta":{"jetpack_post_was_ever_published":false,"_jetpack_newsletter_access":"","_jetpack_dont_email_post_to_subs":false,"_jetpack_newsletter_tier_id":0,"_jetpack_memberships_contains_paywalled_content":false,"_jetpack_memberships_contains_paid_content":false,"footnotes":""},"categories":[1],"tags":[],"class_list":["post-3712","post","type-post","status-publish","format-standard","has-post-thumbnail","hentry","category-novias"],"yoast_head":"<!-- This site is optimized with the Yoast SEO plugin v27.5 - https:\/\/yoast.com\/product\/yoast-seo-wordpress\/ -->\n<title>Tonos rosas para el 2012 de la mano de Guerlain - Novias Baleares<\/title>\n<meta name=\"robots\" content=\"index, follow, max-snippet:-1, max-image-preview:large, max-video-preview:-1\" \/>\n<link rel=\"canonical\" href=\"http:\/\/noviasespana.com\/noviasbaleares\/tonos-rosas-para-el-2012-de-la-mano-de-guerlain\/\" \/>\n<meta property=\"og:locale\" content=\"es_ES\" \/>\n<meta property=\"og:type\" content=\"article\" \/>\n<meta property=\"og:title\" content=\"Tonos rosas para el 2012 de la mano de Guerlain - Novias Baleares\" \/>\n<meta property=\"og:description\" content=\"Este lunes de belleza podr\u00eda titularse, lunes fucsia, y es que no he podido resistirme y tras ver la nueva colecci\u00f3n de maquillaje primavera 2012 de Guerlain. Me encanta, soy una loca del rosa en maquillaje. Creo que es un color, femenino y favorecedor, y por supuesto, perfecto para una novia. Y es que la [&hellip;]\" \/>\n<meta property=\"og:url\" content=\"http:\/\/noviasespana.com\/noviasbaleares\/tonos-rosas-para-el-2012-de-la-mano-de-guerlain\/\" \/>\n<meta property=\"og:site_name\" content=\"Novias Baleares\" \/>\n<meta property=\"article:published_time\" content=\"2012-01-22T18:02:31+00:00\" \/>\n<meta name=\"author\" content=\"admin\" \/>\n<meta name=\"twitter:label1\" content=\"Escrito por\" \/>\n\t<meta name=\"twitter:data1\" content=\"admin\" \/>\n\t<meta name=\"twitter:label2\" content=\"Tiempo de lectura\" \/>\n\t<meta name=\"twitter:data2\" content=\"1 minuto\" \/>\n<script type=\"application\/ld+json\" class=\"yoast-schema-graph\">{\"@context\":\"https:\\\/\\\/schema.org\",\"@graph\":[{\"@type\":\"Article\",\"@id\":\"http:\\\/\\\/noviasespana.com\\\/noviasbaleares\\\/tonos-rosas-para-el-2012-de-la-mano-de-guerlain\\\/#article\",\"isPartOf\":{\"@id\":\"http:\\\/\\\/noviasespana.com\\\/noviasbaleares\\\/tonos-rosas-para-el-2012-de-la-mano-de-guerlain\\\/\"},\"author\":{\"name\":\"admin\",\"@id\":\"http:\\\/\\\/noviasespana.com\\\/noviasbaleares\\\/#\\\/schema\\\/person\\\/82ff6e303fad28e4da623aa4d27969ed\"},\"headline\":\"Tonos rosas para el 2012 de la mano de Guerlain\",\"datePublished\":\"2012-01-22T18:02:31+00:00\",\"mainEntityOfPage\":{\"@id\":\"http:\\\/\\\/noviasespana.com\\\/noviasbaleares\\\/tonos-rosas-para-el-2012-de-la-mano-de-guerlain\\\/\"},\"wordCount\":231,\"commentCount\":0,\"image\":{\"@id\":\"http:\\\/\\\/noviasespana.com\\\/noviasbaleares\\\/tonos-rosas-para-el-2012-de-la-mano-de-guerlain\\\/#primaryimage\"},\"thumbnailUrl\":\"\",\"articleSection\":[\"novias\"],\"inLanguage\":\"es\",\"potentialAction\":[{\"@type\":\"CommentAction\",\"name\":\"Comment\",\"target\":[\"http:\\\/\\\/noviasespana.com\\\/noviasbaleares\\\/tonos-rosas-para-el-2012-de-la-mano-de-guerlain\\\/#respond\"]}]},{\"@type\":\"WebPage\",\"@id\":\"http:\\\/\\\/noviasespana.com\\\/noviasbaleares\\\/tonos-rosas-para-el-2012-de-la-mano-de-guerlain\\\/\",\"url\":\"http:\\\/\\\/noviasespana.com\\\/noviasbaleares\\\/tonos-rosas-para-el-2012-de-la-mano-de-guerlain\\\/\",\"name\":\"Tonos rosas para el 2012 de la mano de Guerlain - Novias Baleares\",\"isPartOf\":{\"@id\":\"http:\\\/\\\/noviasespana.com\\\/noviasbaleares\\\/#website\"},\"primaryImageOfPage\":{\"@id\":\"http:\\\/\\\/noviasespana.com\\\/noviasbaleares\\\/tonos-rosas-para-el-2012-de-la-mano-de-guerlain\\\/#primaryimage\"},\"image\":{\"@id\":\"http:\\\/\\\/noviasespana.com\\\/noviasbaleares\\\/tonos-rosas-para-el-2012-de-la-mano-de-guerlain\\\/#primaryimage\"},\"thumbnailUrl\":\"\",\"datePublished\":\"2012-01-22T18:02:31+00:00\",\"author\":{\"@id\":\"http:\\\/\\\/noviasespana.com\\\/noviasbaleares\\\/#\\\/schema\\\/person\\\/82ff6e303fad28e4da623aa4d27969ed\"},\"breadcrumb\":{\"@id\":\"http:\\\/\\\/noviasespana.com\\\/noviasbaleares\\\/tonos-rosas-para-el-2012-de-la-mano-de-guerlain\\\/#breadcrumb\"},\"inLanguage\":\"es\",\"potentialAction\":[{\"@type\":\"ReadAction\",\"target\":[\"http:\\\/\\\/noviasespana.com\\\/noviasbaleares\\\/tonos-rosas-para-el-2012-de-la-mano-de-guerlain\\\/\"]}]},{\"@type\":\"ImageObject\",\"inLanguage\":\"es\",\"@id\":\"http:\\\/\\\/noviasespana.com\\\/noviasbaleares\\\/tonos-rosas-para-el-2012-de-la-mano-de-guerlain\\\/#primaryimage\",\"url\":\"\",\"contentUrl\":\"\"},{\"@type\":\"BreadcrumbList\",\"@id\":\"http:\\\/\\\/noviasespana.com\\\/noviasbaleares\\\/tonos-rosas-para-el-2012-de-la-mano-de-guerlain\\\/#breadcrumb\",\"itemListElement\":[{\"@type\":\"ListItem\",\"position\":1,\"name\":\"Portada\",\"item\":\"http:\\\/\\\/noviasespana.com\\\/noviasbaleares\\\/\"},{\"@type\":\"ListItem\",\"position\":2,\"name\":\"Tonos rosas para el 2012 de la mano de Guerlain\"}]},{\"@type\":\"WebSite\",\"@id\":\"http:\\\/\\\/noviasespana.com\\\/noviasbaleares\\\/#website\",\"url\":\"http:\\\/\\\/noviasespana.com\\\/noviasbaleares\\\/\",\"name\":\"Novias Baleares\",\"description\":\"Revista de novias\",\"potentialAction\":[{\"@type\":\"SearchAction\",\"target\":{\"@type\":\"EntryPoint\",\"urlTemplate\":\"http:\\\/\\\/noviasespana.com\\\/noviasbaleares\\\/?s={search_term_string}\"},\"query-input\":{\"@type\":\"PropertyValueSpecification\",\"valueRequired\":true,\"valueName\":\"search_term_string\"}}],\"inLanguage\":\"es\"},{\"@type\":\"Person\",\"@id\":\"http:\\\/\\\/noviasespana.com\\\/noviasbaleares\\\/#\\\/schema\\\/person\\\/82ff6e303fad28e4da623aa4d27969ed\",\"name\":\"admin\",\"image\":{\"@type\":\"ImageObject\",\"inLanguage\":\"es\",\"@id\":\"https:\\\/\\\/secure.gravatar.com\\\/avatar\\\/0f45231fddfb43fcbd0cdde4582a3580baf474d75fca7d494b42ff86847de871?s=96&d=mm&r=g\",\"url\":\"https:\\\/\\\/secure.gravatar.com\\\/avatar\\\/0f45231fddfb43fcbd0cdde4582a3580baf474d75fca7d494b42ff86847de871?s=96&d=mm&r=g\",\"contentUrl\":\"https:\\\/\\\/secure.gravatar.com\\\/avatar\\\/0f45231fddfb43fcbd0cdde4582a3580baf474d75fca7d494b42ff86847de871?s=96&d=mm&r=g\",\"caption\":\"admin\"},\"url\":\"http:\\\/\\\/noviasespana.com\\\/noviasbaleares\\\/author\\\/admin\\\/\"}]}<\/script>\n<!-- \/ Yoast SEO plugin. -->","yoast_head_json":{"title":"Tonos rosas para el 2012 de la mano de Guerlain - Novias Baleares","robots":{"index":"index","follow":"follow","max-snippet":"max-snippet:-1","max-image-preview":"max-image-preview:large","max-video-preview":"max-video-preview:-1"},"canonical":"http:\/\/noviasespana.com\/noviasbaleares\/tonos-rosas-para-el-2012-de-la-mano-de-guerlain\/","og_locale":"es_ES","og_type":"article","og_title":"Tonos rosas para el 2012 de la mano de Guerlain - Novias Baleares","og_description":"Este lunes de belleza podr\u00eda titularse, lunes fucsia, y es que no he podido resistirme y tras ver la nueva colecci\u00f3n de maquillaje primavera 2012 de Guerlain. Me encanta, soy una loca del rosa en maquillaje. Creo que es un color, femenino y favorecedor, y por supuesto, perfecto para una novia. Y es que la [&hellip;]","og_url":"http:\/\/noviasespana.com\/noviasbaleares\/tonos-rosas-para-el-2012-de-la-mano-de-guerlain\/","og_site_name":"Novias Baleares","article_published_time":"2012-01-22T18:02:31+00:00","author":"admin","twitter_misc":{"Escrito por":"admin","Tiempo de lectura":"1 minuto"},"schema":{"@context":"https:\/\/schema.org","@graph":[{"@type":"Article","@id":"http:\/\/noviasespana.com\/noviasbaleares\/tonos-rosas-para-el-2012-de-la-mano-de-guerlain\/#article","isPartOf":{"@id":"http:\/\/noviasespana.com\/noviasbaleares\/tonos-rosas-para-el-2012-de-la-mano-de-guerlain\/"},"author":{"name":"admin","@id":"http:\/\/noviasespana.com\/noviasbaleares\/#\/schema\/person\/82ff6e303fad28e4da623aa4d27969ed"},"headline":"Tonos rosas para el 2012 de la mano de Guerlain","datePublished":"2012-01-22T18:02:31+00:00","mainEntityOfPage":{"@id":"http:\/\/noviasespana.com\/noviasbaleares\/tonos-rosas-para-el-2012-de-la-mano-de-guerlain\/"},"wordCount":231,"commentCount":0,"image":{"@id":"http:\/\/noviasespana.com\/noviasbaleares\/tonos-rosas-para-el-2012-de-la-mano-de-guerlain\/#primaryimage"},"thumbnailUrl":"","articleSection":["novias"],"inLanguage":"es","potentialAction":[{"@type":"CommentAction","name":"Comment","target":["http:\/\/noviasespana.com\/noviasbaleares\/tonos-rosas-para-el-2012-de-la-mano-de-guerlain\/#respond"]}]},{"@type":"WebPage","@id":"http:\/\/noviasespana.com\/noviasbaleares\/tonos-rosas-para-el-2012-de-la-mano-de-guerlain\/","url":"http:\/\/noviasespana.com\/noviasbaleares\/tonos-rosas-para-el-2012-de-la-mano-de-guerlain\/","name":"Tonos rosas para el 2012 de la mano de Guerlain - Novias Baleares","isPartOf":{"@id":"http:\/\/noviasespana.com\/noviasbaleares\/#website"},"primaryImageOfPage":{"@id":"http:\/\/noviasespana.com\/noviasbaleares\/tonos-rosas-para-el-2012-de-la-mano-de-guerlain\/#primaryimage"},"image":{"@id":"http:\/\/noviasespana.com\/noviasbaleares\/tonos-rosas-para-el-2012-de-la-mano-de-guerlain\/#primaryimage"},"thumbnailUrl":"","datePublished":"2012-01-22T18:02:31+00:00","author":{"@id":"http:\/\/noviasespana.com\/noviasbaleares\/#\/schema\/person\/82ff6e303fad28e4da623aa4d27969ed"},"breadcrumb":{"@id":"http:\/\/noviasespana.com\/noviasbaleares\/tonos-rosas-para-el-2012-de-la-mano-de-guerlain\/#breadcrumb"},"inLanguage":"es","potentialAction":[{"@type":"ReadAction","target":["http:\/\/noviasespana.com\/noviasbaleares\/tonos-rosas-para-el-2012-de-la-mano-de-guerlain\/"]}]},{"@type":"ImageObject","inLanguage":"es","@id":"http:\/\/noviasespana.com\/noviasbaleares\/tonos-rosas-para-el-2012-de-la-mano-de-guerlain\/#primaryimage","url":"","contentUrl":""},{"@type":"BreadcrumbList","@id":"http:\/\/noviasespana.com\/noviasbaleares\/tonos-rosas-para-el-2012-de-la-mano-de-guerlain\/#breadcrumb","itemListElement":[{"@type":"ListItem","position":1,"name":"Portada","item":"http:\/\/noviasespana.com\/noviasbaleares\/"},{"@type":"ListItem","position":2,"name":"Tonos rosas para el 2012 de la mano de Guerlain"}]},{"@type":"WebSite","@id":"http:\/\/noviasespana.com\/noviasbaleares\/#website","url":"http:\/\/noviasespana.com\/noviasbaleares\/","name":"Novias Baleares","description":"Revista de novias","potentialAction":[{"@type":"SearchAction","target":{"@type":"EntryPoint","urlTemplate":"http:\/\/noviasespana.com\/noviasbaleares\/?s={search_term_string}"},"query-input":{"@type":"PropertyValueSpecification","valueRequired":true,"valueName":"search_term_string"}}],"inLanguage":"es"},{"@type":"Person","@id":"http:\/\/noviasespana.com\/noviasbaleares\/#\/schema\/person\/82ff6e303fad28e4da623aa4d27969ed","name":"admin","image":{"@type":"ImageObject","inLanguage":"es","@id":"https:\/\/secure.gravatar.com\/avatar\/0f45231fddfb43fcbd0cdde4582a3580baf474d75fca7d494b42ff86847de871?s=96&d=mm&r=g","url":"https:\/\/secure.gravatar.com\/avatar\/0f45231fddfb43fcbd0cdde4582a3580baf474d75fca7d494b42ff86847de871?s=96&d=mm&r=g","contentUrl":"https:\/\/secure.gravatar.com\/avatar\/0f45231fddfb43fcbd0cdde4582a3580baf474d75fca7d494b42ff86847de871?s=96&d=mm&r=g","caption":"admin"},"url":"http:\/\/noviasespana.com\/noviasbaleares\/author\/admin\/"}]}},"jetpack_featured_media_url":"","jetpack_sharing_enabled":true,"jetpack_shortlink":"https:\/\/wp.me\/p5Hg6P-XS","jetpack_likes_enabled":true,"_links":{"self":[{"href":"http:\/\/noviasespana.com\/noviasbaleares\/wp-json\/wp\/v2\/posts\/3712","targetHints":{"allow":["GET"]}}],"collection":[{"href":"http:\/\/noviasespana.com\/noviasbaleares\/wp-json\/wp\/v2\/posts"}],"about":[{"href":"http:\/\/noviasespana.com\/noviasbaleares\/wp-json\/wp\/v2\/types\/post"}],"author":[{"embeddable":true,"href":"http:\/\/noviasespana.com\/noviasbaleares\/wp-json\/wp\/v2\/users\/2"}],"replies":[{"embeddable":true,"href":"http:\/\/noviasespana.com\/noviasbaleares\/wp-json\/wp\/v2\/comments?post=3712"}],"version-history":[{"count":0,"href":"http:\/\/noviasespana.com\/noviasbaleares\/wp-json\/wp\/v2\/posts\/3712\/revisions"}],"wp:featuredmedia":[{"embeddable":true,"href":"http:\/\/noviasespana.com\/noviasbaleares\/wp-json\/"}],"wp:attachment":[{"href":"http:\/\/noviasespana.com\/noviasbaleares\/wp-json\/wp\/v2\/media?parent=3712"}],"wp:term":[{"taxonomy":"category","embeddable":true,"href":"http:\/\/noviasespana.com\/noviasbaleares\/wp-json\/wp\/v2\/categories?post=3712"},{"taxonomy":"post_tag","embeddable":true,"href":"http:\/\/noviasespana.com\/noviasbaleares\/wp-json\/wp\/v2\/tags?post=3712"}],"curies":[{"name":"wp","href":"https:\/\/api.w.org\/{rel}","templated":true}]}}