{"id":3709,"date":"2012-01-19T09:00:36","date_gmt":"2012-01-19T08:00:36","guid":{"rendered":"http:\/\/www.diariodeunanovia.com\/blog\/?p=3709"},"modified":"2012-01-19T09:00:36","modified_gmt":"2012-01-19T08:00:36","slug":"ailanto-se-viste-de-blanco","status":"publish","type":"post","link":"http:\/\/noviasespana.com\/noviasbaleares\/ailanto-se-viste-de-blanco\/","title":{"rendered":"Ailanto se viste de blanco"},"content":{"rendered":"<p style=\"text-align: center\"><img data-recalc-dims=\"1\" loading=\"lazy\" decoding=\"async\" class=\"size-medium wp-image-3710  aligncenter\" title=\"ailanto_vender___vestidos_de_novia_3703_320x480\" src=\"https:\/\/i0.wp.com\/www.diariodeunanovia.com\/blog\/wp-content\/uploads\/sites\/5\/2012\/01\/ailanto_vender___vestidos_de_novia_3703_320x480-200x300.jpg?resize=200%2C300\" alt=\"ailanto_vender___vestidos_de_novia_3703_320x480\" width=\"200\" height=\"300\" \/><\/p>\n<p>Novedades en mundo nupcial. Los hermanos Mu\u00f1oz se unen a BHLDN, la l\u00ednea nupcial de la cadena Urban Outfitters. I\u00f1aki y Aitor Mu\u00f1oz, los dise\u00f1adores de Alianto, est\u00e1n de enhorabuena. La cadena de ropa norteamericana Urban Outfitters, si no la conoc\u00e9is os aconsejo que visit\u00e9is su web, y que representa la quintaesencia del <em>cool,<\/em> les ha fichado para vender vestidos de novia dentro la l\u00ednea nupcial: BHLDN. Se trata de una l\u00ednea de novias muy especial, se trata de vestidos que se alejan de las tendencias y ahonda en un esp\u00edritu vintage y rom\u00e1ntico muy af\u00edn al universo Ailanto, que llevan quince a\u00f1os ya construyendo un imaginario na\u00efve y delicado a partes iguales. Los gemelos Mu\u00f1oz son aut\u00e9nticos magos del print (uno de los hitos de su firma), que junto con el patronaje longitudinal conforman las claves de la casa. El primer paso para operar en Estados Unidos (y en internet). Con esta uni\u00f3n, Ailanto completa su expansi\u00f3n y su oferta hacia nuevos mercados. Desde aqu\u00ed les deseamos, mucha suerte.<\/p>\n<p>\u00a0<\/p>\n<p>Fuente: www.vogue.es<\/p>\n","protected":false},"excerpt":{"rendered":"<p>Novedades en mundo nupcial. Los hermanos Mu\u00f1oz se unen a BHLDN, la l\u00ednea nupcial de la cadena Urban Outfitters. I\u00f1aki y Aitor Mu\u00f1oz, los dise\u00f1adores de Alianto, est\u00e1n de enhorabuena. La cadena de ropa norteamericana Urban Outfitters, si no la conoc\u00e9is os aconsejo que visit\u00e9is su web, y que representa la quintaesencia del cool, les [&hellip;]<\/p>\n","protected":false},"author":2,"featured_media":0,"comment_status":"open","ping_status":"open","sticky":false,"template":"","format":"standard","meta":{"jetpack_post_was_ever_published":false,"_jetpack_newsletter_access":"","_jetpack_dont_email_post_to_subs":false,"_jetpack_newsletter_tier_id":0,"_jetpack_memberships_contains_paywalled_content":false,"_jetpack_memberships_contains_paid_content":false,"footnotes":""},"categories":[1],"tags":[],"class_list":["post-3709","post","type-post","status-publish","format-standard","hentry","category-novias"],"yoast_head":"<!-- This site is optimized with the Yoast SEO plugin v27.5 - https:\/\/yoast.com\/product\/yoast-seo-wordpress\/ -->\n<title>Ailanto se viste de blanco - Novias Baleares<\/title>\n<meta name=\"robots\" content=\"index, follow, max-snippet:-1, max-image-preview:large, max-video-preview:-1\" \/>\n<link rel=\"canonical\" href=\"http:\/\/noviasespana.com\/noviasbaleares\/ailanto-se-viste-de-blanco\/\" \/>\n<meta property=\"og:locale\" content=\"es_ES\" \/>\n<meta property=\"og:type\" content=\"article\" \/>\n<meta property=\"og:title\" content=\"Ailanto se viste de blanco - Novias Baleares\" \/>\n<meta property=\"og:description\" content=\"Novedades en mundo nupcial. Los hermanos Mu\u00f1oz se unen a BHLDN, la l\u00ednea nupcial de la cadena Urban Outfitters. I\u00f1aki y Aitor Mu\u00f1oz, los dise\u00f1adores de Alianto, est\u00e1n de enhorabuena. La cadena de ropa norteamericana Urban Outfitters, si no la conoc\u00e9is os aconsejo que visit\u00e9is su web, y que representa la quintaesencia del cool, les [&hellip;]\" \/>\n<meta property=\"og:url\" content=\"http:\/\/noviasespana.com\/noviasbaleares\/ailanto-se-viste-de-blanco\/\" \/>\n<meta property=\"og:site_name\" content=\"Novias Baleares\" \/>\n<meta property=\"article:published_time\" content=\"2012-01-19T08:00:36+00:00\" \/>\n<meta property=\"og:image\" content=\"http:\/\/www.diariodeunanovia.com\/blog\/wp-content\/uploads\/sites\/5\/2012\/01\/ailanto_vender___vestidos_de_novia_3703_320x480-200x300.jpg\" \/>\n<meta name=\"author\" content=\"admin\" \/>\n<meta name=\"twitter:label1\" content=\"Escrito por\" \/>\n\t<meta name=\"twitter:data1\" content=\"admin\" \/>\n\t<meta name=\"twitter:label2\" content=\"Tiempo de lectura\" \/>\n\t<meta name=\"twitter:data2\" content=\"1 minuto\" \/>\n<script type=\"application\/ld+json\" class=\"yoast-schema-graph\">{\"@context\":\"https:\\\/\\\/schema.org\",\"@graph\":[{\"@type\":\"Article\",\"@id\":\"http:\\\/\\\/noviasespana.com\\\/noviasbaleares\\\/ailanto-se-viste-de-blanco\\\/#article\",\"isPartOf\":{\"@id\":\"http:\\\/\\\/noviasespana.com\\\/noviasbaleares\\\/ailanto-se-viste-de-blanco\\\/\"},\"author\":{\"name\":\"admin\",\"@id\":\"http:\\\/\\\/noviasespana.com\\\/noviasbaleares\\\/#\\\/schema\\\/person\\\/82ff6e303fad28e4da623aa4d27969ed\"},\"headline\":\"Ailanto se viste de blanco\",\"datePublished\":\"2012-01-19T08:00:36+00:00\",\"mainEntityOfPage\":{\"@id\":\"http:\\\/\\\/noviasespana.com\\\/noviasbaleares\\\/ailanto-se-viste-de-blanco\\\/\"},\"wordCount\":198,\"commentCount\":0,\"image\":{\"@id\":\"http:\\\/\\\/noviasespana.com\\\/noviasbaleares\\\/ailanto-se-viste-de-blanco\\\/#primaryimage\"},\"thumbnailUrl\":\"http:\\\/\\\/www.diariodeunanovia.com\\\/blog\\\/wp-content\\\/uploads\\\/sites\\\/5\\\/2012\\\/01\\\/ailanto_vender___vestidos_de_novia_3703_320x480-200x300.jpg\",\"articleSection\":[\"novias\"],\"inLanguage\":\"es\",\"potentialAction\":[{\"@type\":\"CommentAction\",\"name\":\"Comment\",\"target\":[\"http:\\\/\\\/noviasespana.com\\\/noviasbaleares\\\/ailanto-se-viste-de-blanco\\\/#respond\"]}]},{\"@type\":\"WebPage\",\"@id\":\"http:\\\/\\\/noviasespana.com\\\/noviasbaleares\\\/ailanto-se-viste-de-blanco\\\/\",\"url\":\"http:\\\/\\\/noviasespana.com\\\/noviasbaleares\\\/ailanto-se-viste-de-blanco\\\/\",\"name\":\"Ailanto se viste de blanco - Novias Baleares\",\"isPartOf\":{\"@id\":\"http:\\\/\\\/noviasespana.com\\\/noviasbaleares\\\/#website\"},\"primaryImageOfPage\":{\"@id\":\"http:\\\/\\\/noviasespana.com\\\/noviasbaleares\\\/ailanto-se-viste-de-blanco\\\/#primaryimage\"},\"image\":{\"@id\":\"http:\\\/\\\/noviasespana.com\\\/noviasbaleares\\\/ailanto-se-viste-de-blanco\\\/#primaryimage\"},\"thumbnailUrl\":\"http:\\\/\\\/www.diariodeunanovia.com\\\/blog\\\/wp-content\\\/uploads\\\/sites\\\/5\\\/2012\\\/01\\\/ailanto_vender___vestidos_de_novia_3703_320x480-200x300.jpg\",\"datePublished\":\"2012-01-19T08:00:36+00:00\",\"author\":{\"@id\":\"http:\\\/\\\/noviasespana.com\\\/noviasbaleares\\\/#\\\/schema\\\/person\\\/82ff6e303fad28e4da623aa4d27969ed\"},\"breadcrumb\":{\"@id\":\"http:\\\/\\\/noviasespana.com\\\/noviasbaleares\\\/ailanto-se-viste-de-blanco\\\/#breadcrumb\"},\"inLanguage\":\"es\",\"potentialAction\":[{\"@type\":\"ReadAction\",\"target\":[\"http:\\\/\\\/noviasespana.com\\\/noviasbaleares\\\/ailanto-se-viste-de-blanco\\\/\"]}]},{\"@type\":\"ImageObject\",\"inLanguage\":\"es\",\"@id\":\"http:\\\/\\\/noviasespana.com\\\/noviasbaleares\\\/ailanto-se-viste-de-blanco\\\/#primaryimage\",\"url\":\"http:\\\/\\\/www.diariodeunanovia.com\\\/blog\\\/wp-content\\\/uploads\\\/sites\\\/5\\\/2012\\\/01\\\/ailanto_vender___vestidos_de_novia_3703_320x480-200x300.jpg\",\"contentUrl\":\"http:\\\/\\\/www.diariodeunanovia.com\\\/blog\\\/wp-content\\\/uploads\\\/sites\\\/5\\\/2012\\\/01\\\/ailanto_vender___vestidos_de_novia_3703_320x480-200x300.jpg\"},{\"@type\":\"BreadcrumbList\",\"@id\":\"http:\\\/\\\/noviasespana.com\\\/noviasbaleares\\\/ailanto-se-viste-de-blanco\\\/#breadcrumb\",\"itemListElement\":[{\"@type\":\"ListItem\",\"position\":1,\"name\":\"Portada\",\"item\":\"http:\\\/\\\/noviasespana.com\\\/noviasbaleares\\\/\"},{\"@type\":\"ListItem\",\"position\":2,\"name\":\"Ailanto se viste de blanco\"}]},{\"@type\":\"WebSite\",\"@id\":\"http:\\\/\\\/noviasespana.com\\\/noviasbaleares\\\/#website\",\"url\":\"http:\\\/\\\/noviasespana.com\\\/noviasbaleares\\\/\",\"name\":\"Novias Baleares\",\"description\":\"Revista de novias\",\"potentialAction\":[{\"@type\":\"SearchAction\",\"target\":{\"@type\":\"EntryPoint\",\"urlTemplate\":\"http:\\\/\\\/noviasespana.com\\\/noviasbaleares\\\/?s={search_term_string}\"},\"query-input\":{\"@type\":\"PropertyValueSpecification\",\"valueRequired\":true,\"valueName\":\"search_term_string\"}}],\"inLanguage\":\"es\"},{\"@type\":\"Person\",\"@id\":\"http:\\\/\\\/noviasespana.com\\\/noviasbaleares\\\/#\\\/schema\\\/person\\\/82ff6e303fad28e4da623aa4d27969ed\",\"name\":\"admin\",\"image\":{\"@type\":\"ImageObject\",\"inLanguage\":\"es\",\"@id\":\"https:\\\/\\\/secure.gravatar.com\\\/avatar\\\/0f45231fddfb43fcbd0cdde4582a3580baf474d75fca7d494b42ff86847de871?s=96&d=mm&r=g\",\"url\":\"https:\\\/\\\/secure.gravatar.com\\\/avatar\\\/0f45231fddfb43fcbd0cdde4582a3580baf474d75fca7d494b42ff86847de871?s=96&d=mm&r=g\",\"contentUrl\":\"https:\\\/\\\/secure.gravatar.com\\\/avatar\\\/0f45231fddfb43fcbd0cdde4582a3580baf474d75fca7d494b42ff86847de871?s=96&d=mm&r=g\",\"caption\":\"admin\"},\"url\":\"http:\\\/\\\/noviasespana.com\\\/noviasbaleares\\\/author\\\/admin\\\/\"}]}<\/script>\n<!-- \/ Yoast SEO plugin. -->","yoast_head_json":{"title":"Ailanto se viste de blanco - Novias Baleares","robots":{"index":"index","follow":"follow","max-snippet":"max-snippet:-1","max-image-preview":"max-image-preview:large","max-video-preview":"max-video-preview:-1"},"canonical":"http:\/\/noviasespana.com\/noviasbaleares\/ailanto-se-viste-de-blanco\/","og_locale":"es_ES","og_type":"article","og_title":"Ailanto se viste de blanco - Novias Baleares","og_description":"Novedades en mundo nupcial. Los hermanos Mu\u00f1oz se unen a BHLDN, la l\u00ednea nupcial de la cadena Urban Outfitters. I\u00f1aki y Aitor Mu\u00f1oz, los dise\u00f1adores de Alianto, est\u00e1n de enhorabuena. La cadena de ropa norteamericana Urban Outfitters, si no la conoc\u00e9is os aconsejo que visit\u00e9is su web, y que representa la quintaesencia del cool, les [&hellip;]","og_url":"http:\/\/noviasespana.com\/noviasbaleares\/ailanto-se-viste-de-blanco\/","og_site_name":"Novias Baleares","article_published_time":"2012-01-19T08:00:36+00:00","og_image":[{"url":"http:\/\/www.diariodeunanovia.com\/blog\/wp-content\/uploads\/sites\/5\/2012\/01\/ailanto_vender___vestidos_de_novia_3703_320x480-200x300.jpg","type":"","width":"","height":""}],"author":"admin","twitter_misc":{"Escrito por":"admin","Tiempo de lectura":"1 minuto"},"schema":{"@context":"https:\/\/schema.org","@graph":[{"@type":"Article","@id":"http:\/\/noviasespana.com\/noviasbaleares\/ailanto-se-viste-de-blanco\/#article","isPartOf":{"@id":"http:\/\/noviasespana.com\/noviasbaleares\/ailanto-se-viste-de-blanco\/"},"author":{"name":"admin","@id":"http:\/\/noviasespana.com\/noviasbaleares\/#\/schema\/person\/82ff6e303fad28e4da623aa4d27969ed"},"headline":"Ailanto se viste de blanco","datePublished":"2012-01-19T08:00:36+00:00","mainEntityOfPage":{"@id":"http:\/\/noviasespana.com\/noviasbaleares\/ailanto-se-viste-de-blanco\/"},"wordCount":198,"commentCount":0,"image":{"@id":"http:\/\/noviasespana.com\/noviasbaleares\/ailanto-se-viste-de-blanco\/#primaryimage"},"thumbnailUrl":"http:\/\/www.diariodeunanovia.com\/blog\/wp-content\/uploads\/sites\/5\/2012\/01\/ailanto_vender___vestidos_de_novia_3703_320x480-200x300.jpg","articleSection":["novias"],"inLanguage":"es","potentialAction":[{"@type":"CommentAction","name":"Comment","target":["http:\/\/noviasespana.com\/noviasbaleares\/ailanto-se-viste-de-blanco\/#respond"]}]},{"@type":"WebPage","@id":"http:\/\/noviasespana.com\/noviasbaleares\/ailanto-se-viste-de-blanco\/","url":"http:\/\/noviasespana.com\/noviasbaleares\/ailanto-se-viste-de-blanco\/","name":"Ailanto se viste de blanco - Novias Baleares","isPartOf":{"@id":"http:\/\/noviasespana.com\/noviasbaleares\/#website"},"primaryImageOfPage":{"@id":"http:\/\/noviasespana.com\/noviasbaleares\/ailanto-se-viste-de-blanco\/#primaryimage"},"image":{"@id":"http:\/\/noviasespana.com\/noviasbaleares\/ailanto-se-viste-de-blanco\/#primaryimage"},"thumbnailUrl":"http:\/\/www.diariodeunanovia.com\/blog\/wp-content\/uploads\/sites\/5\/2012\/01\/ailanto_vender___vestidos_de_novia_3703_320x480-200x300.jpg","datePublished":"2012-01-19T08:00:36+00:00","author":{"@id":"http:\/\/noviasespana.com\/noviasbaleares\/#\/schema\/person\/82ff6e303fad28e4da623aa4d27969ed"},"breadcrumb":{"@id":"http:\/\/noviasespana.com\/noviasbaleares\/ailanto-se-viste-de-blanco\/#breadcrumb"},"inLanguage":"es","potentialAction":[{"@type":"ReadAction","target":["http:\/\/noviasespana.com\/noviasbaleares\/ailanto-se-viste-de-blanco\/"]}]},{"@type":"ImageObject","inLanguage":"es","@id":"http:\/\/noviasespana.com\/noviasbaleares\/ailanto-se-viste-de-blanco\/#primaryimage","url":"http:\/\/www.diariodeunanovia.com\/blog\/wp-content\/uploads\/sites\/5\/2012\/01\/ailanto_vender___vestidos_de_novia_3703_320x480-200x300.jpg","contentUrl":"http:\/\/www.diariodeunanovia.com\/blog\/wp-content\/uploads\/sites\/5\/2012\/01\/ailanto_vender___vestidos_de_novia_3703_320x480-200x300.jpg"},{"@type":"BreadcrumbList","@id":"http:\/\/noviasespana.com\/noviasbaleares\/ailanto-se-viste-de-blanco\/#breadcrumb","itemListElement":[{"@type":"ListItem","position":1,"name":"Portada","item":"http:\/\/noviasespana.com\/noviasbaleares\/"},{"@type":"ListItem","position":2,"name":"Ailanto se viste de blanco"}]},{"@type":"WebSite","@id":"http:\/\/noviasespana.com\/noviasbaleares\/#website","url":"http:\/\/noviasespana.com\/noviasbaleares\/","name":"Novias Baleares","description":"Revista de novias","potentialAction":[{"@type":"SearchAction","target":{"@type":"EntryPoint","urlTemplate":"http:\/\/noviasespana.com\/noviasbaleares\/?s={search_term_string}"},"query-input":{"@type":"PropertyValueSpecification","valueRequired":true,"valueName":"search_term_string"}}],"inLanguage":"es"},{"@type":"Person","@id":"http:\/\/noviasespana.com\/noviasbaleares\/#\/schema\/person\/82ff6e303fad28e4da623aa4d27969ed","name":"admin","image":{"@type":"ImageObject","inLanguage":"es","@id":"https:\/\/secure.gravatar.com\/avatar\/0f45231fddfb43fcbd0cdde4582a3580baf474d75fca7d494b42ff86847de871?s=96&d=mm&r=g","url":"https:\/\/secure.gravatar.com\/avatar\/0f45231fddfb43fcbd0cdde4582a3580baf474d75fca7d494b42ff86847de871?s=96&d=mm&r=g","contentUrl":"https:\/\/secure.gravatar.com\/avatar\/0f45231fddfb43fcbd0cdde4582a3580baf474d75fca7d494b42ff86847de871?s=96&d=mm&r=g","caption":"admin"},"url":"http:\/\/noviasespana.com\/noviasbaleares\/author\/admin\/"}]}},"jetpack_featured_media_url":"","jetpack_sharing_enabled":true,"jetpack_shortlink":"https:\/\/wp.me\/p5Hg6P-XP","jetpack_likes_enabled":true,"_links":{"self":[{"href":"http:\/\/noviasespana.com\/noviasbaleares\/wp-json\/wp\/v2\/posts\/3709","targetHints":{"allow":["GET"]}}],"collection":[{"href":"http:\/\/noviasespana.com\/noviasbaleares\/wp-json\/wp\/v2\/posts"}],"about":[{"href":"http:\/\/noviasespana.com\/noviasbaleares\/wp-json\/wp\/v2\/types\/post"}],"author":[{"embeddable":true,"href":"http:\/\/noviasespana.com\/noviasbaleares\/wp-json\/wp\/v2\/users\/2"}],"replies":[{"embeddable":true,"href":"http:\/\/noviasespana.com\/noviasbaleares\/wp-json\/wp\/v2\/comments?post=3709"}],"version-history":[{"count":0,"href":"http:\/\/noviasespana.com\/noviasbaleares\/wp-json\/wp\/v2\/posts\/3709\/revisions"}],"wp:attachment":[{"href":"http:\/\/noviasespana.com\/noviasbaleares\/wp-json\/wp\/v2\/media?parent=3709"}],"wp:term":[{"taxonomy":"category","embeddable":true,"href":"http:\/\/noviasespana.com\/noviasbaleares\/wp-json\/wp\/v2\/categories?post=3709"},{"taxonomy":"post_tag","embeddable":true,"href":"http:\/\/noviasespana.com\/noviasbaleares\/wp-json\/wp\/v2\/tags?post=3709"}],"curies":[{"name":"wp","href":"https:\/\/api.w.org\/{rel}","templated":true}]}}