{"id":3691,"date":"2012-01-08T14:16:39","date_gmt":"2012-01-08T13:16:39","guid":{"rendered":"http:\/\/www.diariodeunanovia.com\/blog\/?p=3691"},"modified":"2012-01-08T14:16:39","modified_gmt":"2012-01-08T13:16:39","slug":"le-soin-noir-la-solucion-efectiva-para-estar-radiante-en-tu-boda","status":"publish","type":"post","link":"http:\/\/noviasespana.com\/noviasbaleares\/le-soin-noir-la-solucion-efectiva-para-estar-radiante-en-tu-boda\/","title":{"rendered":"Le Soin Noir, la soluci\u00f3n efectiva para estar radiante en tu boda"},"content":{"rendered":"<p><img data-recalc-dims=\"1\" loading=\"lazy\" decoding=\"async\" class=\"aligncenter size-medium wp-image-3692\" title=\"le_soin_noir_s__rum_9473_350x450\" alt=\"le_soin_noir_s__rum_9473_350x450\" src=\"https:\/\/i0.wp.com\/www.diariodeunanovia.com\/blog\/wp-content\/uploads\/sites\/5\/2012\/01\/le_soin_noir_s__rum_9473_350x450-233x300.jpg?resize=233%2C300\" width=\"233\" height=\"300\" \/><\/p>\n<p style=\"margin-top: 0px;margin-right: 0px;margin-bottom: 1em;margin-left: 0px;color: #333333;font-size: 1.2em;font-family: Arial, sans-serif;line-height: 15px;padding: 0px\">Preparando la piel para la boda? Pues toma nota de lo \u00faltimo de Givenchy\u00a0<strong style=\"padding: 0px;margin: 0px\"><em style=\"padding: 0px;margin: 0px\">Le Soin Noir<\/em><\/strong> con un\u00a0<em style=\"padding: 0px;margin: 0px\">S\u00e9rum <\/em>que aplica las \u00faltimas t\u00e9cnicas de biotecnolog\u00eda molecular.<\/p>\n<p style=\"margin-top: 0px;margin-right: 0px;margin-bottom: 1em;margin-left: 0px;color: #333333;font-size: 1.2em;font-family: Arial, sans-serif;line-height: 15px;padding: 0px\">En el coraz\u00f3n de<strong style=\"padding: 0px;margin: 0px\"><em style=\"padding: 0px;margin: 0px\"> Le Soin Noir S\u00e9rum<\/em><\/strong> encontramos la eficacia regeneradora de la\u00a0<em style=\"padding: 0px;margin: 0px\">Savia Negra Concentrada de Alga Vital<\/em>, conocida por su capacidad de restaurar la comunicaci\u00f3n entre las c\u00e9lulas y reconstruir las estructuras del col\u00e1geno, en una mayor concentraci\u00f3n.<\/p>\n<p style=\"margin-top: 0px;margin-right: 0px;margin-bottom: 1em;margin-left: 0px;color: #333333;font-size: 1.2em;font-family: Arial, sans-serif;line-height: 15px;padding: 0px\">Adem\u00e1s, los cient\u00edficos de Givenchy han descubierto una nueva fracci\u00f3n activa del alga con in\u00e9ditas propiedades de defensa: la<em style=\"padding: 0px;margin: 0px\">Esencia de Alga Vital<\/em>. Act\u00faa limitando la acci\u00f3n de los mensajeros proinflamatorios desencadenados por el estr\u00e9s medioambiental, preservando as\u00ed la integridad de la piel.<\/p>\n<p style=\"margin-top: 0px;margin-right: 0px;margin-bottom: 1em;margin-left: 0px;color: #333333;font-size: 1.2em;font-family: Arial, sans-serif;line-height: 15px;padding: 0px\">Este d\u00fao molecular es la clave de la f\u00f3rmula de\u00a0<em style=\"padding: 0px;margin: 0px\">Le Soin Noir S\u00e9rum<\/em>, un suero de textura fresca y acabado irisado que realza la luminosidad del rostro.<\/p>\n<p style=\"margin-top: 0px;margin-right: 0px;margin-bottom: 1em;margin-left: 0px;color: #333333;font-size: 1.2em;font-family: Arial, sans-serif;line-height: 15px;padding: 0px\"><em style=\"padding: 0px;margin: 0px\">Le Soin Noir S\u00e9rum<\/em>, con un precio recomendado de 335,50\u20ac, llega al punto de venta en octubre en un estuche lacado que contiene un frasco transparente de \u00e1ngulos depurados.<\/p>\n","protected":false},"excerpt":{"rendered":"<p>Preparando la piel para la boda? Pues toma nota de lo \u00faltimo de Givenchy\u00a0Le Soin Noir con un\u00a0S\u00e9rum que aplica las \u00faltimas t\u00e9cnicas de biotecnolog\u00eda molecular. En el coraz\u00f3n de Le Soin Noir S\u00e9rum encontramos la eficacia regeneradora de la\u00a0Savia Negra Concentrada de Alga Vital, conocida por su capacidad de restaurar la comunicaci\u00f3n entre las [&hellip;]<\/p>\n","protected":false},"author":2,"featured_media":3900,"comment_status":"open","ping_status":"open","sticky":false,"template":"","format":"standard","meta":{"jetpack_post_was_ever_published":false,"_jetpack_newsletter_access":"","_jetpack_dont_email_post_to_subs":false,"_jetpack_newsletter_tier_id":0,"_jetpack_memberships_contains_paywalled_content":false,"_jetpack_memberships_contains_paid_content":false,"footnotes":""},"categories":[1],"tags":[],"class_list":["post-3691","post","type-post","status-publish","format-standard","has-post-thumbnail","hentry","category-novias"],"yoast_head":"<!-- This site is optimized with the Yoast SEO plugin v27.5 - https:\/\/yoast.com\/product\/yoast-seo-wordpress\/ -->\n<title>Le Soin Noir, la soluci\u00f3n efectiva para estar radiante en tu boda - Novias Baleares<\/title>\n<meta name=\"robots\" content=\"index, follow, max-snippet:-1, max-image-preview:large, max-video-preview:-1\" \/>\n<link rel=\"canonical\" href=\"http:\/\/noviasespana.com\/noviasbaleares\/le-soin-noir-la-solucion-efectiva-para-estar-radiante-en-tu-boda\/\" \/>\n<meta property=\"og:locale\" content=\"es_ES\" \/>\n<meta property=\"og:type\" content=\"article\" \/>\n<meta property=\"og:title\" content=\"Le Soin Noir, la soluci\u00f3n efectiva para estar radiante en tu boda - Novias Baleares\" \/>\n<meta property=\"og:description\" content=\"Preparando la piel para la boda? Pues toma nota de lo \u00faltimo de Givenchy\u00a0Le Soin Noir con un\u00a0S\u00e9rum que aplica las \u00faltimas t\u00e9cnicas de biotecnolog\u00eda molecular. En el coraz\u00f3n de Le Soin Noir S\u00e9rum encontramos la eficacia regeneradora de la\u00a0Savia Negra Concentrada de Alga Vital, conocida por su capacidad de restaurar la comunicaci\u00f3n entre las [&hellip;]\" \/>\n<meta property=\"og:url\" content=\"http:\/\/noviasespana.com\/noviasbaleares\/le-soin-noir-la-solucion-efectiva-para-estar-radiante-en-tu-boda\/\" \/>\n<meta property=\"og:site_name\" content=\"Novias Baleares\" \/>\n<meta property=\"article:published_time\" content=\"2012-01-08T13:16:39+00:00\" \/>\n<meta name=\"author\" content=\"admin\" \/>\n<meta name=\"twitter:label1\" content=\"Escrito por\" \/>\n\t<meta name=\"twitter:data1\" content=\"admin\" \/>\n\t<meta name=\"twitter:label2\" content=\"Tiempo de lectura\" \/>\n\t<meta name=\"twitter:data2\" content=\"1 minuto\" \/>\n<script type=\"application\/ld+json\" class=\"yoast-schema-graph\">{\"@context\":\"https:\\\/\\\/schema.org\",\"@graph\":[{\"@type\":\"Article\",\"@id\":\"http:\\\/\\\/noviasespana.com\\\/noviasbaleares\\\/le-soin-noir-la-solucion-efectiva-para-estar-radiante-en-tu-boda\\\/#article\",\"isPartOf\":{\"@id\":\"http:\\\/\\\/noviasespana.com\\\/noviasbaleares\\\/le-soin-noir-la-solucion-efectiva-para-estar-radiante-en-tu-boda\\\/\"},\"author\":{\"name\":\"admin\",\"@id\":\"http:\\\/\\\/noviasespana.com\\\/noviasbaleares\\\/#\\\/schema\\\/person\\\/82ff6e303fad28e4da623aa4d27969ed\"},\"headline\":\"Le Soin Noir, la soluci\u00f3n efectiva para estar radiante en tu boda\",\"datePublished\":\"2012-01-08T13:16:39+00:00\",\"mainEntityOfPage\":{\"@id\":\"http:\\\/\\\/noviasespana.com\\\/noviasbaleares\\\/le-soin-noir-la-solucion-efectiva-para-estar-radiante-en-tu-boda\\\/\"},\"wordCount\":200,\"commentCount\":0,\"image\":{\"@id\":\"http:\\\/\\\/noviasespana.com\\\/noviasbaleares\\\/le-soin-noir-la-solucion-efectiva-para-estar-radiante-en-tu-boda\\\/#primaryimage\"},\"thumbnailUrl\":\"\",\"articleSection\":[\"novias\"],\"inLanguage\":\"es\",\"potentialAction\":[{\"@type\":\"CommentAction\",\"name\":\"Comment\",\"target\":[\"http:\\\/\\\/noviasespana.com\\\/noviasbaleares\\\/le-soin-noir-la-solucion-efectiva-para-estar-radiante-en-tu-boda\\\/#respond\"]}]},{\"@type\":\"WebPage\",\"@id\":\"http:\\\/\\\/noviasespana.com\\\/noviasbaleares\\\/le-soin-noir-la-solucion-efectiva-para-estar-radiante-en-tu-boda\\\/\",\"url\":\"http:\\\/\\\/noviasespana.com\\\/noviasbaleares\\\/le-soin-noir-la-solucion-efectiva-para-estar-radiante-en-tu-boda\\\/\",\"name\":\"Le Soin Noir, la soluci\u00f3n efectiva para estar radiante en tu boda - Novias Baleares\",\"isPartOf\":{\"@id\":\"http:\\\/\\\/noviasespana.com\\\/noviasbaleares\\\/#website\"},\"primaryImageOfPage\":{\"@id\":\"http:\\\/\\\/noviasespana.com\\\/noviasbaleares\\\/le-soin-noir-la-solucion-efectiva-para-estar-radiante-en-tu-boda\\\/#primaryimage\"},\"image\":{\"@id\":\"http:\\\/\\\/noviasespana.com\\\/noviasbaleares\\\/le-soin-noir-la-solucion-efectiva-para-estar-radiante-en-tu-boda\\\/#primaryimage\"},\"thumbnailUrl\":\"\",\"datePublished\":\"2012-01-08T13:16:39+00:00\",\"author\":{\"@id\":\"http:\\\/\\\/noviasespana.com\\\/noviasbaleares\\\/#\\\/schema\\\/person\\\/82ff6e303fad28e4da623aa4d27969ed\"},\"breadcrumb\":{\"@id\":\"http:\\\/\\\/noviasespana.com\\\/noviasbaleares\\\/le-soin-noir-la-solucion-efectiva-para-estar-radiante-en-tu-boda\\\/#breadcrumb\"},\"inLanguage\":\"es\",\"potentialAction\":[{\"@type\":\"ReadAction\",\"target\":[\"http:\\\/\\\/noviasespana.com\\\/noviasbaleares\\\/le-soin-noir-la-solucion-efectiva-para-estar-radiante-en-tu-boda\\\/\"]}]},{\"@type\":\"ImageObject\",\"inLanguage\":\"es\",\"@id\":\"http:\\\/\\\/noviasespana.com\\\/noviasbaleares\\\/le-soin-noir-la-solucion-efectiva-para-estar-radiante-en-tu-boda\\\/#primaryimage\",\"url\":\"\",\"contentUrl\":\"\"},{\"@type\":\"BreadcrumbList\",\"@id\":\"http:\\\/\\\/noviasespana.com\\\/noviasbaleares\\\/le-soin-noir-la-solucion-efectiva-para-estar-radiante-en-tu-boda\\\/#breadcrumb\",\"itemListElement\":[{\"@type\":\"ListItem\",\"position\":1,\"name\":\"Portada\",\"item\":\"http:\\\/\\\/noviasespana.com\\\/noviasbaleares\\\/\"},{\"@type\":\"ListItem\",\"position\":2,\"name\":\"Le Soin Noir, la soluci\u00f3n efectiva para estar radiante en tu boda\"}]},{\"@type\":\"WebSite\",\"@id\":\"http:\\\/\\\/noviasespana.com\\\/noviasbaleares\\\/#website\",\"url\":\"http:\\\/\\\/noviasespana.com\\\/noviasbaleares\\\/\",\"name\":\"Novias Baleares\",\"description\":\"Revista de novias\",\"potentialAction\":[{\"@type\":\"SearchAction\",\"target\":{\"@type\":\"EntryPoint\",\"urlTemplate\":\"http:\\\/\\\/noviasespana.com\\\/noviasbaleares\\\/?s={search_term_string}\"},\"query-input\":{\"@type\":\"PropertyValueSpecification\",\"valueRequired\":true,\"valueName\":\"search_term_string\"}}],\"inLanguage\":\"es\"},{\"@type\":\"Person\",\"@id\":\"http:\\\/\\\/noviasespana.com\\\/noviasbaleares\\\/#\\\/schema\\\/person\\\/82ff6e303fad28e4da623aa4d27969ed\",\"name\":\"admin\",\"image\":{\"@type\":\"ImageObject\",\"inLanguage\":\"es\",\"@id\":\"https:\\\/\\\/secure.gravatar.com\\\/avatar\\\/0f45231fddfb43fcbd0cdde4582a3580baf474d75fca7d494b42ff86847de871?s=96&d=mm&r=g\",\"url\":\"https:\\\/\\\/secure.gravatar.com\\\/avatar\\\/0f45231fddfb43fcbd0cdde4582a3580baf474d75fca7d494b42ff86847de871?s=96&d=mm&r=g\",\"contentUrl\":\"https:\\\/\\\/secure.gravatar.com\\\/avatar\\\/0f45231fddfb43fcbd0cdde4582a3580baf474d75fca7d494b42ff86847de871?s=96&d=mm&r=g\",\"caption\":\"admin\"},\"url\":\"http:\\\/\\\/noviasespana.com\\\/noviasbaleares\\\/author\\\/admin\\\/\"}]}<\/script>\n<!-- \/ Yoast SEO plugin. -->","yoast_head_json":{"title":"Le Soin Noir, la soluci\u00f3n efectiva para estar radiante en tu boda - Novias Baleares","robots":{"index":"index","follow":"follow","max-snippet":"max-snippet:-1","max-image-preview":"max-image-preview:large","max-video-preview":"max-video-preview:-1"},"canonical":"http:\/\/noviasespana.com\/noviasbaleares\/le-soin-noir-la-solucion-efectiva-para-estar-radiante-en-tu-boda\/","og_locale":"es_ES","og_type":"article","og_title":"Le Soin Noir, la soluci\u00f3n efectiva para estar radiante en tu boda - Novias Baleares","og_description":"Preparando la piel para la boda? Pues toma nota de lo \u00faltimo de Givenchy\u00a0Le Soin Noir con un\u00a0S\u00e9rum que aplica las \u00faltimas t\u00e9cnicas de biotecnolog\u00eda molecular. En el coraz\u00f3n de Le Soin Noir S\u00e9rum encontramos la eficacia regeneradora de la\u00a0Savia Negra Concentrada de Alga Vital, conocida por su capacidad de restaurar la comunicaci\u00f3n entre las [&hellip;]","og_url":"http:\/\/noviasespana.com\/noviasbaleares\/le-soin-noir-la-solucion-efectiva-para-estar-radiante-en-tu-boda\/","og_site_name":"Novias Baleares","article_published_time":"2012-01-08T13:16:39+00:00","author":"admin","twitter_misc":{"Escrito por":"admin","Tiempo de lectura":"1 minuto"},"schema":{"@context":"https:\/\/schema.org","@graph":[{"@type":"Article","@id":"http:\/\/noviasespana.com\/noviasbaleares\/le-soin-noir-la-solucion-efectiva-para-estar-radiante-en-tu-boda\/#article","isPartOf":{"@id":"http:\/\/noviasespana.com\/noviasbaleares\/le-soin-noir-la-solucion-efectiva-para-estar-radiante-en-tu-boda\/"},"author":{"name":"admin","@id":"http:\/\/noviasespana.com\/noviasbaleares\/#\/schema\/person\/82ff6e303fad28e4da623aa4d27969ed"},"headline":"Le Soin Noir, la soluci\u00f3n efectiva para estar radiante en tu boda","datePublished":"2012-01-08T13:16:39+00:00","mainEntityOfPage":{"@id":"http:\/\/noviasespana.com\/noviasbaleares\/le-soin-noir-la-solucion-efectiva-para-estar-radiante-en-tu-boda\/"},"wordCount":200,"commentCount":0,"image":{"@id":"http:\/\/noviasespana.com\/noviasbaleares\/le-soin-noir-la-solucion-efectiva-para-estar-radiante-en-tu-boda\/#primaryimage"},"thumbnailUrl":"","articleSection":["novias"],"inLanguage":"es","potentialAction":[{"@type":"CommentAction","name":"Comment","target":["http:\/\/noviasespana.com\/noviasbaleares\/le-soin-noir-la-solucion-efectiva-para-estar-radiante-en-tu-boda\/#respond"]}]},{"@type":"WebPage","@id":"http:\/\/noviasespana.com\/noviasbaleares\/le-soin-noir-la-solucion-efectiva-para-estar-radiante-en-tu-boda\/","url":"http:\/\/noviasespana.com\/noviasbaleares\/le-soin-noir-la-solucion-efectiva-para-estar-radiante-en-tu-boda\/","name":"Le Soin Noir, la soluci\u00f3n efectiva para estar radiante en tu boda - Novias Baleares","isPartOf":{"@id":"http:\/\/noviasespana.com\/noviasbaleares\/#website"},"primaryImageOfPage":{"@id":"http:\/\/noviasespana.com\/noviasbaleares\/le-soin-noir-la-solucion-efectiva-para-estar-radiante-en-tu-boda\/#primaryimage"},"image":{"@id":"http:\/\/noviasespana.com\/noviasbaleares\/le-soin-noir-la-solucion-efectiva-para-estar-radiante-en-tu-boda\/#primaryimage"},"thumbnailUrl":"","datePublished":"2012-01-08T13:16:39+00:00","author":{"@id":"http:\/\/noviasespana.com\/noviasbaleares\/#\/schema\/person\/82ff6e303fad28e4da623aa4d27969ed"},"breadcrumb":{"@id":"http:\/\/noviasespana.com\/noviasbaleares\/le-soin-noir-la-solucion-efectiva-para-estar-radiante-en-tu-boda\/#breadcrumb"},"inLanguage":"es","potentialAction":[{"@type":"ReadAction","target":["http:\/\/noviasespana.com\/noviasbaleares\/le-soin-noir-la-solucion-efectiva-para-estar-radiante-en-tu-boda\/"]}]},{"@type":"ImageObject","inLanguage":"es","@id":"http:\/\/noviasespana.com\/noviasbaleares\/le-soin-noir-la-solucion-efectiva-para-estar-radiante-en-tu-boda\/#primaryimage","url":"","contentUrl":""},{"@type":"BreadcrumbList","@id":"http:\/\/noviasespana.com\/noviasbaleares\/le-soin-noir-la-solucion-efectiva-para-estar-radiante-en-tu-boda\/#breadcrumb","itemListElement":[{"@type":"ListItem","position":1,"name":"Portada","item":"http:\/\/noviasespana.com\/noviasbaleares\/"},{"@type":"ListItem","position":2,"name":"Le Soin Noir, la soluci\u00f3n efectiva para estar radiante en tu boda"}]},{"@type":"WebSite","@id":"http:\/\/noviasespana.com\/noviasbaleares\/#website","url":"http:\/\/noviasespana.com\/noviasbaleares\/","name":"Novias Baleares","description":"Revista de novias","potentialAction":[{"@type":"SearchAction","target":{"@type":"EntryPoint","urlTemplate":"http:\/\/noviasespana.com\/noviasbaleares\/?s={search_term_string}"},"query-input":{"@type":"PropertyValueSpecification","valueRequired":true,"valueName":"search_term_string"}}],"inLanguage":"es"},{"@type":"Person","@id":"http:\/\/noviasespana.com\/noviasbaleares\/#\/schema\/person\/82ff6e303fad28e4da623aa4d27969ed","name":"admin","image":{"@type":"ImageObject","inLanguage":"es","@id":"https:\/\/secure.gravatar.com\/avatar\/0f45231fddfb43fcbd0cdde4582a3580baf474d75fca7d494b42ff86847de871?s=96&d=mm&r=g","url":"https:\/\/secure.gravatar.com\/avatar\/0f45231fddfb43fcbd0cdde4582a3580baf474d75fca7d494b42ff86847de871?s=96&d=mm&r=g","contentUrl":"https:\/\/secure.gravatar.com\/avatar\/0f45231fddfb43fcbd0cdde4582a3580baf474d75fca7d494b42ff86847de871?s=96&d=mm&r=g","caption":"admin"},"url":"http:\/\/noviasespana.com\/noviasbaleares\/author\/admin\/"}]}},"jetpack_featured_media_url":"","jetpack_sharing_enabled":true,"jetpack_shortlink":"https:\/\/wp.me\/p5Hg6P-Xx","jetpack_likes_enabled":true,"_links":{"self":[{"href":"http:\/\/noviasespana.com\/noviasbaleares\/wp-json\/wp\/v2\/posts\/3691","targetHints":{"allow":["GET"]}}],"collection":[{"href":"http:\/\/noviasespana.com\/noviasbaleares\/wp-json\/wp\/v2\/posts"}],"about":[{"href":"http:\/\/noviasespana.com\/noviasbaleares\/wp-json\/wp\/v2\/types\/post"}],"author":[{"embeddable":true,"href":"http:\/\/noviasespana.com\/noviasbaleares\/wp-json\/wp\/v2\/users\/2"}],"replies":[{"embeddable":true,"href":"http:\/\/noviasespana.com\/noviasbaleares\/wp-json\/wp\/v2\/comments?post=3691"}],"version-history":[{"count":0,"href":"http:\/\/noviasespana.com\/noviasbaleares\/wp-json\/wp\/v2\/posts\/3691\/revisions"}],"wp:featuredmedia":[{"embeddable":true,"href":"http:\/\/noviasespana.com\/noviasbaleares\/wp-json\/"}],"wp:attachment":[{"href":"http:\/\/noviasespana.com\/noviasbaleares\/wp-json\/wp\/v2\/media?parent=3691"}],"wp:term":[{"taxonomy":"category","embeddable":true,"href":"http:\/\/noviasespana.com\/noviasbaleares\/wp-json\/wp\/v2\/categories?post=3691"},{"taxonomy":"post_tag","embeddable":true,"href":"http:\/\/noviasespana.com\/noviasbaleares\/wp-json\/wp\/v2\/tags?post=3691"}],"curies":[{"name":"wp","href":"https:\/\/api.w.org\/{rel}","templated":true}]}}