{"id":3688,"date":"2011-12-29T09:00:58","date_gmt":"2011-12-29T08:00:58","guid":{"rendered":"http:\/\/www.diariodeunanovia.com\/blog\/?p=3688"},"modified":"2011-12-29T09:00:58","modified_gmt":"2011-12-29T08:00:58","slug":"las-bodas-del-2011","status":"publish","type":"post","link":"http:\/\/noviasespana.com\/noviasbaleares\/las-bodas-del-2011\/","title":{"rendered":"Las bodas del 2011"},"content":{"rendered":"<p style=\"text-align: center\"><img data-recalc-dims=\"1\" loading=\"lazy\" decoding=\"async\" class=\"size-medium wp-image-3689  aligncenter\" title=\"mercedes_peralta_y_juan\" src=\"https:\/\/i0.wp.com\/www.diariodeunanovia.com\/blog\/wp-content\/uploads\/sites\/5\/2011\/12\/mercedes_peralta_y_juan-226x300.jpg?resize=226%2C300\" alt=\"mercedes_peralta_y_juan\" width=\"226\" height=\"300\" \/><\/p>\n<p>Cayetana, Catalina y Charlene ellas han sido las novias m\u00e1s famosas del a\u00f1o, pero 2011 ha sido un a\u00f1o muy intenso en lo que a bodas se refiere. Desde bodas salvajes y fashion como la de Kate Moss, a reales como la de Catalina Middleton y Enrique de Inglaterra, a sorpresa, y a bodas sorprendentes, Cayetana de Alba y Alfonso Diez. Pero hay mucho m\u00e1s, \u00bfCu\u00e1l es tu favorita? Desde luego la boda Alberto y Charlene no est\u00e1 entre mis favoritas, sosa, artificial, fr\u00eda\u2026 el \u00fanico punto lo pusieron los rumores de fuga de la novia, en fin una boda triste que no salv\u00f3 ni el Armani de Charlene. Desde luego el Alexander McQueen de Kate Middleton si pasar\u00e1 a la historia, al igual que el vestido de Pippa la madrina m\u00e1s medi\u00e1tica del a\u00f1o, que junto con el tocado de una de las hijas de Sara Ferguson fue lo mejor de la boda del siglo. Otra boda que ha merecido la pena por sencilla y elegante, la de Paul McCartney y Nancy Shevell, con un maravillosos vestido de Stella McCartney. Un estilo totalmente opuesto al que luci\u00f3 Carla Goyanes, cola de dos metros y medio de Chantilly, velo enorme, pajes y posado en Hola. Las redes sociales fueron el medio elegido por Carolina Cerezuela y Carlos Moya para anunciar su boda, familiar y muy divertida se casaron por sorpresa en Mallorca. Por todo lo alto se cas\u00f3 Kim Kardashian , seis meses de noviazgo, un anillo de dos millones de d\u00f3lares, varias de decenas de invitados vip\u2026 y ruptura y divorcio todo en uno. Zara Phillips, Ra\u00fal Albiol, Lily Allen, Alaska y Mario Vaquerizo, Jacobo Fitz James Stuart Junior, Cramen Morales, Eugenio Osborne, Elsa Pataky\u2026 y mi favorita, Mercedes Peralta.\u00a0Vosotras, \u00bfcon cu\u00e1l os qued\u00e1is?<\/p>\n<p>\u00a0Fuente: Divinity.es<\/p>\n","protected":false},"excerpt":{"rendered":"<p>Cayetana, Catalina y Charlene ellas han sido las novias m\u00e1s famosas del a\u00f1o, pero 2011 ha sido un a\u00f1o muy intenso en lo que a bodas se refiere. Desde bodas salvajes y fashion como la de Kate Moss, a reales como la de Catalina Middleton y Enrique de Inglaterra, a sorpresa, y a bodas sorprendentes, [&hellip;]<\/p>\n","protected":false},"author":2,"featured_media":0,"comment_status":"open","ping_status":"open","sticky":false,"template":"","format":"standard","meta":{"jetpack_post_was_ever_published":false,"_jetpack_newsletter_access":"","_jetpack_dont_email_post_to_subs":false,"_jetpack_newsletter_tier_id":0,"_jetpack_memberships_contains_paywalled_content":false,"_jetpack_memberships_contains_paid_content":false,"footnotes":""},"categories":[1],"tags":[],"class_list":["post-3688","post","type-post","status-publish","format-standard","hentry","category-novias"],"yoast_head":"<!-- This site is optimized with the Yoast SEO plugin v27.5 - https:\/\/yoast.com\/product\/yoast-seo-wordpress\/ -->\n<title>Las bodas del 2011 - Novias Baleares<\/title>\n<meta name=\"robots\" content=\"index, follow, max-snippet:-1, max-image-preview:large, max-video-preview:-1\" \/>\n<link rel=\"canonical\" href=\"http:\/\/noviasespana.com\/noviasbaleares\/las-bodas-del-2011\/\" \/>\n<meta property=\"og:locale\" content=\"es_ES\" \/>\n<meta property=\"og:type\" content=\"article\" \/>\n<meta property=\"og:title\" content=\"Las bodas del 2011 - Novias Baleares\" \/>\n<meta property=\"og:description\" content=\"Cayetana, Catalina y Charlene ellas han sido las novias m\u00e1s famosas del a\u00f1o, pero 2011 ha sido un a\u00f1o muy intenso en lo que a bodas se refiere. Desde bodas salvajes y fashion como la de Kate Moss, a reales como la de Catalina Middleton y Enrique de Inglaterra, a sorpresa, y a bodas sorprendentes, [&hellip;]\" \/>\n<meta property=\"og:url\" content=\"http:\/\/noviasespana.com\/noviasbaleares\/las-bodas-del-2011\/\" \/>\n<meta property=\"og:site_name\" content=\"Novias Baleares\" \/>\n<meta property=\"article:published_time\" content=\"2011-12-29T08:00:58+00:00\" \/>\n<meta property=\"og:image\" content=\"http:\/\/www.diariodeunanovia.com\/blog\/wp-content\/uploads\/sites\/5\/2011\/12\/mercedes_peralta_y_juan-226x300.jpg\" \/>\n<meta name=\"author\" content=\"admin\" \/>\n<meta name=\"twitter:label1\" content=\"Escrito por\" \/>\n\t<meta name=\"twitter:data1\" content=\"admin\" \/>\n\t<meta name=\"twitter:label2\" content=\"Tiempo de lectura\" \/>\n\t<meta name=\"twitter:data2\" content=\"2 minutos\" \/>\n<script type=\"application\/ld+json\" class=\"yoast-schema-graph\">{\"@context\":\"https:\\\/\\\/schema.org\",\"@graph\":[{\"@type\":\"Article\",\"@id\":\"http:\\\/\\\/noviasespana.com\\\/noviasbaleares\\\/las-bodas-del-2011\\\/#article\",\"isPartOf\":{\"@id\":\"http:\\\/\\\/noviasespana.com\\\/noviasbaleares\\\/las-bodas-del-2011\\\/\"},\"author\":{\"name\":\"admin\",\"@id\":\"http:\\\/\\\/noviasespana.com\\\/noviasbaleares\\\/#\\\/schema\\\/person\\\/82ff6e303fad28e4da623aa4d27969ed\"},\"headline\":\"Las bodas del 2011\",\"datePublished\":\"2011-12-29T08:00:58+00:00\",\"mainEntityOfPage\":{\"@id\":\"http:\\\/\\\/noviasespana.com\\\/noviasbaleares\\\/las-bodas-del-2011\\\/\"},\"wordCount\":313,\"commentCount\":0,\"image\":{\"@id\":\"http:\\\/\\\/noviasespana.com\\\/noviasbaleares\\\/las-bodas-del-2011\\\/#primaryimage\"},\"thumbnailUrl\":\"http:\\\/\\\/www.diariodeunanovia.com\\\/blog\\\/wp-content\\\/uploads\\\/sites\\\/5\\\/2011\\\/12\\\/mercedes_peralta_y_juan-226x300.jpg\",\"articleSection\":[\"novias\"],\"inLanguage\":\"es\",\"potentialAction\":[{\"@type\":\"CommentAction\",\"name\":\"Comment\",\"target\":[\"http:\\\/\\\/noviasespana.com\\\/noviasbaleares\\\/las-bodas-del-2011\\\/#respond\"]}]},{\"@type\":\"WebPage\",\"@id\":\"http:\\\/\\\/noviasespana.com\\\/noviasbaleares\\\/las-bodas-del-2011\\\/\",\"url\":\"http:\\\/\\\/noviasespana.com\\\/noviasbaleares\\\/las-bodas-del-2011\\\/\",\"name\":\"Las bodas del 2011 - Novias Baleares\",\"isPartOf\":{\"@id\":\"http:\\\/\\\/noviasespana.com\\\/noviasbaleares\\\/#website\"},\"primaryImageOfPage\":{\"@id\":\"http:\\\/\\\/noviasespana.com\\\/noviasbaleares\\\/las-bodas-del-2011\\\/#primaryimage\"},\"image\":{\"@id\":\"http:\\\/\\\/noviasespana.com\\\/noviasbaleares\\\/las-bodas-del-2011\\\/#primaryimage\"},\"thumbnailUrl\":\"http:\\\/\\\/www.diariodeunanovia.com\\\/blog\\\/wp-content\\\/uploads\\\/sites\\\/5\\\/2011\\\/12\\\/mercedes_peralta_y_juan-226x300.jpg\",\"datePublished\":\"2011-12-29T08:00:58+00:00\",\"author\":{\"@id\":\"http:\\\/\\\/noviasespana.com\\\/noviasbaleares\\\/#\\\/schema\\\/person\\\/82ff6e303fad28e4da623aa4d27969ed\"},\"breadcrumb\":{\"@id\":\"http:\\\/\\\/noviasespana.com\\\/noviasbaleares\\\/las-bodas-del-2011\\\/#breadcrumb\"},\"inLanguage\":\"es\",\"potentialAction\":[{\"@type\":\"ReadAction\",\"target\":[\"http:\\\/\\\/noviasespana.com\\\/noviasbaleares\\\/las-bodas-del-2011\\\/\"]}]},{\"@type\":\"ImageObject\",\"inLanguage\":\"es\",\"@id\":\"http:\\\/\\\/noviasespana.com\\\/noviasbaleares\\\/las-bodas-del-2011\\\/#primaryimage\",\"url\":\"http:\\\/\\\/www.diariodeunanovia.com\\\/blog\\\/wp-content\\\/uploads\\\/sites\\\/5\\\/2011\\\/12\\\/mercedes_peralta_y_juan-226x300.jpg\",\"contentUrl\":\"http:\\\/\\\/www.diariodeunanovia.com\\\/blog\\\/wp-content\\\/uploads\\\/sites\\\/5\\\/2011\\\/12\\\/mercedes_peralta_y_juan-226x300.jpg\"},{\"@type\":\"BreadcrumbList\",\"@id\":\"http:\\\/\\\/noviasespana.com\\\/noviasbaleares\\\/las-bodas-del-2011\\\/#breadcrumb\",\"itemListElement\":[{\"@type\":\"ListItem\",\"position\":1,\"name\":\"Portada\",\"item\":\"http:\\\/\\\/noviasespana.com\\\/noviasbaleares\\\/\"},{\"@type\":\"ListItem\",\"position\":2,\"name\":\"Las bodas del 2011\"}]},{\"@type\":\"WebSite\",\"@id\":\"http:\\\/\\\/noviasespana.com\\\/noviasbaleares\\\/#website\",\"url\":\"http:\\\/\\\/noviasespana.com\\\/noviasbaleares\\\/\",\"name\":\"Novias Baleares\",\"description\":\"Revista de novias\",\"potentialAction\":[{\"@type\":\"SearchAction\",\"target\":{\"@type\":\"EntryPoint\",\"urlTemplate\":\"http:\\\/\\\/noviasespana.com\\\/noviasbaleares\\\/?s={search_term_string}\"},\"query-input\":{\"@type\":\"PropertyValueSpecification\",\"valueRequired\":true,\"valueName\":\"search_term_string\"}}],\"inLanguage\":\"es\"},{\"@type\":\"Person\",\"@id\":\"http:\\\/\\\/noviasespana.com\\\/noviasbaleares\\\/#\\\/schema\\\/person\\\/82ff6e303fad28e4da623aa4d27969ed\",\"name\":\"admin\",\"image\":{\"@type\":\"ImageObject\",\"inLanguage\":\"es\",\"@id\":\"https:\\\/\\\/secure.gravatar.com\\\/avatar\\\/0f45231fddfb43fcbd0cdde4582a3580baf474d75fca7d494b42ff86847de871?s=96&d=mm&r=g\",\"url\":\"https:\\\/\\\/secure.gravatar.com\\\/avatar\\\/0f45231fddfb43fcbd0cdde4582a3580baf474d75fca7d494b42ff86847de871?s=96&d=mm&r=g\",\"contentUrl\":\"https:\\\/\\\/secure.gravatar.com\\\/avatar\\\/0f45231fddfb43fcbd0cdde4582a3580baf474d75fca7d494b42ff86847de871?s=96&d=mm&r=g\",\"caption\":\"admin\"},\"url\":\"http:\\\/\\\/noviasespana.com\\\/noviasbaleares\\\/author\\\/admin\\\/\"}]}<\/script>\n<!-- \/ Yoast SEO plugin. -->","yoast_head_json":{"title":"Las bodas del 2011 - Novias Baleares","robots":{"index":"index","follow":"follow","max-snippet":"max-snippet:-1","max-image-preview":"max-image-preview:large","max-video-preview":"max-video-preview:-1"},"canonical":"http:\/\/noviasespana.com\/noviasbaleares\/las-bodas-del-2011\/","og_locale":"es_ES","og_type":"article","og_title":"Las bodas del 2011 - Novias Baleares","og_description":"Cayetana, Catalina y Charlene ellas han sido las novias m\u00e1s famosas del a\u00f1o, pero 2011 ha sido un a\u00f1o muy intenso en lo que a bodas se refiere. Desde bodas salvajes y fashion como la de Kate Moss, a reales como la de Catalina Middleton y Enrique de Inglaterra, a sorpresa, y a bodas sorprendentes, [&hellip;]","og_url":"http:\/\/noviasespana.com\/noviasbaleares\/las-bodas-del-2011\/","og_site_name":"Novias Baleares","article_published_time":"2011-12-29T08:00:58+00:00","og_image":[{"url":"http:\/\/www.diariodeunanovia.com\/blog\/wp-content\/uploads\/sites\/5\/2011\/12\/mercedes_peralta_y_juan-226x300.jpg","type":"","width":"","height":""}],"author":"admin","twitter_misc":{"Escrito por":"admin","Tiempo de lectura":"2 minutos"},"schema":{"@context":"https:\/\/schema.org","@graph":[{"@type":"Article","@id":"http:\/\/noviasespana.com\/noviasbaleares\/las-bodas-del-2011\/#article","isPartOf":{"@id":"http:\/\/noviasespana.com\/noviasbaleares\/las-bodas-del-2011\/"},"author":{"name":"admin","@id":"http:\/\/noviasespana.com\/noviasbaleares\/#\/schema\/person\/82ff6e303fad28e4da623aa4d27969ed"},"headline":"Las bodas del 2011","datePublished":"2011-12-29T08:00:58+00:00","mainEntityOfPage":{"@id":"http:\/\/noviasespana.com\/noviasbaleares\/las-bodas-del-2011\/"},"wordCount":313,"commentCount":0,"image":{"@id":"http:\/\/noviasespana.com\/noviasbaleares\/las-bodas-del-2011\/#primaryimage"},"thumbnailUrl":"http:\/\/www.diariodeunanovia.com\/blog\/wp-content\/uploads\/sites\/5\/2011\/12\/mercedes_peralta_y_juan-226x300.jpg","articleSection":["novias"],"inLanguage":"es","potentialAction":[{"@type":"CommentAction","name":"Comment","target":["http:\/\/noviasespana.com\/noviasbaleares\/las-bodas-del-2011\/#respond"]}]},{"@type":"WebPage","@id":"http:\/\/noviasespana.com\/noviasbaleares\/las-bodas-del-2011\/","url":"http:\/\/noviasespana.com\/noviasbaleares\/las-bodas-del-2011\/","name":"Las bodas del 2011 - Novias Baleares","isPartOf":{"@id":"http:\/\/noviasespana.com\/noviasbaleares\/#website"},"primaryImageOfPage":{"@id":"http:\/\/noviasespana.com\/noviasbaleares\/las-bodas-del-2011\/#primaryimage"},"image":{"@id":"http:\/\/noviasespana.com\/noviasbaleares\/las-bodas-del-2011\/#primaryimage"},"thumbnailUrl":"http:\/\/www.diariodeunanovia.com\/blog\/wp-content\/uploads\/sites\/5\/2011\/12\/mercedes_peralta_y_juan-226x300.jpg","datePublished":"2011-12-29T08:00:58+00:00","author":{"@id":"http:\/\/noviasespana.com\/noviasbaleares\/#\/schema\/person\/82ff6e303fad28e4da623aa4d27969ed"},"breadcrumb":{"@id":"http:\/\/noviasespana.com\/noviasbaleares\/las-bodas-del-2011\/#breadcrumb"},"inLanguage":"es","potentialAction":[{"@type":"ReadAction","target":["http:\/\/noviasespana.com\/noviasbaleares\/las-bodas-del-2011\/"]}]},{"@type":"ImageObject","inLanguage":"es","@id":"http:\/\/noviasespana.com\/noviasbaleares\/las-bodas-del-2011\/#primaryimage","url":"http:\/\/www.diariodeunanovia.com\/blog\/wp-content\/uploads\/sites\/5\/2011\/12\/mercedes_peralta_y_juan-226x300.jpg","contentUrl":"http:\/\/www.diariodeunanovia.com\/blog\/wp-content\/uploads\/sites\/5\/2011\/12\/mercedes_peralta_y_juan-226x300.jpg"},{"@type":"BreadcrumbList","@id":"http:\/\/noviasespana.com\/noviasbaleares\/las-bodas-del-2011\/#breadcrumb","itemListElement":[{"@type":"ListItem","position":1,"name":"Portada","item":"http:\/\/noviasespana.com\/noviasbaleares\/"},{"@type":"ListItem","position":2,"name":"Las bodas del 2011"}]},{"@type":"WebSite","@id":"http:\/\/noviasespana.com\/noviasbaleares\/#website","url":"http:\/\/noviasespana.com\/noviasbaleares\/","name":"Novias Baleares","description":"Revista de novias","potentialAction":[{"@type":"SearchAction","target":{"@type":"EntryPoint","urlTemplate":"http:\/\/noviasespana.com\/noviasbaleares\/?s={search_term_string}"},"query-input":{"@type":"PropertyValueSpecification","valueRequired":true,"valueName":"search_term_string"}}],"inLanguage":"es"},{"@type":"Person","@id":"http:\/\/noviasespana.com\/noviasbaleares\/#\/schema\/person\/82ff6e303fad28e4da623aa4d27969ed","name":"admin","image":{"@type":"ImageObject","inLanguage":"es","@id":"https:\/\/secure.gravatar.com\/avatar\/0f45231fddfb43fcbd0cdde4582a3580baf474d75fca7d494b42ff86847de871?s=96&d=mm&r=g","url":"https:\/\/secure.gravatar.com\/avatar\/0f45231fddfb43fcbd0cdde4582a3580baf474d75fca7d494b42ff86847de871?s=96&d=mm&r=g","contentUrl":"https:\/\/secure.gravatar.com\/avatar\/0f45231fddfb43fcbd0cdde4582a3580baf474d75fca7d494b42ff86847de871?s=96&d=mm&r=g","caption":"admin"},"url":"http:\/\/noviasespana.com\/noviasbaleares\/author\/admin\/"}]}},"jetpack_featured_media_url":"","jetpack_sharing_enabled":true,"jetpack_shortlink":"https:\/\/wp.me\/p5Hg6P-Xu","jetpack_likes_enabled":true,"_links":{"self":[{"href":"http:\/\/noviasespana.com\/noviasbaleares\/wp-json\/wp\/v2\/posts\/3688","targetHints":{"allow":["GET"]}}],"collection":[{"href":"http:\/\/noviasespana.com\/noviasbaleares\/wp-json\/wp\/v2\/posts"}],"about":[{"href":"http:\/\/noviasespana.com\/noviasbaleares\/wp-json\/wp\/v2\/types\/post"}],"author":[{"embeddable":true,"href":"http:\/\/noviasespana.com\/noviasbaleares\/wp-json\/wp\/v2\/users\/2"}],"replies":[{"embeddable":true,"href":"http:\/\/noviasespana.com\/noviasbaleares\/wp-json\/wp\/v2\/comments?post=3688"}],"version-history":[{"count":0,"href":"http:\/\/noviasespana.com\/noviasbaleares\/wp-json\/wp\/v2\/posts\/3688\/revisions"}],"wp:attachment":[{"href":"http:\/\/noviasespana.com\/noviasbaleares\/wp-json\/wp\/v2\/media?parent=3688"}],"wp:term":[{"taxonomy":"category","embeddable":true,"href":"http:\/\/noviasespana.com\/noviasbaleares\/wp-json\/wp\/v2\/categories?post=3688"},{"taxonomy":"post_tag","embeddable":true,"href":"http:\/\/noviasespana.com\/noviasbaleares\/wp-json\/wp\/v2\/tags?post=3688"}],"curies":[{"name":"wp","href":"https:\/\/api.w.org\/{rel}","templated":true}]}}