{"id":3664,"date":"2011-12-20T09:00:12","date_gmt":"2011-12-20T08:00:12","guid":{"rendered":"http:\/\/www.diariodeunanovia.com\/blog\/?p=3664"},"modified":"2011-12-20T09:00:12","modified_gmt":"2011-12-20T08:00:12","slug":"monica-abascal-llega-a-su-boda-con-aznar-junior-en-un-600","status":"publish","type":"post","link":"http:\/\/noviasespana.com\/noviasbaleares\/monica-abascal-llega-a-su-boda-con-aznar-junior-en-un-600\/","title":{"rendered":"M\u00f3nica Abascal llega a su boda con Aznar Junior en un 600"},"content":{"rendered":"<p style=\"text-align: center\"><img data-recalc-dims=\"1\" loading=\"lazy\" decoding=\"async\" class=\"size-medium wp-image-3665  aligncenter\" title=\"MONICA ABASCAL\" src=\"https:\/\/i0.wp.com\/www.diariodeunanovia.com\/blog\/wp-content\/uploads\/sites\/5\/2011\/12\/novia-en-mini-300x200.jpg?resize=300%2C200\" alt=\"MONICA ABASCAL\" width=\"300\" height=\"200\" \/><\/p>\n<p>A punto de terminar un a\u00f1o lleno de bodas memorables y tenemos una m\u00e1s para comentar. Este pasado fin de semana <strong>Jose Mar\u00eda Aznar Jr<\/strong>., se ha casado este s\u00e1bado en El Escorial con su novia <strong>M\u00f3nica Abascal<\/strong>. All\u00ed acudi\u00f3, como no pod\u00eda ser de otro modo, la plana mayor del <strong>Partido Popular<\/strong> e importantes figuras de la alta sociedad espa\u00f1ola. Hemos visto pocas fotos pero me ha <strong>encantado la llegada de la novia, en un genial 600 blanco, y vestida de color marfil, largo velo y guantes<\/strong>. M\u00f3nica Abascal iba sonriente y de copiloto, sorprendida y divertida ante la avalancha de fot\u00f3grafos que rodearon el coche de \u00e9poca. Pero el 600 no fue la \u00fanica originalidad: <strong>el ramo de flores, en el asiento de atr\u00e1s, era de ramas y bayas rojas. <\/strong>Muy navide\u00f1o, como la g\u00e9lida temperatura de ayer en El Campillo, finca situada entre el Valle de los Ca\u00eddos y El Escorial, a 30 kil\u00f3metros de Madrid. \u00a0<strong>M\u00f3nica Abascal Ruano<\/strong>, <strong>dise\u00f1a bolsos y ha plasmado su personal estilo en detalles como los guantes, muy adecuados para el mes de diciembre y mismo tiempo muy sofisticado y glamurosos.<\/strong> Mientras que el hijo de Ana Botella prefiri\u00f3 el color blanco para su camisa y el negro para su corbata y su chaleco, y lleg\u00f3 a la finca conduciendo su propio coche y acompa\u00f1ado de su hermano Alonso.<\/p>\n<p>Fuente: ABC<\/p>\n","protected":false},"excerpt":{"rendered":"<p>A punto de terminar un a\u00f1o lleno de bodas memorables y tenemos una m\u00e1s para comentar. Este pasado fin de semana Jose Mar\u00eda Aznar Jr., se ha casado este s\u00e1bado en El Escorial con su novia M\u00f3nica Abascal. All\u00ed acudi\u00f3, como no pod\u00eda ser de otro modo, la plana mayor del Partido Popular e importantes [&hellip;]<\/p>\n","protected":false},"author":2,"featured_media":0,"comment_status":"open","ping_status":"open","sticky":false,"template":"","format":"standard","meta":{"jetpack_post_was_ever_published":false,"_jetpack_newsletter_access":"","_jetpack_dont_email_post_to_subs":false,"_jetpack_newsletter_tier_id":0,"_jetpack_memberships_contains_paywalled_content":false,"_jetpack_memberships_contains_paid_content":false,"footnotes":""},"categories":[1],"tags":[],"class_list":["post-3664","post","type-post","status-publish","format-standard","hentry","category-novias"],"yoast_head":"<!-- This site is optimized with the Yoast SEO plugin v27.5 - https:\/\/yoast.com\/product\/yoast-seo-wordpress\/ -->\n<title>M\u00f3nica Abascal llega a su boda con Aznar Junior en un 600 - Novias Baleares<\/title>\n<meta name=\"robots\" content=\"index, follow, max-snippet:-1, max-image-preview:large, max-video-preview:-1\" \/>\n<link rel=\"canonical\" href=\"http:\/\/noviasespana.com\/noviasbaleares\/monica-abascal-llega-a-su-boda-con-aznar-junior-en-un-600\/\" \/>\n<meta property=\"og:locale\" content=\"es_ES\" \/>\n<meta property=\"og:type\" content=\"article\" \/>\n<meta property=\"og:title\" content=\"M\u00f3nica Abascal llega a su boda con Aznar Junior en un 600 - Novias Baleares\" \/>\n<meta property=\"og:description\" content=\"A punto de terminar un a\u00f1o lleno de bodas memorables y tenemos una m\u00e1s para comentar. Este pasado fin de semana Jose Mar\u00eda Aznar Jr., se ha casado este s\u00e1bado en El Escorial con su novia M\u00f3nica Abascal. All\u00ed acudi\u00f3, como no pod\u00eda ser de otro modo, la plana mayor del Partido Popular e importantes [&hellip;]\" \/>\n<meta property=\"og:url\" content=\"http:\/\/noviasespana.com\/noviasbaleares\/monica-abascal-llega-a-su-boda-con-aznar-junior-en-un-600\/\" \/>\n<meta property=\"og:site_name\" content=\"Novias Baleares\" \/>\n<meta property=\"article:published_time\" content=\"2011-12-20T08:00:12+00:00\" \/>\n<meta property=\"og:image\" content=\"http:\/\/www.diariodeunanovia.com\/blog\/wp-content\/uploads\/sites\/5\/2011\/12\/novia-en-mini-300x200.jpg\" \/>\n<meta name=\"author\" content=\"admin\" \/>\n<meta name=\"twitter:label1\" content=\"Escrito por\" \/>\n\t<meta name=\"twitter:data1\" content=\"admin\" \/>\n\t<meta name=\"twitter:label2\" content=\"Tiempo de lectura\" \/>\n\t<meta name=\"twitter:data2\" content=\"1 minuto\" \/>\n<script type=\"application\/ld+json\" class=\"yoast-schema-graph\">{\"@context\":\"https:\\\/\\\/schema.org\",\"@graph\":[{\"@type\":\"Article\",\"@id\":\"http:\\\/\\\/noviasespana.com\\\/noviasbaleares\\\/monica-abascal-llega-a-su-boda-con-aznar-junior-en-un-600\\\/#article\",\"isPartOf\":{\"@id\":\"http:\\\/\\\/noviasespana.com\\\/noviasbaleares\\\/monica-abascal-llega-a-su-boda-con-aznar-junior-en-un-600\\\/\"},\"author\":{\"name\":\"admin\",\"@id\":\"http:\\\/\\\/noviasespana.com\\\/noviasbaleares\\\/#\\\/schema\\\/person\\\/82ff6e303fad28e4da623aa4d27969ed\"},\"headline\":\"M\u00f3nica Abascal llega a su boda con Aznar Junior en un 600\",\"datePublished\":\"2011-12-20T08:00:12+00:00\",\"mainEntityOfPage\":{\"@id\":\"http:\\\/\\\/noviasespana.com\\\/noviasbaleares\\\/monica-abascal-llega-a-su-boda-con-aznar-junior-en-un-600\\\/\"},\"wordCount\":255,\"commentCount\":0,\"image\":{\"@id\":\"http:\\\/\\\/noviasespana.com\\\/noviasbaleares\\\/monica-abascal-llega-a-su-boda-con-aznar-junior-en-un-600\\\/#primaryimage\"},\"thumbnailUrl\":\"http:\\\/\\\/www.diariodeunanovia.com\\\/blog\\\/wp-content\\\/uploads\\\/sites\\\/5\\\/2011\\\/12\\\/novia-en-mini-300x200.jpg\",\"articleSection\":[\"novias\"],\"inLanguage\":\"es\",\"potentialAction\":[{\"@type\":\"CommentAction\",\"name\":\"Comment\",\"target\":[\"http:\\\/\\\/noviasespana.com\\\/noviasbaleares\\\/monica-abascal-llega-a-su-boda-con-aznar-junior-en-un-600\\\/#respond\"]}]},{\"@type\":\"WebPage\",\"@id\":\"http:\\\/\\\/noviasespana.com\\\/noviasbaleares\\\/monica-abascal-llega-a-su-boda-con-aznar-junior-en-un-600\\\/\",\"url\":\"http:\\\/\\\/noviasespana.com\\\/noviasbaleares\\\/monica-abascal-llega-a-su-boda-con-aznar-junior-en-un-600\\\/\",\"name\":\"M\u00f3nica Abascal llega a su boda con Aznar Junior en un 600 - Novias Baleares\",\"isPartOf\":{\"@id\":\"http:\\\/\\\/noviasespana.com\\\/noviasbaleares\\\/#website\"},\"primaryImageOfPage\":{\"@id\":\"http:\\\/\\\/noviasespana.com\\\/noviasbaleares\\\/monica-abascal-llega-a-su-boda-con-aznar-junior-en-un-600\\\/#primaryimage\"},\"image\":{\"@id\":\"http:\\\/\\\/noviasespana.com\\\/noviasbaleares\\\/monica-abascal-llega-a-su-boda-con-aznar-junior-en-un-600\\\/#primaryimage\"},\"thumbnailUrl\":\"http:\\\/\\\/www.diariodeunanovia.com\\\/blog\\\/wp-content\\\/uploads\\\/sites\\\/5\\\/2011\\\/12\\\/novia-en-mini-300x200.jpg\",\"datePublished\":\"2011-12-20T08:00:12+00:00\",\"author\":{\"@id\":\"http:\\\/\\\/noviasespana.com\\\/noviasbaleares\\\/#\\\/schema\\\/person\\\/82ff6e303fad28e4da623aa4d27969ed\"},\"breadcrumb\":{\"@id\":\"http:\\\/\\\/noviasespana.com\\\/noviasbaleares\\\/monica-abascal-llega-a-su-boda-con-aznar-junior-en-un-600\\\/#breadcrumb\"},\"inLanguage\":\"es\",\"potentialAction\":[{\"@type\":\"ReadAction\",\"target\":[\"http:\\\/\\\/noviasespana.com\\\/noviasbaleares\\\/monica-abascal-llega-a-su-boda-con-aznar-junior-en-un-600\\\/\"]}]},{\"@type\":\"ImageObject\",\"inLanguage\":\"es\",\"@id\":\"http:\\\/\\\/noviasespana.com\\\/noviasbaleares\\\/monica-abascal-llega-a-su-boda-con-aznar-junior-en-un-600\\\/#primaryimage\",\"url\":\"http:\\\/\\\/www.diariodeunanovia.com\\\/blog\\\/wp-content\\\/uploads\\\/sites\\\/5\\\/2011\\\/12\\\/novia-en-mini-300x200.jpg\",\"contentUrl\":\"http:\\\/\\\/www.diariodeunanovia.com\\\/blog\\\/wp-content\\\/uploads\\\/sites\\\/5\\\/2011\\\/12\\\/novia-en-mini-300x200.jpg\"},{\"@type\":\"BreadcrumbList\",\"@id\":\"http:\\\/\\\/noviasespana.com\\\/noviasbaleares\\\/monica-abascal-llega-a-su-boda-con-aznar-junior-en-un-600\\\/#breadcrumb\",\"itemListElement\":[{\"@type\":\"ListItem\",\"position\":1,\"name\":\"Portada\",\"item\":\"http:\\\/\\\/noviasespana.com\\\/noviasbaleares\\\/\"},{\"@type\":\"ListItem\",\"position\":2,\"name\":\"M\u00f3nica Abascal llega a su boda con Aznar Junior en un 600\"}]},{\"@type\":\"WebSite\",\"@id\":\"http:\\\/\\\/noviasespana.com\\\/noviasbaleares\\\/#website\",\"url\":\"http:\\\/\\\/noviasespana.com\\\/noviasbaleares\\\/\",\"name\":\"Novias Baleares\",\"description\":\"Revista de novias\",\"potentialAction\":[{\"@type\":\"SearchAction\",\"target\":{\"@type\":\"EntryPoint\",\"urlTemplate\":\"http:\\\/\\\/noviasespana.com\\\/noviasbaleares\\\/?s={search_term_string}\"},\"query-input\":{\"@type\":\"PropertyValueSpecification\",\"valueRequired\":true,\"valueName\":\"search_term_string\"}}],\"inLanguage\":\"es\"},{\"@type\":\"Person\",\"@id\":\"http:\\\/\\\/noviasespana.com\\\/noviasbaleares\\\/#\\\/schema\\\/person\\\/82ff6e303fad28e4da623aa4d27969ed\",\"name\":\"admin\",\"image\":{\"@type\":\"ImageObject\",\"inLanguage\":\"es\",\"@id\":\"https:\\\/\\\/secure.gravatar.com\\\/avatar\\\/0f45231fddfb43fcbd0cdde4582a3580baf474d75fca7d494b42ff86847de871?s=96&d=mm&r=g\",\"url\":\"https:\\\/\\\/secure.gravatar.com\\\/avatar\\\/0f45231fddfb43fcbd0cdde4582a3580baf474d75fca7d494b42ff86847de871?s=96&d=mm&r=g\",\"contentUrl\":\"https:\\\/\\\/secure.gravatar.com\\\/avatar\\\/0f45231fddfb43fcbd0cdde4582a3580baf474d75fca7d494b42ff86847de871?s=96&d=mm&r=g\",\"caption\":\"admin\"},\"url\":\"http:\\\/\\\/noviasespana.com\\\/noviasbaleares\\\/author\\\/admin\\\/\"}]}<\/script>\n<!-- \/ Yoast SEO plugin. -->","yoast_head_json":{"title":"M\u00f3nica Abascal llega a su boda con Aznar Junior en un 600 - Novias Baleares","robots":{"index":"index","follow":"follow","max-snippet":"max-snippet:-1","max-image-preview":"max-image-preview:large","max-video-preview":"max-video-preview:-1"},"canonical":"http:\/\/noviasespana.com\/noviasbaleares\/monica-abascal-llega-a-su-boda-con-aznar-junior-en-un-600\/","og_locale":"es_ES","og_type":"article","og_title":"M\u00f3nica Abascal llega a su boda con Aznar Junior en un 600 - Novias Baleares","og_description":"A punto de terminar un a\u00f1o lleno de bodas memorables y tenemos una m\u00e1s para comentar. Este pasado fin de semana Jose Mar\u00eda Aznar Jr., se ha casado este s\u00e1bado en El Escorial con su novia M\u00f3nica Abascal. All\u00ed acudi\u00f3, como no pod\u00eda ser de otro modo, la plana mayor del Partido Popular e importantes [&hellip;]","og_url":"http:\/\/noviasespana.com\/noviasbaleares\/monica-abascal-llega-a-su-boda-con-aznar-junior-en-un-600\/","og_site_name":"Novias Baleares","article_published_time":"2011-12-20T08:00:12+00:00","og_image":[{"url":"http:\/\/www.diariodeunanovia.com\/blog\/wp-content\/uploads\/sites\/5\/2011\/12\/novia-en-mini-300x200.jpg","type":"","width":"","height":""}],"author":"admin","twitter_misc":{"Escrito por":"admin","Tiempo de lectura":"1 minuto"},"schema":{"@context":"https:\/\/schema.org","@graph":[{"@type":"Article","@id":"http:\/\/noviasespana.com\/noviasbaleares\/monica-abascal-llega-a-su-boda-con-aznar-junior-en-un-600\/#article","isPartOf":{"@id":"http:\/\/noviasespana.com\/noviasbaleares\/monica-abascal-llega-a-su-boda-con-aznar-junior-en-un-600\/"},"author":{"name":"admin","@id":"http:\/\/noviasespana.com\/noviasbaleares\/#\/schema\/person\/82ff6e303fad28e4da623aa4d27969ed"},"headline":"M\u00f3nica Abascal llega a su boda con Aznar Junior en un 600","datePublished":"2011-12-20T08:00:12+00:00","mainEntityOfPage":{"@id":"http:\/\/noviasespana.com\/noviasbaleares\/monica-abascal-llega-a-su-boda-con-aznar-junior-en-un-600\/"},"wordCount":255,"commentCount":0,"image":{"@id":"http:\/\/noviasespana.com\/noviasbaleares\/monica-abascal-llega-a-su-boda-con-aznar-junior-en-un-600\/#primaryimage"},"thumbnailUrl":"http:\/\/www.diariodeunanovia.com\/blog\/wp-content\/uploads\/sites\/5\/2011\/12\/novia-en-mini-300x200.jpg","articleSection":["novias"],"inLanguage":"es","potentialAction":[{"@type":"CommentAction","name":"Comment","target":["http:\/\/noviasespana.com\/noviasbaleares\/monica-abascal-llega-a-su-boda-con-aznar-junior-en-un-600\/#respond"]}]},{"@type":"WebPage","@id":"http:\/\/noviasespana.com\/noviasbaleares\/monica-abascal-llega-a-su-boda-con-aznar-junior-en-un-600\/","url":"http:\/\/noviasespana.com\/noviasbaleares\/monica-abascal-llega-a-su-boda-con-aznar-junior-en-un-600\/","name":"M\u00f3nica Abascal llega a su boda con Aznar Junior en un 600 - Novias Baleares","isPartOf":{"@id":"http:\/\/noviasespana.com\/noviasbaleares\/#website"},"primaryImageOfPage":{"@id":"http:\/\/noviasespana.com\/noviasbaleares\/monica-abascal-llega-a-su-boda-con-aznar-junior-en-un-600\/#primaryimage"},"image":{"@id":"http:\/\/noviasespana.com\/noviasbaleares\/monica-abascal-llega-a-su-boda-con-aznar-junior-en-un-600\/#primaryimage"},"thumbnailUrl":"http:\/\/www.diariodeunanovia.com\/blog\/wp-content\/uploads\/sites\/5\/2011\/12\/novia-en-mini-300x200.jpg","datePublished":"2011-12-20T08:00:12+00:00","author":{"@id":"http:\/\/noviasespana.com\/noviasbaleares\/#\/schema\/person\/82ff6e303fad28e4da623aa4d27969ed"},"breadcrumb":{"@id":"http:\/\/noviasespana.com\/noviasbaleares\/monica-abascal-llega-a-su-boda-con-aznar-junior-en-un-600\/#breadcrumb"},"inLanguage":"es","potentialAction":[{"@type":"ReadAction","target":["http:\/\/noviasespana.com\/noviasbaleares\/monica-abascal-llega-a-su-boda-con-aznar-junior-en-un-600\/"]}]},{"@type":"ImageObject","inLanguage":"es","@id":"http:\/\/noviasespana.com\/noviasbaleares\/monica-abascal-llega-a-su-boda-con-aznar-junior-en-un-600\/#primaryimage","url":"http:\/\/www.diariodeunanovia.com\/blog\/wp-content\/uploads\/sites\/5\/2011\/12\/novia-en-mini-300x200.jpg","contentUrl":"http:\/\/www.diariodeunanovia.com\/blog\/wp-content\/uploads\/sites\/5\/2011\/12\/novia-en-mini-300x200.jpg"},{"@type":"BreadcrumbList","@id":"http:\/\/noviasespana.com\/noviasbaleares\/monica-abascal-llega-a-su-boda-con-aznar-junior-en-un-600\/#breadcrumb","itemListElement":[{"@type":"ListItem","position":1,"name":"Portada","item":"http:\/\/noviasespana.com\/noviasbaleares\/"},{"@type":"ListItem","position":2,"name":"M\u00f3nica Abascal llega a su boda con Aznar Junior en un 600"}]},{"@type":"WebSite","@id":"http:\/\/noviasespana.com\/noviasbaleares\/#website","url":"http:\/\/noviasespana.com\/noviasbaleares\/","name":"Novias Baleares","description":"Revista de novias","potentialAction":[{"@type":"SearchAction","target":{"@type":"EntryPoint","urlTemplate":"http:\/\/noviasespana.com\/noviasbaleares\/?s={search_term_string}"},"query-input":{"@type":"PropertyValueSpecification","valueRequired":true,"valueName":"search_term_string"}}],"inLanguage":"es"},{"@type":"Person","@id":"http:\/\/noviasespana.com\/noviasbaleares\/#\/schema\/person\/82ff6e303fad28e4da623aa4d27969ed","name":"admin","image":{"@type":"ImageObject","inLanguage":"es","@id":"https:\/\/secure.gravatar.com\/avatar\/0f45231fddfb43fcbd0cdde4582a3580baf474d75fca7d494b42ff86847de871?s=96&d=mm&r=g","url":"https:\/\/secure.gravatar.com\/avatar\/0f45231fddfb43fcbd0cdde4582a3580baf474d75fca7d494b42ff86847de871?s=96&d=mm&r=g","contentUrl":"https:\/\/secure.gravatar.com\/avatar\/0f45231fddfb43fcbd0cdde4582a3580baf474d75fca7d494b42ff86847de871?s=96&d=mm&r=g","caption":"admin"},"url":"http:\/\/noviasespana.com\/noviasbaleares\/author\/admin\/"}]}},"jetpack_featured_media_url":"","jetpack_sharing_enabled":true,"jetpack_shortlink":"https:\/\/wp.me\/p5Hg6P-X6","jetpack_likes_enabled":true,"_links":{"self":[{"href":"http:\/\/noviasespana.com\/noviasbaleares\/wp-json\/wp\/v2\/posts\/3664","targetHints":{"allow":["GET"]}}],"collection":[{"href":"http:\/\/noviasespana.com\/noviasbaleares\/wp-json\/wp\/v2\/posts"}],"about":[{"href":"http:\/\/noviasespana.com\/noviasbaleares\/wp-json\/wp\/v2\/types\/post"}],"author":[{"embeddable":true,"href":"http:\/\/noviasespana.com\/noviasbaleares\/wp-json\/wp\/v2\/users\/2"}],"replies":[{"embeddable":true,"href":"http:\/\/noviasespana.com\/noviasbaleares\/wp-json\/wp\/v2\/comments?post=3664"}],"version-history":[{"count":0,"href":"http:\/\/noviasespana.com\/noviasbaleares\/wp-json\/wp\/v2\/posts\/3664\/revisions"}],"wp:attachment":[{"href":"http:\/\/noviasespana.com\/noviasbaleares\/wp-json\/wp\/v2\/media?parent=3664"}],"wp:term":[{"taxonomy":"category","embeddable":true,"href":"http:\/\/noviasespana.com\/noviasbaleares\/wp-json\/wp\/v2\/categories?post=3664"},{"taxonomy":"post_tag","embeddable":true,"href":"http:\/\/noviasespana.com\/noviasbaleares\/wp-json\/wp\/v2\/tags?post=3664"}],"curies":[{"name":"wp","href":"https:\/\/api.w.org\/{rel}","templated":true}]}}