{"id":3661,"date":"2011-12-19T09:00:24","date_gmt":"2011-12-19T08:00:24","guid":{"rendered":"http:\/\/www.diariodeunanovia.com\/blog\/?p=3661"},"modified":"2011-12-19T09:00:24","modified_gmt":"2011-12-19T08:00:24","slug":"limpiezas-de-cutis-pre-boda-si-o-no","status":"publish","type":"post","link":"http:\/\/noviasespana.com\/noviasbaleares\/limpiezas-de-cutis-pre-boda-si-o-no\/","title":{"rendered":"Limpiezas de cutis pre-boda \u00bfsi \u00f3 no?"},"content":{"rendered":"<p style=\"text-align: center\"><img data-recalc-dims=\"1\" loading=\"lazy\" decoding=\"async\" class=\"size-full wp-image-3662 alignnone\" title=\"cutis-213x300\" src=\"https:\/\/i0.wp.com\/www.diariodeunanovia.com\/blog\/wp-content\/uploads\/sites\/5\/2011\/12\/cutis-213x300.jpg?resize=213%2C300\" alt=\"cutis-213x300\" width=\"213\" height=\"300\" \/><\/p>\n<p>Hoy en Lunes de Belleza, hablamos de un b\u00e1sico: la limpieza facial. Dejar la piel apunto es un detalle que ninguna novia debe dejar para el final. Todas queremos un aspecto de buena cara y una expresi\u00f3n que irradie luz. En pr\u00e1cticamente todos los planes de belleza est\u00e1 la limpieza de cutis; ahora bien, \u00bfcu\u00e1ndo y c\u00f3mo?. Una limpieza de cutir en un momento no adecuado puede ser un gran error. Una limpieza pre-boda no es ninguna tonter\u00eda. Aunque no se puede decir que sea malo lo cierto es que la exfoliaci\u00f3n y extracci\u00f3n de puntos negros puede llegar a ser demasiado agresiva para seg\u00fan algunos tipos de piel, por eso \u00a0no se aconseja hacerla antes de una semana previa a la boda porque la piel puede estar unos cuantos d\u00edas irritada o sufrir un efecto rebote en las gl\u00e1ndulas ceb\u00e1ceas. Especialmente si tienes una piel con acn\u00e9 o muy sensible ten mucho cuidado. Quince d\u00edas podr\u00eda ser un margen adecuado para evitar problemas como irritaciones, granitos o miniheriditas. En todo caso, ten en cuenta que aqu\u00ed las normas las dicta la profesional. Ponte en sus manos con antelaci\u00f3n suficiente y d\u00e9jate aconsejar. Tantos preparativos con tu imagen no pueden verse arruinados por una limpieza a destiempo. De todas formas para dejar tu piel perfecta, pregunta en tu centro de est\u00e9tica y pide un tratamiento adecuado a tus cara y caracter\u00edsticas. Adem\u00e1s de eliminar puntos y el exceso de c\u00e9lulas muertas, tu piel ganar\u00e1 en luminosidad, juventud, suavidad.<\/p>\n<p>Fuente: Telva<\/p>\n","protected":false},"excerpt":{"rendered":"<p>Hoy en Lunes de Belleza, hablamos de un b\u00e1sico: la limpieza facial. Dejar la piel apunto es un detalle que ninguna novia debe dejar para el final. Todas queremos un aspecto de buena cara y una expresi\u00f3n que irradie luz. En pr\u00e1cticamente todos los planes de belleza est\u00e1 la limpieza de cutis; ahora bien, \u00bfcu\u00e1ndo [&hellip;]<\/p>\n","protected":false},"author":2,"featured_media":0,"comment_status":"open","ping_status":"open","sticky":false,"template":"","format":"standard","meta":{"jetpack_post_was_ever_published":false,"_jetpack_newsletter_access":"","_jetpack_dont_email_post_to_subs":false,"_jetpack_newsletter_tier_id":0,"_jetpack_memberships_contains_paywalled_content":false,"_jetpack_memberships_contains_paid_content":false,"footnotes":""},"categories":[1],"tags":[],"class_list":["post-3661","post","type-post","status-publish","format-standard","hentry","category-novias"],"yoast_head":"<!-- This site is optimized with the Yoast SEO plugin v27.5 - https:\/\/yoast.com\/product\/yoast-seo-wordpress\/ -->\n<title>Limpiezas de cutis pre-boda \u00bfsi \u00f3 no? - Novias Baleares<\/title>\n<meta name=\"robots\" content=\"index, follow, max-snippet:-1, max-image-preview:large, max-video-preview:-1\" \/>\n<link rel=\"canonical\" href=\"http:\/\/noviasespana.com\/noviasbaleares\/limpiezas-de-cutis-pre-boda-si-o-no\/\" \/>\n<meta property=\"og:locale\" content=\"es_ES\" \/>\n<meta property=\"og:type\" content=\"article\" \/>\n<meta property=\"og:title\" content=\"Limpiezas de cutis pre-boda \u00bfsi \u00f3 no? - Novias Baleares\" \/>\n<meta property=\"og:description\" content=\"Hoy en Lunes de Belleza, hablamos de un b\u00e1sico: la limpieza facial. Dejar la piel apunto es un detalle que ninguna novia debe dejar para el final. Todas queremos un aspecto de buena cara y una expresi\u00f3n que irradie luz. En pr\u00e1cticamente todos los planes de belleza est\u00e1 la limpieza de cutis; ahora bien, \u00bfcu\u00e1ndo [&hellip;]\" \/>\n<meta property=\"og:url\" content=\"http:\/\/noviasespana.com\/noviasbaleares\/limpiezas-de-cutis-pre-boda-si-o-no\/\" \/>\n<meta property=\"og:site_name\" content=\"Novias Baleares\" \/>\n<meta property=\"article:published_time\" content=\"2011-12-19T08:00:24+00:00\" \/>\n<meta property=\"og:image\" content=\"http:\/\/www.diariodeunanovia.com\/blog\/wp-content\/uploads\/sites\/5\/2011\/12\/cutis-213x300.jpg\" \/>\n<meta name=\"author\" content=\"admin\" \/>\n<meta name=\"twitter:label1\" content=\"Escrito por\" \/>\n\t<meta name=\"twitter:data1\" content=\"admin\" \/>\n\t<meta name=\"twitter:label2\" content=\"Tiempo de lectura\" \/>\n\t<meta name=\"twitter:data2\" content=\"1 minuto\" \/>\n<script type=\"application\/ld+json\" class=\"yoast-schema-graph\">{\"@context\":\"https:\\\/\\\/schema.org\",\"@graph\":[{\"@type\":\"Article\",\"@id\":\"http:\\\/\\\/noviasespana.com\\\/noviasbaleares\\\/limpiezas-de-cutis-pre-boda-si-o-no\\\/#article\",\"isPartOf\":{\"@id\":\"http:\\\/\\\/noviasespana.com\\\/noviasbaleares\\\/limpiezas-de-cutis-pre-boda-si-o-no\\\/\"},\"author\":{\"name\":\"admin\",\"@id\":\"http:\\\/\\\/noviasespana.com\\\/noviasbaleares\\\/#\\\/schema\\\/person\\\/82ff6e303fad28e4da623aa4d27969ed\"},\"headline\":\"Limpiezas de cutis pre-boda \u00bfsi \u00f3 no?\",\"datePublished\":\"2011-12-19T08:00:24+00:00\",\"mainEntityOfPage\":{\"@id\":\"http:\\\/\\\/noviasespana.com\\\/noviasbaleares\\\/limpiezas-de-cutis-pre-boda-si-o-no\\\/\"},\"wordCount\":276,\"commentCount\":0,\"image\":{\"@id\":\"http:\\\/\\\/noviasespana.com\\\/noviasbaleares\\\/limpiezas-de-cutis-pre-boda-si-o-no\\\/#primaryimage\"},\"thumbnailUrl\":\"http:\\\/\\\/www.diariodeunanovia.com\\\/blog\\\/wp-content\\\/uploads\\\/sites\\\/5\\\/2011\\\/12\\\/cutis-213x300.jpg\",\"articleSection\":[\"novias\"],\"inLanguage\":\"es\",\"potentialAction\":[{\"@type\":\"CommentAction\",\"name\":\"Comment\",\"target\":[\"http:\\\/\\\/noviasespana.com\\\/noviasbaleares\\\/limpiezas-de-cutis-pre-boda-si-o-no\\\/#respond\"]}]},{\"@type\":\"WebPage\",\"@id\":\"http:\\\/\\\/noviasespana.com\\\/noviasbaleares\\\/limpiezas-de-cutis-pre-boda-si-o-no\\\/\",\"url\":\"http:\\\/\\\/noviasespana.com\\\/noviasbaleares\\\/limpiezas-de-cutis-pre-boda-si-o-no\\\/\",\"name\":\"Limpiezas de cutis pre-boda \u00bfsi \u00f3 no? - Novias Baleares\",\"isPartOf\":{\"@id\":\"http:\\\/\\\/noviasespana.com\\\/noviasbaleares\\\/#website\"},\"primaryImageOfPage\":{\"@id\":\"http:\\\/\\\/noviasespana.com\\\/noviasbaleares\\\/limpiezas-de-cutis-pre-boda-si-o-no\\\/#primaryimage\"},\"image\":{\"@id\":\"http:\\\/\\\/noviasespana.com\\\/noviasbaleares\\\/limpiezas-de-cutis-pre-boda-si-o-no\\\/#primaryimage\"},\"thumbnailUrl\":\"http:\\\/\\\/www.diariodeunanovia.com\\\/blog\\\/wp-content\\\/uploads\\\/sites\\\/5\\\/2011\\\/12\\\/cutis-213x300.jpg\",\"datePublished\":\"2011-12-19T08:00:24+00:00\",\"author\":{\"@id\":\"http:\\\/\\\/noviasespana.com\\\/noviasbaleares\\\/#\\\/schema\\\/person\\\/82ff6e303fad28e4da623aa4d27969ed\"},\"breadcrumb\":{\"@id\":\"http:\\\/\\\/noviasespana.com\\\/noviasbaleares\\\/limpiezas-de-cutis-pre-boda-si-o-no\\\/#breadcrumb\"},\"inLanguage\":\"es\",\"potentialAction\":[{\"@type\":\"ReadAction\",\"target\":[\"http:\\\/\\\/noviasespana.com\\\/noviasbaleares\\\/limpiezas-de-cutis-pre-boda-si-o-no\\\/\"]}]},{\"@type\":\"ImageObject\",\"inLanguage\":\"es\",\"@id\":\"http:\\\/\\\/noviasespana.com\\\/noviasbaleares\\\/limpiezas-de-cutis-pre-boda-si-o-no\\\/#primaryimage\",\"url\":\"http:\\\/\\\/www.diariodeunanovia.com\\\/blog\\\/wp-content\\\/uploads\\\/sites\\\/5\\\/2011\\\/12\\\/cutis-213x300.jpg\",\"contentUrl\":\"http:\\\/\\\/www.diariodeunanovia.com\\\/blog\\\/wp-content\\\/uploads\\\/sites\\\/5\\\/2011\\\/12\\\/cutis-213x300.jpg\"},{\"@type\":\"BreadcrumbList\",\"@id\":\"http:\\\/\\\/noviasespana.com\\\/noviasbaleares\\\/limpiezas-de-cutis-pre-boda-si-o-no\\\/#breadcrumb\",\"itemListElement\":[{\"@type\":\"ListItem\",\"position\":1,\"name\":\"Portada\",\"item\":\"http:\\\/\\\/noviasespana.com\\\/noviasbaleares\\\/\"},{\"@type\":\"ListItem\",\"position\":2,\"name\":\"Limpiezas de cutis pre-boda \u00bfsi \u00f3 no?\"}]},{\"@type\":\"WebSite\",\"@id\":\"http:\\\/\\\/noviasespana.com\\\/noviasbaleares\\\/#website\",\"url\":\"http:\\\/\\\/noviasespana.com\\\/noviasbaleares\\\/\",\"name\":\"Novias Baleares\",\"description\":\"Revista de novias\",\"potentialAction\":[{\"@type\":\"SearchAction\",\"target\":{\"@type\":\"EntryPoint\",\"urlTemplate\":\"http:\\\/\\\/noviasespana.com\\\/noviasbaleares\\\/?s={search_term_string}\"},\"query-input\":{\"@type\":\"PropertyValueSpecification\",\"valueRequired\":true,\"valueName\":\"search_term_string\"}}],\"inLanguage\":\"es\"},{\"@type\":\"Person\",\"@id\":\"http:\\\/\\\/noviasespana.com\\\/noviasbaleares\\\/#\\\/schema\\\/person\\\/82ff6e303fad28e4da623aa4d27969ed\",\"name\":\"admin\",\"image\":{\"@type\":\"ImageObject\",\"inLanguage\":\"es\",\"@id\":\"https:\\\/\\\/secure.gravatar.com\\\/avatar\\\/0f45231fddfb43fcbd0cdde4582a3580baf474d75fca7d494b42ff86847de871?s=96&d=mm&r=g\",\"url\":\"https:\\\/\\\/secure.gravatar.com\\\/avatar\\\/0f45231fddfb43fcbd0cdde4582a3580baf474d75fca7d494b42ff86847de871?s=96&d=mm&r=g\",\"contentUrl\":\"https:\\\/\\\/secure.gravatar.com\\\/avatar\\\/0f45231fddfb43fcbd0cdde4582a3580baf474d75fca7d494b42ff86847de871?s=96&d=mm&r=g\",\"caption\":\"admin\"},\"url\":\"http:\\\/\\\/noviasespana.com\\\/noviasbaleares\\\/author\\\/admin\\\/\"}]}<\/script>\n<!-- \/ Yoast SEO plugin. -->","yoast_head_json":{"title":"Limpiezas de cutis pre-boda \u00bfsi \u00f3 no? - Novias Baleares","robots":{"index":"index","follow":"follow","max-snippet":"max-snippet:-1","max-image-preview":"max-image-preview:large","max-video-preview":"max-video-preview:-1"},"canonical":"http:\/\/noviasespana.com\/noviasbaleares\/limpiezas-de-cutis-pre-boda-si-o-no\/","og_locale":"es_ES","og_type":"article","og_title":"Limpiezas de cutis pre-boda \u00bfsi \u00f3 no? - Novias Baleares","og_description":"Hoy en Lunes de Belleza, hablamos de un b\u00e1sico: la limpieza facial. Dejar la piel apunto es un detalle que ninguna novia debe dejar para el final. Todas queremos un aspecto de buena cara y una expresi\u00f3n que irradie luz. En pr\u00e1cticamente todos los planes de belleza est\u00e1 la limpieza de cutis; ahora bien, \u00bfcu\u00e1ndo [&hellip;]","og_url":"http:\/\/noviasespana.com\/noviasbaleares\/limpiezas-de-cutis-pre-boda-si-o-no\/","og_site_name":"Novias Baleares","article_published_time":"2011-12-19T08:00:24+00:00","og_image":[{"url":"http:\/\/www.diariodeunanovia.com\/blog\/wp-content\/uploads\/sites\/5\/2011\/12\/cutis-213x300.jpg","type":"","width":"","height":""}],"author":"admin","twitter_misc":{"Escrito por":"admin","Tiempo de lectura":"1 minuto"},"schema":{"@context":"https:\/\/schema.org","@graph":[{"@type":"Article","@id":"http:\/\/noviasespana.com\/noviasbaleares\/limpiezas-de-cutis-pre-boda-si-o-no\/#article","isPartOf":{"@id":"http:\/\/noviasespana.com\/noviasbaleares\/limpiezas-de-cutis-pre-boda-si-o-no\/"},"author":{"name":"admin","@id":"http:\/\/noviasespana.com\/noviasbaleares\/#\/schema\/person\/82ff6e303fad28e4da623aa4d27969ed"},"headline":"Limpiezas de cutis pre-boda \u00bfsi \u00f3 no?","datePublished":"2011-12-19T08:00:24+00:00","mainEntityOfPage":{"@id":"http:\/\/noviasespana.com\/noviasbaleares\/limpiezas-de-cutis-pre-boda-si-o-no\/"},"wordCount":276,"commentCount":0,"image":{"@id":"http:\/\/noviasespana.com\/noviasbaleares\/limpiezas-de-cutis-pre-boda-si-o-no\/#primaryimage"},"thumbnailUrl":"http:\/\/www.diariodeunanovia.com\/blog\/wp-content\/uploads\/sites\/5\/2011\/12\/cutis-213x300.jpg","articleSection":["novias"],"inLanguage":"es","potentialAction":[{"@type":"CommentAction","name":"Comment","target":["http:\/\/noviasespana.com\/noviasbaleares\/limpiezas-de-cutis-pre-boda-si-o-no\/#respond"]}]},{"@type":"WebPage","@id":"http:\/\/noviasespana.com\/noviasbaleares\/limpiezas-de-cutis-pre-boda-si-o-no\/","url":"http:\/\/noviasespana.com\/noviasbaleares\/limpiezas-de-cutis-pre-boda-si-o-no\/","name":"Limpiezas de cutis pre-boda \u00bfsi \u00f3 no? - Novias Baleares","isPartOf":{"@id":"http:\/\/noviasespana.com\/noviasbaleares\/#website"},"primaryImageOfPage":{"@id":"http:\/\/noviasespana.com\/noviasbaleares\/limpiezas-de-cutis-pre-boda-si-o-no\/#primaryimage"},"image":{"@id":"http:\/\/noviasespana.com\/noviasbaleares\/limpiezas-de-cutis-pre-boda-si-o-no\/#primaryimage"},"thumbnailUrl":"http:\/\/www.diariodeunanovia.com\/blog\/wp-content\/uploads\/sites\/5\/2011\/12\/cutis-213x300.jpg","datePublished":"2011-12-19T08:00:24+00:00","author":{"@id":"http:\/\/noviasespana.com\/noviasbaleares\/#\/schema\/person\/82ff6e303fad28e4da623aa4d27969ed"},"breadcrumb":{"@id":"http:\/\/noviasespana.com\/noviasbaleares\/limpiezas-de-cutis-pre-boda-si-o-no\/#breadcrumb"},"inLanguage":"es","potentialAction":[{"@type":"ReadAction","target":["http:\/\/noviasespana.com\/noviasbaleares\/limpiezas-de-cutis-pre-boda-si-o-no\/"]}]},{"@type":"ImageObject","inLanguage":"es","@id":"http:\/\/noviasespana.com\/noviasbaleares\/limpiezas-de-cutis-pre-boda-si-o-no\/#primaryimage","url":"http:\/\/www.diariodeunanovia.com\/blog\/wp-content\/uploads\/sites\/5\/2011\/12\/cutis-213x300.jpg","contentUrl":"http:\/\/www.diariodeunanovia.com\/blog\/wp-content\/uploads\/sites\/5\/2011\/12\/cutis-213x300.jpg"},{"@type":"BreadcrumbList","@id":"http:\/\/noviasespana.com\/noviasbaleares\/limpiezas-de-cutis-pre-boda-si-o-no\/#breadcrumb","itemListElement":[{"@type":"ListItem","position":1,"name":"Portada","item":"http:\/\/noviasespana.com\/noviasbaleares\/"},{"@type":"ListItem","position":2,"name":"Limpiezas de cutis pre-boda \u00bfsi \u00f3 no?"}]},{"@type":"WebSite","@id":"http:\/\/noviasespana.com\/noviasbaleares\/#website","url":"http:\/\/noviasespana.com\/noviasbaleares\/","name":"Novias Baleares","description":"Revista de novias","potentialAction":[{"@type":"SearchAction","target":{"@type":"EntryPoint","urlTemplate":"http:\/\/noviasespana.com\/noviasbaleares\/?s={search_term_string}"},"query-input":{"@type":"PropertyValueSpecification","valueRequired":true,"valueName":"search_term_string"}}],"inLanguage":"es"},{"@type":"Person","@id":"http:\/\/noviasespana.com\/noviasbaleares\/#\/schema\/person\/82ff6e303fad28e4da623aa4d27969ed","name":"admin","image":{"@type":"ImageObject","inLanguage":"es","@id":"https:\/\/secure.gravatar.com\/avatar\/0f45231fddfb43fcbd0cdde4582a3580baf474d75fca7d494b42ff86847de871?s=96&d=mm&r=g","url":"https:\/\/secure.gravatar.com\/avatar\/0f45231fddfb43fcbd0cdde4582a3580baf474d75fca7d494b42ff86847de871?s=96&d=mm&r=g","contentUrl":"https:\/\/secure.gravatar.com\/avatar\/0f45231fddfb43fcbd0cdde4582a3580baf474d75fca7d494b42ff86847de871?s=96&d=mm&r=g","caption":"admin"},"url":"http:\/\/noviasespana.com\/noviasbaleares\/author\/admin\/"}]}},"jetpack_featured_media_url":"","jetpack_sharing_enabled":true,"jetpack_shortlink":"https:\/\/wp.me\/p5Hg6P-X3","jetpack_likes_enabled":true,"_links":{"self":[{"href":"http:\/\/noviasespana.com\/noviasbaleares\/wp-json\/wp\/v2\/posts\/3661","targetHints":{"allow":["GET"]}}],"collection":[{"href":"http:\/\/noviasespana.com\/noviasbaleares\/wp-json\/wp\/v2\/posts"}],"about":[{"href":"http:\/\/noviasespana.com\/noviasbaleares\/wp-json\/wp\/v2\/types\/post"}],"author":[{"embeddable":true,"href":"http:\/\/noviasespana.com\/noviasbaleares\/wp-json\/wp\/v2\/users\/2"}],"replies":[{"embeddable":true,"href":"http:\/\/noviasespana.com\/noviasbaleares\/wp-json\/wp\/v2\/comments?post=3661"}],"version-history":[{"count":0,"href":"http:\/\/noviasespana.com\/noviasbaleares\/wp-json\/wp\/v2\/posts\/3661\/revisions"}],"wp:attachment":[{"href":"http:\/\/noviasespana.com\/noviasbaleares\/wp-json\/wp\/v2\/media?parent=3661"}],"wp:term":[{"taxonomy":"category","embeddable":true,"href":"http:\/\/noviasespana.com\/noviasbaleares\/wp-json\/wp\/v2\/categories?post=3661"},{"taxonomy":"post_tag","embeddable":true,"href":"http:\/\/noviasespana.com\/noviasbaleares\/wp-json\/wp\/v2\/tags?post=3661"}],"curies":[{"name":"wp","href":"https:\/\/api.w.org\/{rel}","templated":true}]}}