{"id":3638,"date":"2011-11-29T09:00:24","date_gmt":"2011-11-29T08:00:24","guid":{"rendered":"http:\/\/www.diariodeunanovia.com\/blog\/?p=3638"},"modified":"2011-11-29T09:00:24","modified_gmt":"2011-11-29T08:00:24","slug":"pronovias-yhola-visten-de-blanco-a-la-aristocracia","status":"publish","type":"post","link":"http:\/\/noviasespana.com\/noviasbaleares\/pronovias-yhola-visten-de-blanco-a-la-aristocracia\/","title":{"rendered":"Pronovias y\u00a1HOLA! visten de blanco a la aristocracia"},"content":{"rendered":"<p><img data-recalc-dims=\"1\" loading=\"lazy\" decoding=\"async\" class=\"size-medium wp-image-3639 alignnone\" title=\"novias-pronovias-01-z\" src=\"https:\/\/i0.wp.com\/www.diariodeunanovia.com\/blog\/wp-content\/uploads\/sites\/5\/2011\/11\/novias-pronovias-01-z-300x228.jpg?resize=300%2C228\" alt=\"novias-pronovias-01-z\" width=\"300\" height=\"228\" \/><\/p>\n<p>Esta semana la\u00a0revista \u00a1HOLA! presenta las tendencias 2012 en vestidos de novia vistiendo de blanco a un selecto grupo de arist\u00f3cratas europeas. No es la primera vez que HOLA hace este tipo de reportajes, pero lo que s\u00ed es cierto es que cada a\u00f1o se supera. Entre las modelos de este a\u00f1o una guap\u00edsima Alejandra Rojas, hija de la Condesa de Montarco, la modelo inglesa\u00a0Florence Brudenell-Bruce, hija del c\u00e9lebre vinatero y la artista francesa Sophie Brudenell-Bruce, y\u00a0Ana Cristina Portillo, hija de Sandra Domecq y Fernando Portillo.\u00a0Junto a ellas la princesa Paola de Orleans, Cara Li, nacida en Hong Kong y cuya familia es fundadora del Bank of East Asia, la princesa Giovanella Moncada Patern\u00f2, y la princesa Caroline Von Thurn und Taxis.\u00a0 Todas ellas lucen la colecci\u00f3n\u00a0Pronovias 2012. El reportaje, firmado por\u00a0el prestigioso fot\u00f3grafo Antoni Bernad,\u00a0se llev\u00f3 a cabo en los impresionantes jardines Joan Maragall del\u00a0Palacete Alb\u00e9niz, residencia oficial de la Familia Real en Barcelona, y que tienen su origen en los parques dise\u00f1ados por Jean Claude Nicolas Forestier alrededor del Pabell\u00f3n Real, que se construy\u00f3 en Montjuic para la Expo de 1929. \u00bfQu\u00e9 os parece? \u00bfQu\u00e9 aristocrata os gusta m\u00e1s?<\/p>\n<p>Fuente: hola.com<\/p>\n","protected":false},"excerpt":{"rendered":"<p>Esta semana la\u00a0revista \u00a1HOLA! presenta las tendencias 2012 en vestidos de novia vistiendo de blanco a un selecto grupo de arist\u00f3cratas europeas. No es la primera vez que HOLA hace este tipo de reportajes, pero lo que s\u00ed es cierto es que cada a\u00f1o se supera. Entre las modelos de este a\u00f1o una guap\u00edsima Alejandra [&hellip;]<\/p>\n","protected":false},"author":2,"featured_media":0,"comment_status":"open","ping_status":"open","sticky":false,"template":"","format":"standard","meta":{"jetpack_post_was_ever_published":false,"_jetpack_newsletter_access":"","_jetpack_dont_email_post_to_subs":false,"_jetpack_newsletter_tier_id":0,"_jetpack_memberships_contains_paywalled_content":false,"_jetpack_memberships_contains_paid_content":false,"footnotes":""},"categories":[1],"tags":[],"class_list":["post-3638","post","type-post","status-publish","format-standard","hentry","category-novias"],"yoast_head":"<!-- This site is optimized with the Yoast SEO plugin v27.5 - https:\/\/yoast.com\/product\/yoast-seo-wordpress\/ -->\n<title>Pronovias y\u00a1HOLA! visten de blanco a la aristocracia - Novias Baleares<\/title>\n<meta name=\"robots\" content=\"index, follow, max-snippet:-1, max-image-preview:large, max-video-preview:-1\" \/>\n<link rel=\"canonical\" href=\"http:\/\/noviasespana.com\/noviasbaleares\/pronovias-yhola-visten-de-blanco-a-la-aristocracia\/\" \/>\n<meta property=\"og:locale\" content=\"es_ES\" \/>\n<meta property=\"og:type\" content=\"article\" \/>\n<meta property=\"og:title\" content=\"Pronovias y\u00a1HOLA! visten de blanco a la aristocracia - Novias Baleares\" \/>\n<meta property=\"og:description\" content=\"Esta semana la\u00a0revista \u00a1HOLA! presenta las tendencias 2012 en vestidos de novia vistiendo de blanco a un selecto grupo de arist\u00f3cratas europeas. No es la primera vez que HOLA hace este tipo de reportajes, pero lo que s\u00ed es cierto es que cada a\u00f1o se supera. Entre las modelos de este a\u00f1o una guap\u00edsima Alejandra [&hellip;]\" \/>\n<meta property=\"og:url\" content=\"http:\/\/noviasespana.com\/noviasbaleares\/pronovias-yhola-visten-de-blanco-a-la-aristocracia\/\" \/>\n<meta property=\"og:site_name\" content=\"Novias Baleares\" \/>\n<meta property=\"article:published_time\" content=\"2011-11-29T08:00:24+00:00\" \/>\n<meta property=\"og:image\" content=\"http:\/\/www.diariodeunanovia.com\/blog\/wp-content\/uploads\/sites\/5\/2011\/11\/novias-pronovias-01-z-300x228.jpg\" \/>\n<meta name=\"author\" content=\"admin\" \/>\n<meta name=\"twitter:label1\" content=\"Escrito por\" \/>\n\t<meta name=\"twitter:data1\" content=\"admin\" \/>\n\t<meta name=\"twitter:label2\" content=\"Tiempo de lectura\" \/>\n\t<meta name=\"twitter:data2\" content=\"1 minuto\" \/>\n<script type=\"application\/ld+json\" class=\"yoast-schema-graph\">{\"@context\":\"https:\\\/\\\/schema.org\",\"@graph\":[{\"@type\":\"Article\",\"@id\":\"http:\\\/\\\/noviasespana.com\\\/noviasbaleares\\\/pronovias-yhola-visten-de-blanco-a-la-aristocracia\\\/#article\",\"isPartOf\":{\"@id\":\"http:\\\/\\\/noviasespana.com\\\/noviasbaleares\\\/pronovias-yhola-visten-de-blanco-a-la-aristocracia\\\/\"},\"author\":{\"name\":\"admin\",\"@id\":\"http:\\\/\\\/noviasespana.com\\\/noviasbaleares\\\/#\\\/schema\\\/person\\\/82ff6e303fad28e4da623aa4d27969ed\"},\"headline\":\"Pronovias y\u00a1HOLA! visten de blanco a la aristocracia\",\"datePublished\":\"2011-11-29T08:00:24+00:00\",\"mainEntityOfPage\":{\"@id\":\"http:\\\/\\\/noviasespana.com\\\/noviasbaleares\\\/pronovias-yhola-visten-de-blanco-a-la-aristocracia\\\/\"},\"wordCount\":219,\"commentCount\":0,\"image\":{\"@id\":\"http:\\\/\\\/noviasespana.com\\\/noviasbaleares\\\/pronovias-yhola-visten-de-blanco-a-la-aristocracia\\\/#primaryimage\"},\"thumbnailUrl\":\"http:\\\/\\\/www.diariodeunanovia.com\\\/blog\\\/wp-content\\\/uploads\\\/sites\\\/5\\\/2011\\\/11\\\/novias-pronovias-01-z-300x228.jpg\",\"articleSection\":[\"novias\"],\"inLanguage\":\"es\",\"potentialAction\":[{\"@type\":\"CommentAction\",\"name\":\"Comment\",\"target\":[\"http:\\\/\\\/noviasespana.com\\\/noviasbaleares\\\/pronovias-yhola-visten-de-blanco-a-la-aristocracia\\\/#respond\"]}]},{\"@type\":\"WebPage\",\"@id\":\"http:\\\/\\\/noviasespana.com\\\/noviasbaleares\\\/pronovias-yhola-visten-de-blanco-a-la-aristocracia\\\/\",\"url\":\"http:\\\/\\\/noviasespana.com\\\/noviasbaleares\\\/pronovias-yhola-visten-de-blanco-a-la-aristocracia\\\/\",\"name\":\"Pronovias y\u00a1HOLA! visten de blanco a la aristocracia - Novias Baleares\",\"isPartOf\":{\"@id\":\"http:\\\/\\\/noviasespana.com\\\/noviasbaleares\\\/#website\"},\"primaryImageOfPage\":{\"@id\":\"http:\\\/\\\/noviasespana.com\\\/noviasbaleares\\\/pronovias-yhola-visten-de-blanco-a-la-aristocracia\\\/#primaryimage\"},\"image\":{\"@id\":\"http:\\\/\\\/noviasespana.com\\\/noviasbaleares\\\/pronovias-yhola-visten-de-blanco-a-la-aristocracia\\\/#primaryimage\"},\"thumbnailUrl\":\"http:\\\/\\\/www.diariodeunanovia.com\\\/blog\\\/wp-content\\\/uploads\\\/sites\\\/5\\\/2011\\\/11\\\/novias-pronovias-01-z-300x228.jpg\",\"datePublished\":\"2011-11-29T08:00:24+00:00\",\"author\":{\"@id\":\"http:\\\/\\\/noviasespana.com\\\/noviasbaleares\\\/#\\\/schema\\\/person\\\/82ff6e303fad28e4da623aa4d27969ed\"},\"breadcrumb\":{\"@id\":\"http:\\\/\\\/noviasespana.com\\\/noviasbaleares\\\/pronovias-yhola-visten-de-blanco-a-la-aristocracia\\\/#breadcrumb\"},\"inLanguage\":\"es\",\"potentialAction\":[{\"@type\":\"ReadAction\",\"target\":[\"http:\\\/\\\/noviasespana.com\\\/noviasbaleares\\\/pronovias-yhola-visten-de-blanco-a-la-aristocracia\\\/\"]}]},{\"@type\":\"ImageObject\",\"inLanguage\":\"es\",\"@id\":\"http:\\\/\\\/noviasespana.com\\\/noviasbaleares\\\/pronovias-yhola-visten-de-blanco-a-la-aristocracia\\\/#primaryimage\",\"url\":\"http:\\\/\\\/www.diariodeunanovia.com\\\/blog\\\/wp-content\\\/uploads\\\/sites\\\/5\\\/2011\\\/11\\\/novias-pronovias-01-z-300x228.jpg\",\"contentUrl\":\"http:\\\/\\\/www.diariodeunanovia.com\\\/blog\\\/wp-content\\\/uploads\\\/sites\\\/5\\\/2011\\\/11\\\/novias-pronovias-01-z-300x228.jpg\"},{\"@type\":\"BreadcrumbList\",\"@id\":\"http:\\\/\\\/noviasespana.com\\\/noviasbaleares\\\/pronovias-yhola-visten-de-blanco-a-la-aristocracia\\\/#breadcrumb\",\"itemListElement\":[{\"@type\":\"ListItem\",\"position\":1,\"name\":\"Portada\",\"item\":\"http:\\\/\\\/noviasespana.com\\\/noviasbaleares\\\/\"},{\"@type\":\"ListItem\",\"position\":2,\"name\":\"Pronovias y\u00a1HOLA! visten de blanco a la aristocracia\"}]},{\"@type\":\"WebSite\",\"@id\":\"http:\\\/\\\/noviasespana.com\\\/noviasbaleares\\\/#website\",\"url\":\"http:\\\/\\\/noviasespana.com\\\/noviasbaleares\\\/\",\"name\":\"Novias Baleares\",\"description\":\"Revista de novias\",\"potentialAction\":[{\"@type\":\"SearchAction\",\"target\":{\"@type\":\"EntryPoint\",\"urlTemplate\":\"http:\\\/\\\/noviasespana.com\\\/noviasbaleares\\\/?s={search_term_string}\"},\"query-input\":{\"@type\":\"PropertyValueSpecification\",\"valueRequired\":true,\"valueName\":\"search_term_string\"}}],\"inLanguage\":\"es\"},{\"@type\":\"Person\",\"@id\":\"http:\\\/\\\/noviasespana.com\\\/noviasbaleares\\\/#\\\/schema\\\/person\\\/82ff6e303fad28e4da623aa4d27969ed\",\"name\":\"admin\",\"image\":{\"@type\":\"ImageObject\",\"inLanguage\":\"es\",\"@id\":\"https:\\\/\\\/secure.gravatar.com\\\/avatar\\\/0f45231fddfb43fcbd0cdde4582a3580baf474d75fca7d494b42ff86847de871?s=96&d=mm&r=g\",\"url\":\"https:\\\/\\\/secure.gravatar.com\\\/avatar\\\/0f45231fddfb43fcbd0cdde4582a3580baf474d75fca7d494b42ff86847de871?s=96&d=mm&r=g\",\"contentUrl\":\"https:\\\/\\\/secure.gravatar.com\\\/avatar\\\/0f45231fddfb43fcbd0cdde4582a3580baf474d75fca7d494b42ff86847de871?s=96&d=mm&r=g\",\"caption\":\"admin\"},\"url\":\"http:\\\/\\\/noviasespana.com\\\/noviasbaleares\\\/author\\\/admin\\\/\"}]}<\/script>\n<!-- \/ Yoast SEO plugin. -->","yoast_head_json":{"title":"Pronovias y\u00a1HOLA! visten de blanco a la aristocracia - Novias Baleares","robots":{"index":"index","follow":"follow","max-snippet":"max-snippet:-1","max-image-preview":"max-image-preview:large","max-video-preview":"max-video-preview:-1"},"canonical":"http:\/\/noviasespana.com\/noviasbaleares\/pronovias-yhola-visten-de-blanco-a-la-aristocracia\/","og_locale":"es_ES","og_type":"article","og_title":"Pronovias y\u00a1HOLA! visten de blanco a la aristocracia - Novias Baleares","og_description":"Esta semana la\u00a0revista \u00a1HOLA! presenta las tendencias 2012 en vestidos de novia vistiendo de blanco a un selecto grupo de arist\u00f3cratas europeas. No es la primera vez que HOLA hace este tipo de reportajes, pero lo que s\u00ed es cierto es que cada a\u00f1o se supera. Entre las modelos de este a\u00f1o una guap\u00edsima Alejandra [&hellip;]","og_url":"http:\/\/noviasespana.com\/noviasbaleares\/pronovias-yhola-visten-de-blanco-a-la-aristocracia\/","og_site_name":"Novias Baleares","article_published_time":"2011-11-29T08:00:24+00:00","og_image":[{"url":"http:\/\/www.diariodeunanovia.com\/blog\/wp-content\/uploads\/sites\/5\/2011\/11\/novias-pronovias-01-z-300x228.jpg","type":"","width":"","height":""}],"author":"admin","twitter_misc":{"Escrito por":"admin","Tiempo de lectura":"1 minuto"},"schema":{"@context":"https:\/\/schema.org","@graph":[{"@type":"Article","@id":"http:\/\/noviasespana.com\/noviasbaleares\/pronovias-yhola-visten-de-blanco-a-la-aristocracia\/#article","isPartOf":{"@id":"http:\/\/noviasespana.com\/noviasbaleares\/pronovias-yhola-visten-de-blanco-a-la-aristocracia\/"},"author":{"name":"admin","@id":"http:\/\/noviasespana.com\/noviasbaleares\/#\/schema\/person\/82ff6e303fad28e4da623aa4d27969ed"},"headline":"Pronovias y\u00a1HOLA! visten de blanco a la aristocracia","datePublished":"2011-11-29T08:00:24+00:00","mainEntityOfPage":{"@id":"http:\/\/noviasespana.com\/noviasbaleares\/pronovias-yhola-visten-de-blanco-a-la-aristocracia\/"},"wordCount":219,"commentCount":0,"image":{"@id":"http:\/\/noviasespana.com\/noviasbaleares\/pronovias-yhola-visten-de-blanco-a-la-aristocracia\/#primaryimage"},"thumbnailUrl":"http:\/\/www.diariodeunanovia.com\/blog\/wp-content\/uploads\/sites\/5\/2011\/11\/novias-pronovias-01-z-300x228.jpg","articleSection":["novias"],"inLanguage":"es","potentialAction":[{"@type":"CommentAction","name":"Comment","target":["http:\/\/noviasespana.com\/noviasbaleares\/pronovias-yhola-visten-de-blanco-a-la-aristocracia\/#respond"]}]},{"@type":"WebPage","@id":"http:\/\/noviasespana.com\/noviasbaleares\/pronovias-yhola-visten-de-blanco-a-la-aristocracia\/","url":"http:\/\/noviasespana.com\/noviasbaleares\/pronovias-yhola-visten-de-blanco-a-la-aristocracia\/","name":"Pronovias y\u00a1HOLA! visten de blanco a la aristocracia - Novias Baleares","isPartOf":{"@id":"http:\/\/noviasespana.com\/noviasbaleares\/#website"},"primaryImageOfPage":{"@id":"http:\/\/noviasespana.com\/noviasbaleares\/pronovias-yhola-visten-de-blanco-a-la-aristocracia\/#primaryimage"},"image":{"@id":"http:\/\/noviasespana.com\/noviasbaleares\/pronovias-yhola-visten-de-blanco-a-la-aristocracia\/#primaryimage"},"thumbnailUrl":"http:\/\/www.diariodeunanovia.com\/blog\/wp-content\/uploads\/sites\/5\/2011\/11\/novias-pronovias-01-z-300x228.jpg","datePublished":"2011-11-29T08:00:24+00:00","author":{"@id":"http:\/\/noviasespana.com\/noviasbaleares\/#\/schema\/person\/82ff6e303fad28e4da623aa4d27969ed"},"breadcrumb":{"@id":"http:\/\/noviasespana.com\/noviasbaleares\/pronovias-yhola-visten-de-blanco-a-la-aristocracia\/#breadcrumb"},"inLanguage":"es","potentialAction":[{"@type":"ReadAction","target":["http:\/\/noviasespana.com\/noviasbaleares\/pronovias-yhola-visten-de-blanco-a-la-aristocracia\/"]}]},{"@type":"ImageObject","inLanguage":"es","@id":"http:\/\/noviasespana.com\/noviasbaleares\/pronovias-yhola-visten-de-blanco-a-la-aristocracia\/#primaryimage","url":"http:\/\/www.diariodeunanovia.com\/blog\/wp-content\/uploads\/sites\/5\/2011\/11\/novias-pronovias-01-z-300x228.jpg","contentUrl":"http:\/\/www.diariodeunanovia.com\/blog\/wp-content\/uploads\/sites\/5\/2011\/11\/novias-pronovias-01-z-300x228.jpg"},{"@type":"BreadcrumbList","@id":"http:\/\/noviasespana.com\/noviasbaleares\/pronovias-yhola-visten-de-blanco-a-la-aristocracia\/#breadcrumb","itemListElement":[{"@type":"ListItem","position":1,"name":"Portada","item":"http:\/\/noviasespana.com\/noviasbaleares\/"},{"@type":"ListItem","position":2,"name":"Pronovias y\u00a1HOLA! visten de blanco a la aristocracia"}]},{"@type":"WebSite","@id":"http:\/\/noviasespana.com\/noviasbaleares\/#website","url":"http:\/\/noviasespana.com\/noviasbaleares\/","name":"Novias Baleares","description":"Revista de novias","potentialAction":[{"@type":"SearchAction","target":{"@type":"EntryPoint","urlTemplate":"http:\/\/noviasespana.com\/noviasbaleares\/?s={search_term_string}"},"query-input":{"@type":"PropertyValueSpecification","valueRequired":true,"valueName":"search_term_string"}}],"inLanguage":"es"},{"@type":"Person","@id":"http:\/\/noviasespana.com\/noviasbaleares\/#\/schema\/person\/82ff6e303fad28e4da623aa4d27969ed","name":"admin","image":{"@type":"ImageObject","inLanguage":"es","@id":"https:\/\/secure.gravatar.com\/avatar\/0f45231fddfb43fcbd0cdde4582a3580baf474d75fca7d494b42ff86847de871?s=96&d=mm&r=g","url":"https:\/\/secure.gravatar.com\/avatar\/0f45231fddfb43fcbd0cdde4582a3580baf474d75fca7d494b42ff86847de871?s=96&d=mm&r=g","contentUrl":"https:\/\/secure.gravatar.com\/avatar\/0f45231fddfb43fcbd0cdde4582a3580baf474d75fca7d494b42ff86847de871?s=96&d=mm&r=g","caption":"admin"},"url":"http:\/\/noviasespana.com\/noviasbaleares\/author\/admin\/"}]}},"jetpack_featured_media_url":"","jetpack_sharing_enabled":true,"jetpack_shortlink":"https:\/\/wp.me\/p5Hg6P-WG","jetpack_likes_enabled":true,"_links":{"self":[{"href":"http:\/\/noviasespana.com\/noviasbaleares\/wp-json\/wp\/v2\/posts\/3638","targetHints":{"allow":["GET"]}}],"collection":[{"href":"http:\/\/noviasespana.com\/noviasbaleares\/wp-json\/wp\/v2\/posts"}],"about":[{"href":"http:\/\/noviasespana.com\/noviasbaleares\/wp-json\/wp\/v2\/types\/post"}],"author":[{"embeddable":true,"href":"http:\/\/noviasespana.com\/noviasbaleares\/wp-json\/wp\/v2\/users\/2"}],"replies":[{"embeddable":true,"href":"http:\/\/noviasespana.com\/noviasbaleares\/wp-json\/wp\/v2\/comments?post=3638"}],"version-history":[{"count":0,"href":"http:\/\/noviasespana.com\/noviasbaleares\/wp-json\/wp\/v2\/posts\/3638\/revisions"}],"wp:attachment":[{"href":"http:\/\/noviasespana.com\/noviasbaleares\/wp-json\/wp\/v2\/media?parent=3638"}],"wp:term":[{"taxonomy":"category","embeddable":true,"href":"http:\/\/noviasespana.com\/noviasbaleares\/wp-json\/wp\/v2\/categories?post=3638"},{"taxonomy":"post_tag","embeddable":true,"href":"http:\/\/noviasespana.com\/noviasbaleares\/wp-json\/wp\/v2\/tags?post=3638"}],"curies":[{"name":"wp","href":"https:\/\/api.w.org\/{rel}","templated":true}]}}