{"id":3620,"date":"2011-11-24T09:00:15","date_gmt":"2011-11-24T08:00:15","guid":{"rendered":"http:\/\/www.diariodeunanovia.com\/blog\/?p=3620"},"modified":"2011-11-24T09:00:15","modified_gmt":"2011-11-24T08:00:15","slug":"el-vestido-de-novia-de-bella-ya-a-la-venta","status":"publish","type":"post","link":"http:\/\/noviasespana.com\/noviasbaleares\/el-vestido-de-novia-de-bella-ya-a-la-venta\/","title":{"rendered":"El vestido de novia de Bella ya a la venta"},"content":{"rendered":"<p>Ya te puedes casar con los vestidos de Bella Swan de \u2018Crep\u00fasculo\u2019 o con el de la \u201cherman\u00edsima\u201d Pippa Middleton. El de Bella es de Carolina Herrera; el de Pippa, de Alexander McQueen, pero ambos son dos iconos de nuestra \u00e9poca, y como no pod\u00eda ser menos sus vestidos m\u00e1s famosos, bueno mejor dicho, las replicas, se ponen a la venta para el gran p\u00fablico la semana que viene. La boda de Bella y Edward es uno de los momentos cumbre de \u201cAmanecer\u201d, pel\u00edcula que fue r\u00e9cord de taquilla el pasado fin de semana en Espa\u00f1a y Estados Unidos. Y para la ocasi\u00f3n Carolina Herrera propone un delicado vestido con 100 botones en la espalda. La replica de este vestido se puede encontrar en las tiendas de la cadena estadounidense Alfred Angelo con un precio que dicen ser\u00e1 de unos 600 euros pero este dato esta sin confirmar. Lo \u00fanico seguro es que seg\u00fan Carolina Herrer, este vestido est\u00e1 inspirado en la inocencia del primer amor. Lo del vestido de Pippa se ve\u00eda venir, ya que su vestido de dama de honor fue casi m\u00e1s comentado que el de su hermana. Pippa es desde entonces\u00a0icono de moda en\u00a0Inglaterra, y la empresa online Net-a-Porter\u00a0ha dado una vuelta de tuerca al evento del a\u00f1o en Gran Breta\u00f1a y ha sacado varias copias exactas del vestido de seda de color marfil que Sarah Burton dise\u00f1\u00f3 para la firma Alexander McQueen. Lo \u00fanico que cambiar\u00e1n ser\u00e1 justo los botones de la parte trasera, que ser\u00e1n relevados por una cremallera. Costar\u00e1 unas 2.000 libras, es decir, unos 2.300 euros. Un cero m\u00e1s alejado de la versi\u00f3n \u2018choni\u2019 de la prenda, firmada por los almacenes brit\u00e1nicos Debenhams, que vieron como su vestido-r\u00e9plica de 170 libras (unos 200 euros) se agotaba a los pocos d\u00edas. \u00bfQu\u00e9 os parece? \u00bfOs gustan estos vestidos iconos de nuestra \u00e9poca?<\/p>\n<p>fuente: divinity.es<\/p>\n","protected":false},"excerpt":{"rendered":"<p>Ya te puedes casar con los vestidos de Bella Swan de \u2018Crep\u00fasculo\u2019 o con el de la \u201cherman\u00edsima\u201d Pippa Middleton. El de Bella es de Carolina Herrera; el de Pippa, de Alexander McQueen, pero ambos son dos iconos de nuestra \u00e9poca, y como no pod\u00eda ser menos sus vestidos m\u00e1s famosos, bueno mejor dicho, las [&hellip;]<\/p>\n","protected":false},"author":2,"featured_media":0,"comment_status":"open","ping_status":"open","sticky":false,"template":"","format":"standard","meta":{"jetpack_post_was_ever_published":false,"_jetpack_newsletter_access":"","_jetpack_dont_email_post_to_subs":false,"_jetpack_newsletter_tier_id":0,"_jetpack_memberships_contains_paywalled_content":false,"_jetpack_memberships_contains_paid_content":false,"footnotes":""},"categories":[1],"tags":[],"class_list":["post-3620","post","type-post","status-publish","format-standard","hentry","category-novias"],"yoast_head":"<!-- This site is optimized with the Yoast SEO plugin v27.5 - https:\/\/yoast.com\/product\/yoast-seo-wordpress\/ -->\n<title>El vestido de novia de Bella ya a la venta - Novias Baleares<\/title>\n<meta name=\"robots\" content=\"index, follow, max-snippet:-1, max-image-preview:large, max-video-preview:-1\" \/>\n<link rel=\"canonical\" href=\"http:\/\/noviasespana.com\/noviasbaleares\/el-vestido-de-novia-de-bella-ya-a-la-venta\/\" \/>\n<meta property=\"og:locale\" content=\"es_ES\" \/>\n<meta property=\"og:type\" content=\"article\" \/>\n<meta property=\"og:title\" content=\"El vestido de novia de Bella ya a la venta - Novias Baleares\" \/>\n<meta property=\"og:description\" content=\"Ya te puedes casar con los vestidos de Bella Swan de \u2018Crep\u00fasculo\u2019 o con el de la \u201cherman\u00edsima\u201d Pippa Middleton. El de Bella es de Carolina Herrera; el de Pippa, de Alexander McQueen, pero ambos son dos iconos de nuestra \u00e9poca, y como no pod\u00eda ser menos sus vestidos m\u00e1s famosos, bueno mejor dicho, las [&hellip;]\" \/>\n<meta property=\"og:url\" content=\"http:\/\/noviasespana.com\/noviasbaleares\/el-vestido-de-novia-de-bella-ya-a-la-venta\/\" \/>\n<meta property=\"og:site_name\" content=\"Novias Baleares\" \/>\n<meta property=\"article:published_time\" content=\"2011-11-24T08:00:15+00:00\" \/>\n<meta name=\"author\" content=\"admin\" \/>\n<meta name=\"twitter:label1\" content=\"Escrito por\" \/>\n\t<meta name=\"twitter:data1\" content=\"admin\" \/>\n\t<meta name=\"twitter:label2\" content=\"Tiempo de lectura\" \/>\n\t<meta name=\"twitter:data2\" content=\"2 minutos\" \/>\n<script type=\"application\/ld+json\" class=\"yoast-schema-graph\">{\"@context\":\"https:\\\/\\\/schema.org\",\"@graph\":[{\"@type\":\"Article\",\"@id\":\"http:\\\/\\\/noviasespana.com\\\/noviasbaleares\\\/el-vestido-de-novia-de-bella-ya-a-la-venta\\\/#article\",\"isPartOf\":{\"@id\":\"http:\\\/\\\/noviasespana.com\\\/noviasbaleares\\\/el-vestido-de-novia-de-bella-ya-a-la-venta\\\/\"},\"author\":{\"name\":\"admin\",\"@id\":\"http:\\\/\\\/noviasespana.com\\\/noviasbaleares\\\/#\\\/schema\\\/person\\\/82ff6e303fad28e4da623aa4d27969ed\"},\"headline\":\"El vestido de novia de Bella ya a la venta\",\"datePublished\":\"2011-11-24T08:00:15+00:00\",\"mainEntityOfPage\":{\"@id\":\"http:\\\/\\\/noviasespana.com\\\/noviasbaleares\\\/el-vestido-de-novia-de-bella-ya-a-la-venta\\\/\"},\"wordCount\":340,\"commentCount\":0,\"articleSection\":[\"novias\"],\"inLanguage\":\"es\",\"potentialAction\":[{\"@type\":\"CommentAction\",\"name\":\"Comment\",\"target\":[\"http:\\\/\\\/noviasespana.com\\\/noviasbaleares\\\/el-vestido-de-novia-de-bella-ya-a-la-venta\\\/#respond\"]}]},{\"@type\":\"WebPage\",\"@id\":\"http:\\\/\\\/noviasespana.com\\\/noviasbaleares\\\/el-vestido-de-novia-de-bella-ya-a-la-venta\\\/\",\"url\":\"http:\\\/\\\/noviasespana.com\\\/noviasbaleares\\\/el-vestido-de-novia-de-bella-ya-a-la-venta\\\/\",\"name\":\"El vestido de novia de Bella ya a la venta - Novias Baleares\",\"isPartOf\":{\"@id\":\"http:\\\/\\\/noviasespana.com\\\/noviasbaleares\\\/#website\"},\"datePublished\":\"2011-11-24T08:00:15+00:00\",\"author\":{\"@id\":\"http:\\\/\\\/noviasespana.com\\\/noviasbaleares\\\/#\\\/schema\\\/person\\\/82ff6e303fad28e4da623aa4d27969ed\"},\"breadcrumb\":{\"@id\":\"http:\\\/\\\/noviasespana.com\\\/noviasbaleares\\\/el-vestido-de-novia-de-bella-ya-a-la-venta\\\/#breadcrumb\"},\"inLanguage\":\"es\",\"potentialAction\":[{\"@type\":\"ReadAction\",\"target\":[\"http:\\\/\\\/noviasespana.com\\\/noviasbaleares\\\/el-vestido-de-novia-de-bella-ya-a-la-venta\\\/\"]}]},{\"@type\":\"BreadcrumbList\",\"@id\":\"http:\\\/\\\/noviasespana.com\\\/noviasbaleares\\\/el-vestido-de-novia-de-bella-ya-a-la-venta\\\/#breadcrumb\",\"itemListElement\":[{\"@type\":\"ListItem\",\"position\":1,\"name\":\"Portada\",\"item\":\"http:\\\/\\\/noviasespana.com\\\/noviasbaleares\\\/\"},{\"@type\":\"ListItem\",\"position\":2,\"name\":\"El vestido de novia de Bella ya a la venta\"}]},{\"@type\":\"WebSite\",\"@id\":\"http:\\\/\\\/noviasespana.com\\\/noviasbaleares\\\/#website\",\"url\":\"http:\\\/\\\/noviasespana.com\\\/noviasbaleares\\\/\",\"name\":\"Novias Baleares\",\"description\":\"Revista de novias\",\"potentialAction\":[{\"@type\":\"SearchAction\",\"target\":{\"@type\":\"EntryPoint\",\"urlTemplate\":\"http:\\\/\\\/noviasespana.com\\\/noviasbaleares\\\/?s={search_term_string}\"},\"query-input\":{\"@type\":\"PropertyValueSpecification\",\"valueRequired\":true,\"valueName\":\"search_term_string\"}}],\"inLanguage\":\"es\"},{\"@type\":\"Person\",\"@id\":\"http:\\\/\\\/noviasespana.com\\\/noviasbaleares\\\/#\\\/schema\\\/person\\\/82ff6e303fad28e4da623aa4d27969ed\",\"name\":\"admin\",\"image\":{\"@type\":\"ImageObject\",\"inLanguage\":\"es\",\"@id\":\"https:\\\/\\\/secure.gravatar.com\\\/avatar\\\/0f45231fddfb43fcbd0cdde4582a3580baf474d75fca7d494b42ff86847de871?s=96&d=mm&r=g\",\"url\":\"https:\\\/\\\/secure.gravatar.com\\\/avatar\\\/0f45231fddfb43fcbd0cdde4582a3580baf474d75fca7d494b42ff86847de871?s=96&d=mm&r=g\",\"contentUrl\":\"https:\\\/\\\/secure.gravatar.com\\\/avatar\\\/0f45231fddfb43fcbd0cdde4582a3580baf474d75fca7d494b42ff86847de871?s=96&d=mm&r=g\",\"caption\":\"admin\"},\"url\":\"http:\\\/\\\/noviasespana.com\\\/noviasbaleares\\\/author\\\/admin\\\/\"}]}<\/script>\n<!-- \/ Yoast SEO plugin. -->","yoast_head_json":{"title":"El vestido de novia de Bella ya a la venta - Novias Baleares","robots":{"index":"index","follow":"follow","max-snippet":"max-snippet:-1","max-image-preview":"max-image-preview:large","max-video-preview":"max-video-preview:-1"},"canonical":"http:\/\/noviasespana.com\/noviasbaleares\/el-vestido-de-novia-de-bella-ya-a-la-venta\/","og_locale":"es_ES","og_type":"article","og_title":"El vestido de novia de Bella ya a la venta - Novias Baleares","og_description":"Ya te puedes casar con los vestidos de Bella Swan de \u2018Crep\u00fasculo\u2019 o con el de la \u201cherman\u00edsima\u201d Pippa Middleton. El de Bella es de Carolina Herrera; el de Pippa, de Alexander McQueen, pero ambos son dos iconos de nuestra \u00e9poca, y como no pod\u00eda ser menos sus vestidos m\u00e1s famosos, bueno mejor dicho, las [&hellip;]","og_url":"http:\/\/noviasespana.com\/noviasbaleares\/el-vestido-de-novia-de-bella-ya-a-la-venta\/","og_site_name":"Novias Baleares","article_published_time":"2011-11-24T08:00:15+00:00","author":"admin","twitter_misc":{"Escrito por":"admin","Tiempo de lectura":"2 minutos"},"schema":{"@context":"https:\/\/schema.org","@graph":[{"@type":"Article","@id":"http:\/\/noviasespana.com\/noviasbaleares\/el-vestido-de-novia-de-bella-ya-a-la-venta\/#article","isPartOf":{"@id":"http:\/\/noviasespana.com\/noviasbaleares\/el-vestido-de-novia-de-bella-ya-a-la-venta\/"},"author":{"name":"admin","@id":"http:\/\/noviasespana.com\/noviasbaleares\/#\/schema\/person\/82ff6e303fad28e4da623aa4d27969ed"},"headline":"El vestido de novia de Bella ya a la venta","datePublished":"2011-11-24T08:00:15+00:00","mainEntityOfPage":{"@id":"http:\/\/noviasespana.com\/noviasbaleares\/el-vestido-de-novia-de-bella-ya-a-la-venta\/"},"wordCount":340,"commentCount":0,"articleSection":["novias"],"inLanguage":"es","potentialAction":[{"@type":"CommentAction","name":"Comment","target":["http:\/\/noviasespana.com\/noviasbaleares\/el-vestido-de-novia-de-bella-ya-a-la-venta\/#respond"]}]},{"@type":"WebPage","@id":"http:\/\/noviasespana.com\/noviasbaleares\/el-vestido-de-novia-de-bella-ya-a-la-venta\/","url":"http:\/\/noviasespana.com\/noviasbaleares\/el-vestido-de-novia-de-bella-ya-a-la-venta\/","name":"El vestido de novia de Bella ya a la venta - Novias Baleares","isPartOf":{"@id":"http:\/\/noviasespana.com\/noviasbaleares\/#website"},"datePublished":"2011-11-24T08:00:15+00:00","author":{"@id":"http:\/\/noviasespana.com\/noviasbaleares\/#\/schema\/person\/82ff6e303fad28e4da623aa4d27969ed"},"breadcrumb":{"@id":"http:\/\/noviasespana.com\/noviasbaleares\/el-vestido-de-novia-de-bella-ya-a-la-venta\/#breadcrumb"},"inLanguage":"es","potentialAction":[{"@type":"ReadAction","target":["http:\/\/noviasespana.com\/noviasbaleares\/el-vestido-de-novia-de-bella-ya-a-la-venta\/"]}]},{"@type":"BreadcrumbList","@id":"http:\/\/noviasespana.com\/noviasbaleares\/el-vestido-de-novia-de-bella-ya-a-la-venta\/#breadcrumb","itemListElement":[{"@type":"ListItem","position":1,"name":"Portada","item":"http:\/\/noviasespana.com\/noviasbaleares\/"},{"@type":"ListItem","position":2,"name":"El vestido de novia de Bella ya a la venta"}]},{"@type":"WebSite","@id":"http:\/\/noviasespana.com\/noviasbaleares\/#website","url":"http:\/\/noviasespana.com\/noviasbaleares\/","name":"Novias Baleares","description":"Revista de novias","potentialAction":[{"@type":"SearchAction","target":{"@type":"EntryPoint","urlTemplate":"http:\/\/noviasespana.com\/noviasbaleares\/?s={search_term_string}"},"query-input":{"@type":"PropertyValueSpecification","valueRequired":true,"valueName":"search_term_string"}}],"inLanguage":"es"},{"@type":"Person","@id":"http:\/\/noviasespana.com\/noviasbaleares\/#\/schema\/person\/82ff6e303fad28e4da623aa4d27969ed","name":"admin","image":{"@type":"ImageObject","inLanguage":"es","@id":"https:\/\/secure.gravatar.com\/avatar\/0f45231fddfb43fcbd0cdde4582a3580baf474d75fca7d494b42ff86847de871?s=96&d=mm&r=g","url":"https:\/\/secure.gravatar.com\/avatar\/0f45231fddfb43fcbd0cdde4582a3580baf474d75fca7d494b42ff86847de871?s=96&d=mm&r=g","contentUrl":"https:\/\/secure.gravatar.com\/avatar\/0f45231fddfb43fcbd0cdde4582a3580baf474d75fca7d494b42ff86847de871?s=96&d=mm&r=g","caption":"admin"},"url":"http:\/\/noviasespana.com\/noviasbaleares\/author\/admin\/"}]}},"jetpack_featured_media_url":"","jetpack_sharing_enabled":true,"jetpack_shortlink":"https:\/\/wp.me\/p5Hg6P-Wo","jetpack_likes_enabled":true,"_links":{"self":[{"href":"http:\/\/noviasespana.com\/noviasbaleares\/wp-json\/wp\/v2\/posts\/3620","targetHints":{"allow":["GET"]}}],"collection":[{"href":"http:\/\/noviasespana.com\/noviasbaleares\/wp-json\/wp\/v2\/posts"}],"about":[{"href":"http:\/\/noviasespana.com\/noviasbaleares\/wp-json\/wp\/v2\/types\/post"}],"author":[{"embeddable":true,"href":"http:\/\/noviasespana.com\/noviasbaleares\/wp-json\/wp\/v2\/users\/2"}],"replies":[{"embeddable":true,"href":"http:\/\/noviasespana.com\/noviasbaleares\/wp-json\/wp\/v2\/comments?post=3620"}],"version-history":[{"count":0,"href":"http:\/\/noviasespana.com\/noviasbaleares\/wp-json\/wp\/v2\/posts\/3620\/revisions"}],"wp:attachment":[{"href":"http:\/\/noviasespana.com\/noviasbaleares\/wp-json\/wp\/v2\/media?parent=3620"}],"wp:term":[{"taxonomy":"category","embeddable":true,"href":"http:\/\/noviasespana.com\/noviasbaleares\/wp-json\/wp\/v2\/categories?post=3620"},{"taxonomy":"post_tag","embeddable":true,"href":"http:\/\/noviasespana.com\/noviasbaleares\/wp-json\/wp\/v2\/tags?post=3620"}],"curies":[{"name":"wp","href":"https:\/\/api.w.org\/{rel}","templated":true}]}}