{"id":3595,"date":"2011-11-15T09:00:36","date_gmt":"2011-11-15T08:00:36","guid":{"rendered":"http:\/\/www.diariodeunanovia.com\/blog\/?p=3595"},"modified":"2011-11-15T09:00:36","modified_gmt":"2011-11-15T08:00:36","slug":"china-se-viste-de-novia-en-su-particular-fashion-week","status":"publish","type":"post","link":"http:\/\/noviasespana.com\/noviasbaleares\/china-se-viste-de-novia-en-su-particular-fashion-week\/","title":{"rendered":"China se viste de novia en su particular Fashion Week"},"content":{"rendered":"<p style=\"text-align: center\"><strong><img data-recalc-dims=\"1\" loading=\"lazy\" decoding=\"async\" class=\"size-medium wp-image-3596  aligncenter\" title=\"novias-china-01-z\" src=\"https:\/\/i0.wp.com\/www.diariodeunanovia.com\/blog\/wp-content\/uploads\/sites\/5\/2011\/11\/novias-china-01-z-232x300.jpg?resize=232%2C300\" alt=\"novias-china-01-z\" width=\"232\" height=\"300\" \/><\/strong><\/p>\n<p><strong>Llamativos y espectaculares vestidos nupciales en blanco, rojo y oro fueron los protagonistas de la semana de la moda China<\/strong>. Y es que el gigante asi\u00e1tico tambi\u00e9n se apunta a crear tendencia. De momento su moda no tiene la fama y el poder medi\u00e1tico de otras pasarelas pero desde luego creatividad no le falta. La edici\u00f3n primavera-verano de 2012, se celebr\u00f3 hace escasos d\u00edas en Pek\u00edn, y se cerr\u00f3 con un desfile de \u00a0vestidos de novias muy impresionante firmado por la dise\u00f1adora Tsai Meiyue a la cabeza. Aunque alg\u00fan que otro vestido era blanco el general y siguiendo la tradici\u00f3n China <strong>las novias se visten de rojo<\/strong>, con enormes vestidos. Faldas de gran volumen y miles de capas y volantes que se combinan con ajustados corpi\u00f1os rematados en oro y cristales de infinitos colores.\u00a0 Entre los cortes m\u00e1s tradicionales no han faltado las faldas de tul cortadas al l\u00e1ser, las largu\u00edsimas colas de caracoles, o las siluetas sirena embellecidas con preciosos encajes tradicionales chinos. \u00bfQu\u00e9 te parece? \u00bfTe casas made in China?<\/p>\n<p>Via: Hola.com<\/p>\n","protected":false},"excerpt":{"rendered":"<p>Llamativos y espectaculares vestidos nupciales en blanco, rojo y oro fueron los protagonistas de la semana de la moda China. Y es que el gigante asi\u00e1tico tambi\u00e9n se apunta a crear tendencia. De momento su moda no tiene la fama y el poder medi\u00e1tico de otras pasarelas pero desde luego creatividad no le falta. La [&hellip;]<\/p>\n","protected":false},"author":2,"featured_media":0,"comment_status":"open","ping_status":"open","sticky":false,"template":"","format":"standard","meta":{"jetpack_post_was_ever_published":false,"_jetpack_newsletter_access":"","_jetpack_dont_email_post_to_subs":false,"_jetpack_newsletter_tier_id":0,"_jetpack_memberships_contains_paywalled_content":false,"_jetpack_memberships_contains_paid_content":false,"footnotes":""},"categories":[1],"tags":[],"class_list":["post-3595","post","type-post","status-publish","format-standard","hentry","category-novias"],"yoast_head":"<!-- This site is optimized with the Yoast SEO plugin v27.5 - https:\/\/yoast.com\/product\/yoast-seo-wordpress\/ -->\n<title>China se viste de novia en su particular Fashion Week - Novias Baleares<\/title>\n<meta name=\"robots\" content=\"index, follow, max-snippet:-1, max-image-preview:large, max-video-preview:-1\" \/>\n<link rel=\"canonical\" href=\"http:\/\/noviasespana.com\/noviasbaleares\/china-se-viste-de-novia-en-su-particular-fashion-week\/\" \/>\n<meta property=\"og:locale\" content=\"es_ES\" \/>\n<meta property=\"og:type\" content=\"article\" \/>\n<meta property=\"og:title\" content=\"China se viste de novia en su particular Fashion Week - Novias Baleares\" \/>\n<meta property=\"og:description\" content=\"Llamativos y espectaculares vestidos nupciales en blanco, rojo y oro fueron los protagonistas de la semana de la moda China. Y es que el gigante asi\u00e1tico tambi\u00e9n se apunta a crear tendencia. De momento su moda no tiene la fama y el poder medi\u00e1tico de otras pasarelas pero desde luego creatividad no le falta. La [&hellip;]\" \/>\n<meta property=\"og:url\" content=\"http:\/\/noviasespana.com\/noviasbaleares\/china-se-viste-de-novia-en-su-particular-fashion-week\/\" \/>\n<meta property=\"og:site_name\" content=\"Novias Baleares\" \/>\n<meta property=\"article:published_time\" content=\"2011-11-15T08:00:36+00:00\" \/>\n<meta property=\"og:image\" content=\"http:\/\/www.diariodeunanovia.com\/blog\/wp-content\/uploads\/sites\/5\/2011\/11\/novias-china-01-z-232x300.jpg\" \/>\n<meta name=\"author\" content=\"admin\" \/>\n<meta name=\"twitter:label1\" content=\"Escrito por\" \/>\n\t<meta name=\"twitter:data1\" content=\"admin\" \/>\n\t<meta name=\"twitter:label2\" content=\"Tiempo de lectura\" \/>\n\t<meta name=\"twitter:data2\" content=\"1 minuto\" \/>\n<script type=\"application\/ld+json\" class=\"yoast-schema-graph\">{\"@context\":\"https:\\\/\\\/schema.org\",\"@graph\":[{\"@type\":\"Article\",\"@id\":\"http:\\\/\\\/noviasespana.com\\\/noviasbaleares\\\/china-se-viste-de-novia-en-su-particular-fashion-week\\\/#article\",\"isPartOf\":{\"@id\":\"http:\\\/\\\/noviasespana.com\\\/noviasbaleares\\\/china-se-viste-de-novia-en-su-particular-fashion-week\\\/\"},\"author\":{\"name\":\"admin\",\"@id\":\"http:\\\/\\\/noviasespana.com\\\/noviasbaleares\\\/#\\\/schema\\\/person\\\/82ff6e303fad28e4da623aa4d27969ed\"},\"headline\":\"China se viste de novia en su particular Fashion Week\",\"datePublished\":\"2011-11-15T08:00:36+00:00\",\"mainEntityOfPage\":{\"@id\":\"http:\\\/\\\/noviasespana.com\\\/noviasbaleares\\\/china-se-viste-de-novia-en-su-particular-fashion-week\\\/\"},\"wordCount\":197,\"commentCount\":0,\"image\":{\"@id\":\"http:\\\/\\\/noviasespana.com\\\/noviasbaleares\\\/china-se-viste-de-novia-en-su-particular-fashion-week\\\/#primaryimage\"},\"thumbnailUrl\":\"http:\\\/\\\/www.diariodeunanovia.com\\\/blog\\\/wp-content\\\/uploads\\\/sites\\\/5\\\/2011\\\/11\\\/novias-china-01-z-232x300.jpg\",\"articleSection\":[\"novias\"],\"inLanguage\":\"es\",\"potentialAction\":[{\"@type\":\"CommentAction\",\"name\":\"Comment\",\"target\":[\"http:\\\/\\\/noviasespana.com\\\/noviasbaleares\\\/china-se-viste-de-novia-en-su-particular-fashion-week\\\/#respond\"]}]},{\"@type\":\"WebPage\",\"@id\":\"http:\\\/\\\/noviasespana.com\\\/noviasbaleares\\\/china-se-viste-de-novia-en-su-particular-fashion-week\\\/\",\"url\":\"http:\\\/\\\/noviasespana.com\\\/noviasbaleares\\\/china-se-viste-de-novia-en-su-particular-fashion-week\\\/\",\"name\":\"China se viste de novia en su particular Fashion Week - Novias Baleares\",\"isPartOf\":{\"@id\":\"http:\\\/\\\/noviasespana.com\\\/noviasbaleares\\\/#website\"},\"primaryImageOfPage\":{\"@id\":\"http:\\\/\\\/noviasespana.com\\\/noviasbaleares\\\/china-se-viste-de-novia-en-su-particular-fashion-week\\\/#primaryimage\"},\"image\":{\"@id\":\"http:\\\/\\\/noviasespana.com\\\/noviasbaleares\\\/china-se-viste-de-novia-en-su-particular-fashion-week\\\/#primaryimage\"},\"thumbnailUrl\":\"http:\\\/\\\/www.diariodeunanovia.com\\\/blog\\\/wp-content\\\/uploads\\\/sites\\\/5\\\/2011\\\/11\\\/novias-china-01-z-232x300.jpg\",\"datePublished\":\"2011-11-15T08:00:36+00:00\",\"author\":{\"@id\":\"http:\\\/\\\/noviasespana.com\\\/noviasbaleares\\\/#\\\/schema\\\/person\\\/82ff6e303fad28e4da623aa4d27969ed\"},\"breadcrumb\":{\"@id\":\"http:\\\/\\\/noviasespana.com\\\/noviasbaleares\\\/china-se-viste-de-novia-en-su-particular-fashion-week\\\/#breadcrumb\"},\"inLanguage\":\"es\",\"potentialAction\":[{\"@type\":\"ReadAction\",\"target\":[\"http:\\\/\\\/noviasespana.com\\\/noviasbaleares\\\/china-se-viste-de-novia-en-su-particular-fashion-week\\\/\"]}]},{\"@type\":\"ImageObject\",\"inLanguage\":\"es\",\"@id\":\"http:\\\/\\\/noviasespana.com\\\/noviasbaleares\\\/china-se-viste-de-novia-en-su-particular-fashion-week\\\/#primaryimage\",\"url\":\"http:\\\/\\\/www.diariodeunanovia.com\\\/blog\\\/wp-content\\\/uploads\\\/sites\\\/5\\\/2011\\\/11\\\/novias-china-01-z-232x300.jpg\",\"contentUrl\":\"http:\\\/\\\/www.diariodeunanovia.com\\\/blog\\\/wp-content\\\/uploads\\\/sites\\\/5\\\/2011\\\/11\\\/novias-china-01-z-232x300.jpg\"},{\"@type\":\"BreadcrumbList\",\"@id\":\"http:\\\/\\\/noviasespana.com\\\/noviasbaleares\\\/china-se-viste-de-novia-en-su-particular-fashion-week\\\/#breadcrumb\",\"itemListElement\":[{\"@type\":\"ListItem\",\"position\":1,\"name\":\"Portada\",\"item\":\"http:\\\/\\\/noviasespana.com\\\/noviasbaleares\\\/\"},{\"@type\":\"ListItem\",\"position\":2,\"name\":\"China se viste de novia en su particular Fashion Week\"}]},{\"@type\":\"WebSite\",\"@id\":\"http:\\\/\\\/noviasespana.com\\\/noviasbaleares\\\/#website\",\"url\":\"http:\\\/\\\/noviasespana.com\\\/noviasbaleares\\\/\",\"name\":\"Novias Baleares\",\"description\":\"Revista de novias\",\"potentialAction\":[{\"@type\":\"SearchAction\",\"target\":{\"@type\":\"EntryPoint\",\"urlTemplate\":\"http:\\\/\\\/noviasespana.com\\\/noviasbaleares\\\/?s={search_term_string}\"},\"query-input\":{\"@type\":\"PropertyValueSpecification\",\"valueRequired\":true,\"valueName\":\"search_term_string\"}}],\"inLanguage\":\"es\"},{\"@type\":\"Person\",\"@id\":\"http:\\\/\\\/noviasespana.com\\\/noviasbaleares\\\/#\\\/schema\\\/person\\\/82ff6e303fad28e4da623aa4d27969ed\",\"name\":\"admin\",\"image\":{\"@type\":\"ImageObject\",\"inLanguage\":\"es\",\"@id\":\"https:\\\/\\\/secure.gravatar.com\\\/avatar\\\/0f45231fddfb43fcbd0cdde4582a3580baf474d75fca7d494b42ff86847de871?s=96&d=mm&r=g\",\"url\":\"https:\\\/\\\/secure.gravatar.com\\\/avatar\\\/0f45231fddfb43fcbd0cdde4582a3580baf474d75fca7d494b42ff86847de871?s=96&d=mm&r=g\",\"contentUrl\":\"https:\\\/\\\/secure.gravatar.com\\\/avatar\\\/0f45231fddfb43fcbd0cdde4582a3580baf474d75fca7d494b42ff86847de871?s=96&d=mm&r=g\",\"caption\":\"admin\"},\"url\":\"http:\\\/\\\/noviasespana.com\\\/noviasbaleares\\\/author\\\/admin\\\/\"}]}<\/script>\n<!-- \/ Yoast SEO plugin. -->","yoast_head_json":{"title":"China se viste de novia en su particular Fashion Week - Novias Baleares","robots":{"index":"index","follow":"follow","max-snippet":"max-snippet:-1","max-image-preview":"max-image-preview:large","max-video-preview":"max-video-preview:-1"},"canonical":"http:\/\/noviasespana.com\/noviasbaleares\/china-se-viste-de-novia-en-su-particular-fashion-week\/","og_locale":"es_ES","og_type":"article","og_title":"China se viste de novia en su particular Fashion Week - Novias Baleares","og_description":"Llamativos y espectaculares vestidos nupciales en blanco, rojo y oro fueron los protagonistas de la semana de la moda China. Y es que el gigante asi\u00e1tico tambi\u00e9n se apunta a crear tendencia. De momento su moda no tiene la fama y el poder medi\u00e1tico de otras pasarelas pero desde luego creatividad no le falta. La [&hellip;]","og_url":"http:\/\/noviasespana.com\/noviasbaleares\/china-se-viste-de-novia-en-su-particular-fashion-week\/","og_site_name":"Novias Baleares","article_published_time":"2011-11-15T08:00:36+00:00","og_image":[{"url":"http:\/\/www.diariodeunanovia.com\/blog\/wp-content\/uploads\/sites\/5\/2011\/11\/novias-china-01-z-232x300.jpg","type":"","width":"","height":""}],"author":"admin","twitter_misc":{"Escrito por":"admin","Tiempo de lectura":"1 minuto"},"schema":{"@context":"https:\/\/schema.org","@graph":[{"@type":"Article","@id":"http:\/\/noviasespana.com\/noviasbaleares\/china-se-viste-de-novia-en-su-particular-fashion-week\/#article","isPartOf":{"@id":"http:\/\/noviasespana.com\/noviasbaleares\/china-se-viste-de-novia-en-su-particular-fashion-week\/"},"author":{"name":"admin","@id":"http:\/\/noviasespana.com\/noviasbaleares\/#\/schema\/person\/82ff6e303fad28e4da623aa4d27969ed"},"headline":"China se viste de novia en su particular Fashion Week","datePublished":"2011-11-15T08:00:36+00:00","mainEntityOfPage":{"@id":"http:\/\/noviasespana.com\/noviasbaleares\/china-se-viste-de-novia-en-su-particular-fashion-week\/"},"wordCount":197,"commentCount":0,"image":{"@id":"http:\/\/noviasespana.com\/noviasbaleares\/china-se-viste-de-novia-en-su-particular-fashion-week\/#primaryimage"},"thumbnailUrl":"http:\/\/www.diariodeunanovia.com\/blog\/wp-content\/uploads\/sites\/5\/2011\/11\/novias-china-01-z-232x300.jpg","articleSection":["novias"],"inLanguage":"es","potentialAction":[{"@type":"CommentAction","name":"Comment","target":["http:\/\/noviasespana.com\/noviasbaleares\/china-se-viste-de-novia-en-su-particular-fashion-week\/#respond"]}]},{"@type":"WebPage","@id":"http:\/\/noviasespana.com\/noviasbaleares\/china-se-viste-de-novia-en-su-particular-fashion-week\/","url":"http:\/\/noviasespana.com\/noviasbaleares\/china-se-viste-de-novia-en-su-particular-fashion-week\/","name":"China se viste de novia en su particular Fashion Week - Novias Baleares","isPartOf":{"@id":"http:\/\/noviasespana.com\/noviasbaleares\/#website"},"primaryImageOfPage":{"@id":"http:\/\/noviasespana.com\/noviasbaleares\/china-se-viste-de-novia-en-su-particular-fashion-week\/#primaryimage"},"image":{"@id":"http:\/\/noviasespana.com\/noviasbaleares\/china-se-viste-de-novia-en-su-particular-fashion-week\/#primaryimage"},"thumbnailUrl":"http:\/\/www.diariodeunanovia.com\/blog\/wp-content\/uploads\/sites\/5\/2011\/11\/novias-china-01-z-232x300.jpg","datePublished":"2011-11-15T08:00:36+00:00","author":{"@id":"http:\/\/noviasespana.com\/noviasbaleares\/#\/schema\/person\/82ff6e303fad28e4da623aa4d27969ed"},"breadcrumb":{"@id":"http:\/\/noviasespana.com\/noviasbaleares\/china-se-viste-de-novia-en-su-particular-fashion-week\/#breadcrumb"},"inLanguage":"es","potentialAction":[{"@type":"ReadAction","target":["http:\/\/noviasespana.com\/noviasbaleares\/china-se-viste-de-novia-en-su-particular-fashion-week\/"]}]},{"@type":"ImageObject","inLanguage":"es","@id":"http:\/\/noviasespana.com\/noviasbaleares\/china-se-viste-de-novia-en-su-particular-fashion-week\/#primaryimage","url":"http:\/\/www.diariodeunanovia.com\/blog\/wp-content\/uploads\/sites\/5\/2011\/11\/novias-china-01-z-232x300.jpg","contentUrl":"http:\/\/www.diariodeunanovia.com\/blog\/wp-content\/uploads\/sites\/5\/2011\/11\/novias-china-01-z-232x300.jpg"},{"@type":"BreadcrumbList","@id":"http:\/\/noviasespana.com\/noviasbaleares\/china-se-viste-de-novia-en-su-particular-fashion-week\/#breadcrumb","itemListElement":[{"@type":"ListItem","position":1,"name":"Portada","item":"http:\/\/noviasespana.com\/noviasbaleares\/"},{"@type":"ListItem","position":2,"name":"China se viste de novia en su particular Fashion Week"}]},{"@type":"WebSite","@id":"http:\/\/noviasespana.com\/noviasbaleares\/#website","url":"http:\/\/noviasespana.com\/noviasbaleares\/","name":"Novias Baleares","description":"Revista de novias","potentialAction":[{"@type":"SearchAction","target":{"@type":"EntryPoint","urlTemplate":"http:\/\/noviasespana.com\/noviasbaleares\/?s={search_term_string}"},"query-input":{"@type":"PropertyValueSpecification","valueRequired":true,"valueName":"search_term_string"}}],"inLanguage":"es"},{"@type":"Person","@id":"http:\/\/noviasespana.com\/noviasbaleares\/#\/schema\/person\/82ff6e303fad28e4da623aa4d27969ed","name":"admin","image":{"@type":"ImageObject","inLanguage":"es","@id":"https:\/\/secure.gravatar.com\/avatar\/0f45231fddfb43fcbd0cdde4582a3580baf474d75fca7d494b42ff86847de871?s=96&d=mm&r=g","url":"https:\/\/secure.gravatar.com\/avatar\/0f45231fddfb43fcbd0cdde4582a3580baf474d75fca7d494b42ff86847de871?s=96&d=mm&r=g","contentUrl":"https:\/\/secure.gravatar.com\/avatar\/0f45231fddfb43fcbd0cdde4582a3580baf474d75fca7d494b42ff86847de871?s=96&d=mm&r=g","caption":"admin"},"url":"http:\/\/noviasespana.com\/noviasbaleares\/author\/admin\/"}]}},"jetpack_featured_media_url":"","jetpack_sharing_enabled":true,"jetpack_shortlink":"https:\/\/wp.me\/p5Hg6P-VZ","jetpack_likes_enabled":true,"_links":{"self":[{"href":"http:\/\/noviasespana.com\/noviasbaleares\/wp-json\/wp\/v2\/posts\/3595","targetHints":{"allow":["GET"]}}],"collection":[{"href":"http:\/\/noviasespana.com\/noviasbaleares\/wp-json\/wp\/v2\/posts"}],"about":[{"href":"http:\/\/noviasespana.com\/noviasbaleares\/wp-json\/wp\/v2\/types\/post"}],"author":[{"embeddable":true,"href":"http:\/\/noviasespana.com\/noviasbaleares\/wp-json\/wp\/v2\/users\/2"}],"replies":[{"embeddable":true,"href":"http:\/\/noviasespana.com\/noviasbaleares\/wp-json\/wp\/v2\/comments?post=3595"}],"version-history":[{"count":0,"href":"http:\/\/noviasespana.com\/noviasbaleares\/wp-json\/wp\/v2\/posts\/3595\/revisions"}],"wp:attachment":[{"href":"http:\/\/noviasespana.com\/noviasbaleares\/wp-json\/wp\/v2\/media?parent=3595"}],"wp:term":[{"taxonomy":"category","embeddable":true,"href":"http:\/\/noviasespana.com\/noviasbaleares\/wp-json\/wp\/v2\/categories?post=3595"},{"taxonomy":"post_tag","embeddable":true,"href":"http:\/\/noviasespana.com\/noviasbaleares\/wp-json\/wp\/v2\/tags?post=3595"}],"curies":[{"name":"wp","href":"https:\/\/api.w.org\/{rel}","templated":true}]}}