{"id":3591,"date":"2011-11-08T09:00:38","date_gmt":"2011-11-08T08:00:38","guid":{"rendered":"http:\/\/www.diariodeunanovia.com\/blog\/?p=3591"},"modified":"2011-11-08T09:00:38","modified_gmt":"2011-11-08T08:00:38","slug":"la-cantante-mai-meneses-anuncia-paso-por-el-altar-en-las-redes-sociales","status":"publish","type":"post","link":"http:\/\/noviasespana.com\/noviasbaleares\/la-cantante-mai-meneses-anuncia-paso-por-el-altar-en-las-redes-sociales\/","title":{"rendered":"La cantante Mai Meneses anuncia paso por el altar en las redes sociales"},"content":{"rendered":"<p style=\"text-align: center\"><img data-recalc-dims=\"1\" loading=\"lazy\" decoding=\"async\" class=\"size-medium wp-image-3592  aligncenter\" title=\"25boda_nena\" src=\"https:\/\/i0.wp.com\/www.diariodeunanovia.com\/blog\/wp-content\/uploads\/sites\/5\/2011\/11\/25boda_nena-240x300.jpg?resize=240%2C300\" alt=\"25boda_nena\" width=\"240\" height=\"300\" \/>\u00a0<\/p>\n<p>\u00abHola chicos, quer\u00eda compartir con vosotros una foto del d\u00eda m\u00e1s feliz de mi vida. Un beso grande. Mai\u00bb. Con estas palabras y una imagen del momento, <strong>la cantante Mai Meneses, ex <\/strong>vocalista del grupo Nena Daconte hac\u00eda p\u00fablico en las redes sociales su paso por el altar este fin de semana en Madrid. Y es que no pod\u00eda ser de otra manera teniendo en cuenta que su ya marido Eduardo Baeza es &#8216;comunity manager&#8217; del Partido Popular. Como se ve en la foto, preciosa por cierto,\u00a0<strong>Mai eligi\u00f3 un vestido de manga corta,\u00a0escote imperio, talle ajustado y un poco de cola. Para el pelo se decant\u00f3 por un original recogido\u00a0<\/strong><strong> con trenzas y adornado con flores.<\/strong> Al enlace acudieron relevantes pol\u00edticos del partido que lidera Mariano Rajoy, como Juan Jos\u00e9 G\u00fcemes y su esposa Andrea Fabra o Jos\u00e9 Mar\u00eda Michavila, exdiputado y abogado. El presentador de Informativos Telecinco Pedro Piqueras y la pareja formada por Manuel Martos y Amelia Bono, hija del presidente del Congreso de los Diputados, tambi\u00e9n formaran parte de la lista de invitados. Nena Daconte\u00a0tiene dos discos en el mercado, con canciones como <em>Ten\u00eda tanto que darte<\/em> o <em>En qu\u00e9 estrella estar\u00e1<\/em>. Tras su desuni\u00f3n profesional y sentimental de Kim Falo, excomponente del grupo Nena Daconte, la artista sigui\u00f3 con su carrera en solitario y retom\u00f3 su relaci\u00f3n con Eduardo Baeza, con el que ya hab\u00eda salido durante un tiempo. Por su parte, Baeza es abogado y consultor pol\u00edtico, ha trabajado en el despacho de abogados Garrigues y en Wall Street, y actualmente se encarga de de la comunicaci\u00f3n online y\u00a0en redes sociales de la campa\u00f1a electoral de Mariano Rajoy a la presidencia del Gobierno.<\/p>\n","protected":false},"excerpt":{"rendered":"<p>\u00a0 \u00abHola chicos, quer\u00eda compartir con vosotros una foto del d\u00eda m\u00e1s feliz de mi vida. Un beso grande. Mai\u00bb. Con estas palabras y una imagen del momento, la cantante Mai Meneses, ex vocalista del grupo Nena Daconte hac\u00eda p\u00fablico en las redes sociales su paso por el altar este fin de semana en Madrid. [&hellip;]<\/p>\n","protected":false},"author":2,"featured_media":0,"comment_status":"open","ping_status":"open","sticky":false,"template":"","format":"standard","meta":{"jetpack_post_was_ever_published":false,"_jetpack_newsletter_access":"","_jetpack_dont_email_post_to_subs":false,"_jetpack_newsletter_tier_id":0,"_jetpack_memberships_contains_paywalled_content":false,"_jetpack_memberships_contains_paid_content":false,"footnotes":""},"categories":[1],"tags":[],"class_list":["post-3591","post","type-post","status-publish","format-standard","hentry","category-novias"],"yoast_head":"<!-- This site is optimized with the Yoast SEO plugin v27.5 - https:\/\/yoast.com\/product\/yoast-seo-wordpress\/ -->\n<title>La cantante Mai Meneses anuncia paso por el altar en las redes sociales - Novias Baleares<\/title>\n<meta name=\"robots\" content=\"index, follow, max-snippet:-1, max-image-preview:large, max-video-preview:-1\" \/>\n<link rel=\"canonical\" href=\"http:\/\/noviasespana.com\/noviasbaleares\/la-cantante-mai-meneses-anuncia-paso-por-el-altar-en-las-redes-sociales\/\" \/>\n<meta property=\"og:locale\" content=\"es_ES\" \/>\n<meta property=\"og:type\" content=\"article\" \/>\n<meta property=\"og:title\" content=\"La cantante Mai Meneses anuncia paso por el altar en las redes sociales - Novias Baleares\" \/>\n<meta property=\"og:description\" content=\"\u00a0 \u00abHola chicos, quer\u00eda compartir con vosotros una foto del d\u00eda m\u00e1s feliz de mi vida. Un beso grande. Mai\u00bb. Con estas palabras y una imagen del momento, la cantante Mai Meneses, ex vocalista del grupo Nena Daconte hac\u00eda p\u00fablico en las redes sociales su paso por el altar este fin de semana en Madrid. [&hellip;]\" \/>\n<meta property=\"og:url\" content=\"http:\/\/noviasespana.com\/noviasbaleares\/la-cantante-mai-meneses-anuncia-paso-por-el-altar-en-las-redes-sociales\/\" \/>\n<meta property=\"og:site_name\" content=\"Novias Baleares\" \/>\n<meta property=\"article:published_time\" content=\"2011-11-08T08:00:38+00:00\" \/>\n<meta property=\"og:image\" content=\"http:\/\/www.diariodeunanovia.com\/blog\/wp-content\/uploads\/sites\/5\/2011\/11\/25boda_nena-240x300.jpg\" \/>\n<meta name=\"author\" content=\"admin\" \/>\n<meta name=\"twitter:label1\" content=\"Escrito por\" \/>\n\t<meta name=\"twitter:data1\" content=\"admin\" \/>\n\t<meta name=\"twitter:label2\" content=\"Tiempo de lectura\" \/>\n\t<meta name=\"twitter:data2\" content=\"1 minuto\" \/>\n<script type=\"application\/ld+json\" class=\"yoast-schema-graph\">{\"@context\":\"https:\\\/\\\/schema.org\",\"@graph\":[{\"@type\":\"Article\",\"@id\":\"http:\\\/\\\/noviasespana.com\\\/noviasbaleares\\\/la-cantante-mai-meneses-anuncia-paso-por-el-altar-en-las-redes-sociales\\\/#article\",\"isPartOf\":{\"@id\":\"http:\\\/\\\/noviasespana.com\\\/noviasbaleares\\\/la-cantante-mai-meneses-anuncia-paso-por-el-altar-en-las-redes-sociales\\\/\"},\"author\":{\"name\":\"admin\",\"@id\":\"http:\\\/\\\/noviasespana.com\\\/noviasbaleares\\\/#\\\/schema\\\/person\\\/82ff6e303fad28e4da623aa4d27969ed\"},\"headline\":\"La cantante Mai Meneses anuncia paso por el altar en las redes sociales\",\"datePublished\":\"2011-11-08T08:00:38+00:00\",\"mainEntityOfPage\":{\"@id\":\"http:\\\/\\\/noviasespana.com\\\/noviasbaleares\\\/la-cantante-mai-meneses-anuncia-paso-por-el-altar-en-las-redes-sociales\\\/\"},\"wordCount\":312,\"commentCount\":0,\"image\":{\"@id\":\"http:\\\/\\\/noviasespana.com\\\/noviasbaleares\\\/la-cantante-mai-meneses-anuncia-paso-por-el-altar-en-las-redes-sociales\\\/#primaryimage\"},\"thumbnailUrl\":\"http:\\\/\\\/www.diariodeunanovia.com\\\/blog\\\/wp-content\\\/uploads\\\/sites\\\/5\\\/2011\\\/11\\\/25boda_nena-240x300.jpg\",\"articleSection\":[\"novias\"],\"inLanguage\":\"es\",\"potentialAction\":[{\"@type\":\"CommentAction\",\"name\":\"Comment\",\"target\":[\"http:\\\/\\\/noviasespana.com\\\/noviasbaleares\\\/la-cantante-mai-meneses-anuncia-paso-por-el-altar-en-las-redes-sociales\\\/#respond\"]}]},{\"@type\":\"WebPage\",\"@id\":\"http:\\\/\\\/noviasespana.com\\\/noviasbaleares\\\/la-cantante-mai-meneses-anuncia-paso-por-el-altar-en-las-redes-sociales\\\/\",\"url\":\"http:\\\/\\\/noviasespana.com\\\/noviasbaleares\\\/la-cantante-mai-meneses-anuncia-paso-por-el-altar-en-las-redes-sociales\\\/\",\"name\":\"La cantante Mai Meneses anuncia paso por el altar en las redes sociales - Novias Baleares\",\"isPartOf\":{\"@id\":\"http:\\\/\\\/noviasespana.com\\\/noviasbaleares\\\/#website\"},\"primaryImageOfPage\":{\"@id\":\"http:\\\/\\\/noviasespana.com\\\/noviasbaleares\\\/la-cantante-mai-meneses-anuncia-paso-por-el-altar-en-las-redes-sociales\\\/#primaryimage\"},\"image\":{\"@id\":\"http:\\\/\\\/noviasespana.com\\\/noviasbaleares\\\/la-cantante-mai-meneses-anuncia-paso-por-el-altar-en-las-redes-sociales\\\/#primaryimage\"},\"thumbnailUrl\":\"http:\\\/\\\/www.diariodeunanovia.com\\\/blog\\\/wp-content\\\/uploads\\\/sites\\\/5\\\/2011\\\/11\\\/25boda_nena-240x300.jpg\",\"datePublished\":\"2011-11-08T08:00:38+00:00\",\"author\":{\"@id\":\"http:\\\/\\\/noviasespana.com\\\/noviasbaleares\\\/#\\\/schema\\\/person\\\/82ff6e303fad28e4da623aa4d27969ed\"},\"breadcrumb\":{\"@id\":\"http:\\\/\\\/noviasespana.com\\\/noviasbaleares\\\/la-cantante-mai-meneses-anuncia-paso-por-el-altar-en-las-redes-sociales\\\/#breadcrumb\"},\"inLanguage\":\"es\",\"potentialAction\":[{\"@type\":\"ReadAction\",\"target\":[\"http:\\\/\\\/noviasespana.com\\\/noviasbaleares\\\/la-cantante-mai-meneses-anuncia-paso-por-el-altar-en-las-redes-sociales\\\/\"]}]},{\"@type\":\"ImageObject\",\"inLanguage\":\"es\",\"@id\":\"http:\\\/\\\/noviasespana.com\\\/noviasbaleares\\\/la-cantante-mai-meneses-anuncia-paso-por-el-altar-en-las-redes-sociales\\\/#primaryimage\",\"url\":\"http:\\\/\\\/www.diariodeunanovia.com\\\/blog\\\/wp-content\\\/uploads\\\/sites\\\/5\\\/2011\\\/11\\\/25boda_nena-240x300.jpg\",\"contentUrl\":\"http:\\\/\\\/www.diariodeunanovia.com\\\/blog\\\/wp-content\\\/uploads\\\/sites\\\/5\\\/2011\\\/11\\\/25boda_nena-240x300.jpg\"},{\"@type\":\"BreadcrumbList\",\"@id\":\"http:\\\/\\\/noviasespana.com\\\/noviasbaleares\\\/la-cantante-mai-meneses-anuncia-paso-por-el-altar-en-las-redes-sociales\\\/#breadcrumb\",\"itemListElement\":[{\"@type\":\"ListItem\",\"position\":1,\"name\":\"Portada\",\"item\":\"http:\\\/\\\/noviasespana.com\\\/noviasbaleares\\\/\"},{\"@type\":\"ListItem\",\"position\":2,\"name\":\"La cantante Mai Meneses anuncia paso por el altar en las redes sociales\"}]},{\"@type\":\"WebSite\",\"@id\":\"http:\\\/\\\/noviasespana.com\\\/noviasbaleares\\\/#website\",\"url\":\"http:\\\/\\\/noviasespana.com\\\/noviasbaleares\\\/\",\"name\":\"Novias Baleares\",\"description\":\"Revista de novias\",\"potentialAction\":[{\"@type\":\"SearchAction\",\"target\":{\"@type\":\"EntryPoint\",\"urlTemplate\":\"http:\\\/\\\/noviasespana.com\\\/noviasbaleares\\\/?s={search_term_string}\"},\"query-input\":{\"@type\":\"PropertyValueSpecification\",\"valueRequired\":true,\"valueName\":\"search_term_string\"}}],\"inLanguage\":\"es\"},{\"@type\":\"Person\",\"@id\":\"http:\\\/\\\/noviasespana.com\\\/noviasbaleares\\\/#\\\/schema\\\/person\\\/82ff6e303fad28e4da623aa4d27969ed\",\"name\":\"admin\",\"image\":{\"@type\":\"ImageObject\",\"inLanguage\":\"es\",\"@id\":\"https:\\\/\\\/secure.gravatar.com\\\/avatar\\\/0f45231fddfb43fcbd0cdde4582a3580baf474d75fca7d494b42ff86847de871?s=96&d=mm&r=g\",\"url\":\"https:\\\/\\\/secure.gravatar.com\\\/avatar\\\/0f45231fddfb43fcbd0cdde4582a3580baf474d75fca7d494b42ff86847de871?s=96&d=mm&r=g\",\"contentUrl\":\"https:\\\/\\\/secure.gravatar.com\\\/avatar\\\/0f45231fddfb43fcbd0cdde4582a3580baf474d75fca7d494b42ff86847de871?s=96&d=mm&r=g\",\"caption\":\"admin\"},\"url\":\"http:\\\/\\\/noviasespana.com\\\/noviasbaleares\\\/author\\\/admin\\\/\"}]}<\/script>\n<!-- \/ Yoast SEO plugin. -->","yoast_head_json":{"title":"La cantante Mai Meneses anuncia paso por el altar en las redes sociales - Novias Baleares","robots":{"index":"index","follow":"follow","max-snippet":"max-snippet:-1","max-image-preview":"max-image-preview:large","max-video-preview":"max-video-preview:-1"},"canonical":"http:\/\/noviasespana.com\/noviasbaleares\/la-cantante-mai-meneses-anuncia-paso-por-el-altar-en-las-redes-sociales\/","og_locale":"es_ES","og_type":"article","og_title":"La cantante Mai Meneses anuncia paso por el altar en las redes sociales - Novias Baleares","og_description":"\u00a0 \u00abHola chicos, quer\u00eda compartir con vosotros una foto del d\u00eda m\u00e1s feliz de mi vida. Un beso grande. Mai\u00bb. Con estas palabras y una imagen del momento, la cantante Mai Meneses, ex vocalista del grupo Nena Daconte hac\u00eda p\u00fablico en las redes sociales su paso por el altar este fin de semana en Madrid. [&hellip;]","og_url":"http:\/\/noviasespana.com\/noviasbaleares\/la-cantante-mai-meneses-anuncia-paso-por-el-altar-en-las-redes-sociales\/","og_site_name":"Novias Baleares","article_published_time":"2011-11-08T08:00:38+00:00","og_image":[{"url":"http:\/\/www.diariodeunanovia.com\/blog\/wp-content\/uploads\/sites\/5\/2011\/11\/25boda_nena-240x300.jpg","type":"","width":"","height":""}],"author":"admin","twitter_misc":{"Escrito por":"admin","Tiempo de lectura":"1 minuto"},"schema":{"@context":"https:\/\/schema.org","@graph":[{"@type":"Article","@id":"http:\/\/noviasespana.com\/noviasbaleares\/la-cantante-mai-meneses-anuncia-paso-por-el-altar-en-las-redes-sociales\/#article","isPartOf":{"@id":"http:\/\/noviasespana.com\/noviasbaleares\/la-cantante-mai-meneses-anuncia-paso-por-el-altar-en-las-redes-sociales\/"},"author":{"name":"admin","@id":"http:\/\/noviasespana.com\/noviasbaleares\/#\/schema\/person\/82ff6e303fad28e4da623aa4d27969ed"},"headline":"La cantante Mai Meneses anuncia paso por el altar en las redes sociales","datePublished":"2011-11-08T08:00:38+00:00","mainEntityOfPage":{"@id":"http:\/\/noviasespana.com\/noviasbaleares\/la-cantante-mai-meneses-anuncia-paso-por-el-altar-en-las-redes-sociales\/"},"wordCount":312,"commentCount":0,"image":{"@id":"http:\/\/noviasespana.com\/noviasbaleares\/la-cantante-mai-meneses-anuncia-paso-por-el-altar-en-las-redes-sociales\/#primaryimage"},"thumbnailUrl":"http:\/\/www.diariodeunanovia.com\/blog\/wp-content\/uploads\/sites\/5\/2011\/11\/25boda_nena-240x300.jpg","articleSection":["novias"],"inLanguage":"es","potentialAction":[{"@type":"CommentAction","name":"Comment","target":["http:\/\/noviasespana.com\/noviasbaleares\/la-cantante-mai-meneses-anuncia-paso-por-el-altar-en-las-redes-sociales\/#respond"]}]},{"@type":"WebPage","@id":"http:\/\/noviasespana.com\/noviasbaleares\/la-cantante-mai-meneses-anuncia-paso-por-el-altar-en-las-redes-sociales\/","url":"http:\/\/noviasespana.com\/noviasbaleares\/la-cantante-mai-meneses-anuncia-paso-por-el-altar-en-las-redes-sociales\/","name":"La cantante Mai Meneses anuncia paso por el altar en las redes sociales - Novias Baleares","isPartOf":{"@id":"http:\/\/noviasespana.com\/noviasbaleares\/#website"},"primaryImageOfPage":{"@id":"http:\/\/noviasespana.com\/noviasbaleares\/la-cantante-mai-meneses-anuncia-paso-por-el-altar-en-las-redes-sociales\/#primaryimage"},"image":{"@id":"http:\/\/noviasespana.com\/noviasbaleares\/la-cantante-mai-meneses-anuncia-paso-por-el-altar-en-las-redes-sociales\/#primaryimage"},"thumbnailUrl":"http:\/\/www.diariodeunanovia.com\/blog\/wp-content\/uploads\/sites\/5\/2011\/11\/25boda_nena-240x300.jpg","datePublished":"2011-11-08T08:00:38+00:00","author":{"@id":"http:\/\/noviasespana.com\/noviasbaleares\/#\/schema\/person\/82ff6e303fad28e4da623aa4d27969ed"},"breadcrumb":{"@id":"http:\/\/noviasespana.com\/noviasbaleares\/la-cantante-mai-meneses-anuncia-paso-por-el-altar-en-las-redes-sociales\/#breadcrumb"},"inLanguage":"es","potentialAction":[{"@type":"ReadAction","target":["http:\/\/noviasespana.com\/noviasbaleares\/la-cantante-mai-meneses-anuncia-paso-por-el-altar-en-las-redes-sociales\/"]}]},{"@type":"ImageObject","inLanguage":"es","@id":"http:\/\/noviasespana.com\/noviasbaleares\/la-cantante-mai-meneses-anuncia-paso-por-el-altar-en-las-redes-sociales\/#primaryimage","url":"http:\/\/www.diariodeunanovia.com\/blog\/wp-content\/uploads\/sites\/5\/2011\/11\/25boda_nena-240x300.jpg","contentUrl":"http:\/\/www.diariodeunanovia.com\/blog\/wp-content\/uploads\/sites\/5\/2011\/11\/25boda_nena-240x300.jpg"},{"@type":"BreadcrumbList","@id":"http:\/\/noviasespana.com\/noviasbaleares\/la-cantante-mai-meneses-anuncia-paso-por-el-altar-en-las-redes-sociales\/#breadcrumb","itemListElement":[{"@type":"ListItem","position":1,"name":"Portada","item":"http:\/\/noviasespana.com\/noviasbaleares\/"},{"@type":"ListItem","position":2,"name":"La cantante Mai Meneses anuncia paso por el altar en las redes sociales"}]},{"@type":"WebSite","@id":"http:\/\/noviasespana.com\/noviasbaleares\/#website","url":"http:\/\/noviasespana.com\/noviasbaleares\/","name":"Novias Baleares","description":"Revista de novias","potentialAction":[{"@type":"SearchAction","target":{"@type":"EntryPoint","urlTemplate":"http:\/\/noviasespana.com\/noviasbaleares\/?s={search_term_string}"},"query-input":{"@type":"PropertyValueSpecification","valueRequired":true,"valueName":"search_term_string"}}],"inLanguage":"es"},{"@type":"Person","@id":"http:\/\/noviasespana.com\/noviasbaleares\/#\/schema\/person\/82ff6e303fad28e4da623aa4d27969ed","name":"admin","image":{"@type":"ImageObject","inLanguage":"es","@id":"https:\/\/secure.gravatar.com\/avatar\/0f45231fddfb43fcbd0cdde4582a3580baf474d75fca7d494b42ff86847de871?s=96&d=mm&r=g","url":"https:\/\/secure.gravatar.com\/avatar\/0f45231fddfb43fcbd0cdde4582a3580baf474d75fca7d494b42ff86847de871?s=96&d=mm&r=g","contentUrl":"https:\/\/secure.gravatar.com\/avatar\/0f45231fddfb43fcbd0cdde4582a3580baf474d75fca7d494b42ff86847de871?s=96&d=mm&r=g","caption":"admin"},"url":"http:\/\/noviasespana.com\/noviasbaleares\/author\/admin\/"}]}},"jetpack_featured_media_url":"","jetpack_sharing_enabled":true,"jetpack_shortlink":"https:\/\/wp.me\/p5Hg6P-VV","jetpack_likes_enabled":true,"_links":{"self":[{"href":"http:\/\/noviasespana.com\/noviasbaleares\/wp-json\/wp\/v2\/posts\/3591","targetHints":{"allow":["GET"]}}],"collection":[{"href":"http:\/\/noviasespana.com\/noviasbaleares\/wp-json\/wp\/v2\/posts"}],"about":[{"href":"http:\/\/noviasespana.com\/noviasbaleares\/wp-json\/wp\/v2\/types\/post"}],"author":[{"embeddable":true,"href":"http:\/\/noviasespana.com\/noviasbaleares\/wp-json\/wp\/v2\/users\/2"}],"replies":[{"embeddable":true,"href":"http:\/\/noviasespana.com\/noviasbaleares\/wp-json\/wp\/v2\/comments?post=3591"}],"version-history":[{"count":0,"href":"http:\/\/noviasespana.com\/noviasbaleares\/wp-json\/wp\/v2\/posts\/3591\/revisions"}],"wp:attachment":[{"href":"http:\/\/noviasespana.com\/noviasbaleares\/wp-json\/wp\/v2\/media?parent=3591"}],"wp:term":[{"taxonomy":"category","embeddable":true,"href":"http:\/\/noviasespana.com\/noviasbaleares\/wp-json\/wp\/v2\/categories?post=3591"},{"taxonomy":"post_tag","embeddable":true,"href":"http:\/\/noviasespana.com\/noviasbaleares\/wp-json\/wp\/v2\/tags?post=3591"}],"curies":[{"name":"wp","href":"https:\/\/api.w.org\/{rel}","templated":true}]}}