{"id":3573,"date":"2011-11-03T09:00:52","date_gmt":"2011-11-03T07:00:52","guid":{"rendered":"http:\/\/www.diariodeunanovia.com\/blog\/?p=3573"},"modified":"2011-11-03T09:00:52","modified_gmt":"2011-11-03T07:00:52","slug":"madrinas-con-mantilla","status":"publish","type":"post","link":"http:\/\/noviasespana.com\/noviasbaleares\/madrinas-con-mantilla\/","title":{"rendered":"Madrinas con mantilla"},"content":{"rendered":"<p>La madrina es otra de las grandes protagonistas en una boda y desde luego su look\u00a0 debe estar a la altura de las circunstancias. \u00bfTraje largo o un dos piezas? \u00bfMantillas o tocado? <strong>Las dudas y las preguntas tambi\u00e9n se les amontonan a las madrinas y no es para menos, casan a su hijo y adem\u00e1s le acompa\u00f1an durante la ceremonia.<\/strong> Hoy les dedicamos este post, para que sean las madrinas ideales y para ello en este pa\u00eds se exige, mantilla.\u00a0 Debemos decir no obstante que <strong>la a mantilla es un complemento de alta ceremonia, por lo que si el novio no viste chaqu\u00e9 o es una ceremonia civil, puede quedar fuera de lugar<\/strong>. <strong>Adem\u00e1s es fundamental \u00a0que la madrina que lleve mantilla vista de largo o, en todo caso, que el largo del tocado no sobrepase el del vestido<\/strong>. Las mangas tambi\u00e9n deben ser largas o de corte a la francesa, y nunca dejar los hombros al descubierto para no deslucir el efecto. <strong>La mantilla es un accesorio muy espa\u00f1ol que cada vez tiene mayor hueco en las bodas como complemento del look de \u00a0las madrinas. Lo m\u00e1s importante a tener en cuenta a la hora de lucir mantilla es c\u00f3mo combinarla. \u00daltimamente hemos visto madrinas con mantilla con un estilo muy moderno como Carmen Tello en la boda de la Duquesa de Alba y Alfonso Diez pero no suele ser lo habitual<\/strong>. Lo esencial seg\u00fan los c\u00f3digos del buen vestir es respetar el toque tradicional cl\u00e1sico de la mantilla, para crear armon\u00eda. En definitiva lo propio es la madrina lleve vestido largo y mantilla negra, la de color blanco suele ser para \u00a0las solteras. Colocar bien una mantilla no es f\u00e1cil. Lo m\u00e1s favorecedor es colocar la mantilla con una peina de un tama\u00f1o no muy grande<strong> <\/strong>Un consejo muy interesante para que ser la madrina m\u00e1s estilosas es, al agarrarla al vestido, sujetar una lado de la mantilla por delante de un hombro y el otro por detr\u00e1s, de esta forma se logra mucho movimiento. <strong>\u00bfQu\u00e9 os parece? \u00bfOs gustar\u00eda una madrina con mantilla? <\/strong><\/p>\n<p style=\"text-align: center\"><img data-recalc-dims=\"1\" loading=\"lazy\" decoding=\"async\" class=\"size-medium wp-image-3574  aligncenter\" title=\"mantilla-madrina-boda_6\" src=\"https:\/\/i0.wp.com\/www.diariodeunanovia.com\/blog\/wp-content\/uploads\/sites\/5\/2011\/10\/mantilla-madrina-boda_6-199x300.jpg?resize=199%2C300\" alt=\"mantilla-madrina-boda_6\" width=\"199\" height=\"300\" \/><strong><\/strong><\/p>\n<p>\u00a0<\/p>\n<p>Fuente: <a href=\"http:\/\/confesionesdeunaboda.blogspot.com\/2010\/09\/mantilla-para-la-mejor-madrina.html\">confesionesdeunaboda.blogspot.com<\/a><\/p>\n","protected":false},"excerpt":{"rendered":"<p>La madrina es otra de las grandes protagonistas en una boda y desde luego su look\u00a0 debe estar a la altura de las circunstancias. \u00bfTraje largo o un dos piezas? \u00bfMantillas o tocado? Las dudas y las preguntas tambi\u00e9n se les amontonan a las madrinas y no es para menos, casan a su hijo y [&hellip;]<\/p>\n","protected":false},"author":2,"featured_media":0,"comment_status":"open","ping_status":"open","sticky":false,"template":"","format":"standard","meta":{"jetpack_post_was_ever_published":false,"_jetpack_newsletter_access":"","_jetpack_dont_email_post_to_subs":false,"_jetpack_newsletter_tier_id":0,"_jetpack_memberships_contains_paywalled_content":false,"_jetpack_memberships_contains_paid_content":false,"footnotes":""},"categories":[1],"tags":[],"class_list":["post-3573","post","type-post","status-publish","format-standard","hentry","category-novias"],"yoast_head":"<!-- This site is optimized with the Yoast SEO plugin v27.5 - https:\/\/yoast.com\/product\/yoast-seo-wordpress\/ -->\n<title>Madrinas con mantilla - Novias Baleares<\/title>\n<meta name=\"robots\" content=\"index, follow, max-snippet:-1, max-image-preview:large, max-video-preview:-1\" \/>\n<link rel=\"canonical\" href=\"http:\/\/noviasespana.com\/noviasbaleares\/madrinas-con-mantilla\/\" \/>\n<meta property=\"og:locale\" content=\"es_ES\" \/>\n<meta property=\"og:type\" content=\"article\" \/>\n<meta property=\"og:title\" content=\"Madrinas con mantilla - Novias Baleares\" \/>\n<meta property=\"og:description\" content=\"La madrina es otra de las grandes protagonistas en una boda y desde luego su look\u00a0 debe estar a la altura de las circunstancias. \u00bfTraje largo o un dos piezas? \u00bfMantillas o tocado? Las dudas y las preguntas tambi\u00e9n se les amontonan a las madrinas y no es para menos, casan a su hijo y [&hellip;]\" \/>\n<meta property=\"og:url\" content=\"http:\/\/noviasespana.com\/noviasbaleares\/madrinas-con-mantilla\/\" \/>\n<meta property=\"og:site_name\" content=\"Novias Baleares\" \/>\n<meta property=\"article:published_time\" content=\"2011-11-03T07:00:52+00:00\" \/>\n<meta property=\"og:image\" content=\"http:\/\/www.diariodeunanovia.com\/blog\/wp-content\/uploads\/sites\/5\/2011\/10\/mantilla-madrina-boda_6-199x300.jpg\" \/>\n<meta name=\"author\" content=\"admin\" \/>\n<meta name=\"twitter:label1\" content=\"Escrito por\" \/>\n\t<meta name=\"twitter:data1\" content=\"admin\" \/>\n\t<meta name=\"twitter:label2\" content=\"Tiempo de lectura\" \/>\n\t<meta name=\"twitter:data2\" content=\"2 minutos\" \/>\n<script type=\"application\/ld+json\" class=\"yoast-schema-graph\">{\"@context\":\"https:\\\/\\\/schema.org\",\"@graph\":[{\"@type\":\"Article\",\"@id\":\"http:\\\/\\\/noviasespana.com\\\/noviasbaleares\\\/madrinas-con-mantilla\\\/#article\",\"isPartOf\":{\"@id\":\"http:\\\/\\\/noviasespana.com\\\/noviasbaleares\\\/madrinas-con-mantilla\\\/\"},\"author\":{\"name\":\"admin\",\"@id\":\"http:\\\/\\\/noviasespana.com\\\/noviasbaleares\\\/#\\\/schema\\\/person\\\/82ff6e303fad28e4da623aa4d27969ed\"},\"headline\":\"Madrinas con mantilla\",\"datePublished\":\"2011-11-03T07:00:52+00:00\",\"mainEntityOfPage\":{\"@id\":\"http:\\\/\\\/noviasespana.com\\\/noviasbaleares\\\/madrinas-con-mantilla\\\/\"},\"wordCount\":373,\"commentCount\":0,\"image\":{\"@id\":\"http:\\\/\\\/noviasespana.com\\\/noviasbaleares\\\/madrinas-con-mantilla\\\/#primaryimage\"},\"thumbnailUrl\":\"http:\\\/\\\/www.diariodeunanovia.com\\\/blog\\\/wp-content\\\/uploads\\\/sites\\\/5\\\/2011\\\/10\\\/mantilla-madrina-boda_6-199x300.jpg\",\"articleSection\":[\"novias\"],\"inLanguage\":\"es\",\"potentialAction\":[{\"@type\":\"CommentAction\",\"name\":\"Comment\",\"target\":[\"http:\\\/\\\/noviasespana.com\\\/noviasbaleares\\\/madrinas-con-mantilla\\\/#respond\"]}]},{\"@type\":\"WebPage\",\"@id\":\"http:\\\/\\\/noviasespana.com\\\/noviasbaleares\\\/madrinas-con-mantilla\\\/\",\"url\":\"http:\\\/\\\/noviasespana.com\\\/noviasbaleares\\\/madrinas-con-mantilla\\\/\",\"name\":\"Madrinas con mantilla - Novias Baleares\",\"isPartOf\":{\"@id\":\"http:\\\/\\\/noviasespana.com\\\/noviasbaleares\\\/#website\"},\"primaryImageOfPage\":{\"@id\":\"http:\\\/\\\/noviasespana.com\\\/noviasbaleares\\\/madrinas-con-mantilla\\\/#primaryimage\"},\"image\":{\"@id\":\"http:\\\/\\\/noviasespana.com\\\/noviasbaleares\\\/madrinas-con-mantilla\\\/#primaryimage\"},\"thumbnailUrl\":\"http:\\\/\\\/www.diariodeunanovia.com\\\/blog\\\/wp-content\\\/uploads\\\/sites\\\/5\\\/2011\\\/10\\\/mantilla-madrina-boda_6-199x300.jpg\",\"datePublished\":\"2011-11-03T07:00:52+00:00\",\"author\":{\"@id\":\"http:\\\/\\\/noviasespana.com\\\/noviasbaleares\\\/#\\\/schema\\\/person\\\/82ff6e303fad28e4da623aa4d27969ed\"},\"breadcrumb\":{\"@id\":\"http:\\\/\\\/noviasespana.com\\\/noviasbaleares\\\/madrinas-con-mantilla\\\/#breadcrumb\"},\"inLanguage\":\"es\",\"potentialAction\":[{\"@type\":\"ReadAction\",\"target\":[\"http:\\\/\\\/noviasespana.com\\\/noviasbaleares\\\/madrinas-con-mantilla\\\/\"]}]},{\"@type\":\"ImageObject\",\"inLanguage\":\"es\",\"@id\":\"http:\\\/\\\/noviasespana.com\\\/noviasbaleares\\\/madrinas-con-mantilla\\\/#primaryimage\",\"url\":\"http:\\\/\\\/www.diariodeunanovia.com\\\/blog\\\/wp-content\\\/uploads\\\/sites\\\/5\\\/2011\\\/10\\\/mantilla-madrina-boda_6-199x300.jpg\",\"contentUrl\":\"http:\\\/\\\/www.diariodeunanovia.com\\\/blog\\\/wp-content\\\/uploads\\\/sites\\\/5\\\/2011\\\/10\\\/mantilla-madrina-boda_6-199x300.jpg\"},{\"@type\":\"BreadcrumbList\",\"@id\":\"http:\\\/\\\/noviasespana.com\\\/noviasbaleares\\\/madrinas-con-mantilla\\\/#breadcrumb\",\"itemListElement\":[{\"@type\":\"ListItem\",\"position\":1,\"name\":\"Portada\",\"item\":\"http:\\\/\\\/noviasespana.com\\\/noviasbaleares\\\/\"},{\"@type\":\"ListItem\",\"position\":2,\"name\":\"Madrinas con mantilla\"}]},{\"@type\":\"WebSite\",\"@id\":\"http:\\\/\\\/noviasespana.com\\\/noviasbaleares\\\/#website\",\"url\":\"http:\\\/\\\/noviasespana.com\\\/noviasbaleares\\\/\",\"name\":\"Novias Baleares\",\"description\":\"Revista de novias\",\"potentialAction\":[{\"@type\":\"SearchAction\",\"target\":{\"@type\":\"EntryPoint\",\"urlTemplate\":\"http:\\\/\\\/noviasespana.com\\\/noviasbaleares\\\/?s={search_term_string}\"},\"query-input\":{\"@type\":\"PropertyValueSpecification\",\"valueRequired\":true,\"valueName\":\"search_term_string\"}}],\"inLanguage\":\"es\"},{\"@type\":\"Person\",\"@id\":\"http:\\\/\\\/noviasespana.com\\\/noviasbaleares\\\/#\\\/schema\\\/person\\\/82ff6e303fad28e4da623aa4d27969ed\",\"name\":\"admin\",\"image\":{\"@type\":\"ImageObject\",\"inLanguage\":\"es\",\"@id\":\"https:\\\/\\\/secure.gravatar.com\\\/avatar\\\/0f45231fddfb43fcbd0cdde4582a3580baf474d75fca7d494b42ff86847de871?s=96&d=mm&r=g\",\"url\":\"https:\\\/\\\/secure.gravatar.com\\\/avatar\\\/0f45231fddfb43fcbd0cdde4582a3580baf474d75fca7d494b42ff86847de871?s=96&d=mm&r=g\",\"contentUrl\":\"https:\\\/\\\/secure.gravatar.com\\\/avatar\\\/0f45231fddfb43fcbd0cdde4582a3580baf474d75fca7d494b42ff86847de871?s=96&d=mm&r=g\",\"caption\":\"admin\"},\"url\":\"http:\\\/\\\/noviasespana.com\\\/noviasbaleares\\\/author\\\/admin\\\/\"}]}<\/script>\n<!-- \/ Yoast SEO plugin. -->","yoast_head_json":{"title":"Madrinas con mantilla - Novias Baleares","robots":{"index":"index","follow":"follow","max-snippet":"max-snippet:-1","max-image-preview":"max-image-preview:large","max-video-preview":"max-video-preview:-1"},"canonical":"http:\/\/noviasespana.com\/noviasbaleares\/madrinas-con-mantilla\/","og_locale":"es_ES","og_type":"article","og_title":"Madrinas con mantilla - Novias Baleares","og_description":"La madrina es otra de las grandes protagonistas en una boda y desde luego su look\u00a0 debe estar a la altura de las circunstancias. \u00bfTraje largo o un dos piezas? \u00bfMantillas o tocado? Las dudas y las preguntas tambi\u00e9n se les amontonan a las madrinas y no es para menos, casan a su hijo y [&hellip;]","og_url":"http:\/\/noviasespana.com\/noviasbaleares\/madrinas-con-mantilla\/","og_site_name":"Novias Baleares","article_published_time":"2011-11-03T07:00:52+00:00","og_image":[{"url":"http:\/\/www.diariodeunanovia.com\/blog\/wp-content\/uploads\/sites\/5\/2011\/10\/mantilla-madrina-boda_6-199x300.jpg","type":"","width":"","height":""}],"author":"admin","twitter_misc":{"Escrito por":"admin","Tiempo de lectura":"2 minutos"},"schema":{"@context":"https:\/\/schema.org","@graph":[{"@type":"Article","@id":"http:\/\/noviasespana.com\/noviasbaleares\/madrinas-con-mantilla\/#article","isPartOf":{"@id":"http:\/\/noviasespana.com\/noviasbaleares\/madrinas-con-mantilla\/"},"author":{"name":"admin","@id":"http:\/\/noviasespana.com\/noviasbaleares\/#\/schema\/person\/82ff6e303fad28e4da623aa4d27969ed"},"headline":"Madrinas con mantilla","datePublished":"2011-11-03T07:00:52+00:00","mainEntityOfPage":{"@id":"http:\/\/noviasespana.com\/noviasbaleares\/madrinas-con-mantilla\/"},"wordCount":373,"commentCount":0,"image":{"@id":"http:\/\/noviasespana.com\/noviasbaleares\/madrinas-con-mantilla\/#primaryimage"},"thumbnailUrl":"http:\/\/www.diariodeunanovia.com\/blog\/wp-content\/uploads\/sites\/5\/2011\/10\/mantilla-madrina-boda_6-199x300.jpg","articleSection":["novias"],"inLanguage":"es","potentialAction":[{"@type":"CommentAction","name":"Comment","target":["http:\/\/noviasespana.com\/noviasbaleares\/madrinas-con-mantilla\/#respond"]}]},{"@type":"WebPage","@id":"http:\/\/noviasespana.com\/noviasbaleares\/madrinas-con-mantilla\/","url":"http:\/\/noviasespana.com\/noviasbaleares\/madrinas-con-mantilla\/","name":"Madrinas con mantilla - Novias Baleares","isPartOf":{"@id":"http:\/\/noviasespana.com\/noviasbaleares\/#website"},"primaryImageOfPage":{"@id":"http:\/\/noviasespana.com\/noviasbaleares\/madrinas-con-mantilla\/#primaryimage"},"image":{"@id":"http:\/\/noviasespana.com\/noviasbaleares\/madrinas-con-mantilla\/#primaryimage"},"thumbnailUrl":"http:\/\/www.diariodeunanovia.com\/blog\/wp-content\/uploads\/sites\/5\/2011\/10\/mantilla-madrina-boda_6-199x300.jpg","datePublished":"2011-11-03T07:00:52+00:00","author":{"@id":"http:\/\/noviasespana.com\/noviasbaleares\/#\/schema\/person\/82ff6e303fad28e4da623aa4d27969ed"},"breadcrumb":{"@id":"http:\/\/noviasespana.com\/noviasbaleares\/madrinas-con-mantilla\/#breadcrumb"},"inLanguage":"es","potentialAction":[{"@type":"ReadAction","target":["http:\/\/noviasespana.com\/noviasbaleares\/madrinas-con-mantilla\/"]}]},{"@type":"ImageObject","inLanguage":"es","@id":"http:\/\/noviasespana.com\/noviasbaleares\/madrinas-con-mantilla\/#primaryimage","url":"http:\/\/www.diariodeunanovia.com\/blog\/wp-content\/uploads\/sites\/5\/2011\/10\/mantilla-madrina-boda_6-199x300.jpg","contentUrl":"http:\/\/www.diariodeunanovia.com\/blog\/wp-content\/uploads\/sites\/5\/2011\/10\/mantilla-madrina-boda_6-199x300.jpg"},{"@type":"BreadcrumbList","@id":"http:\/\/noviasespana.com\/noviasbaleares\/madrinas-con-mantilla\/#breadcrumb","itemListElement":[{"@type":"ListItem","position":1,"name":"Portada","item":"http:\/\/noviasespana.com\/noviasbaleares\/"},{"@type":"ListItem","position":2,"name":"Madrinas con mantilla"}]},{"@type":"WebSite","@id":"http:\/\/noviasespana.com\/noviasbaleares\/#website","url":"http:\/\/noviasespana.com\/noviasbaleares\/","name":"Novias Baleares","description":"Revista de novias","potentialAction":[{"@type":"SearchAction","target":{"@type":"EntryPoint","urlTemplate":"http:\/\/noviasespana.com\/noviasbaleares\/?s={search_term_string}"},"query-input":{"@type":"PropertyValueSpecification","valueRequired":true,"valueName":"search_term_string"}}],"inLanguage":"es"},{"@type":"Person","@id":"http:\/\/noviasespana.com\/noviasbaleares\/#\/schema\/person\/82ff6e303fad28e4da623aa4d27969ed","name":"admin","image":{"@type":"ImageObject","inLanguage":"es","@id":"https:\/\/secure.gravatar.com\/avatar\/0f45231fddfb43fcbd0cdde4582a3580baf474d75fca7d494b42ff86847de871?s=96&d=mm&r=g","url":"https:\/\/secure.gravatar.com\/avatar\/0f45231fddfb43fcbd0cdde4582a3580baf474d75fca7d494b42ff86847de871?s=96&d=mm&r=g","contentUrl":"https:\/\/secure.gravatar.com\/avatar\/0f45231fddfb43fcbd0cdde4582a3580baf474d75fca7d494b42ff86847de871?s=96&d=mm&r=g","caption":"admin"},"url":"http:\/\/noviasespana.com\/noviasbaleares\/author\/admin\/"}]}},"jetpack_featured_media_url":"","jetpack_sharing_enabled":true,"jetpack_shortlink":"https:\/\/wp.me\/p5Hg6P-VD","jetpack_likes_enabled":true,"_links":{"self":[{"href":"http:\/\/noviasespana.com\/noviasbaleares\/wp-json\/wp\/v2\/posts\/3573","targetHints":{"allow":["GET"]}}],"collection":[{"href":"http:\/\/noviasespana.com\/noviasbaleares\/wp-json\/wp\/v2\/posts"}],"about":[{"href":"http:\/\/noviasespana.com\/noviasbaleares\/wp-json\/wp\/v2\/types\/post"}],"author":[{"embeddable":true,"href":"http:\/\/noviasespana.com\/noviasbaleares\/wp-json\/wp\/v2\/users\/2"}],"replies":[{"embeddable":true,"href":"http:\/\/noviasespana.com\/noviasbaleares\/wp-json\/wp\/v2\/comments?post=3573"}],"version-history":[{"count":0,"href":"http:\/\/noviasespana.com\/noviasbaleares\/wp-json\/wp\/v2\/posts\/3573\/revisions"}],"wp:attachment":[{"href":"http:\/\/noviasespana.com\/noviasbaleares\/wp-json\/wp\/v2\/media?parent=3573"}],"wp:term":[{"taxonomy":"category","embeddable":true,"href":"http:\/\/noviasespana.com\/noviasbaleares\/wp-json\/wp\/v2\/categories?post=3573"},{"taxonomy":"post_tag","embeddable":true,"href":"http:\/\/noviasespana.com\/noviasbaleares\/wp-json\/wp\/v2\/tags?post=3573"}],"curies":[{"name":"wp","href":"https:\/\/api.w.org\/{rel}","templated":true}]}}