{"id":3569,"date":"2011-11-02T09:03:56","date_gmt":"2011-11-02T07:03:56","guid":{"rendered":"http:\/\/www.diariodeunanovia.com\/blog\/?p=3569"},"modified":"2011-11-02T09:03:56","modified_gmt":"2011-11-02T07:03:56","slug":"las-novias-de-negro-vera-wang","status":"publish","type":"post","link":"http:\/\/noviasespana.com\/noviasbaleares\/las-novias-de-negro-vera-wang\/","title":{"rendered":"Las novias de negro Vera Wang"},"content":{"rendered":"<p style=\"text-align: center\"><img data-recalc-dims=\"1\" loading=\"lazy\" decoding=\"async\" class=\"size-medium wp-image-3570  aligncenter\" title=\"novias-vera-02-z\" src=\"https:\/\/i0.wp.com\/www.diariodeunanovia.com\/blog\/wp-content\/uploads\/sites\/5\/2011\/10\/novias-vera-02-z-300x289.jpg?resize=300%2C289\" alt=\"novias-vera-02-z\" width=\"300\" height=\"289\" \/><\/p>\n<p>Me encanta <strong>Vera Wang<\/strong>. Su estilo marca tendencia y es que los dise\u00f1os de esta neoyorquina de origen chino son muy del gusto de las <em>celebrities<\/em> y perfectos para la alfombra roja. Adem\u00e1s, es precisamente en su colecci\u00f3n de novia donde Vera Wang tiene su punto fuerte y sus looks son inspiraci\u00f3n<em> <\/em>para las novias m\u00e1s chic y <em>glamurosas<\/em> del mundo entero. Por eso su colecci\u00f3n nupcial oto\u00f1o-invierno 2012 me ha dejado con la boca abierta. <strong>Nada de blanco, pasteles o empolvados, sus novias se visten de caramelo y negro con sofisticados vestidos para novias fuertes y amantes de las tendencias<\/strong>. Predomina <strong>el estilo bailarina y las faldas de tul de gran volumen combinadas con cuerpos de ondas. Una sorprendente colecci\u00f3n de oto\u00f1o que se present\u00f3 hace escasos d\u00edas en Nueva York a \u00a0modo de peque\u00f1o adelanto de la New York Bridal Week de abril<\/strong>. Parece que la tendencias de los dise\u00f1adores va hacia crear dos colecciones de novias al a\u00f1o, ya que cada vez son m\u00e1s las parejas que se casan fuera de la tradicional temporada de bodas. Estas colecciones \u201cde oto\u00f1o\u201d tiene por lo tanto como objetivo vestir a las novias que deciden casarse fuera de la temporada de bodas tradicional y desde luego con estos vestidos de boda tradicional nada de nada \u00bfno os parecen?\u00bfOs gustan?, \u00bfOs casar\u00edais con un de estos vestidos negros?<\/p>\n<p>Fuente: hola.com<\/p>\n","protected":false},"excerpt":{"rendered":"<p>Me encanta Vera Wang. Su estilo marca tendencia y es que los dise\u00f1os de esta neoyorquina de origen chino son muy del gusto de las celebrities y perfectos para la alfombra roja. Adem\u00e1s, es precisamente en su colecci\u00f3n de novia donde Vera Wang tiene su punto fuerte y sus looks son inspiraci\u00f3n para las novias [&hellip;]<\/p>\n","protected":false},"author":2,"featured_media":0,"comment_status":"open","ping_status":"open","sticky":false,"template":"","format":"standard","meta":{"jetpack_post_was_ever_published":false,"_jetpack_newsletter_access":"","_jetpack_dont_email_post_to_subs":false,"_jetpack_newsletter_tier_id":0,"_jetpack_memberships_contains_paywalled_content":false,"_jetpack_memberships_contains_paid_content":false,"footnotes":""},"categories":[1],"tags":[],"class_list":["post-3569","post","type-post","status-publish","format-standard","hentry","category-novias"],"yoast_head":"<!-- This site is optimized with the Yoast SEO plugin v27.5 - https:\/\/yoast.com\/product\/yoast-seo-wordpress\/ -->\n<title>Las novias de negro Vera Wang - Novias Baleares<\/title>\n<meta name=\"robots\" content=\"index, follow, max-snippet:-1, max-image-preview:large, max-video-preview:-1\" \/>\n<link rel=\"canonical\" href=\"http:\/\/noviasespana.com\/noviasbaleares\/las-novias-de-negro-vera-wang\/\" \/>\n<meta property=\"og:locale\" content=\"es_ES\" \/>\n<meta property=\"og:type\" content=\"article\" \/>\n<meta property=\"og:title\" content=\"Las novias de negro Vera Wang - Novias Baleares\" \/>\n<meta property=\"og:description\" content=\"Me encanta Vera Wang. Su estilo marca tendencia y es que los dise\u00f1os de esta neoyorquina de origen chino son muy del gusto de las celebrities y perfectos para la alfombra roja. Adem\u00e1s, es precisamente en su colecci\u00f3n de novia donde Vera Wang tiene su punto fuerte y sus looks son inspiraci\u00f3n para las novias [&hellip;]\" \/>\n<meta property=\"og:url\" content=\"http:\/\/noviasespana.com\/noviasbaleares\/las-novias-de-negro-vera-wang\/\" \/>\n<meta property=\"og:site_name\" content=\"Novias Baleares\" \/>\n<meta property=\"article:published_time\" content=\"2011-11-02T07:03:56+00:00\" \/>\n<meta property=\"og:image\" content=\"http:\/\/www.diariodeunanovia.com\/blog\/wp-content\/uploads\/sites\/5\/2011\/10\/novias-vera-02-z-300x289.jpg\" \/>\n<meta name=\"author\" content=\"admin\" \/>\n<meta name=\"twitter:label1\" content=\"Escrito por\" \/>\n\t<meta name=\"twitter:data1\" content=\"admin\" \/>\n\t<meta name=\"twitter:label2\" content=\"Tiempo de lectura\" \/>\n\t<meta name=\"twitter:data2\" content=\"1 minuto\" \/>\n<script type=\"application\/ld+json\" class=\"yoast-schema-graph\">{\"@context\":\"https:\\\/\\\/schema.org\",\"@graph\":[{\"@type\":\"Article\",\"@id\":\"http:\\\/\\\/noviasespana.com\\\/noviasbaleares\\\/las-novias-de-negro-vera-wang\\\/#article\",\"isPartOf\":{\"@id\":\"http:\\\/\\\/noviasespana.com\\\/noviasbaleares\\\/las-novias-de-negro-vera-wang\\\/\"},\"author\":{\"name\":\"admin\",\"@id\":\"http:\\\/\\\/noviasespana.com\\\/noviasbaleares\\\/#\\\/schema\\\/person\\\/82ff6e303fad28e4da623aa4d27969ed\"},\"headline\":\"Las novias de negro Vera Wang\",\"datePublished\":\"2011-11-02T07:03:56+00:00\",\"mainEntityOfPage\":{\"@id\":\"http:\\\/\\\/noviasespana.com\\\/noviasbaleares\\\/las-novias-de-negro-vera-wang\\\/\"},\"wordCount\":252,\"commentCount\":0,\"image\":{\"@id\":\"http:\\\/\\\/noviasespana.com\\\/noviasbaleares\\\/las-novias-de-negro-vera-wang\\\/#primaryimage\"},\"thumbnailUrl\":\"http:\\\/\\\/www.diariodeunanovia.com\\\/blog\\\/wp-content\\\/uploads\\\/sites\\\/5\\\/2011\\\/10\\\/novias-vera-02-z-300x289.jpg\",\"articleSection\":[\"novias\"],\"inLanguage\":\"es\",\"potentialAction\":[{\"@type\":\"CommentAction\",\"name\":\"Comment\",\"target\":[\"http:\\\/\\\/noviasespana.com\\\/noviasbaleares\\\/las-novias-de-negro-vera-wang\\\/#respond\"]}]},{\"@type\":\"WebPage\",\"@id\":\"http:\\\/\\\/noviasespana.com\\\/noviasbaleares\\\/las-novias-de-negro-vera-wang\\\/\",\"url\":\"http:\\\/\\\/noviasespana.com\\\/noviasbaleares\\\/las-novias-de-negro-vera-wang\\\/\",\"name\":\"Las novias de negro Vera Wang - Novias Baleares\",\"isPartOf\":{\"@id\":\"http:\\\/\\\/noviasespana.com\\\/noviasbaleares\\\/#website\"},\"primaryImageOfPage\":{\"@id\":\"http:\\\/\\\/noviasespana.com\\\/noviasbaleares\\\/las-novias-de-negro-vera-wang\\\/#primaryimage\"},\"image\":{\"@id\":\"http:\\\/\\\/noviasespana.com\\\/noviasbaleares\\\/las-novias-de-negro-vera-wang\\\/#primaryimage\"},\"thumbnailUrl\":\"http:\\\/\\\/www.diariodeunanovia.com\\\/blog\\\/wp-content\\\/uploads\\\/sites\\\/5\\\/2011\\\/10\\\/novias-vera-02-z-300x289.jpg\",\"datePublished\":\"2011-11-02T07:03:56+00:00\",\"author\":{\"@id\":\"http:\\\/\\\/noviasespana.com\\\/noviasbaleares\\\/#\\\/schema\\\/person\\\/82ff6e303fad28e4da623aa4d27969ed\"},\"breadcrumb\":{\"@id\":\"http:\\\/\\\/noviasespana.com\\\/noviasbaleares\\\/las-novias-de-negro-vera-wang\\\/#breadcrumb\"},\"inLanguage\":\"es\",\"potentialAction\":[{\"@type\":\"ReadAction\",\"target\":[\"http:\\\/\\\/noviasespana.com\\\/noviasbaleares\\\/las-novias-de-negro-vera-wang\\\/\"]}]},{\"@type\":\"ImageObject\",\"inLanguage\":\"es\",\"@id\":\"http:\\\/\\\/noviasespana.com\\\/noviasbaleares\\\/las-novias-de-negro-vera-wang\\\/#primaryimage\",\"url\":\"http:\\\/\\\/www.diariodeunanovia.com\\\/blog\\\/wp-content\\\/uploads\\\/sites\\\/5\\\/2011\\\/10\\\/novias-vera-02-z-300x289.jpg\",\"contentUrl\":\"http:\\\/\\\/www.diariodeunanovia.com\\\/blog\\\/wp-content\\\/uploads\\\/sites\\\/5\\\/2011\\\/10\\\/novias-vera-02-z-300x289.jpg\"},{\"@type\":\"BreadcrumbList\",\"@id\":\"http:\\\/\\\/noviasespana.com\\\/noviasbaleares\\\/las-novias-de-negro-vera-wang\\\/#breadcrumb\",\"itemListElement\":[{\"@type\":\"ListItem\",\"position\":1,\"name\":\"Portada\",\"item\":\"http:\\\/\\\/noviasespana.com\\\/noviasbaleares\\\/\"},{\"@type\":\"ListItem\",\"position\":2,\"name\":\"Las novias de negro Vera Wang\"}]},{\"@type\":\"WebSite\",\"@id\":\"http:\\\/\\\/noviasespana.com\\\/noviasbaleares\\\/#website\",\"url\":\"http:\\\/\\\/noviasespana.com\\\/noviasbaleares\\\/\",\"name\":\"Novias Baleares\",\"description\":\"Revista de novias\",\"potentialAction\":[{\"@type\":\"SearchAction\",\"target\":{\"@type\":\"EntryPoint\",\"urlTemplate\":\"http:\\\/\\\/noviasespana.com\\\/noviasbaleares\\\/?s={search_term_string}\"},\"query-input\":{\"@type\":\"PropertyValueSpecification\",\"valueRequired\":true,\"valueName\":\"search_term_string\"}}],\"inLanguage\":\"es\"},{\"@type\":\"Person\",\"@id\":\"http:\\\/\\\/noviasespana.com\\\/noviasbaleares\\\/#\\\/schema\\\/person\\\/82ff6e303fad28e4da623aa4d27969ed\",\"name\":\"admin\",\"image\":{\"@type\":\"ImageObject\",\"inLanguage\":\"es\",\"@id\":\"https:\\\/\\\/secure.gravatar.com\\\/avatar\\\/0f45231fddfb43fcbd0cdde4582a3580baf474d75fca7d494b42ff86847de871?s=96&d=mm&r=g\",\"url\":\"https:\\\/\\\/secure.gravatar.com\\\/avatar\\\/0f45231fddfb43fcbd0cdde4582a3580baf474d75fca7d494b42ff86847de871?s=96&d=mm&r=g\",\"contentUrl\":\"https:\\\/\\\/secure.gravatar.com\\\/avatar\\\/0f45231fddfb43fcbd0cdde4582a3580baf474d75fca7d494b42ff86847de871?s=96&d=mm&r=g\",\"caption\":\"admin\"},\"url\":\"http:\\\/\\\/noviasespana.com\\\/noviasbaleares\\\/author\\\/admin\\\/\"}]}<\/script>\n<!-- \/ Yoast SEO plugin. -->","yoast_head_json":{"title":"Las novias de negro Vera Wang - Novias Baleares","robots":{"index":"index","follow":"follow","max-snippet":"max-snippet:-1","max-image-preview":"max-image-preview:large","max-video-preview":"max-video-preview:-1"},"canonical":"http:\/\/noviasespana.com\/noviasbaleares\/las-novias-de-negro-vera-wang\/","og_locale":"es_ES","og_type":"article","og_title":"Las novias de negro Vera Wang - Novias Baleares","og_description":"Me encanta Vera Wang. Su estilo marca tendencia y es que los dise\u00f1os de esta neoyorquina de origen chino son muy del gusto de las celebrities y perfectos para la alfombra roja. Adem\u00e1s, es precisamente en su colecci\u00f3n de novia donde Vera Wang tiene su punto fuerte y sus looks son inspiraci\u00f3n para las novias [&hellip;]","og_url":"http:\/\/noviasespana.com\/noviasbaleares\/las-novias-de-negro-vera-wang\/","og_site_name":"Novias Baleares","article_published_time":"2011-11-02T07:03:56+00:00","og_image":[{"url":"http:\/\/www.diariodeunanovia.com\/blog\/wp-content\/uploads\/sites\/5\/2011\/10\/novias-vera-02-z-300x289.jpg","type":"","width":"","height":""}],"author":"admin","twitter_misc":{"Escrito por":"admin","Tiempo de lectura":"1 minuto"},"schema":{"@context":"https:\/\/schema.org","@graph":[{"@type":"Article","@id":"http:\/\/noviasespana.com\/noviasbaleares\/las-novias-de-negro-vera-wang\/#article","isPartOf":{"@id":"http:\/\/noviasespana.com\/noviasbaleares\/las-novias-de-negro-vera-wang\/"},"author":{"name":"admin","@id":"http:\/\/noviasespana.com\/noviasbaleares\/#\/schema\/person\/82ff6e303fad28e4da623aa4d27969ed"},"headline":"Las novias de negro Vera Wang","datePublished":"2011-11-02T07:03:56+00:00","mainEntityOfPage":{"@id":"http:\/\/noviasespana.com\/noviasbaleares\/las-novias-de-negro-vera-wang\/"},"wordCount":252,"commentCount":0,"image":{"@id":"http:\/\/noviasespana.com\/noviasbaleares\/las-novias-de-negro-vera-wang\/#primaryimage"},"thumbnailUrl":"http:\/\/www.diariodeunanovia.com\/blog\/wp-content\/uploads\/sites\/5\/2011\/10\/novias-vera-02-z-300x289.jpg","articleSection":["novias"],"inLanguage":"es","potentialAction":[{"@type":"CommentAction","name":"Comment","target":["http:\/\/noviasespana.com\/noviasbaleares\/las-novias-de-negro-vera-wang\/#respond"]}]},{"@type":"WebPage","@id":"http:\/\/noviasespana.com\/noviasbaleares\/las-novias-de-negro-vera-wang\/","url":"http:\/\/noviasespana.com\/noviasbaleares\/las-novias-de-negro-vera-wang\/","name":"Las novias de negro Vera Wang - Novias Baleares","isPartOf":{"@id":"http:\/\/noviasespana.com\/noviasbaleares\/#website"},"primaryImageOfPage":{"@id":"http:\/\/noviasespana.com\/noviasbaleares\/las-novias-de-negro-vera-wang\/#primaryimage"},"image":{"@id":"http:\/\/noviasespana.com\/noviasbaleares\/las-novias-de-negro-vera-wang\/#primaryimage"},"thumbnailUrl":"http:\/\/www.diariodeunanovia.com\/blog\/wp-content\/uploads\/sites\/5\/2011\/10\/novias-vera-02-z-300x289.jpg","datePublished":"2011-11-02T07:03:56+00:00","author":{"@id":"http:\/\/noviasespana.com\/noviasbaleares\/#\/schema\/person\/82ff6e303fad28e4da623aa4d27969ed"},"breadcrumb":{"@id":"http:\/\/noviasespana.com\/noviasbaleares\/las-novias-de-negro-vera-wang\/#breadcrumb"},"inLanguage":"es","potentialAction":[{"@type":"ReadAction","target":["http:\/\/noviasespana.com\/noviasbaleares\/las-novias-de-negro-vera-wang\/"]}]},{"@type":"ImageObject","inLanguage":"es","@id":"http:\/\/noviasespana.com\/noviasbaleares\/las-novias-de-negro-vera-wang\/#primaryimage","url":"http:\/\/www.diariodeunanovia.com\/blog\/wp-content\/uploads\/sites\/5\/2011\/10\/novias-vera-02-z-300x289.jpg","contentUrl":"http:\/\/www.diariodeunanovia.com\/blog\/wp-content\/uploads\/sites\/5\/2011\/10\/novias-vera-02-z-300x289.jpg"},{"@type":"BreadcrumbList","@id":"http:\/\/noviasespana.com\/noviasbaleares\/las-novias-de-negro-vera-wang\/#breadcrumb","itemListElement":[{"@type":"ListItem","position":1,"name":"Portada","item":"http:\/\/noviasespana.com\/noviasbaleares\/"},{"@type":"ListItem","position":2,"name":"Las novias de negro Vera Wang"}]},{"@type":"WebSite","@id":"http:\/\/noviasespana.com\/noviasbaleares\/#website","url":"http:\/\/noviasespana.com\/noviasbaleares\/","name":"Novias Baleares","description":"Revista de novias","potentialAction":[{"@type":"SearchAction","target":{"@type":"EntryPoint","urlTemplate":"http:\/\/noviasespana.com\/noviasbaleares\/?s={search_term_string}"},"query-input":{"@type":"PropertyValueSpecification","valueRequired":true,"valueName":"search_term_string"}}],"inLanguage":"es"},{"@type":"Person","@id":"http:\/\/noviasespana.com\/noviasbaleares\/#\/schema\/person\/82ff6e303fad28e4da623aa4d27969ed","name":"admin","image":{"@type":"ImageObject","inLanguage":"es","@id":"https:\/\/secure.gravatar.com\/avatar\/0f45231fddfb43fcbd0cdde4582a3580baf474d75fca7d494b42ff86847de871?s=96&d=mm&r=g","url":"https:\/\/secure.gravatar.com\/avatar\/0f45231fddfb43fcbd0cdde4582a3580baf474d75fca7d494b42ff86847de871?s=96&d=mm&r=g","contentUrl":"https:\/\/secure.gravatar.com\/avatar\/0f45231fddfb43fcbd0cdde4582a3580baf474d75fca7d494b42ff86847de871?s=96&d=mm&r=g","caption":"admin"},"url":"http:\/\/noviasespana.com\/noviasbaleares\/author\/admin\/"}]}},"jetpack_featured_media_url":"","jetpack_sharing_enabled":true,"jetpack_shortlink":"https:\/\/wp.me\/p5Hg6P-Vz","jetpack_likes_enabled":true,"_links":{"self":[{"href":"http:\/\/noviasespana.com\/noviasbaleares\/wp-json\/wp\/v2\/posts\/3569","targetHints":{"allow":["GET"]}}],"collection":[{"href":"http:\/\/noviasespana.com\/noviasbaleares\/wp-json\/wp\/v2\/posts"}],"about":[{"href":"http:\/\/noviasespana.com\/noviasbaleares\/wp-json\/wp\/v2\/types\/post"}],"author":[{"embeddable":true,"href":"http:\/\/noviasespana.com\/noviasbaleares\/wp-json\/wp\/v2\/users\/2"}],"replies":[{"embeddable":true,"href":"http:\/\/noviasespana.com\/noviasbaleares\/wp-json\/wp\/v2\/comments?post=3569"}],"version-history":[{"count":0,"href":"http:\/\/noviasespana.com\/noviasbaleares\/wp-json\/wp\/v2\/posts\/3569\/revisions"}],"wp:attachment":[{"href":"http:\/\/noviasespana.com\/noviasbaleares\/wp-json\/wp\/v2\/media?parent=3569"}],"wp:term":[{"taxonomy":"category","embeddable":true,"href":"http:\/\/noviasespana.com\/noviasbaleares\/wp-json\/wp\/v2\/categories?post=3569"},{"taxonomy":"post_tag","embeddable":true,"href":"http:\/\/noviasespana.com\/noviasbaleares\/wp-json\/wp\/v2\/tags?post=3569"}],"curies":[{"name":"wp","href":"https:\/\/api.w.org\/{rel}","templated":true}]}}