{"id":3547,"date":"2011-10-21T09:00:26","date_gmt":"2011-10-21T07:00:26","guid":{"rendered":"http:\/\/www.diariodeunanovia.com\/blog\/?p=3547"},"modified":"2011-10-21T09:00:26","modified_gmt":"2011-10-21T07:00:26","slug":"los-munecos-de-la-tarta","status":"publish","type":"post","link":"http:\/\/noviasespana.com\/noviasbaleares\/los-munecos-de-la-tarta\/","title":{"rendered":"Los mu\u00f1ecos de la tarta"},"content":{"rendered":"<p style=\"text-align: center\"><img data-recalc-dims=\"1\" loading=\"lazy\" decoding=\"async\" class=\"size-full wp-image-3548  aligncenter\" title=\"Blog DUN21\" src=\"https:\/\/i0.wp.com\/www.diariodeunanovia.com\/blog\/wp-content\/uploads\/sites\/5\/2011\/10\/Blog-DUN21.jpg?resize=300%2C225\" alt=\"Blog DUN21\" width=\"300\" height=\"225\" \/><\/p>\n<p>Una de las cosas que tradicionalmente m\u00e1s <em>hortera<\/em> se considera en una boda son los mu\u00f1ecos de la tarta. \u00a0<strong>Pero cada d\u00eda hay m\u00e1s opciones para que esta tradicional figura deje de ser un peque\u00f1o horror que termina quien sabe d\u00f3nde, y pase a ser\u00a0 un maravilloso recuerdo del que nunca querr\u00e9is deshaceros.<\/strong>\u00a0 Lo que sucede es que tradicionalmente esta figurita la pone el restaurante o la empresa de catering sin participaci\u00f3n de los novios, \u00a0y en algunos casos son de una calidad tan terrible que afean la tarta y con ello la boda. Por eso mucha gente se pone mala al pensar en estos personajillos. Pero todo esto puede cambiar si le prest\u00e1is un poco de atenci\u00f3n y sois vosotros mismos los que busc\u00e1is la figurita m\u00e1s adecuada a vuestra boda. <strong>Desde recortables a robots, pasando por mu\u00f1ecos personalizados y divertidos pajaritos, simp\u00e1ticos paymobil o algo tan sencillo como dos palitos y un peque\u00f1o cartel con vuestros nombres todo vale, la imaginaci\u00f3n es el l\u00edmite<\/strong>. <strong>Cambiar el \u00a0concepto de mu\u00f1ecos para la tarta esta en vuestra mano, si busc\u00e1is un poco seguro encontr\u00e1is la figura que consiga hacer sonre\u00edr a vuestros y desear ser los afortunados a los que regal\u00e9is este detalle.<\/strong><\/p>\n<p>\u00a0Fotos via: <a href=\"http:\/\/www.tulyflores.com\">www.tulyflores.com<\/a><\/p>\n","protected":false},"excerpt":{"rendered":"<p>Una de las cosas que tradicionalmente m\u00e1s hortera se considera en una boda son los mu\u00f1ecos de la tarta. \u00a0Pero cada d\u00eda hay m\u00e1s opciones para que esta tradicional figura deje de ser un peque\u00f1o horror que termina quien sabe d\u00f3nde, y pase a ser\u00a0 un maravilloso recuerdo del que nunca querr\u00e9is deshaceros.\u00a0 Lo que [&hellip;]<\/p>\n","protected":false},"author":2,"featured_media":0,"comment_status":"open","ping_status":"open","sticky":false,"template":"","format":"standard","meta":{"jetpack_post_was_ever_published":false,"_jetpack_newsletter_access":"","_jetpack_dont_email_post_to_subs":false,"_jetpack_newsletter_tier_id":0,"_jetpack_memberships_contains_paywalled_content":false,"_jetpack_memberships_contains_paid_content":false,"footnotes":""},"categories":[1],"tags":[],"class_list":["post-3547","post","type-post","status-publish","format-standard","hentry","category-novias"],"yoast_head":"<!-- This site is optimized with the Yoast SEO plugin v27.5 - https:\/\/yoast.com\/product\/yoast-seo-wordpress\/ -->\n<title>Los mu\u00f1ecos de la tarta - Novias Baleares<\/title>\n<meta name=\"robots\" content=\"index, follow, max-snippet:-1, max-image-preview:large, max-video-preview:-1\" \/>\n<link rel=\"canonical\" href=\"http:\/\/noviasespana.com\/noviasbaleares\/los-munecos-de-la-tarta\/\" \/>\n<meta property=\"og:locale\" content=\"es_ES\" \/>\n<meta property=\"og:type\" content=\"article\" \/>\n<meta property=\"og:title\" content=\"Los mu\u00f1ecos de la tarta - Novias Baleares\" \/>\n<meta property=\"og:description\" content=\"Una de las cosas que tradicionalmente m\u00e1s hortera se considera en una boda son los mu\u00f1ecos de la tarta. \u00a0Pero cada d\u00eda hay m\u00e1s opciones para que esta tradicional figura deje de ser un peque\u00f1o horror que termina quien sabe d\u00f3nde, y pase a ser\u00a0 un maravilloso recuerdo del que nunca querr\u00e9is deshaceros.\u00a0 Lo que [&hellip;]\" \/>\n<meta property=\"og:url\" content=\"http:\/\/noviasespana.com\/noviasbaleares\/los-munecos-de-la-tarta\/\" \/>\n<meta property=\"og:site_name\" content=\"Novias Baleares\" \/>\n<meta property=\"article:published_time\" content=\"2011-10-21T07:00:26+00:00\" \/>\n<meta property=\"og:image\" content=\"http:\/\/www.diariodeunanovia.com\/blog\/wp-content\/uploads\/sites\/5\/2011\/10\/Blog-DUN21.jpg\" \/>\n<meta name=\"author\" content=\"admin\" \/>\n<meta name=\"twitter:label1\" content=\"Escrito por\" \/>\n\t<meta name=\"twitter:data1\" content=\"admin\" \/>\n\t<meta name=\"twitter:label2\" content=\"Tiempo de lectura\" \/>\n\t<meta name=\"twitter:data2\" content=\"1 minuto\" \/>\n<script type=\"application\/ld+json\" class=\"yoast-schema-graph\">{\"@context\":\"https:\\\/\\\/schema.org\",\"@graph\":[{\"@type\":\"Article\",\"@id\":\"http:\\\/\\\/noviasespana.com\\\/noviasbaleares\\\/los-munecos-de-la-tarta\\\/#article\",\"isPartOf\":{\"@id\":\"http:\\\/\\\/noviasespana.com\\\/noviasbaleares\\\/los-munecos-de-la-tarta\\\/\"},\"author\":{\"name\":\"admin\",\"@id\":\"http:\\\/\\\/noviasespana.com\\\/noviasbaleares\\\/#\\\/schema\\\/person\\\/82ff6e303fad28e4da623aa4d27969ed\"},\"headline\":\"Los mu\u00f1ecos de la tarta\",\"datePublished\":\"2011-10-21T07:00:26+00:00\",\"mainEntityOfPage\":{\"@id\":\"http:\\\/\\\/noviasespana.com\\\/noviasbaleares\\\/los-munecos-de-la-tarta\\\/\"},\"wordCount\":236,\"commentCount\":0,\"image\":{\"@id\":\"http:\\\/\\\/noviasespana.com\\\/noviasbaleares\\\/los-munecos-de-la-tarta\\\/#primaryimage\"},\"thumbnailUrl\":\"http:\\\/\\\/www.diariodeunanovia.com\\\/blog\\\/wp-content\\\/uploads\\\/sites\\\/5\\\/2011\\\/10\\\/Blog-DUN21.jpg\",\"articleSection\":[\"novias\"],\"inLanguage\":\"es\",\"potentialAction\":[{\"@type\":\"CommentAction\",\"name\":\"Comment\",\"target\":[\"http:\\\/\\\/noviasespana.com\\\/noviasbaleares\\\/los-munecos-de-la-tarta\\\/#respond\"]}]},{\"@type\":\"WebPage\",\"@id\":\"http:\\\/\\\/noviasespana.com\\\/noviasbaleares\\\/los-munecos-de-la-tarta\\\/\",\"url\":\"http:\\\/\\\/noviasespana.com\\\/noviasbaleares\\\/los-munecos-de-la-tarta\\\/\",\"name\":\"Los mu\u00f1ecos de la tarta - Novias Baleares\",\"isPartOf\":{\"@id\":\"http:\\\/\\\/noviasespana.com\\\/noviasbaleares\\\/#website\"},\"primaryImageOfPage\":{\"@id\":\"http:\\\/\\\/noviasespana.com\\\/noviasbaleares\\\/los-munecos-de-la-tarta\\\/#primaryimage\"},\"image\":{\"@id\":\"http:\\\/\\\/noviasespana.com\\\/noviasbaleares\\\/los-munecos-de-la-tarta\\\/#primaryimage\"},\"thumbnailUrl\":\"http:\\\/\\\/www.diariodeunanovia.com\\\/blog\\\/wp-content\\\/uploads\\\/sites\\\/5\\\/2011\\\/10\\\/Blog-DUN21.jpg\",\"datePublished\":\"2011-10-21T07:00:26+00:00\",\"author\":{\"@id\":\"http:\\\/\\\/noviasespana.com\\\/noviasbaleares\\\/#\\\/schema\\\/person\\\/82ff6e303fad28e4da623aa4d27969ed\"},\"breadcrumb\":{\"@id\":\"http:\\\/\\\/noviasespana.com\\\/noviasbaleares\\\/los-munecos-de-la-tarta\\\/#breadcrumb\"},\"inLanguage\":\"es\",\"potentialAction\":[{\"@type\":\"ReadAction\",\"target\":[\"http:\\\/\\\/noviasespana.com\\\/noviasbaleares\\\/los-munecos-de-la-tarta\\\/\"]}]},{\"@type\":\"ImageObject\",\"inLanguage\":\"es\",\"@id\":\"http:\\\/\\\/noviasespana.com\\\/noviasbaleares\\\/los-munecos-de-la-tarta\\\/#primaryimage\",\"url\":\"http:\\\/\\\/www.diariodeunanovia.com\\\/blog\\\/wp-content\\\/uploads\\\/sites\\\/5\\\/2011\\\/10\\\/Blog-DUN21.jpg\",\"contentUrl\":\"http:\\\/\\\/www.diariodeunanovia.com\\\/blog\\\/wp-content\\\/uploads\\\/sites\\\/5\\\/2011\\\/10\\\/Blog-DUN21.jpg\"},{\"@type\":\"BreadcrumbList\",\"@id\":\"http:\\\/\\\/noviasespana.com\\\/noviasbaleares\\\/los-munecos-de-la-tarta\\\/#breadcrumb\",\"itemListElement\":[{\"@type\":\"ListItem\",\"position\":1,\"name\":\"Portada\",\"item\":\"http:\\\/\\\/noviasespana.com\\\/noviasbaleares\\\/\"},{\"@type\":\"ListItem\",\"position\":2,\"name\":\"Los mu\u00f1ecos de la tarta\"}]},{\"@type\":\"WebSite\",\"@id\":\"http:\\\/\\\/noviasespana.com\\\/noviasbaleares\\\/#website\",\"url\":\"http:\\\/\\\/noviasespana.com\\\/noviasbaleares\\\/\",\"name\":\"Novias Baleares\",\"description\":\"Revista de novias\",\"potentialAction\":[{\"@type\":\"SearchAction\",\"target\":{\"@type\":\"EntryPoint\",\"urlTemplate\":\"http:\\\/\\\/noviasespana.com\\\/noviasbaleares\\\/?s={search_term_string}\"},\"query-input\":{\"@type\":\"PropertyValueSpecification\",\"valueRequired\":true,\"valueName\":\"search_term_string\"}}],\"inLanguage\":\"es\"},{\"@type\":\"Person\",\"@id\":\"http:\\\/\\\/noviasespana.com\\\/noviasbaleares\\\/#\\\/schema\\\/person\\\/82ff6e303fad28e4da623aa4d27969ed\",\"name\":\"admin\",\"image\":{\"@type\":\"ImageObject\",\"inLanguage\":\"es\",\"@id\":\"https:\\\/\\\/secure.gravatar.com\\\/avatar\\\/0f45231fddfb43fcbd0cdde4582a3580baf474d75fca7d494b42ff86847de871?s=96&d=mm&r=g\",\"url\":\"https:\\\/\\\/secure.gravatar.com\\\/avatar\\\/0f45231fddfb43fcbd0cdde4582a3580baf474d75fca7d494b42ff86847de871?s=96&d=mm&r=g\",\"contentUrl\":\"https:\\\/\\\/secure.gravatar.com\\\/avatar\\\/0f45231fddfb43fcbd0cdde4582a3580baf474d75fca7d494b42ff86847de871?s=96&d=mm&r=g\",\"caption\":\"admin\"},\"url\":\"http:\\\/\\\/noviasespana.com\\\/noviasbaleares\\\/author\\\/admin\\\/\"}]}<\/script>\n<!-- \/ Yoast SEO plugin. -->","yoast_head_json":{"title":"Los mu\u00f1ecos de la tarta - Novias Baleares","robots":{"index":"index","follow":"follow","max-snippet":"max-snippet:-1","max-image-preview":"max-image-preview:large","max-video-preview":"max-video-preview:-1"},"canonical":"http:\/\/noviasespana.com\/noviasbaleares\/los-munecos-de-la-tarta\/","og_locale":"es_ES","og_type":"article","og_title":"Los mu\u00f1ecos de la tarta - Novias Baleares","og_description":"Una de las cosas que tradicionalmente m\u00e1s hortera se considera en una boda son los mu\u00f1ecos de la tarta. \u00a0Pero cada d\u00eda hay m\u00e1s opciones para que esta tradicional figura deje de ser un peque\u00f1o horror que termina quien sabe d\u00f3nde, y pase a ser\u00a0 un maravilloso recuerdo del que nunca querr\u00e9is deshaceros.\u00a0 Lo que [&hellip;]","og_url":"http:\/\/noviasespana.com\/noviasbaleares\/los-munecos-de-la-tarta\/","og_site_name":"Novias Baleares","article_published_time":"2011-10-21T07:00:26+00:00","og_image":[{"url":"http:\/\/www.diariodeunanovia.com\/blog\/wp-content\/uploads\/sites\/5\/2011\/10\/Blog-DUN21.jpg","type":"","width":"","height":""}],"author":"admin","twitter_misc":{"Escrito por":"admin","Tiempo de lectura":"1 minuto"},"schema":{"@context":"https:\/\/schema.org","@graph":[{"@type":"Article","@id":"http:\/\/noviasespana.com\/noviasbaleares\/los-munecos-de-la-tarta\/#article","isPartOf":{"@id":"http:\/\/noviasespana.com\/noviasbaleares\/los-munecos-de-la-tarta\/"},"author":{"name":"admin","@id":"http:\/\/noviasespana.com\/noviasbaleares\/#\/schema\/person\/82ff6e303fad28e4da623aa4d27969ed"},"headline":"Los mu\u00f1ecos de la tarta","datePublished":"2011-10-21T07:00:26+00:00","mainEntityOfPage":{"@id":"http:\/\/noviasespana.com\/noviasbaleares\/los-munecos-de-la-tarta\/"},"wordCount":236,"commentCount":0,"image":{"@id":"http:\/\/noviasespana.com\/noviasbaleares\/los-munecos-de-la-tarta\/#primaryimage"},"thumbnailUrl":"http:\/\/www.diariodeunanovia.com\/blog\/wp-content\/uploads\/sites\/5\/2011\/10\/Blog-DUN21.jpg","articleSection":["novias"],"inLanguage":"es","potentialAction":[{"@type":"CommentAction","name":"Comment","target":["http:\/\/noviasespana.com\/noviasbaleares\/los-munecos-de-la-tarta\/#respond"]}]},{"@type":"WebPage","@id":"http:\/\/noviasespana.com\/noviasbaleares\/los-munecos-de-la-tarta\/","url":"http:\/\/noviasespana.com\/noviasbaleares\/los-munecos-de-la-tarta\/","name":"Los mu\u00f1ecos de la tarta - Novias Baleares","isPartOf":{"@id":"http:\/\/noviasespana.com\/noviasbaleares\/#website"},"primaryImageOfPage":{"@id":"http:\/\/noviasespana.com\/noviasbaleares\/los-munecos-de-la-tarta\/#primaryimage"},"image":{"@id":"http:\/\/noviasespana.com\/noviasbaleares\/los-munecos-de-la-tarta\/#primaryimage"},"thumbnailUrl":"http:\/\/www.diariodeunanovia.com\/blog\/wp-content\/uploads\/sites\/5\/2011\/10\/Blog-DUN21.jpg","datePublished":"2011-10-21T07:00:26+00:00","author":{"@id":"http:\/\/noviasespana.com\/noviasbaleares\/#\/schema\/person\/82ff6e303fad28e4da623aa4d27969ed"},"breadcrumb":{"@id":"http:\/\/noviasespana.com\/noviasbaleares\/los-munecos-de-la-tarta\/#breadcrumb"},"inLanguage":"es","potentialAction":[{"@type":"ReadAction","target":["http:\/\/noviasespana.com\/noviasbaleares\/los-munecos-de-la-tarta\/"]}]},{"@type":"ImageObject","inLanguage":"es","@id":"http:\/\/noviasespana.com\/noviasbaleares\/los-munecos-de-la-tarta\/#primaryimage","url":"http:\/\/www.diariodeunanovia.com\/blog\/wp-content\/uploads\/sites\/5\/2011\/10\/Blog-DUN21.jpg","contentUrl":"http:\/\/www.diariodeunanovia.com\/blog\/wp-content\/uploads\/sites\/5\/2011\/10\/Blog-DUN21.jpg"},{"@type":"BreadcrumbList","@id":"http:\/\/noviasespana.com\/noviasbaleares\/los-munecos-de-la-tarta\/#breadcrumb","itemListElement":[{"@type":"ListItem","position":1,"name":"Portada","item":"http:\/\/noviasespana.com\/noviasbaleares\/"},{"@type":"ListItem","position":2,"name":"Los mu\u00f1ecos de la tarta"}]},{"@type":"WebSite","@id":"http:\/\/noviasespana.com\/noviasbaleares\/#website","url":"http:\/\/noviasespana.com\/noviasbaleares\/","name":"Novias Baleares","description":"Revista de novias","potentialAction":[{"@type":"SearchAction","target":{"@type":"EntryPoint","urlTemplate":"http:\/\/noviasespana.com\/noviasbaleares\/?s={search_term_string}"},"query-input":{"@type":"PropertyValueSpecification","valueRequired":true,"valueName":"search_term_string"}}],"inLanguage":"es"},{"@type":"Person","@id":"http:\/\/noviasespana.com\/noviasbaleares\/#\/schema\/person\/82ff6e303fad28e4da623aa4d27969ed","name":"admin","image":{"@type":"ImageObject","inLanguage":"es","@id":"https:\/\/secure.gravatar.com\/avatar\/0f45231fddfb43fcbd0cdde4582a3580baf474d75fca7d494b42ff86847de871?s=96&d=mm&r=g","url":"https:\/\/secure.gravatar.com\/avatar\/0f45231fddfb43fcbd0cdde4582a3580baf474d75fca7d494b42ff86847de871?s=96&d=mm&r=g","contentUrl":"https:\/\/secure.gravatar.com\/avatar\/0f45231fddfb43fcbd0cdde4582a3580baf474d75fca7d494b42ff86847de871?s=96&d=mm&r=g","caption":"admin"},"url":"http:\/\/noviasespana.com\/noviasbaleares\/author\/admin\/"}]}},"jetpack_featured_media_url":"","jetpack_sharing_enabled":true,"jetpack_shortlink":"https:\/\/wp.me\/p5Hg6P-Vd","jetpack_likes_enabled":true,"_links":{"self":[{"href":"http:\/\/noviasespana.com\/noviasbaleares\/wp-json\/wp\/v2\/posts\/3547","targetHints":{"allow":["GET"]}}],"collection":[{"href":"http:\/\/noviasespana.com\/noviasbaleares\/wp-json\/wp\/v2\/posts"}],"about":[{"href":"http:\/\/noviasespana.com\/noviasbaleares\/wp-json\/wp\/v2\/types\/post"}],"author":[{"embeddable":true,"href":"http:\/\/noviasespana.com\/noviasbaleares\/wp-json\/wp\/v2\/users\/2"}],"replies":[{"embeddable":true,"href":"http:\/\/noviasespana.com\/noviasbaleares\/wp-json\/wp\/v2\/comments?post=3547"}],"version-history":[{"count":0,"href":"http:\/\/noviasespana.com\/noviasbaleares\/wp-json\/wp\/v2\/posts\/3547\/revisions"}],"wp:attachment":[{"href":"http:\/\/noviasespana.com\/noviasbaleares\/wp-json\/wp\/v2\/media?parent=3547"}],"wp:term":[{"taxonomy":"category","embeddable":true,"href":"http:\/\/noviasespana.com\/noviasbaleares\/wp-json\/wp\/v2\/categories?post=3547"},{"taxonomy":"post_tag","embeddable":true,"href":"http:\/\/noviasespana.com\/noviasbaleares\/wp-json\/wp\/v2\/tags?post=3547"}],"curies":[{"name":"wp","href":"https:\/\/api.w.org\/{rel}","templated":true}]}}