{"id":3535,"date":"2011-10-19T09:00:16","date_gmt":"2011-10-19T07:00:16","guid":{"rendered":"http:\/\/www.diariodeunanovia.com\/blog\/?p=3535"},"modified":"2011-10-19T09:00:16","modified_gmt":"2011-10-19T07:00:16","slug":"corona-de-flores-para-una-novia-romantica","status":"publish","type":"post","link":"http:\/\/noviasespana.com\/noviasbaleares\/corona-de-flores-para-una-novia-romantica\/","title":{"rendered":"Corona de flores para una novia rom\u00e1ntica"},"content":{"rendered":"<p><img data-recalc-dims=\"1\" loading=\"lazy\" decoding=\"async\" class=\"size-full wp-image-3536  aligncenter\" title=\"Blog DUN19\" src=\"https:\/\/i0.wp.com\/www.diariodeunanovia.com\/blog\/wp-content\/uploads\/sites\/5\/2011\/10\/Blog-DUN19.jpg?resize=300%2C225\" alt=\"Blog DUN19\" width=\"300\" height=\"225\" \/>\u00a0<\/p>\n<p>Queridas novias!!! Para las que est\u00e1is tratando de decir si lucir un velo o un tocado el d\u00eda de vuestra boda, os propongo otra opci\u00f3n. <strong>Se trata de una de las nuevas\u00a0tendencias de la temporada nupcial, adornar el pelo con una maravillosa y rom\u00e1ntica corona de flores.<\/strong> Se trata de un complemento muy especial, con aire buc\u00f3lico y con un toque retro. <strong>Para algunas puede ser una alternativa al velo o la mantilla y, desde luego, es un complemento que puede dar mucho juego a las damitas de honor.<\/strong> Es un complemento delicado y que debe aguantar en el mismo estado todo el d\u00eda. Por <strong>las flores deben estar liofilizadas<\/strong>, es decir, a un proceso de preservaci\u00f3n por el cual se les extrae el agua, inyectando glicerina en su lugar y cuyo efecto es similar a si se secaran, pero manteniendo su textura y cuerpo. De flores peque\u00f1itas o grandes, lo que es seguro es que con una corona te sentir\u00e1s \u00fanica. <!--more-->Hortensias<strong>, rosas, gardenias, statice, gypsophila, stachys, trigo, lavanda\u2026 cualquier flor puede ser la protagonista.<\/strong> En general las coronas son a medida y ven enlazadas con cintas de encaje de bolillos o de terciopelo, o incluso, con rafia. Que te parece, \u00bfte apuntas a ser una novia rom\u00e1ntica con corno a de flores?<\/p>\n<p>Fuente:www. tendenciasdebodas.com y www.thehouseofblogs.com<\/p>\n<p>Fotograf\u00edas: Elia Sills cortes\u00eda de The Workshop Flores<\/p>\n","protected":false},"excerpt":{"rendered":"<p>\u00a0 Queridas novias!!! Para las que est\u00e1is tratando de decir si lucir un velo o un tocado el d\u00eda de vuestra boda, os propongo otra opci\u00f3n. Se trata de una de las nuevas\u00a0tendencias de la temporada nupcial, adornar el pelo con una maravillosa y rom\u00e1ntica corona de flores. Se trata de un complemento muy especial, [&hellip;]<\/p>\n","protected":false},"author":2,"featured_media":0,"comment_status":"open","ping_status":"open","sticky":false,"template":"","format":"standard","meta":{"jetpack_post_was_ever_published":false,"_jetpack_newsletter_access":"","_jetpack_dont_email_post_to_subs":false,"_jetpack_newsletter_tier_id":0,"_jetpack_memberships_contains_paywalled_content":false,"_jetpack_memberships_contains_paid_content":false,"footnotes":""},"categories":[1],"tags":[],"class_list":["post-3535","post","type-post","status-publish","format-standard","hentry","category-novias"],"yoast_head":"<!-- This site is optimized with the Yoast SEO plugin v27.5 - https:\/\/yoast.com\/product\/yoast-seo-wordpress\/ -->\n<title>Corona de flores para una novia rom\u00e1ntica - Novias Baleares<\/title>\n<meta name=\"robots\" content=\"index, follow, max-snippet:-1, max-image-preview:large, max-video-preview:-1\" \/>\n<link rel=\"canonical\" href=\"http:\/\/noviasespana.com\/noviasbaleares\/corona-de-flores-para-una-novia-romantica\/\" \/>\n<meta property=\"og:locale\" content=\"es_ES\" \/>\n<meta property=\"og:type\" content=\"article\" \/>\n<meta property=\"og:title\" content=\"Corona de flores para una novia rom\u00e1ntica - Novias Baleares\" \/>\n<meta property=\"og:description\" content=\"\u00a0 Queridas novias!!! Para las que est\u00e1is tratando de decir si lucir un velo o un tocado el d\u00eda de vuestra boda, os propongo otra opci\u00f3n. Se trata de una de las nuevas\u00a0tendencias de la temporada nupcial, adornar el pelo con una maravillosa y rom\u00e1ntica corona de flores. Se trata de un complemento muy especial, [&hellip;]\" \/>\n<meta property=\"og:url\" content=\"http:\/\/noviasespana.com\/noviasbaleares\/corona-de-flores-para-una-novia-romantica\/\" \/>\n<meta property=\"og:site_name\" content=\"Novias Baleares\" \/>\n<meta property=\"article:published_time\" content=\"2011-10-19T07:00:16+00:00\" \/>\n<meta property=\"og:image\" content=\"http:\/\/www.diariodeunanovia.com\/blog\/wp-content\/uploads\/sites\/5\/2011\/10\/Blog-DUN19.jpg\" \/>\n<meta name=\"author\" content=\"admin\" \/>\n<meta name=\"twitter:label1\" content=\"Escrito por\" \/>\n\t<meta name=\"twitter:data1\" content=\"admin\" \/>\n\t<meta name=\"twitter:label2\" content=\"Tiempo de lectura\" \/>\n\t<meta name=\"twitter:data2\" content=\"1 minuto\" \/>\n<script type=\"application\/ld+json\" class=\"yoast-schema-graph\">{\"@context\":\"https:\\\/\\\/schema.org\",\"@graph\":[{\"@type\":\"Article\",\"@id\":\"http:\\\/\\\/noviasespana.com\\\/noviasbaleares\\\/corona-de-flores-para-una-novia-romantica\\\/#article\",\"isPartOf\":{\"@id\":\"http:\\\/\\\/noviasespana.com\\\/noviasbaleares\\\/corona-de-flores-para-una-novia-romantica\\\/\"},\"author\":{\"name\":\"admin\",\"@id\":\"http:\\\/\\\/noviasespana.com\\\/noviasbaleares\\\/#\\\/schema\\\/person\\\/82ff6e303fad28e4da623aa4d27969ed\"},\"headline\":\"Corona de flores para una novia rom\u00e1ntica\",\"datePublished\":\"2011-10-19T07:00:16+00:00\",\"mainEntityOfPage\":{\"@id\":\"http:\\\/\\\/noviasespana.com\\\/noviasbaleares\\\/corona-de-flores-para-una-novia-romantica\\\/\"},\"wordCount\":251,\"commentCount\":0,\"image\":{\"@id\":\"http:\\\/\\\/noviasespana.com\\\/noviasbaleares\\\/corona-de-flores-para-una-novia-romantica\\\/#primaryimage\"},\"thumbnailUrl\":\"http:\\\/\\\/www.diariodeunanovia.com\\\/blog\\\/wp-content\\\/uploads\\\/sites\\\/5\\\/2011\\\/10\\\/Blog-DUN19.jpg\",\"articleSection\":[\"novias\"],\"inLanguage\":\"es\",\"potentialAction\":[{\"@type\":\"CommentAction\",\"name\":\"Comment\",\"target\":[\"http:\\\/\\\/noviasespana.com\\\/noviasbaleares\\\/corona-de-flores-para-una-novia-romantica\\\/#respond\"]}]},{\"@type\":\"WebPage\",\"@id\":\"http:\\\/\\\/noviasespana.com\\\/noviasbaleares\\\/corona-de-flores-para-una-novia-romantica\\\/\",\"url\":\"http:\\\/\\\/noviasespana.com\\\/noviasbaleares\\\/corona-de-flores-para-una-novia-romantica\\\/\",\"name\":\"Corona de flores para una novia rom\u00e1ntica - Novias Baleares\",\"isPartOf\":{\"@id\":\"http:\\\/\\\/noviasespana.com\\\/noviasbaleares\\\/#website\"},\"primaryImageOfPage\":{\"@id\":\"http:\\\/\\\/noviasespana.com\\\/noviasbaleares\\\/corona-de-flores-para-una-novia-romantica\\\/#primaryimage\"},\"image\":{\"@id\":\"http:\\\/\\\/noviasespana.com\\\/noviasbaleares\\\/corona-de-flores-para-una-novia-romantica\\\/#primaryimage\"},\"thumbnailUrl\":\"http:\\\/\\\/www.diariodeunanovia.com\\\/blog\\\/wp-content\\\/uploads\\\/sites\\\/5\\\/2011\\\/10\\\/Blog-DUN19.jpg\",\"datePublished\":\"2011-10-19T07:00:16+00:00\",\"author\":{\"@id\":\"http:\\\/\\\/noviasespana.com\\\/noviasbaleares\\\/#\\\/schema\\\/person\\\/82ff6e303fad28e4da623aa4d27969ed\"},\"breadcrumb\":{\"@id\":\"http:\\\/\\\/noviasespana.com\\\/noviasbaleares\\\/corona-de-flores-para-una-novia-romantica\\\/#breadcrumb\"},\"inLanguage\":\"es\",\"potentialAction\":[{\"@type\":\"ReadAction\",\"target\":[\"http:\\\/\\\/noviasespana.com\\\/noviasbaleares\\\/corona-de-flores-para-una-novia-romantica\\\/\"]}]},{\"@type\":\"ImageObject\",\"inLanguage\":\"es\",\"@id\":\"http:\\\/\\\/noviasespana.com\\\/noviasbaleares\\\/corona-de-flores-para-una-novia-romantica\\\/#primaryimage\",\"url\":\"http:\\\/\\\/www.diariodeunanovia.com\\\/blog\\\/wp-content\\\/uploads\\\/sites\\\/5\\\/2011\\\/10\\\/Blog-DUN19.jpg\",\"contentUrl\":\"http:\\\/\\\/www.diariodeunanovia.com\\\/blog\\\/wp-content\\\/uploads\\\/sites\\\/5\\\/2011\\\/10\\\/Blog-DUN19.jpg\"},{\"@type\":\"BreadcrumbList\",\"@id\":\"http:\\\/\\\/noviasespana.com\\\/noviasbaleares\\\/corona-de-flores-para-una-novia-romantica\\\/#breadcrumb\",\"itemListElement\":[{\"@type\":\"ListItem\",\"position\":1,\"name\":\"Portada\",\"item\":\"http:\\\/\\\/noviasespana.com\\\/noviasbaleares\\\/\"},{\"@type\":\"ListItem\",\"position\":2,\"name\":\"Corona de flores para una novia rom\u00e1ntica\"}]},{\"@type\":\"WebSite\",\"@id\":\"http:\\\/\\\/noviasespana.com\\\/noviasbaleares\\\/#website\",\"url\":\"http:\\\/\\\/noviasespana.com\\\/noviasbaleares\\\/\",\"name\":\"Novias Baleares\",\"description\":\"Revista de novias\",\"potentialAction\":[{\"@type\":\"SearchAction\",\"target\":{\"@type\":\"EntryPoint\",\"urlTemplate\":\"http:\\\/\\\/noviasespana.com\\\/noviasbaleares\\\/?s={search_term_string}\"},\"query-input\":{\"@type\":\"PropertyValueSpecification\",\"valueRequired\":true,\"valueName\":\"search_term_string\"}}],\"inLanguage\":\"es\"},{\"@type\":\"Person\",\"@id\":\"http:\\\/\\\/noviasespana.com\\\/noviasbaleares\\\/#\\\/schema\\\/person\\\/82ff6e303fad28e4da623aa4d27969ed\",\"name\":\"admin\",\"image\":{\"@type\":\"ImageObject\",\"inLanguage\":\"es\",\"@id\":\"https:\\\/\\\/secure.gravatar.com\\\/avatar\\\/0f45231fddfb43fcbd0cdde4582a3580baf474d75fca7d494b42ff86847de871?s=96&d=mm&r=g\",\"url\":\"https:\\\/\\\/secure.gravatar.com\\\/avatar\\\/0f45231fddfb43fcbd0cdde4582a3580baf474d75fca7d494b42ff86847de871?s=96&d=mm&r=g\",\"contentUrl\":\"https:\\\/\\\/secure.gravatar.com\\\/avatar\\\/0f45231fddfb43fcbd0cdde4582a3580baf474d75fca7d494b42ff86847de871?s=96&d=mm&r=g\",\"caption\":\"admin\"},\"url\":\"http:\\\/\\\/noviasespana.com\\\/noviasbaleares\\\/author\\\/admin\\\/\"}]}<\/script>\n<!-- \/ Yoast SEO plugin. -->","yoast_head_json":{"title":"Corona de flores para una novia rom\u00e1ntica - Novias Baleares","robots":{"index":"index","follow":"follow","max-snippet":"max-snippet:-1","max-image-preview":"max-image-preview:large","max-video-preview":"max-video-preview:-1"},"canonical":"http:\/\/noviasespana.com\/noviasbaleares\/corona-de-flores-para-una-novia-romantica\/","og_locale":"es_ES","og_type":"article","og_title":"Corona de flores para una novia rom\u00e1ntica - Novias Baleares","og_description":"\u00a0 Queridas novias!!! Para las que est\u00e1is tratando de decir si lucir un velo o un tocado el d\u00eda de vuestra boda, os propongo otra opci\u00f3n. Se trata de una de las nuevas\u00a0tendencias de la temporada nupcial, adornar el pelo con una maravillosa y rom\u00e1ntica corona de flores. Se trata de un complemento muy especial, [&hellip;]","og_url":"http:\/\/noviasespana.com\/noviasbaleares\/corona-de-flores-para-una-novia-romantica\/","og_site_name":"Novias Baleares","article_published_time":"2011-10-19T07:00:16+00:00","og_image":[{"url":"http:\/\/www.diariodeunanovia.com\/blog\/wp-content\/uploads\/sites\/5\/2011\/10\/Blog-DUN19.jpg","type":"","width":"","height":""}],"author":"admin","twitter_misc":{"Escrito por":"admin","Tiempo de lectura":"1 minuto"},"schema":{"@context":"https:\/\/schema.org","@graph":[{"@type":"Article","@id":"http:\/\/noviasespana.com\/noviasbaleares\/corona-de-flores-para-una-novia-romantica\/#article","isPartOf":{"@id":"http:\/\/noviasespana.com\/noviasbaleares\/corona-de-flores-para-una-novia-romantica\/"},"author":{"name":"admin","@id":"http:\/\/noviasespana.com\/noviasbaleares\/#\/schema\/person\/82ff6e303fad28e4da623aa4d27969ed"},"headline":"Corona de flores para una novia rom\u00e1ntica","datePublished":"2011-10-19T07:00:16+00:00","mainEntityOfPage":{"@id":"http:\/\/noviasespana.com\/noviasbaleares\/corona-de-flores-para-una-novia-romantica\/"},"wordCount":251,"commentCount":0,"image":{"@id":"http:\/\/noviasespana.com\/noviasbaleares\/corona-de-flores-para-una-novia-romantica\/#primaryimage"},"thumbnailUrl":"http:\/\/www.diariodeunanovia.com\/blog\/wp-content\/uploads\/sites\/5\/2011\/10\/Blog-DUN19.jpg","articleSection":["novias"],"inLanguage":"es","potentialAction":[{"@type":"CommentAction","name":"Comment","target":["http:\/\/noviasespana.com\/noviasbaleares\/corona-de-flores-para-una-novia-romantica\/#respond"]}]},{"@type":"WebPage","@id":"http:\/\/noviasespana.com\/noviasbaleares\/corona-de-flores-para-una-novia-romantica\/","url":"http:\/\/noviasespana.com\/noviasbaleares\/corona-de-flores-para-una-novia-romantica\/","name":"Corona de flores para una novia rom\u00e1ntica - Novias Baleares","isPartOf":{"@id":"http:\/\/noviasespana.com\/noviasbaleares\/#website"},"primaryImageOfPage":{"@id":"http:\/\/noviasespana.com\/noviasbaleares\/corona-de-flores-para-una-novia-romantica\/#primaryimage"},"image":{"@id":"http:\/\/noviasespana.com\/noviasbaleares\/corona-de-flores-para-una-novia-romantica\/#primaryimage"},"thumbnailUrl":"http:\/\/www.diariodeunanovia.com\/blog\/wp-content\/uploads\/sites\/5\/2011\/10\/Blog-DUN19.jpg","datePublished":"2011-10-19T07:00:16+00:00","author":{"@id":"http:\/\/noviasespana.com\/noviasbaleares\/#\/schema\/person\/82ff6e303fad28e4da623aa4d27969ed"},"breadcrumb":{"@id":"http:\/\/noviasespana.com\/noviasbaleares\/corona-de-flores-para-una-novia-romantica\/#breadcrumb"},"inLanguage":"es","potentialAction":[{"@type":"ReadAction","target":["http:\/\/noviasespana.com\/noviasbaleares\/corona-de-flores-para-una-novia-romantica\/"]}]},{"@type":"ImageObject","inLanguage":"es","@id":"http:\/\/noviasespana.com\/noviasbaleares\/corona-de-flores-para-una-novia-romantica\/#primaryimage","url":"http:\/\/www.diariodeunanovia.com\/blog\/wp-content\/uploads\/sites\/5\/2011\/10\/Blog-DUN19.jpg","contentUrl":"http:\/\/www.diariodeunanovia.com\/blog\/wp-content\/uploads\/sites\/5\/2011\/10\/Blog-DUN19.jpg"},{"@type":"BreadcrumbList","@id":"http:\/\/noviasespana.com\/noviasbaleares\/corona-de-flores-para-una-novia-romantica\/#breadcrumb","itemListElement":[{"@type":"ListItem","position":1,"name":"Portada","item":"http:\/\/noviasespana.com\/noviasbaleares\/"},{"@type":"ListItem","position":2,"name":"Corona de flores para una novia rom\u00e1ntica"}]},{"@type":"WebSite","@id":"http:\/\/noviasespana.com\/noviasbaleares\/#website","url":"http:\/\/noviasespana.com\/noviasbaleares\/","name":"Novias Baleares","description":"Revista de novias","potentialAction":[{"@type":"SearchAction","target":{"@type":"EntryPoint","urlTemplate":"http:\/\/noviasespana.com\/noviasbaleares\/?s={search_term_string}"},"query-input":{"@type":"PropertyValueSpecification","valueRequired":true,"valueName":"search_term_string"}}],"inLanguage":"es"},{"@type":"Person","@id":"http:\/\/noviasespana.com\/noviasbaleares\/#\/schema\/person\/82ff6e303fad28e4da623aa4d27969ed","name":"admin","image":{"@type":"ImageObject","inLanguage":"es","@id":"https:\/\/secure.gravatar.com\/avatar\/0f45231fddfb43fcbd0cdde4582a3580baf474d75fca7d494b42ff86847de871?s=96&d=mm&r=g","url":"https:\/\/secure.gravatar.com\/avatar\/0f45231fddfb43fcbd0cdde4582a3580baf474d75fca7d494b42ff86847de871?s=96&d=mm&r=g","contentUrl":"https:\/\/secure.gravatar.com\/avatar\/0f45231fddfb43fcbd0cdde4582a3580baf474d75fca7d494b42ff86847de871?s=96&d=mm&r=g","caption":"admin"},"url":"http:\/\/noviasespana.com\/noviasbaleares\/author\/admin\/"}]}},"jetpack_featured_media_url":"","jetpack_sharing_enabled":true,"jetpack_shortlink":"https:\/\/wp.me\/p5Hg6P-V1","jetpack_likes_enabled":true,"_links":{"self":[{"href":"http:\/\/noviasespana.com\/noviasbaleares\/wp-json\/wp\/v2\/posts\/3535","targetHints":{"allow":["GET"]}}],"collection":[{"href":"http:\/\/noviasespana.com\/noviasbaleares\/wp-json\/wp\/v2\/posts"}],"about":[{"href":"http:\/\/noviasespana.com\/noviasbaleares\/wp-json\/wp\/v2\/types\/post"}],"author":[{"embeddable":true,"href":"http:\/\/noviasespana.com\/noviasbaleares\/wp-json\/wp\/v2\/users\/2"}],"replies":[{"embeddable":true,"href":"http:\/\/noviasespana.com\/noviasbaleares\/wp-json\/wp\/v2\/comments?post=3535"}],"version-history":[{"count":0,"href":"http:\/\/noviasespana.com\/noviasbaleares\/wp-json\/wp\/v2\/posts\/3535\/revisions"}],"wp:attachment":[{"href":"http:\/\/noviasespana.com\/noviasbaleares\/wp-json\/wp\/v2\/media?parent=3535"}],"wp:term":[{"taxonomy":"category","embeddable":true,"href":"http:\/\/noviasespana.com\/noviasbaleares\/wp-json\/wp\/v2\/categories?post=3535"},{"taxonomy":"post_tag","embeddable":true,"href":"http:\/\/noviasespana.com\/noviasbaleares\/wp-json\/wp\/v2\/tags?post=3535"}],"curies":[{"name":"wp","href":"https:\/\/api.w.org\/{rel}","templated":true}]}}