{"id":3527,"date":"2011-10-14T09:37:23","date_gmt":"2011-10-14T07:37:23","guid":{"rendered":"http:\/\/www.diariodeunanovia.com\/blog\/?p=3527"},"modified":"2011-10-14T09:37:23","modified_gmt":"2011-10-14T07:37:23","slug":"vuelven-las-pajaritas-a-las-bodas","status":"publish","type":"post","link":"http:\/\/noviasespana.com\/noviasbaleares\/vuelven-las-pajaritas-a-las-bodas\/","title":{"rendered":"Vuelven las pajaritas a las bodas"},"content":{"rendered":"<p style=\"text-align: center\"><img data-recalc-dims=\"1\" loading=\"lazy\" decoding=\"async\" class=\"size-medium wp-image-3528  aligncenter\" title=\"boda_nieve_punambean_ella_chal_pelo_2_novio_con_pajarita\" src=\"https:\/\/i0.wp.com\/www.diariodeunanovia.com\/blog\/wp-content\/uploads\/sites\/5\/2011\/10\/boda_nieve_punambean_ella_chal_pelo_2_novio_con_pajarita-300x220.jpg?resize=300%2C220\" alt=\"boda_nieve_punambean_ella_chal_pelo_2_novio_con_pajarita\" width=\"300\" height=\"220\" \/><\/p>\n<p>Queridas novias!!! Por fin es viernes, y se termina esta mini semana dedicada a los novios, \u00a1esos grandes olvidados!. \u00a0<strong>Y porque no s\u00f3lo de la novia vive una boda, hoy os propongo darle un toque de estilo y personalidad al look del novio<\/strong>. \u00bfC\u00f3mo? Pues <strong>sustituyendo la cl\u00e1sica corbata por una elegante y distinguida pajarita<\/strong>. La corbata es uno de los complementos clave de cualquier novio y optar por una pajarita es, sin duda, una gran decisi\u00f3n. <strong>Una pajarita es\u00a0 una corbata de lazo, y se trata de un complemento que lleva a\u00f1os olvidado pero que est\u00e1n volviendo con fuerza para los look m\u00e1s sofisticados y atrevidos<\/strong>. Las pajaritas est\u00e1n de moda, de colores, lisas o estampadas, aportan un aire diferente y chic al novio. Eso s\u00ed, es imprescindible tener cierto estilo y actitud para no caer en el disfraz. Como en todo, las pajaritas tienen sus variedades y sus distintos tipos de\u00a0 nudo, dato que hay tener en cuenta a la hora de elegir la m\u00e1s adecuada. A la hora de elegir la pajarita recuerda que hay dos formas, la de mariposa que tiene l\u00edneas curvas que para dar mayor movimiento a todo el conjunto y pueden tener una terminaci\u00f3n de forma chata o en punta. Y las pajaritas de ala de murci\u00e9lago, que tienen los dos extremos sim\u00e9tricos. Otro aspecto que tienes que tener en cuenta es el ancho de la pajarita que depender\u00e1 de la forma de la cara del novio. Por ejemplo, si tienes el rostro alargado la pajarita m\u00e1s adecuada tiene que ser ancha. <!--more-->Quiz\u00e1s la pajarita parezca una prenda anticuada, pero es elegante y sofisticada, adem\u00e1s no hace falta vestir un frac o esmoquin con un buen traje puede quedar perfecta. Qu\u00e9 os parece? \u00bfS\u00ed o no a la pajarita en los novios?<\/p>\n","protected":false},"excerpt":{"rendered":"<p>Queridas novias!!! Por fin es viernes, y se termina esta mini semana dedicada a los novios, \u00a1esos grandes olvidados!. \u00a0Y porque no s\u00f3lo de la novia vive una boda, hoy os propongo darle un toque de estilo y personalidad al look del novio. \u00bfC\u00f3mo? Pues sustituyendo la cl\u00e1sica corbata por una elegante y distinguida pajarita. [&hellip;]<\/p>\n","protected":false},"author":2,"featured_media":0,"comment_status":"open","ping_status":"open","sticky":false,"template":"","format":"standard","meta":{"jetpack_post_was_ever_published":false,"_jetpack_newsletter_access":"","_jetpack_dont_email_post_to_subs":false,"_jetpack_newsletter_tier_id":0,"_jetpack_memberships_contains_paywalled_content":false,"_jetpack_memberships_contains_paid_content":false,"footnotes":""},"categories":[1],"tags":[],"class_list":["post-3527","post","type-post","status-publish","format-standard","hentry","category-novias"],"yoast_head":"<!-- This site is optimized with the Yoast SEO plugin v27.5 - https:\/\/yoast.com\/product\/yoast-seo-wordpress\/ -->\n<title>Vuelven las pajaritas a las bodas - Novias Baleares<\/title>\n<meta name=\"robots\" content=\"index, follow, max-snippet:-1, max-image-preview:large, max-video-preview:-1\" \/>\n<link rel=\"canonical\" href=\"http:\/\/noviasespana.com\/noviasbaleares\/vuelven-las-pajaritas-a-las-bodas\/\" \/>\n<meta property=\"og:locale\" content=\"es_ES\" \/>\n<meta property=\"og:type\" content=\"article\" \/>\n<meta property=\"og:title\" content=\"Vuelven las pajaritas a las bodas - Novias Baleares\" \/>\n<meta property=\"og:description\" content=\"Queridas novias!!! Por fin es viernes, y se termina esta mini semana dedicada a los novios, \u00a1esos grandes olvidados!. \u00a0Y porque no s\u00f3lo de la novia vive una boda, hoy os propongo darle un toque de estilo y personalidad al look del novio. \u00bfC\u00f3mo? Pues sustituyendo la cl\u00e1sica corbata por una elegante y distinguida pajarita. [&hellip;]\" \/>\n<meta property=\"og:url\" content=\"http:\/\/noviasespana.com\/noviasbaleares\/vuelven-las-pajaritas-a-las-bodas\/\" \/>\n<meta property=\"og:site_name\" content=\"Novias Baleares\" \/>\n<meta property=\"article:published_time\" content=\"2011-10-14T07:37:23+00:00\" \/>\n<meta property=\"og:image\" content=\"http:\/\/www.diariodeunanovia.com\/blog\/wp-content\/uploads\/sites\/5\/2011\/10\/boda_nieve_punambean_ella_chal_pelo_2_novio_con_pajarita-300x220.jpg\" \/>\n<meta name=\"author\" content=\"admin\" \/>\n<meta name=\"twitter:label1\" content=\"Escrito por\" \/>\n\t<meta name=\"twitter:data1\" content=\"admin\" \/>\n\t<meta name=\"twitter:label2\" content=\"Tiempo de lectura\" \/>\n\t<meta name=\"twitter:data2\" content=\"2 minutos\" \/>\n<script type=\"application\/ld+json\" class=\"yoast-schema-graph\">{\"@context\":\"https:\\\/\\\/schema.org\",\"@graph\":[{\"@type\":\"Article\",\"@id\":\"http:\\\/\\\/noviasespana.com\\\/noviasbaleares\\\/vuelven-las-pajaritas-a-las-bodas\\\/#article\",\"isPartOf\":{\"@id\":\"http:\\\/\\\/noviasespana.com\\\/noviasbaleares\\\/vuelven-las-pajaritas-a-las-bodas\\\/\"},\"author\":{\"name\":\"admin\",\"@id\":\"http:\\\/\\\/noviasespana.com\\\/noviasbaleares\\\/#\\\/schema\\\/person\\\/82ff6e303fad28e4da623aa4d27969ed\"},\"headline\":\"Vuelven las pajaritas a las bodas\",\"datePublished\":\"2011-10-14T07:37:23+00:00\",\"mainEntityOfPage\":{\"@id\":\"http:\\\/\\\/noviasespana.com\\\/noviasbaleares\\\/vuelven-las-pajaritas-a-las-bodas\\\/\"},\"wordCount\":321,\"commentCount\":0,\"image\":{\"@id\":\"http:\\\/\\\/noviasespana.com\\\/noviasbaleares\\\/vuelven-las-pajaritas-a-las-bodas\\\/#primaryimage\"},\"thumbnailUrl\":\"http:\\\/\\\/www.diariodeunanovia.com\\\/blog\\\/wp-content\\\/uploads\\\/sites\\\/5\\\/2011\\\/10\\\/boda_nieve_punambean_ella_chal_pelo_2_novio_con_pajarita-300x220.jpg\",\"articleSection\":[\"novias\"],\"inLanguage\":\"es\",\"potentialAction\":[{\"@type\":\"CommentAction\",\"name\":\"Comment\",\"target\":[\"http:\\\/\\\/noviasespana.com\\\/noviasbaleares\\\/vuelven-las-pajaritas-a-las-bodas\\\/#respond\"]}]},{\"@type\":\"WebPage\",\"@id\":\"http:\\\/\\\/noviasespana.com\\\/noviasbaleares\\\/vuelven-las-pajaritas-a-las-bodas\\\/\",\"url\":\"http:\\\/\\\/noviasespana.com\\\/noviasbaleares\\\/vuelven-las-pajaritas-a-las-bodas\\\/\",\"name\":\"Vuelven las pajaritas a las bodas - Novias Baleares\",\"isPartOf\":{\"@id\":\"http:\\\/\\\/noviasespana.com\\\/noviasbaleares\\\/#website\"},\"primaryImageOfPage\":{\"@id\":\"http:\\\/\\\/noviasespana.com\\\/noviasbaleares\\\/vuelven-las-pajaritas-a-las-bodas\\\/#primaryimage\"},\"image\":{\"@id\":\"http:\\\/\\\/noviasespana.com\\\/noviasbaleares\\\/vuelven-las-pajaritas-a-las-bodas\\\/#primaryimage\"},\"thumbnailUrl\":\"http:\\\/\\\/www.diariodeunanovia.com\\\/blog\\\/wp-content\\\/uploads\\\/sites\\\/5\\\/2011\\\/10\\\/boda_nieve_punambean_ella_chal_pelo_2_novio_con_pajarita-300x220.jpg\",\"datePublished\":\"2011-10-14T07:37:23+00:00\",\"author\":{\"@id\":\"http:\\\/\\\/noviasespana.com\\\/noviasbaleares\\\/#\\\/schema\\\/person\\\/82ff6e303fad28e4da623aa4d27969ed\"},\"breadcrumb\":{\"@id\":\"http:\\\/\\\/noviasespana.com\\\/noviasbaleares\\\/vuelven-las-pajaritas-a-las-bodas\\\/#breadcrumb\"},\"inLanguage\":\"es\",\"potentialAction\":[{\"@type\":\"ReadAction\",\"target\":[\"http:\\\/\\\/noviasespana.com\\\/noviasbaleares\\\/vuelven-las-pajaritas-a-las-bodas\\\/\"]}]},{\"@type\":\"ImageObject\",\"inLanguage\":\"es\",\"@id\":\"http:\\\/\\\/noviasespana.com\\\/noviasbaleares\\\/vuelven-las-pajaritas-a-las-bodas\\\/#primaryimage\",\"url\":\"http:\\\/\\\/www.diariodeunanovia.com\\\/blog\\\/wp-content\\\/uploads\\\/sites\\\/5\\\/2011\\\/10\\\/boda_nieve_punambean_ella_chal_pelo_2_novio_con_pajarita-300x220.jpg\",\"contentUrl\":\"http:\\\/\\\/www.diariodeunanovia.com\\\/blog\\\/wp-content\\\/uploads\\\/sites\\\/5\\\/2011\\\/10\\\/boda_nieve_punambean_ella_chal_pelo_2_novio_con_pajarita-300x220.jpg\"},{\"@type\":\"BreadcrumbList\",\"@id\":\"http:\\\/\\\/noviasespana.com\\\/noviasbaleares\\\/vuelven-las-pajaritas-a-las-bodas\\\/#breadcrumb\",\"itemListElement\":[{\"@type\":\"ListItem\",\"position\":1,\"name\":\"Portada\",\"item\":\"http:\\\/\\\/noviasespana.com\\\/noviasbaleares\\\/\"},{\"@type\":\"ListItem\",\"position\":2,\"name\":\"Vuelven las pajaritas a las bodas\"}]},{\"@type\":\"WebSite\",\"@id\":\"http:\\\/\\\/noviasespana.com\\\/noviasbaleares\\\/#website\",\"url\":\"http:\\\/\\\/noviasespana.com\\\/noviasbaleares\\\/\",\"name\":\"Novias Baleares\",\"description\":\"Revista de novias\",\"potentialAction\":[{\"@type\":\"SearchAction\",\"target\":{\"@type\":\"EntryPoint\",\"urlTemplate\":\"http:\\\/\\\/noviasespana.com\\\/noviasbaleares\\\/?s={search_term_string}\"},\"query-input\":{\"@type\":\"PropertyValueSpecification\",\"valueRequired\":true,\"valueName\":\"search_term_string\"}}],\"inLanguage\":\"es\"},{\"@type\":\"Person\",\"@id\":\"http:\\\/\\\/noviasespana.com\\\/noviasbaleares\\\/#\\\/schema\\\/person\\\/82ff6e303fad28e4da623aa4d27969ed\",\"name\":\"admin\",\"image\":{\"@type\":\"ImageObject\",\"inLanguage\":\"es\",\"@id\":\"https:\\\/\\\/secure.gravatar.com\\\/avatar\\\/0f45231fddfb43fcbd0cdde4582a3580baf474d75fca7d494b42ff86847de871?s=96&d=mm&r=g\",\"url\":\"https:\\\/\\\/secure.gravatar.com\\\/avatar\\\/0f45231fddfb43fcbd0cdde4582a3580baf474d75fca7d494b42ff86847de871?s=96&d=mm&r=g\",\"contentUrl\":\"https:\\\/\\\/secure.gravatar.com\\\/avatar\\\/0f45231fddfb43fcbd0cdde4582a3580baf474d75fca7d494b42ff86847de871?s=96&d=mm&r=g\",\"caption\":\"admin\"},\"url\":\"http:\\\/\\\/noviasespana.com\\\/noviasbaleares\\\/author\\\/admin\\\/\"}]}<\/script>\n<!-- \/ Yoast SEO plugin. -->","yoast_head_json":{"title":"Vuelven las pajaritas a las bodas - Novias Baleares","robots":{"index":"index","follow":"follow","max-snippet":"max-snippet:-1","max-image-preview":"max-image-preview:large","max-video-preview":"max-video-preview:-1"},"canonical":"http:\/\/noviasespana.com\/noviasbaleares\/vuelven-las-pajaritas-a-las-bodas\/","og_locale":"es_ES","og_type":"article","og_title":"Vuelven las pajaritas a las bodas - Novias Baleares","og_description":"Queridas novias!!! Por fin es viernes, y se termina esta mini semana dedicada a los novios, \u00a1esos grandes olvidados!. \u00a0Y porque no s\u00f3lo de la novia vive una boda, hoy os propongo darle un toque de estilo y personalidad al look del novio. \u00bfC\u00f3mo? Pues sustituyendo la cl\u00e1sica corbata por una elegante y distinguida pajarita. [&hellip;]","og_url":"http:\/\/noviasespana.com\/noviasbaleares\/vuelven-las-pajaritas-a-las-bodas\/","og_site_name":"Novias Baleares","article_published_time":"2011-10-14T07:37:23+00:00","og_image":[{"url":"http:\/\/www.diariodeunanovia.com\/blog\/wp-content\/uploads\/sites\/5\/2011\/10\/boda_nieve_punambean_ella_chal_pelo_2_novio_con_pajarita-300x220.jpg","type":"","width":"","height":""}],"author":"admin","twitter_misc":{"Escrito por":"admin","Tiempo de lectura":"2 minutos"},"schema":{"@context":"https:\/\/schema.org","@graph":[{"@type":"Article","@id":"http:\/\/noviasespana.com\/noviasbaleares\/vuelven-las-pajaritas-a-las-bodas\/#article","isPartOf":{"@id":"http:\/\/noviasespana.com\/noviasbaleares\/vuelven-las-pajaritas-a-las-bodas\/"},"author":{"name":"admin","@id":"http:\/\/noviasespana.com\/noviasbaleares\/#\/schema\/person\/82ff6e303fad28e4da623aa4d27969ed"},"headline":"Vuelven las pajaritas a las bodas","datePublished":"2011-10-14T07:37:23+00:00","mainEntityOfPage":{"@id":"http:\/\/noviasespana.com\/noviasbaleares\/vuelven-las-pajaritas-a-las-bodas\/"},"wordCount":321,"commentCount":0,"image":{"@id":"http:\/\/noviasespana.com\/noviasbaleares\/vuelven-las-pajaritas-a-las-bodas\/#primaryimage"},"thumbnailUrl":"http:\/\/www.diariodeunanovia.com\/blog\/wp-content\/uploads\/sites\/5\/2011\/10\/boda_nieve_punambean_ella_chal_pelo_2_novio_con_pajarita-300x220.jpg","articleSection":["novias"],"inLanguage":"es","potentialAction":[{"@type":"CommentAction","name":"Comment","target":["http:\/\/noviasespana.com\/noviasbaleares\/vuelven-las-pajaritas-a-las-bodas\/#respond"]}]},{"@type":"WebPage","@id":"http:\/\/noviasespana.com\/noviasbaleares\/vuelven-las-pajaritas-a-las-bodas\/","url":"http:\/\/noviasespana.com\/noviasbaleares\/vuelven-las-pajaritas-a-las-bodas\/","name":"Vuelven las pajaritas a las bodas - Novias Baleares","isPartOf":{"@id":"http:\/\/noviasespana.com\/noviasbaleares\/#website"},"primaryImageOfPage":{"@id":"http:\/\/noviasespana.com\/noviasbaleares\/vuelven-las-pajaritas-a-las-bodas\/#primaryimage"},"image":{"@id":"http:\/\/noviasespana.com\/noviasbaleares\/vuelven-las-pajaritas-a-las-bodas\/#primaryimage"},"thumbnailUrl":"http:\/\/www.diariodeunanovia.com\/blog\/wp-content\/uploads\/sites\/5\/2011\/10\/boda_nieve_punambean_ella_chal_pelo_2_novio_con_pajarita-300x220.jpg","datePublished":"2011-10-14T07:37:23+00:00","author":{"@id":"http:\/\/noviasespana.com\/noviasbaleares\/#\/schema\/person\/82ff6e303fad28e4da623aa4d27969ed"},"breadcrumb":{"@id":"http:\/\/noviasespana.com\/noviasbaleares\/vuelven-las-pajaritas-a-las-bodas\/#breadcrumb"},"inLanguage":"es","potentialAction":[{"@type":"ReadAction","target":["http:\/\/noviasespana.com\/noviasbaleares\/vuelven-las-pajaritas-a-las-bodas\/"]}]},{"@type":"ImageObject","inLanguage":"es","@id":"http:\/\/noviasespana.com\/noviasbaleares\/vuelven-las-pajaritas-a-las-bodas\/#primaryimage","url":"http:\/\/www.diariodeunanovia.com\/blog\/wp-content\/uploads\/sites\/5\/2011\/10\/boda_nieve_punambean_ella_chal_pelo_2_novio_con_pajarita-300x220.jpg","contentUrl":"http:\/\/www.diariodeunanovia.com\/blog\/wp-content\/uploads\/sites\/5\/2011\/10\/boda_nieve_punambean_ella_chal_pelo_2_novio_con_pajarita-300x220.jpg"},{"@type":"BreadcrumbList","@id":"http:\/\/noviasespana.com\/noviasbaleares\/vuelven-las-pajaritas-a-las-bodas\/#breadcrumb","itemListElement":[{"@type":"ListItem","position":1,"name":"Portada","item":"http:\/\/noviasespana.com\/noviasbaleares\/"},{"@type":"ListItem","position":2,"name":"Vuelven las pajaritas a las bodas"}]},{"@type":"WebSite","@id":"http:\/\/noviasespana.com\/noviasbaleares\/#website","url":"http:\/\/noviasespana.com\/noviasbaleares\/","name":"Novias Baleares","description":"Revista de novias","potentialAction":[{"@type":"SearchAction","target":{"@type":"EntryPoint","urlTemplate":"http:\/\/noviasespana.com\/noviasbaleares\/?s={search_term_string}"},"query-input":{"@type":"PropertyValueSpecification","valueRequired":true,"valueName":"search_term_string"}}],"inLanguage":"es"},{"@type":"Person","@id":"http:\/\/noviasespana.com\/noviasbaleares\/#\/schema\/person\/82ff6e303fad28e4da623aa4d27969ed","name":"admin","image":{"@type":"ImageObject","inLanguage":"es","@id":"https:\/\/secure.gravatar.com\/avatar\/0f45231fddfb43fcbd0cdde4582a3580baf474d75fca7d494b42ff86847de871?s=96&d=mm&r=g","url":"https:\/\/secure.gravatar.com\/avatar\/0f45231fddfb43fcbd0cdde4582a3580baf474d75fca7d494b42ff86847de871?s=96&d=mm&r=g","contentUrl":"https:\/\/secure.gravatar.com\/avatar\/0f45231fddfb43fcbd0cdde4582a3580baf474d75fca7d494b42ff86847de871?s=96&d=mm&r=g","caption":"admin"},"url":"http:\/\/noviasespana.com\/noviasbaleares\/author\/admin\/"}]}},"jetpack_featured_media_url":"","jetpack_sharing_enabled":true,"jetpack_shortlink":"https:\/\/wp.me\/p5Hg6P-UT","jetpack_likes_enabled":true,"_links":{"self":[{"href":"http:\/\/noviasespana.com\/noviasbaleares\/wp-json\/wp\/v2\/posts\/3527","targetHints":{"allow":["GET"]}}],"collection":[{"href":"http:\/\/noviasespana.com\/noviasbaleares\/wp-json\/wp\/v2\/posts"}],"about":[{"href":"http:\/\/noviasespana.com\/noviasbaleares\/wp-json\/wp\/v2\/types\/post"}],"author":[{"embeddable":true,"href":"http:\/\/noviasespana.com\/noviasbaleares\/wp-json\/wp\/v2\/users\/2"}],"replies":[{"embeddable":true,"href":"http:\/\/noviasespana.com\/noviasbaleares\/wp-json\/wp\/v2\/comments?post=3527"}],"version-history":[{"count":0,"href":"http:\/\/noviasespana.com\/noviasbaleares\/wp-json\/wp\/v2\/posts\/3527\/revisions"}],"wp:attachment":[{"href":"http:\/\/noviasespana.com\/noviasbaleares\/wp-json\/wp\/v2\/media?parent=3527"}],"wp:term":[{"taxonomy":"category","embeddable":true,"href":"http:\/\/noviasespana.com\/noviasbaleares\/wp-json\/wp\/v2\/categories?post=3527"},{"taxonomy":"post_tag","embeddable":true,"href":"http:\/\/noviasespana.com\/noviasbaleares\/wp-json\/wp\/v2\/tags?post=3527"}],"curies":[{"name":"wp","href":"https:\/\/api.w.org\/{rel}","templated":true}]}}