{"id":3513,"date":"2011-10-07T09:00:21","date_gmt":"2011-10-07T07:00:21","guid":{"rendered":"http:\/\/www.diariodeunanovia.com\/blog\/?p=3513"},"modified":"2011-10-07T09:00:21","modified_gmt":"2011-10-07T07:00:21","slug":"la-boda-de-la-duquesa-de-alba-portada-en-todo-el-mundo","status":"publish","type":"post","link":"http:\/\/noviasespana.com\/noviasbaleares\/la-boda-de-la-duquesa-de-alba-portada-en-todo-el-mundo\/","title":{"rendered":"La boda de la duquesa de Alba portada en todo el mundo"},"content":{"rendered":"<p><img data-recalc-dims=\"1\" loading=\"lazy\" decoding=\"async\" class=\"aligncenter\" title=\"boda-duquesa-int1-z\" src=\"https:\/\/i0.wp.com\/www.diariodeunanovia.com\/blog\/wp-content\/uploads\/sites\/5\/2011\/10\/boda-duquesa-int1-z-300x256.jpg?resize=300%2C256\" alt=\"boda-duquesa-int1-z\" width=\"300\" height=\"256\" \/><\/p>\n<p>Queridas novias!! <strong>Las redes sociales echan humo y diarios estadounidenses, brit\u00e1nicos, franceses, italianos, alemanes&#8230; todos hablan del acontecimiento del a\u00f1o.<\/strong> La boda por amor de la Cayetana de Alba y Alfonso D\u00edez. <strong>Destacan que la arist\u00f3crata ha repartido su patrimonio por amor a los 85 a\u00f1os y que ha celebrado su enlace bailando descalza.<\/strong> La verdad es que la boda lo merece y ha traspasado fronteras. <strong>Desde los prestigiosos New York Times o el Washington Post hasta la revista People en Estados Unidos o la BBC y El Daily Mail en Reino Unido todos los medios\u00a0han comentado la boda.<\/strong> Pero no s\u00f3lo en Estados Unidos y el Reino Unido se ha le\u00eddo la noticia. La prensa de pa\u00edses como Francia, Italia, Alemania, Canad\u00e1 y Australia tambi\u00e9n se han hecho eco de la noticia .\u00a0 Muchos de los medios de esos pa\u00edses alaban la valent\u00eda de do\u00f1a Cayetana para repartir\u00a0su patrimonio entre sus hijos para poder casarse. <strong>Entre los mejores titulares el franc\u00e9s L\u00b4Express:\u00a0\u201cFlamenco y vestido de encaje para el matrimonio de la duquesa de Alba\u201d, o el del alem\u00e1n Bild\u00a0que titula con un &#8216;Ol\u00e9&#8217;. El italiano La Republica\u00a0define a Alfonso como \u00abun hombre menos noble, menos rico y m\u00e1s joven con el que ella se lleva 24 a\u00f1os\u201d y en casi todos se comenta de la \u201cpol\u00e9mica familiar\u201d que provoc\u00f3 el enlace y c\u00f3mo do\u00f1a Cayetana, super\u00f3 todos los obst\u00e1culos.<br \/>\n<\/strong>Los australianos del Sidney Herald\u00a0comentan la \u00abasombrosa\u00bb capacidad de \u00e9sta para hacer lo que le viene en gana y la energ\u00eda que desborda la duquesa a pesar de su edad. En fin que en el fondo a todos nos da un poco de envidia, \u00bfo no querr\u00edais bailar descalzas junto al hombre que am\u00e1is para celebrar vuestro amor?<\/p>\n<p>Fuente: <a href=\"http:\/\/www.hola.com\/\" target=\"_blank\">http:\/\/www.hola.com\/<\/a><\/p>\n","protected":false},"excerpt":{"rendered":"<p>Queridas novias!! Las redes sociales echan humo y diarios estadounidenses, brit\u00e1nicos, franceses, italianos, alemanes&#8230; todos hablan del acontecimiento del a\u00f1o. La boda por amor de la Cayetana de Alba y Alfonso D\u00edez. Destacan que la arist\u00f3crata ha repartido su patrimonio por amor a los 85 a\u00f1os y que ha celebrado su enlace bailando descalza. La [&hellip;]<\/p>\n","protected":false},"author":2,"featured_media":0,"comment_status":"open","ping_status":"open","sticky":false,"template":"","format":"standard","meta":{"jetpack_post_was_ever_published":false,"_jetpack_newsletter_access":"","_jetpack_dont_email_post_to_subs":false,"_jetpack_newsletter_tier_id":0,"_jetpack_memberships_contains_paywalled_content":false,"_jetpack_memberships_contains_paid_content":false,"footnotes":""},"categories":[1],"tags":[],"class_list":["post-3513","post","type-post","status-publish","format-standard","hentry","category-novias"],"yoast_head":"<!-- This site is optimized with the Yoast SEO plugin v27.5 - https:\/\/yoast.com\/product\/yoast-seo-wordpress\/ -->\n<title>La boda de la duquesa de Alba portada en todo el mundo - Novias Baleares<\/title>\n<meta name=\"robots\" content=\"index, follow, max-snippet:-1, max-image-preview:large, max-video-preview:-1\" \/>\n<link rel=\"canonical\" href=\"http:\/\/noviasespana.com\/noviasbaleares\/la-boda-de-la-duquesa-de-alba-portada-en-todo-el-mundo\/\" \/>\n<meta property=\"og:locale\" content=\"es_ES\" \/>\n<meta property=\"og:type\" content=\"article\" \/>\n<meta property=\"og:title\" content=\"La boda de la duquesa de Alba portada en todo el mundo - Novias Baleares\" \/>\n<meta property=\"og:description\" content=\"Queridas novias!! Las redes sociales echan humo y diarios estadounidenses, brit\u00e1nicos, franceses, italianos, alemanes&#8230; todos hablan del acontecimiento del a\u00f1o. La boda por amor de la Cayetana de Alba y Alfonso D\u00edez. Destacan que la arist\u00f3crata ha repartido su patrimonio por amor a los 85 a\u00f1os y que ha celebrado su enlace bailando descalza. La [&hellip;]\" \/>\n<meta property=\"og:url\" content=\"http:\/\/noviasespana.com\/noviasbaleares\/la-boda-de-la-duquesa-de-alba-portada-en-todo-el-mundo\/\" \/>\n<meta property=\"og:site_name\" content=\"Novias Baleares\" \/>\n<meta property=\"article:published_time\" content=\"2011-10-07T07:00:21+00:00\" \/>\n<meta property=\"og:image\" content=\"http:\/\/www.diariodeunanovia.com\/blog\/wp-content\/uploads\/sites\/5\/2011\/10\/boda-duquesa-int1-z-300x256.jpg\" \/>\n<meta name=\"author\" content=\"admin\" \/>\n<meta name=\"twitter:label1\" content=\"Escrito por\" \/>\n\t<meta name=\"twitter:data1\" content=\"admin\" \/>\n\t<meta name=\"twitter:label2\" content=\"Tiempo de lectura\" \/>\n\t<meta name=\"twitter:data2\" content=\"2 minutos\" \/>\n<script type=\"application\/ld+json\" class=\"yoast-schema-graph\">{\"@context\":\"https:\\\/\\\/schema.org\",\"@graph\":[{\"@type\":\"Article\",\"@id\":\"http:\\\/\\\/noviasespana.com\\\/noviasbaleares\\\/la-boda-de-la-duquesa-de-alba-portada-en-todo-el-mundo\\\/#article\",\"isPartOf\":{\"@id\":\"http:\\\/\\\/noviasespana.com\\\/noviasbaleares\\\/la-boda-de-la-duquesa-de-alba-portada-en-todo-el-mundo\\\/\"},\"author\":{\"name\":\"admin\",\"@id\":\"http:\\\/\\\/noviasespana.com\\\/noviasbaleares\\\/#\\\/schema\\\/person\\\/82ff6e303fad28e4da623aa4d27969ed\"},\"headline\":\"La boda de la duquesa de Alba portada en todo el mundo\",\"datePublished\":\"2011-10-07T07:00:21+00:00\",\"mainEntityOfPage\":{\"@id\":\"http:\\\/\\\/noviasespana.com\\\/noviasbaleares\\\/la-boda-de-la-duquesa-de-alba-portada-en-todo-el-mundo\\\/\"},\"wordCount\":332,\"commentCount\":0,\"image\":{\"@id\":\"http:\\\/\\\/noviasespana.com\\\/noviasbaleares\\\/la-boda-de-la-duquesa-de-alba-portada-en-todo-el-mundo\\\/#primaryimage\"},\"thumbnailUrl\":\"http:\\\/\\\/www.diariodeunanovia.com\\\/blog\\\/wp-content\\\/uploads\\\/sites\\\/5\\\/2011\\\/10\\\/boda-duquesa-int1-z-300x256.jpg\",\"articleSection\":[\"novias\"],\"inLanguage\":\"es\",\"potentialAction\":[{\"@type\":\"CommentAction\",\"name\":\"Comment\",\"target\":[\"http:\\\/\\\/noviasespana.com\\\/noviasbaleares\\\/la-boda-de-la-duquesa-de-alba-portada-en-todo-el-mundo\\\/#respond\"]}]},{\"@type\":\"WebPage\",\"@id\":\"http:\\\/\\\/noviasespana.com\\\/noviasbaleares\\\/la-boda-de-la-duquesa-de-alba-portada-en-todo-el-mundo\\\/\",\"url\":\"http:\\\/\\\/noviasespana.com\\\/noviasbaleares\\\/la-boda-de-la-duquesa-de-alba-portada-en-todo-el-mundo\\\/\",\"name\":\"La boda de la duquesa de Alba portada en todo el mundo - Novias Baleares\",\"isPartOf\":{\"@id\":\"http:\\\/\\\/noviasespana.com\\\/noviasbaleares\\\/#website\"},\"primaryImageOfPage\":{\"@id\":\"http:\\\/\\\/noviasespana.com\\\/noviasbaleares\\\/la-boda-de-la-duquesa-de-alba-portada-en-todo-el-mundo\\\/#primaryimage\"},\"image\":{\"@id\":\"http:\\\/\\\/noviasespana.com\\\/noviasbaleares\\\/la-boda-de-la-duquesa-de-alba-portada-en-todo-el-mundo\\\/#primaryimage\"},\"thumbnailUrl\":\"http:\\\/\\\/www.diariodeunanovia.com\\\/blog\\\/wp-content\\\/uploads\\\/sites\\\/5\\\/2011\\\/10\\\/boda-duquesa-int1-z-300x256.jpg\",\"datePublished\":\"2011-10-07T07:00:21+00:00\",\"author\":{\"@id\":\"http:\\\/\\\/noviasespana.com\\\/noviasbaleares\\\/#\\\/schema\\\/person\\\/82ff6e303fad28e4da623aa4d27969ed\"},\"breadcrumb\":{\"@id\":\"http:\\\/\\\/noviasespana.com\\\/noviasbaleares\\\/la-boda-de-la-duquesa-de-alba-portada-en-todo-el-mundo\\\/#breadcrumb\"},\"inLanguage\":\"es\",\"potentialAction\":[{\"@type\":\"ReadAction\",\"target\":[\"http:\\\/\\\/noviasespana.com\\\/noviasbaleares\\\/la-boda-de-la-duquesa-de-alba-portada-en-todo-el-mundo\\\/\"]}]},{\"@type\":\"ImageObject\",\"inLanguage\":\"es\",\"@id\":\"http:\\\/\\\/noviasespana.com\\\/noviasbaleares\\\/la-boda-de-la-duquesa-de-alba-portada-en-todo-el-mundo\\\/#primaryimage\",\"url\":\"http:\\\/\\\/www.diariodeunanovia.com\\\/blog\\\/wp-content\\\/uploads\\\/sites\\\/5\\\/2011\\\/10\\\/boda-duquesa-int1-z-300x256.jpg\",\"contentUrl\":\"http:\\\/\\\/www.diariodeunanovia.com\\\/blog\\\/wp-content\\\/uploads\\\/sites\\\/5\\\/2011\\\/10\\\/boda-duquesa-int1-z-300x256.jpg\"},{\"@type\":\"BreadcrumbList\",\"@id\":\"http:\\\/\\\/noviasespana.com\\\/noviasbaleares\\\/la-boda-de-la-duquesa-de-alba-portada-en-todo-el-mundo\\\/#breadcrumb\",\"itemListElement\":[{\"@type\":\"ListItem\",\"position\":1,\"name\":\"Portada\",\"item\":\"http:\\\/\\\/noviasespana.com\\\/noviasbaleares\\\/\"},{\"@type\":\"ListItem\",\"position\":2,\"name\":\"La boda de la duquesa de Alba portada en todo el mundo\"}]},{\"@type\":\"WebSite\",\"@id\":\"http:\\\/\\\/noviasespana.com\\\/noviasbaleares\\\/#website\",\"url\":\"http:\\\/\\\/noviasespana.com\\\/noviasbaleares\\\/\",\"name\":\"Novias Baleares\",\"description\":\"Revista de novias\",\"potentialAction\":[{\"@type\":\"SearchAction\",\"target\":{\"@type\":\"EntryPoint\",\"urlTemplate\":\"http:\\\/\\\/noviasespana.com\\\/noviasbaleares\\\/?s={search_term_string}\"},\"query-input\":{\"@type\":\"PropertyValueSpecification\",\"valueRequired\":true,\"valueName\":\"search_term_string\"}}],\"inLanguage\":\"es\"},{\"@type\":\"Person\",\"@id\":\"http:\\\/\\\/noviasespana.com\\\/noviasbaleares\\\/#\\\/schema\\\/person\\\/82ff6e303fad28e4da623aa4d27969ed\",\"name\":\"admin\",\"image\":{\"@type\":\"ImageObject\",\"inLanguage\":\"es\",\"@id\":\"https:\\\/\\\/secure.gravatar.com\\\/avatar\\\/0f45231fddfb43fcbd0cdde4582a3580baf474d75fca7d494b42ff86847de871?s=96&d=mm&r=g\",\"url\":\"https:\\\/\\\/secure.gravatar.com\\\/avatar\\\/0f45231fddfb43fcbd0cdde4582a3580baf474d75fca7d494b42ff86847de871?s=96&d=mm&r=g\",\"contentUrl\":\"https:\\\/\\\/secure.gravatar.com\\\/avatar\\\/0f45231fddfb43fcbd0cdde4582a3580baf474d75fca7d494b42ff86847de871?s=96&d=mm&r=g\",\"caption\":\"admin\"},\"url\":\"http:\\\/\\\/noviasespana.com\\\/noviasbaleares\\\/author\\\/admin\\\/\"}]}<\/script>\n<!-- \/ Yoast SEO plugin. -->","yoast_head_json":{"title":"La boda de la duquesa de Alba portada en todo el mundo - Novias Baleares","robots":{"index":"index","follow":"follow","max-snippet":"max-snippet:-1","max-image-preview":"max-image-preview:large","max-video-preview":"max-video-preview:-1"},"canonical":"http:\/\/noviasespana.com\/noviasbaleares\/la-boda-de-la-duquesa-de-alba-portada-en-todo-el-mundo\/","og_locale":"es_ES","og_type":"article","og_title":"La boda de la duquesa de Alba portada en todo el mundo - Novias Baleares","og_description":"Queridas novias!! Las redes sociales echan humo y diarios estadounidenses, brit\u00e1nicos, franceses, italianos, alemanes&#8230; todos hablan del acontecimiento del a\u00f1o. La boda por amor de la Cayetana de Alba y Alfonso D\u00edez. Destacan que la arist\u00f3crata ha repartido su patrimonio por amor a los 85 a\u00f1os y que ha celebrado su enlace bailando descalza. La [&hellip;]","og_url":"http:\/\/noviasespana.com\/noviasbaleares\/la-boda-de-la-duquesa-de-alba-portada-en-todo-el-mundo\/","og_site_name":"Novias Baleares","article_published_time":"2011-10-07T07:00:21+00:00","og_image":[{"url":"http:\/\/www.diariodeunanovia.com\/blog\/wp-content\/uploads\/sites\/5\/2011\/10\/boda-duquesa-int1-z-300x256.jpg","type":"","width":"","height":""}],"author":"admin","twitter_misc":{"Escrito por":"admin","Tiempo de lectura":"2 minutos"},"schema":{"@context":"https:\/\/schema.org","@graph":[{"@type":"Article","@id":"http:\/\/noviasespana.com\/noviasbaleares\/la-boda-de-la-duquesa-de-alba-portada-en-todo-el-mundo\/#article","isPartOf":{"@id":"http:\/\/noviasespana.com\/noviasbaleares\/la-boda-de-la-duquesa-de-alba-portada-en-todo-el-mundo\/"},"author":{"name":"admin","@id":"http:\/\/noviasespana.com\/noviasbaleares\/#\/schema\/person\/82ff6e303fad28e4da623aa4d27969ed"},"headline":"La boda de la duquesa de Alba portada en todo el mundo","datePublished":"2011-10-07T07:00:21+00:00","mainEntityOfPage":{"@id":"http:\/\/noviasespana.com\/noviasbaleares\/la-boda-de-la-duquesa-de-alba-portada-en-todo-el-mundo\/"},"wordCount":332,"commentCount":0,"image":{"@id":"http:\/\/noviasespana.com\/noviasbaleares\/la-boda-de-la-duquesa-de-alba-portada-en-todo-el-mundo\/#primaryimage"},"thumbnailUrl":"http:\/\/www.diariodeunanovia.com\/blog\/wp-content\/uploads\/sites\/5\/2011\/10\/boda-duquesa-int1-z-300x256.jpg","articleSection":["novias"],"inLanguage":"es","potentialAction":[{"@type":"CommentAction","name":"Comment","target":["http:\/\/noviasespana.com\/noviasbaleares\/la-boda-de-la-duquesa-de-alba-portada-en-todo-el-mundo\/#respond"]}]},{"@type":"WebPage","@id":"http:\/\/noviasespana.com\/noviasbaleares\/la-boda-de-la-duquesa-de-alba-portada-en-todo-el-mundo\/","url":"http:\/\/noviasespana.com\/noviasbaleares\/la-boda-de-la-duquesa-de-alba-portada-en-todo-el-mundo\/","name":"La boda de la duquesa de Alba portada en todo el mundo - Novias Baleares","isPartOf":{"@id":"http:\/\/noviasespana.com\/noviasbaleares\/#website"},"primaryImageOfPage":{"@id":"http:\/\/noviasespana.com\/noviasbaleares\/la-boda-de-la-duquesa-de-alba-portada-en-todo-el-mundo\/#primaryimage"},"image":{"@id":"http:\/\/noviasespana.com\/noviasbaleares\/la-boda-de-la-duquesa-de-alba-portada-en-todo-el-mundo\/#primaryimage"},"thumbnailUrl":"http:\/\/www.diariodeunanovia.com\/blog\/wp-content\/uploads\/sites\/5\/2011\/10\/boda-duquesa-int1-z-300x256.jpg","datePublished":"2011-10-07T07:00:21+00:00","author":{"@id":"http:\/\/noviasespana.com\/noviasbaleares\/#\/schema\/person\/82ff6e303fad28e4da623aa4d27969ed"},"breadcrumb":{"@id":"http:\/\/noviasespana.com\/noviasbaleares\/la-boda-de-la-duquesa-de-alba-portada-en-todo-el-mundo\/#breadcrumb"},"inLanguage":"es","potentialAction":[{"@type":"ReadAction","target":["http:\/\/noviasespana.com\/noviasbaleares\/la-boda-de-la-duquesa-de-alba-portada-en-todo-el-mundo\/"]}]},{"@type":"ImageObject","inLanguage":"es","@id":"http:\/\/noviasespana.com\/noviasbaleares\/la-boda-de-la-duquesa-de-alba-portada-en-todo-el-mundo\/#primaryimage","url":"http:\/\/www.diariodeunanovia.com\/blog\/wp-content\/uploads\/sites\/5\/2011\/10\/boda-duquesa-int1-z-300x256.jpg","contentUrl":"http:\/\/www.diariodeunanovia.com\/blog\/wp-content\/uploads\/sites\/5\/2011\/10\/boda-duquesa-int1-z-300x256.jpg"},{"@type":"BreadcrumbList","@id":"http:\/\/noviasespana.com\/noviasbaleares\/la-boda-de-la-duquesa-de-alba-portada-en-todo-el-mundo\/#breadcrumb","itemListElement":[{"@type":"ListItem","position":1,"name":"Portada","item":"http:\/\/noviasespana.com\/noviasbaleares\/"},{"@type":"ListItem","position":2,"name":"La boda de la duquesa de Alba portada en todo el mundo"}]},{"@type":"WebSite","@id":"http:\/\/noviasespana.com\/noviasbaleares\/#website","url":"http:\/\/noviasespana.com\/noviasbaleares\/","name":"Novias Baleares","description":"Revista de novias","potentialAction":[{"@type":"SearchAction","target":{"@type":"EntryPoint","urlTemplate":"http:\/\/noviasespana.com\/noviasbaleares\/?s={search_term_string}"},"query-input":{"@type":"PropertyValueSpecification","valueRequired":true,"valueName":"search_term_string"}}],"inLanguage":"es"},{"@type":"Person","@id":"http:\/\/noviasespana.com\/noviasbaleares\/#\/schema\/person\/82ff6e303fad28e4da623aa4d27969ed","name":"admin","image":{"@type":"ImageObject","inLanguage":"es","@id":"https:\/\/secure.gravatar.com\/avatar\/0f45231fddfb43fcbd0cdde4582a3580baf474d75fca7d494b42ff86847de871?s=96&d=mm&r=g","url":"https:\/\/secure.gravatar.com\/avatar\/0f45231fddfb43fcbd0cdde4582a3580baf474d75fca7d494b42ff86847de871?s=96&d=mm&r=g","contentUrl":"https:\/\/secure.gravatar.com\/avatar\/0f45231fddfb43fcbd0cdde4582a3580baf474d75fca7d494b42ff86847de871?s=96&d=mm&r=g","caption":"admin"},"url":"http:\/\/noviasespana.com\/noviasbaleares\/author\/admin\/"}]}},"jetpack_featured_media_url":"","jetpack_sharing_enabled":true,"jetpack_shortlink":"https:\/\/wp.me\/p5Hg6P-UF","jetpack_likes_enabled":true,"_links":{"self":[{"href":"http:\/\/noviasespana.com\/noviasbaleares\/wp-json\/wp\/v2\/posts\/3513","targetHints":{"allow":["GET"]}}],"collection":[{"href":"http:\/\/noviasespana.com\/noviasbaleares\/wp-json\/wp\/v2\/posts"}],"about":[{"href":"http:\/\/noviasespana.com\/noviasbaleares\/wp-json\/wp\/v2\/types\/post"}],"author":[{"embeddable":true,"href":"http:\/\/noviasespana.com\/noviasbaleares\/wp-json\/wp\/v2\/users\/2"}],"replies":[{"embeddable":true,"href":"http:\/\/noviasespana.com\/noviasbaleares\/wp-json\/wp\/v2\/comments?post=3513"}],"version-history":[{"count":0,"href":"http:\/\/noviasespana.com\/noviasbaleares\/wp-json\/wp\/v2\/posts\/3513\/revisions"}],"wp:attachment":[{"href":"http:\/\/noviasespana.com\/noviasbaleares\/wp-json\/wp\/v2\/media?parent=3513"}],"wp:term":[{"taxonomy":"category","embeddable":true,"href":"http:\/\/noviasespana.com\/noviasbaleares\/wp-json\/wp\/v2\/categories?post=3513"},{"taxonomy":"post_tag","embeddable":true,"href":"http:\/\/noviasespana.com\/noviasbaleares\/wp-json\/wp\/v2\/tags?post=3513"}],"curies":[{"name":"wp","href":"https:\/\/api.w.org\/{rel}","templated":true}]}}