{"id":3503,"date":"2011-10-05T09:00:45","date_gmt":"2011-10-05T07:00:45","guid":{"rendered":"http:\/\/www.diariodeunanovia.com\/blog\/?p=3503"},"modified":"2011-10-05T09:00:45","modified_gmt":"2011-10-05T07:00:45","slug":"hoy-se-casa-la-duquesa","status":"publish","type":"post","link":"http:\/\/noviasespana.com\/noviasbaleares\/hoy-se-casa-la-duquesa\/","title":{"rendered":"Hoy se casa la #duquesa"},"content":{"rendered":"<p style=\"text-align: center\"><img data-recalc-dims=\"1\" loading=\"lazy\" decoding=\"async\" class=\"size-full wp-image-3504  aligncenter\" title=\"cayetana-alfonso_270x250\" src=\"https:\/\/i0.wp.com\/www.diariodeunanovia.com\/blog\/wp-content\/uploads\/sites\/5\/2011\/10\/cayetana-alfonso_270x250.jpg?resize=270%2C250\" alt=\"cayetana-alfonso_270x250\" width=\"270\" height=\"250\" \/><\/p>\n<p>Queridas novias!!! <strong>Quedan tan s\u00f3lo horas para la boda del a\u00f1o<\/strong> -con permiso de KateMiddleton y el pr\u00edncipe Guillermo-. Y es que la duquesa de Alba es mucha duquesa y as\u00ed lo ha demostrado a sus 85 a\u00f1os. En lo que ser\u00e1 su tercer matrimonio, ahora con Alfonso D\u00edez de Carabantes (su pareja desde 2008 y amigo desde mucho antes), <strong>Cayetana Fitz-James Stuart dar\u00e1 el s\u00ed quiero hoy mi\u00e9rcoles en el Palacio de Due\u00f1as de Sevilla, a las 13.00<\/strong>. <strong>La duquesa se pone una vez m\u00e1s el mundo por montera dejando de lado las cr\u00edticas por contraer matrimonio con un hombre un cuarto de siglo menor que ella<\/strong>. Como era de esperar, las redes sociales tampoco se han cortado en socarroner\u00eda y burla. <strong>La broma m\u00e1s repetida era la de <em>momia<\/em> en lugar de <em>novia<\/em>. Y claro, la diferencia de edad da para muchas bromas: que si tendr\u00e1 padrinosaurio, que si no acudir\u00e1 por que tiene juanetes, y que si el vino se dar\u00e1 por v\u00eda intravenosa.<\/strong> \u00a0Pero bueno. Poco creo que le importe que el hashtag<strong><em> #bodaduquesa<\/em><\/strong> es<a href=\"https:\/\/twitter.com\/\" target=\"_BLANK\ufffd\ufffd\ufffd\ufffd\"> trending topic en Twitter<\/a> y ocupe los primeros puestos durante todo el d\u00eda.Incluso <strong>#duquesa <\/strong>(tal cual, como si no existiera otra) se ha colado en el top ten. Cayetana no tiene competidores. Y menos ma\u00f1ana en Sevilla, que cuenta con seguidores desde hace varios d\u00edas agolpados para guardar un buen sitio para la cita. <strong>Vestida de Victorio &amp; Lucchino y con zapatos de Pilar Burgos, la duquesa se casar\u00e1 en un enlace \u00edntimo<\/strong>. Una boda rodeada de pol\u00e9mica pero como el el amor no entiende de dinero o de edad: \u00a1Vivan los novios!<\/p>\n<p>\u00a0<\/p>\n<p>Fuente: <a href=\"http:\/\/www.adn.es\">www.adn.es<\/a><\/p>\n","protected":false},"excerpt":{"rendered":"<p>Queridas novias!!! Quedan tan s\u00f3lo horas para la boda del a\u00f1o -con permiso de KateMiddleton y el pr\u00edncipe Guillermo-. Y es que la duquesa de Alba es mucha duquesa y as\u00ed lo ha demostrado a sus 85 a\u00f1os. En lo que ser\u00e1 su tercer matrimonio, ahora con Alfonso D\u00edez de Carabantes (su pareja desde 2008 [&hellip;]<\/p>\n","protected":false},"author":2,"featured_media":0,"comment_status":"open","ping_status":"open","sticky":false,"template":"","format":"standard","meta":{"jetpack_post_was_ever_published":false,"_jetpack_newsletter_access":"","_jetpack_dont_email_post_to_subs":false,"_jetpack_newsletter_tier_id":0,"_jetpack_memberships_contains_paywalled_content":false,"_jetpack_memberships_contains_paid_content":false,"footnotes":""},"categories":[1],"tags":[],"class_list":["post-3503","post","type-post","status-publish","format-standard","hentry","category-novias"],"yoast_head":"<!-- This site is optimized with the Yoast SEO plugin v27.5 - https:\/\/yoast.com\/product\/yoast-seo-wordpress\/ -->\n<title>Hoy se casa la #duquesa - Novias Baleares<\/title>\n<meta name=\"robots\" content=\"index, follow, max-snippet:-1, max-image-preview:large, max-video-preview:-1\" \/>\n<link rel=\"canonical\" href=\"http:\/\/noviasespana.com\/noviasbaleares\/hoy-se-casa-la-duquesa\/\" \/>\n<meta property=\"og:locale\" content=\"es_ES\" \/>\n<meta property=\"og:type\" content=\"article\" \/>\n<meta property=\"og:title\" content=\"Hoy se casa la #duquesa - Novias Baleares\" \/>\n<meta property=\"og:description\" content=\"Queridas novias!!! Quedan tan s\u00f3lo horas para la boda del a\u00f1o -con permiso de KateMiddleton y el pr\u00edncipe Guillermo-. Y es que la duquesa de Alba es mucha duquesa y as\u00ed lo ha demostrado a sus 85 a\u00f1os. En lo que ser\u00e1 su tercer matrimonio, ahora con Alfonso D\u00edez de Carabantes (su pareja desde 2008 [&hellip;]\" \/>\n<meta property=\"og:url\" content=\"http:\/\/noviasespana.com\/noviasbaleares\/hoy-se-casa-la-duquesa\/\" \/>\n<meta property=\"og:site_name\" content=\"Novias Baleares\" \/>\n<meta property=\"article:published_time\" content=\"2011-10-05T07:00:45+00:00\" \/>\n<meta property=\"og:image\" content=\"http:\/\/www.diariodeunanovia.com\/blog\/wp-content\/uploads\/sites\/5\/2011\/10\/cayetana-alfonso_270x250.jpg\" \/>\n<meta name=\"author\" content=\"admin\" \/>\n<meta name=\"twitter:label1\" content=\"Escrito por\" \/>\n\t<meta name=\"twitter:data1\" content=\"admin\" \/>\n\t<meta name=\"twitter:label2\" content=\"Tiempo de lectura\" \/>\n\t<meta name=\"twitter:data2\" content=\"1 minuto\" \/>\n<script type=\"application\/ld+json\" class=\"yoast-schema-graph\">{\"@context\":\"https:\\\/\\\/schema.org\",\"@graph\":[{\"@type\":\"Article\",\"@id\":\"http:\\\/\\\/noviasespana.com\\\/noviasbaleares\\\/hoy-se-casa-la-duquesa\\\/#article\",\"isPartOf\":{\"@id\":\"http:\\\/\\\/noviasespana.com\\\/noviasbaleares\\\/hoy-se-casa-la-duquesa\\\/\"},\"author\":{\"name\":\"admin\",\"@id\":\"http:\\\/\\\/noviasespana.com\\\/noviasbaleares\\\/#\\\/schema\\\/person\\\/82ff6e303fad28e4da623aa4d27969ed\"},\"headline\":\"Hoy se casa la #duquesa\",\"datePublished\":\"2011-10-05T07:00:45+00:00\",\"mainEntityOfPage\":{\"@id\":\"http:\\\/\\\/noviasespana.com\\\/noviasbaleares\\\/hoy-se-casa-la-duquesa\\\/\"},\"wordCount\":295,\"commentCount\":0,\"image\":{\"@id\":\"http:\\\/\\\/noviasespana.com\\\/noviasbaleares\\\/hoy-se-casa-la-duquesa\\\/#primaryimage\"},\"thumbnailUrl\":\"http:\\\/\\\/www.diariodeunanovia.com\\\/blog\\\/wp-content\\\/uploads\\\/sites\\\/5\\\/2011\\\/10\\\/cayetana-alfonso_270x250.jpg\",\"articleSection\":[\"novias\"],\"inLanguage\":\"es\",\"potentialAction\":[{\"@type\":\"CommentAction\",\"name\":\"Comment\",\"target\":[\"http:\\\/\\\/noviasespana.com\\\/noviasbaleares\\\/hoy-se-casa-la-duquesa\\\/#respond\"]}]},{\"@type\":\"WebPage\",\"@id\":\"http:\\\/\\\/noviasespana.com\\\/noviasbaleares\\\/hoy-se-casa-la-duquesa\\\/\",\"url\":\"http:\\\/\\\/noviasespana.com\\\/noviasbaleares\\\/hoy-se-casa-la-duquesa\\\/\",\"name\":\"Hoy se casa la #duquesa - Novias Baleares\",\"isPartOf\":{\"@id\":\"http:\\\/\\\/noviasespana.com\\\/noviasbaleares\\\/#website\"},\"primaryImageOfPage\":{\"@id\":\"http:\\\/\\\/noviasespana.com\\\/noviasbaleares\\\/hoy-se-casa-la-duquesa\\\/#primaryimage\"},\"image\":{\"@id\":\"http:\\\/\\\/noviasespana.com\\\/noviasbaleares\\\/hoy-se-casa-la-duquesa\\\/#primaryimage\"},\"thumbnailUrl\":\"http:\\\/\\\/www.diariodeunanovia.com\\\/blog\\\/wp-content\\\/uploads\\\/sites\\\/5\\\/2011\\\/10\\\/cayetana-alfonso_270x250.jpg\",\"datePublished\":\"2011-10-05T07:00:45+00:00\",\"author\":{\"@id\":\"http:\\\/\\\/noviasespana.com\\\/noviasbaleares\\\/#\\\/schema\\\/person\\\/82ff6e303fad28e4da623aa4d27969ed\"},\"breadcrumb\":{\"@id\":\"http:\\\/\\\/noviasespana.com\\\/noviasbaleares\\\/hoy-se-casa-la-duquesa\\\/#breadcrumb\"},\"inLanguage\":\"es\",\"potentialAction\":[{\"@type\":\"ReadAction\",\"target\":[\"http:\\\/\\\/noviasespana.com\\\/noviasbaleares\\\/hoy-se-casa-la-duquesa\\\/\"]}]},{\"@type\":\"ImageObject\",\"inLanguage\":\"es\",\"@id\":\"http:\\\/\\\/noviasespana.com\\\/noviasbaleares\\\/hoy-se-casa-la-duquesa\\\/#primaryimage\",\"url\":\"http:\\\/\\\/www.diariodeunanovia.com\\\/blog\\\/wp-content\\\/uploads\\\/sites\\\/5\\\/2011\\\/10\\\/cayetana-alfonso_270x250.jpg\",\"contentUrl\":\"http:\\\/\\\/www.diariodeunanovia.com\\\/blog\\\/wp-content\\\/uploads\\\/sites\\\/5\\\/2011\\\/10\\\/cayetana-alfonso_270x250.jpg\"},{\"@type\":\"BreadcrumbList\",\"@id\":\"http:\\\/\\\/noviasespana.com\\\/noviasbaleares\\\/hoy-se-casa-la-duquesa\\\/#breadcrumb\",\"itemListElement\":[{\"@type\":\"ListItem\",\"position\":1,\"name\":\"Portada\",\"item\":\"http:\\\/\\\/noviasespana.com\\\/noviasbaleares\\\/\"},{\"@type\":\"ListItem\",\"position\":2,\"name\":\"Hoy se casa la #duquesa\"}]},{\"@type\":\"WebSite\",\"@id\":\"http:\\\/\\\/noviasespana.com\\\/noviasbaleares\\\/#website\",\"url\":\"http:\\\/\\\/noviasespana.com\\\/noviasbaleares\\\/\",\"name\":\"Novias Baleares\",\"description\":\"Revista de novias\",\"potentialAction\":[{\"@type\":\"SearchAction\",\"target\":{\"@type\":\"EntryPoint\",\"urlTemplate\":\"http:\\\/\\\/noviasespana.com\\\/noviasbaleares\\\/?s={search_term_string}\"},\"query-input\":{\"@type\":\"PropertyValueSpecification\",\"valueRequired\":true,\"valueName\":\"search_term_string\"}}],\"inLanguage\":\"es\"},{\"@type\":\"Person\",\"@id\":\"http:\\\/\\\/noviasespana.com\\\/noviasbaleares\\\/#\\\/schema\\\/person\\\/82ff6e303fad28e4da623aa4d27969ed\",\"name\":\"admin\",\"image\":{\"@type\":\"ImageObject\",\"inLanguage\":\"es\",\"@id\":\"https:\\\/\\\/secure.gravatar.com\\\/avatar\\\/0f45231fddfb43fcbd0cdde4582a3580baf474d75fca7d494b42ff86847de871?s=96&d=mm&r=g\",\"url\":\"https:\\\/\\\/secure.gravatar.com\\\/avatar\\\/0f45231fddfb43fcbd0cdde4582a3580baf474d75fca7d494b42ff86847de871?s=96&d=mm&r=g\",\"contentUrl\":\"https:\\\/\\\/secure.gravatar.com\\\/avatar\\\/0f45231fddfb43fcbd0cdde4582a3580baf474d75fca7d494b42ff86847de871?s=96&d=mm&r=g\",\"caption\":\"admin\"},\"url\":\"http:\\\/\\\/noviasespana.com\\\/noviasbaleares\\\/author\\\/admin\\\/\"}]}<\/script>\n<!-- \/ Yoast SEO plugin. -->","yoast_head_json":{"title":"Hoy se casa la #duquesa - Novias Baleares","robots":{"index":"index","follow":"follow","max-snippet":"max-snippet:-1","max-image-preview":"max-image-preview:large","max-video-preview":"max-video-preview:-1"},"canonical":"http:\/\/noviasespana.com\/noviasbaleares\/hoy-se-casa-la-duquesa\/","og_locale":"es_ES","og_type":"article","og_title":"Hoy se casa la #duquesa - Novias Baleares","og_description":"Queridas novias!!! Quedan tan s\u00f3lo horas para la boda del a\u00f1o -con permiso de KateMiddleton y el pr\u00edncipe Guillermo-. Y es que la duquesa de Alba es mucha duquesa y as\u00ed lo ha demostrado a sus 85 a\u00f1os. En lo que ser\u00e1 su tercer matrimonio, ahora con Alfonso D\u00edez de Carabantes (su pareja desde 2008 [&hellip;]","og_url":"http:\/\/noviasespana.com\/noviasbaleares\/hoy-se-casa-la-duquesa\/","og_site_name":"Novias Baleares","article_published_time":"2011-10-05T07:00:45+00:00","og_image":[{"url":"http:\/\/www.diariodeunanovia.com\/blog\/wp-content\/uploads\/sites\/5\/2011\/10\/cayetana-alfonso_270x250.jpg","type":"","width":"","height":""}],"author":"admin","twitter_misc":{"Escrito por":"admin","Tiempo de lectura":"1 minuto"},"schema":{"@context":"https:\/\/schema.org","@graph":[{"@type":"Article","@id":"http:\/\/noviasespana.com\/noviasbaleares\/hoy-se-casa-la-duquesa\/#article","isPartOf":{"@id":"http:\/\/noviasespana.com\/noviasbaleares\/hoy-se-casa-la-duquesa\/"},"author":{"name":"admin","@id":"http:\/\/noviasespana.com\/noviasbaleares\/#\/schema\/person\/82ff6e303fad28e4da623aa4d27969ed"},"headline":"Hoy se casa la #duquesa","datePublished":"2011-10-05T07:00:45+00:00","mainEntityOfPage":{"@id":"http:\/\/noviasespana.com\/noviasbaleares\/hoy-se-casa-la-duquesa\/"},"wordCount":295,"commentCount":0,"image":{"@id":"http:\/\/noviasespana.com\/noviasbaleares\/hoy-se-casa-la-duquesa\/#primaryimage"},"thumbnailUrl":"http:\/\/www.diariodeunanovia.com\/blog\/wp-content\/uploads\/sites\/5\/2011\/10\/cayetana-alfonso_270x250.jpg","articleSection":["novias"],"inLanguage":"es","potentialAction":[{"@type":"CommentAction","name":"Comment","target":["http:\/\/noviasespana.com\/noviasbaleares\/hoy-se-casa-la-duquesa\/#respond"]}]},{"@type":"WebPage","@id":"http:\/\/noviasespana.com\/noviasbaleares\/hoy-se-casa-la-duquesa\/","url":"http:\/\/noviasespana.com\/noviasbaleares\/hoy-se-casa-la-duquesa\/","name":"Hoy se casa la #duquesa - Novias Baleares","isPartOf":{"@id":"http:\/\/noviasespana.com\/noviasbaleares\/#website"},"primaryImageOfPage":{"@id":"http:\/\/noviasespana.com\/noviasbaleares\/hoy-se-casa-la-duquesa\/#primaryimage"},"image":{"@id":"http:\/\/noviasespana.com\/noviasbaleares\/hoy-se-casa-la-duquesa\/#primaryimage"},"thumbnailUrl":"http:\/\/www.diariodeunanovia.com\/blog\/wp-content\/uploads\/sites\/5\/2011\/10\/cayetana-alfonso_270x250.jpg","datePublished":"2011-10-05T07:00:45+00:00","author":{"@id":"http:\/\/noviasespana.com\/noviasbaleares\/#\/schema\/person\/82ff6e303fad28e4da623aa4d27969ed"},"breadcrumb":{"@id":"http:\/\/noviasespana.com\/noviasbaleares\/hoy-se-casa-la-duquesa\/#breadcrumb"},"inLanguage":"es","potentialAction":[{"@type":"ReadAction","target":["http:\/\/noviasespana.com\/noviasbaleares\/hoy-se-casa-la-duquesa\/"]}]},{"@type":"ImageObject","inLanguage":"es","@id":"http:\/\/noviasespana.com\/noviasbaleares\/hoy-se-casa-la-duquesa\/#primaryimage","url":"http:\/\/www.diariodeunanovia.com\/blog\/wp-content\/uploads\/sites\/5\/2011\/10\/cayetana-alfonso_270x250.jpg","contentUrl":"http:\/\/www.diariodeunanovia.com\/blog\/wp-content\/uploads\/sites\/5\/2011\/10\/cayetana-alfonso_270x250.jpg"},{"@type":"BreadcrumbList","@id":"http:\/\/noviasespana.com\/noviasbaleares\/hoy-se-casa-la-duquesa\/#breadcrumb","itemListElement":[{"@type":"ListItem","position":1,"name":"Portada","item":"http:\/\/noviasespana.com\/noviasbaleares\/"},{"@type":"ListItem","position":2,"name":"Hoy se casa la #duquesa"}]},{"@type":"WebSite","@id":"http:\/\/noviasespana.com\/noviasbaleares\/#website","url":"http:\/\/noviasespana.com\/noviasbaleares\/","name":"Novias Baleares","description":"Revista de novias","potentialAction":[{"@type":"SearchAction","target":{"@type":"EntryPoint","urlTemplate":"http:\/\/noviasespana.com\/noviasbaleares\/?s={search_term_string}"},"query-input":{"@type":"PropertyValueSpecification","valueRequired":true,"valueName":"search_term_string"}}],"inLanguage":"es"},{"@type":"Person","@id":"http:\/\/noviasespana.com\/noviasbaleares\/#\/schema\/person\/82ff6e303fad28e4da623aa4d27969ed","name":"admin","image":{"@type":"ImageObject","inLanguage":"es","@id":"https:\/\/secure.gravatar.com\/avatar\/0f45231fddfb43fcbd0cdde4582a3580baf474d75fca7d494b42ff86847de871?s=96&d=mm&r=g","url":"https:\/\/secure.gravatar.com\/avatar\/0f45231fddfb43fcbd0cdde4582a3580baf474d75fca7d494b42ff86847de871?s=96&d=mm&r=g","contentUrl":"https:\/\/secure.gravatar.com\/avatar\/0f45231fddfb43fcbd0cdde4582a3580baf474d75fca7d494b42ff86847de871?s=96&d=mm&r=g","caption":"admin"},"url":"http:\/\/noviasespana.com\/noviasbaleares\/author\/admin\/"}]}},"jetpack_featured_media_url":"","jetpack_sharing_enabled":true,"jetpack_shortlink":"https:\/\/wp.me\/p5Hg6P-Uv","jetpack_likes_enabled":true,"_links":{"self":[{"href":"http:\/\/noviasespana.com\/noviasbaleares\/wp-json\/wp\/v2\/posts\/3503","targetHints":{"allow":["GET"]}}],"collection":[{"href":"http:\/\/noviasespana.com\/noviasbaleares\/wp-json\/wp\/v2\/posts"}],"about":[{"href":"http:\/\/noviasespana.com\/noviasbaleares\/wp-json\/wp\/v2\/types\/post"}],"author":[{"embeddable":true,"href":"http:\/\/noviasespana.com\/noviasbaleares\/wp-json\/wp\/v2\/users\/2"}],"replies":[{"embeddable":true,"href":"http:\/\/noviasespana.com\/noviasbaleares\/wp-json\/wp\/v2\/comments?post=3503"}],"version-history":[{"count":0,"href":"http:\/\/noviasespana.com\/noviasbaleares\/wp-json\/wp\/v2\/posts\/3503\/revisions"}],"wp:attachment":[{"href":"http:\/\/noviasespana.com\/noviasbaleares\/wp-json\/wp\/v2\/media?parent=3503"}],"wp:term":[{"taxonomy":"category","embeddable":true,"href":"http:\/\/noviasespana.com\/noviasbaleares\/wp-json\/wp\/v2\/categories?post=3503"},{"taxonomy":"post_tag","embeddable":true,"href":"http:\/\/noviasespana.com\/noviasbaleares\/wp-json\/wp\/v2\/tags?post=3503"}],"curies":[{"name":"wp","href":"https:\/\/api.w.org\/{rel}","templated":true}]}}