{"id":3496,"date":"2011-10-03T09:00:45","date_gmt":"2011-10-03T07:00:45","guid":{"rendered":"http:\/\/www.diariodeunanovia.com\/blog\/?p=3496"},"modified":"2011-10-03T09:00:45","modified_gmt":"2011-10-03T07:00:45","slug":"aire-barcelona-viste-de-novia-a-la-cantante-edurne","status":"publish","type":"post","link":"http:\/\/noviasespana.com\/noviasbaleares\/aire-barcelona-viste-de-novia-a-la-cantante-edurne\/","title":{"rendered":"Aire Barcelona viste de novia a la cantante Edurne"},"content":{"rendered":"<p><img data-recalc-dims=\"1\" loading=\"lazy\" decoding=\"async\" class=\"size-medium wp-image-3497  aligncenter\" title=\"edurne\" src=\"https:\/\/i0.wp.com\/www.diariodeunanovia.com\/blog\/wp-content\/uploads\/sites\/5\/2011\/10\/edurne-169x300.jpg?resize=169%2C300\" alt=\"edurne\" width=\"169\" height=\"300\" \/><\/p>\n<p>Queridas novias!! <strong>Ya est\u00e1 en las tiendas la colecci\u00f3n primavera &#8211; verano 2012 de <a href=\"http:\/\/www.airebarcelona.es\/\" target=\"_blank\">Aire Barcelona <\/a>y para celebrarlo la firma catal\u00e1n ha vestido de novia a la cantante Edurne y a la actriz \u00darsula Corber\u00f3<\/strong>. En la presentaci\u00f3n tambi\u00e9n estaba Alba Carrillo, imagen de la firma esta temporada, luciendo sonrisa a pocos d\u00edas de dar a luz a su hijo. \u00a0<strong>Aunque ninguna tiene por el momento planes de boda ya hemos podido ver c\u00f3mo les sentar\u00eda un vestido de novia y la verdad es que\u00a0las tres estaban radiantes<\/strong>. <strong>Edurne<\/strong> guap\u00edsima, con el modelo Polis, un precioso vestido palabra de honor en delicada organza bordada con adorno de pedrer\u00eda en la cintura es mi favorita. Su \u00a0gran falda brocada , hacen de este modelo un vestido perfecto para una novia cl\u00e1sica pero a la vez muy dulce y con un punto de sofisticaci\u00f3n. <!--more-->Junto a Edurne, <strong>\u00darsula Corber\u00f3<\/strong>, con un enfundado en un maravillo vestido blanco de cuerpo ajustado y escote coraz\u00f3n que le sentaba como un guante. La embarazad\u00edsima <strong>Alba Carrillo<\/strong> se presento ante la prensa radiante con un vestido de fiesta de escote palabra de honor en color turquesa. <strong>La verdad es que la colecci\u00f3n de Aire Barcelona, la segunda marca de Rora Clar\u00e1 es preciosa. Hay vestido de estilos muy diferentes para mujeres de todos los gustos. Vestidos llenos de magia, que como dicen en su web, tienen un solo objetivo \u201cque en tu gran d\u00eda brilles con luz propia\u201d.\u00bfCu\u00e1l es tu favorito?<\/strong><\/p>\n","protected":false},"excerpt":{"rendered":"<p>Queridas novias!! Ya est\u00e1 en las tiendas la colecci\u00f3n primavera &#8211; verano 2012 de Aire Barcelona y para celebrarlo la firma catal\u00e1n ha vestido de novia a la cantante Edurne y a la actriz \u00darsula Corber\u00f3. En la presentaci\u00f3n tambi\u00e9n estaba Alba Carrillo, imagen de la firma esta temporada, luciendo sonrisa a pocos d\u00edas de [&hellip;]<\/p>\n","protected":false},"author":2,"featured_media":0,"comment_status":"open","ping_status":"open","sticky":false,"template":"","format":"standard","meta":{"jetpack_post_was_ever_published":false,"_jetpack_newsletter_access":"","_jetpack_dont_email_post_to_subs":false,"_jetpack_newsletter_tier_id":0,"_jetpack_memberships_contains_paywalled_content":false,"_jetpack_memberships_contains_paid_content":false,"footnotes":""},"categories":[1],"tags":[],"class_list":["post-3496","post","type-post","status-publish","format-standard","hentry","category-novias"],"yoast_head":"<!-- This site is optimized with the Yoast SEO plugin v27.5 - https:\/\/yoast.com\/product\/yoast-seo-wordpress\/ -->\n<title>Aire Barcelona viste de novia a la cantante Edurne - Novias Baleares<\/title>\n<meta name=\"robots\" content=\"index, follow, max-snippet:-1, max-image-preview:large, max-video-preview:-1\" \/>\n<link rel=\"canonical\" href=\"http:\/\/noviasespana.com\/noviasbaleares\/aire-barcelona-viste-de-novia-a-la-cantante-edurne\/\" \/>\n<meta property=\"og:locale\" content=\"es_ES\" \/>\n<meta property=\"og:type\" content=\"article\" \/>\n<meta property=\"og:title\" content=\"Aire Barcelona viste de novia a la cantante Edurne - Novias Baleares\" \/>\n<meta property=\"og:description\" content=\"Queridas novias!! Ya est\u00e1 en las tiendas la colecci\u00f3n primavera &#8211; verano 2012 de Aire Barcelona y para celebrarlo la firma catal\u00e1n ha vestido de novia a la cantante Edurne y a la actriz \u00darsula Corber\u00f3. En la presentaci\u00f3n tambi\u00e9n estaba Alba Carrillo, imagen de la firma esta temporada, luciendo sonrisa a pocos d\u00edas de [&hellip;]\" \/>\n<meta property=\"og:url\" content=\"http:\/\/noviasespana.com\/noviasbaleares\/aire-barcelona-viste-de-novia-a-la-cantante-edurne\/\" \/>\n<meta property=\"og:site_name\" content=\"Novias Baleares\" \/>\n<meta property=\"article:published_time\" content=\"2011-10-03T07:00:45+00:00\" \/>\n<meta property=\"og:image\" content=\"http:\/\/www.diariodeunanovia.com\/blog\/wp-content\/uploads\/sites\/5\/2011\/10\/edurne-169x300.jpg\" \/>\n<meta name=\"author\" content=\"admin\" \/>\n<meta name=\"twitter:label1\" content=\"Escrito por\" \/>\n\t<meta name=\"twitter:data1\" content=\"admin\" \/>\n\t<meta name=\"twitter:label2\" content=\"Tiempo de lectura\" \/>\n\t<meta name=\"twitter:data2\" content=\"1 minuto\" \/>\n<script type=\"application\/ld+json\" class=\"yoast-schema-graph\">{\"@context\":\"https:\\\/\\\/schema.org\",\"@graph\":[{\"@type\":\"Article\",\"@id\":\"http:\\\/\\\/noviasespana.com\\\/noviasbaleares\\\/aire-barcelona-viste-de-novia-a-la-cantante-edurne\\\/#article\",\"isPartOf\":{\"@id\":\"http:\\\/\\\/noviasespana.com\\\/noviasbaleares\\\/aire-barcelona-viste-de-novia-a-la-cantante-edurne\\\/\"},\"author\":{\"name\":\"admin\",\"@id\":\"http:\\\/\\\/noviasespana.com\\\/noviasbaleares\\\/#\\\/schema\\\/person\\\/82ff6e303fad28e4da623aa4d27969ed\"},\"headline\":\"Aire Barcelona viste de novia a la cantante Edurne\",\"datePublished\":\"2011-10-03T07:00:45+00:00\",\"mainEntityOfPage\":{\"@id\":\"http:\\\/\\\/noviasespana.com\\\/noviasbaleares\\\/aire-barcelona-viste-de-novia-a-la-cantante-edurne\\\/\"},\"wordCount\":271,\"commentCount\":0,\"image\":{\"@id\":\"http:\\\/\\\/noviasespana.com\\\/noviasbaleares\\\/aire-barcelona-viste-de-novia-a-la-cantante-edurne\\\/#primaryimage\"},\"thumbnailUrl\":\"http:\\\/\\\/www.diariodeunanovia.com\\\/blog\\\/wp-content\\\/uploads\\\/sites\\\/5\\\/2011\\\/10\\\/edurne-169x300.jpg\",\"articleSection\":[\"novias\"],\"inLanguage\":\"es\",\"potentialAction\":[{\"@type\":\"CommentAction\",\"name\":\"Comment\",\"target\":[\"http:\\\/\\\/noviasespana.com\\\/noviasbaleares\\\/aire-barcelona-viste-de-novia-a-la-cantante-edurne\\\/#respond\"]}]},{\"@type\":\"WebPage\",\"@id\":\"http:\\\/\\\/noviasespana.com\\\/noviasbaleares\\\/aire-barcelona-viste-de-novia-a-la-cantante-edurne\\\/\",\"url\":\"http:\\\/\\\/noviasespana.com\\\/noviasbaleares\\\/aire-barcelona-viste-de-novia-a-la-cantante-edurne\\\/\",\"name\":\"Aire Barcelona viste de novia a la cantante Edurne - Novias Baleares\",\"isPartOf\":{\"@id\":\"http:\\\/\\\/noviasespana.com\\\/noviasbaleares\\\/#website\"},\"primaryImageOfPage\":{\"@id\":\"http:\\\/\\\/noviasespana.com\\\/noviasbaleares\\\/aire-barcelona-viste-de-novia-a-la-cantante-edurne\\\/#primaryimage\"},\"image\":{\"@id\":\"http:\\\/\\\/noviasespana.com\\\/noviasbaleares\\\/aire-barcelona-viste-de-novia-a-la-cantante-edurne\\\/#primaryimage\"},\"thumbnailUrl\":\"http:\\\/\\\/www.diariodeunanovia.com\\\/blog\\\/wp-content\\\/uploads\\\/sites\\\/5\\\/2011\\\/10\\\/edurne-169x300.jpg\",\"datePublished\":\"2011-10-03T07:00:45+00:00\",\"author\":{\"@id\":\"http:\\\/\\\/noviasespana.com\\\/noviasbaleares\\\/#\\\/schema\\\/person\\\/82ff6e303fad28e4da623aa4d27969ed\"},\"breadcrumb\":{\"@id\":\"http:\\\/\\\/noviasespana.com\\\/noviasbaleares\\\/aire-barcelona-viste-de-novia-a-la-cantante-edurne\\\/#breadcrumb\"},\"inLanguage\":\"es\",\"potentialAction\":[{\"@type\":\"ReadAction\",\"target\":[\"http:\\\/\\\/noviasespana.com\\\/noviasbaleares\\\/aire-barcelona-viste-de-novia-a-la-cantante-edurne\\\/\"]}]},{\"@type\":\"ImageObject\",\"inLanguage\":\"es\",\"@id\":\"http:\\\/\\\/noviasespana.com\\\/noviasbaleares\\\/aire-barcelona-viste-de-novia-a-la-cantante-edurne\\\/#primaryimage\",\"url\":\"http:\\\/\\\/www.diariodeunanovia.com\\\/blog\\\/wp-content\\\/uploads\\\/sites\\\/5\\\/2011\\\/10\\\/edurne-169x300.jpg\",\"contentUrl\":\"http:\\\/\\\/www.diariodeunanovia.com\\\/blog\\\/wp-content\\\/uploads\\\/sites\\\/5\\\/2011\\\/10\\\/edurne-169x300.jpg\"},{\"@type\":\"BreadcrumbList\",\"@id\":\"http:\\\/\\\/noviasespana.com\\\/noviasbaleares\\\/aire-barcelona-viste-de-novia-a-la-cantante-edurne\\\/#breadcrumb\",\"itemListElement\":[{\"@type\":\"ListItem\",\"position\":1,\"name\":\"Portada\",\"item\":\"http:\\\/\\\/noviasespana.com\\\/noviasbaleares\\\/\"},{\"@type\":\"ListItem\",\"position\":2,\"name\":\"Aire Barcelona viste de novia a la cantante Edurne\"}]},{\"@type\":\"WebSite\",\"@id\":\"http:\\\/\\\/noviasespana.com\\\/noviasbaleares\\\/#website\",\"url\":\"http:\\\/\\\/noviasespana.com\\\/noviasbaleares\\\/\",\"name\":\"Novias Baleares\",\"description\":\"Revista de novias\",\"potentialAction\":[{\"@type\":\"SearchAction\",\"target\":{\"@type\":\"EntryPoint\",\"urlTemplate\":\"http:\\\/\\\/noviasespana.com\\\/noviasbaleares\\\/?s={search_term_string}\"},\"query-input\":{\"@type\":\"PropertyValueSpecification\",\"valueRequired\":true,\"valueName\":\"search_term_string\"}}],\"inLanguage\":\"es\"},{\"@type\":\"Person\",\"@id\":\"http:\\\/\\\/noviasespana.com\\\/noviasbaleares\\\/#\\\/schema\\\/person\\\/82ff6e303fad28e4da623aa4d27969ed\",\"name\":\"admin\",\"image\":{\"@type\":\"ImageObject\",\"inLanguage\":\"es\",\"@id\":\"https:\\\/\\\/secure.gravatar.com\\\/avatar\\\/0f45231fddfb43fcbd0cdde4582a3580baf474d75fca7d494b42ff86847de871?s=96&d=mm&r=g\",\"url\":\"https:\\\/\\\/secure.gravatar.com\\\/avatar\\\/0f45231fddfb43fcbd0cdde4582a3580baf474d75fca7d494b42ff86847de871?s=96&d=mm&r=g\",\"contentUrl\":\"https:\\\/\\\/secure.gravatar.com\\\/avatar\\\/0f45231fddfb43fcbd0cdde4582a3580baf474d75fca7d494b42ff86847de871?s=96&d=mm&r=g\",\"caption\":\"admin\"},\"url\":\"http:\\\/\\\/noviasespana.com\\\/noviasbaleares\\\/author\\\/admin\\\/\"}]}<\/script>\n<!-- \/ Yoast SEO plugin. -->","yoast_head_json":{"title":"Aire Barcelona viste de novia a la cantante Edurne - Novias Baleares","robots":{"index":"index","follow":"follow","max-snippet":"max-snippet:-1","max-image-preview":"max-image-preview:large","max-video-preview":"max-video-preview:-1"},"canonical":"http:\/\/noviasespana.com\/noviasbaleares\/aire-barcelona-viste-de-novia-a-la-cantante-edurne\/","og_locale":"es_ES","og_type":"article","og_title":"Aire Barcelona viste de novia a la cantante Edurne - Novias Baleares","og_description":"Queridas novias!! Ya est\u00e1 en las tiendas la colecci\u00f3n primavera &#8211; verano 2012 de Aire Barcelona y para celebrarlo la firma catal\u00e1n ha vestido de novia a la cantante Edurne y a la actriz \u00darsula Corber\u00f3. En la presentaci\u00f3n tambi\u00e9n estaba Alba Carrillo, imagen de la firma esta temporada, luciendo sonrisa a pocos d\u00edas de [&hellip;]","og_url":"http:\/\/noviasespana.com\/noviasbaleares\/aire-barcelona-viste-de-novia-a-la-cantante-edurne\/","og_site_name":"Novias Baleares","article_published_time":"2011-10-03T07:00:45+00:00","og_image":[{"url":"http:\/\/www.diariodeunanovia.com\/blog\/wp-content\/uploads\/sites\/5\/2011\/10\/edurne-169x300.jpg","type":"","width":"","height":""}],"author":"admin","twitter_misc":{"Escrito por":"admin","Tiempo de lectura":"1 minuto"},"schema":{"@context":"https:\/\/schema.org","@graph":[{"@type":"Article","@id":"http:\/\/noviasespana.com\/noviasbaleares\/aire-barcelona-viste-de-novia-a-la-cantante-edurne\/#article","isPartOf":{"@id":"http:\/\/noviasespana.com\/noviasbaleares\/aire-barcelona-viste-de-novia-a-la-cantante-edurne\/"},"author":{"name":"admin","@id":"http:\/\/noviasespana.com\/noviasbaleares\/#\/schema\/person\/82ff6e303fad28e4da623aa4d27969ed"},"headline":"Aire Barcelona viste de novia a la cantante Edurne","datePublished":"2011-10-03T07:00:45+00:00","mainEntityOfPage":{"@id":"http:\/\/noviasespana.com\/noviasbaleares\/aire-barcelona-viste-de-novia-a-la-cantante-edurne\/"},"wordCount":271,"commentCount":0,"image":{"@id":"http:\/\/noviasespana.com\/noviasbaleares\/aire-barcelona-viste-de-novia-a-la-cantante-edurne\/#primaryimage"},"thumbnailUrl":"http:\/\/www.diariodeunanovia.com\/blog\/wp-content\/uploads\/sites\/5\/2011\/10\/edurne-169x300.jpg","articleSection":["novias"],"inLanguage":"es","potentialAction":[{"@type":"CommentAction","name":"Comment","target":["http:\/\/noviasespana.com\/noviasbaleares\/aire-barcelona-viste-de-novia-a-la-cantante-edurne\/#respond"]}]},{"@type":"WebPage","@id":"http:\/\/noviasespana.com\/noviasbaleares\/aire-barcelona-viste-de-novia-a-la-cantante-edurne\/","url":"http:\/\/noviasespana.com\/noviasbaleares\/aire-barcelona-viste-de-novia-a-la-cantante-edurne\/","name":"Aire Barcelona viste de novia a la cantante Edurne - Novias Baleares","isPartOf":{"@id":"http:\/\/noviasespana.com\/noviasbaleares\/#website"},"primaryImageOfPage":{"@id":"http:\/\/noviasespana.com\/noviasbaleares\/aire-barcelona-viste-de-novia-a-la-cantante-edurne\/#primaryimage"},"image":{"@id":"http:\/\/noviasespana.com\/noviasbaleares\/aire-barcelona-viste-de-novia-a-la-cantante-edurne\/#primaryimage"},"thumbnailUrl":"http:\/\/www.diariodeunanovia.com\/blog\/wp-content\/uploads\/sites\/5\/2011\/10\/edurne-169x300.jpg","datePublished":"2011-10-03T07:00:45+00:00","author":{"@id":"http:\/\/noviasespana.com\/noviasbaleares\/#\/schema\/person\/82ff6e303fad28e4da623aa4d27969ed"},"breadcrumb":{"@id":"http:\/\/noviasespana.com\/noviasbaleares\/aire-barcelona-viste-de-novia-a-la-cantante-edurne\/#breadcrumb"},"inLanguage":"es","potentialAction":[{"@type":"ReadAction","target":["http:\/\/noviasespana.com\/noviasbaleares\/aire-barcelona-viste-de-novia-a-la-cantante-edurne\/"]}]},{"@type":"ImageObject","inLanguage":"es","@id":"http:\/\/noviasespana.com\/noviasbaleares\/aire-barcelona-viste-de-novia-a-la-cantante-edurne\/#primaryimage","url":"http:\/\/www.diariodeunanovia.com\/blog\/wp-content\/uploads\/sites\/5\/2011\/10\/edurne-169x300.jpg","contentUrl":"http:\/\/www.diariodeunanovia.com\/blog\/wp-content\/uploads\/sites\/5\/2011\/10\/edurne-169x300.jpg"},{"@type":"BreadcrumbList","@id":"http:\/\/noviasespana.com\/noviasbaleares\/aire-barcelona-viste-de-novia-a-la-cantante-edurne\/#breadcrumb","itemListElement":[{"@type":"ListItem","position":1,"name":"Portada","item":"http:\/\/noviasespana.com\/noviasbaleares\/"},{"@type":"ListItem","position":2,"name":"Aire Barcelona viste de novia a la cantante Edurne"}]},{"@type":"WebSite","@id":"http:\/\/noviasespana.com\/noviasbaleares\/#website","url":"http:\/\/noviasespana.com\/noviasbaleares\/","name":"Novias Baleares","description":"Revista de novias","potentialAction":[{"@type":"SearchAction","target":{"@type":"EntryPoint","urlTemplate":"http:\/\/noviasespana.com\/noviasbaleares\/?s={search_term_string}"},"query-input":{"@type":"PropertyValueSpecification","valueRequired":true,"valueName":"search_term_string"}}],"inLanguage":"es"},{"@type":"Person","@id":"http:\/\/noviasespana.com\/noviasbaleares\/#\/schema\/person\/82ff6e303fad28e4da623aa4d27969ed","name":"admin","image":{"@type":"ImageObject","inLanguage":"es","@id":"https:\/\/secure.gravatar.com\/avatar\/0f45231fddfb43fcbd0cdde4582a3580baf474d75fca7d494b42ff86847de871?s=96&d=mm&r=g","url":"https:\/\/secure.gravatar.com\/avatar\/0f45231fddfb43fcbd0cdde4582a3580baf474d75fca7d494b42ff86847de871?s=96&d=mm&r=g","contentUrl":"https:\/\/secure.gravatar.com\/avatar\/0f45231fddfb43fcbd0cdde4582a3580baf474d75fca7d494b42ff86847de871?s=96&d=mm&r=g","caption":"admin"},"url":"http:\/\/noviasespana.com\/noviasbaleares\/author\/admin\/"}]}},"jetpack_featured_media_url":"","jetpack_sharing_enabled":true,"jetpack_shortlink":"https:\/\/wp.me\/p5Hg6P-Uo","jetpack_likes_enabled":true,"_links":{"self":[{"href":"http:\/\/noviasespana.com\/noviasbaleares\/wp-json\/wp\/v2\/posts\/3496","targetHints":{"allow":["GET"]}}],"collection":[{"href":"http:\/\/noviasespana.com\/noviasbaleares\/wp-json\/wp\/v2\/posts"}],"about":[{"href":"http:\/\/noviasespana.com\/noviasbaleares\/wp-json\/wp\/v2\/types\/post"}],"author":[{"embeddable":true,"href":"http:\/\/noviasespana.com\/noviasbaleares\/wp-json\/wp\/v2\/users\/2"}],"replies":[{"embeddable":true,"href":"http:\/\/noviasespana.com\/noviasbaleares\/wp-json\/wp\/v2\/comments?post=3496"}],"version-history":[{"count":0,"href":"http:\/\/noviasespana.com\/noviasbaleares\/wp-json\/wp\/v2\/posts\/3496\/revisions"}],"wp:attachment":[{"href":"http:\/\/noviasespana.com\/noviasbaleares\/wp-json\/wp\/v2\/media?parent=3496"}],"wp:term":[{"taxonomy":"category","embeddable":true,"href":"http:\/\/noviasespana.com\/noviasbaleares\/wp-json\/wp\/v2\/categories?post=3496"},{"taxonomy":"post_tag","embeddable":true,"href":"http:\/\/noviasespana.com\/noviasbaleares\/wp-json\/wp\/v2\/tags?post=3496"}],"curies":[{"name":"wp","href":"https:\/\/api.w.org\/{rel}","templated":true}]}}