{"id":3477,"date":"2011-09-26T09:00:25","date_gmt":"2011-09-26T07:00:25","guid":{"rendered":"http:\/\/www.diariodeunanovia.com\/blog\/?p=3477"},"modified":"2011-09-26T09:00:25","modified_gmt":"2011-09-26T07:00:25","slug":"los-vestidos-bohemios-y-femeninos-de-teresa-helbig","status":"publish","type":"post","link":"http:\/\/noviasespana.com\/noviasbaleares\/los-vestidos-bohemios-y-femeninos-de-teresa-helbig\/","title":{"rendered":"Los vestidos bohemios y femeninos de Teresa Helbig"},"content":{"rendered":"<p style=\"text-align: center\"><img data-recalc-dims=\"1\" loading=\"lazy\" decoding=\"async\" class=\"size-full wp-image-3478  aligncenter\" title=\"teresa\" src=\"https:\/\/i0.wp.com\/www.diariodeunanovia.com\/blog\/wp-content\/uploads\/sites\/5\/2011\/09\/teresa.jpg?resize=300%2C225\" alt=\"teresa\" width=\"300\" height=\"225\" \/><\/p>\n<p>Queridas novias!! Hoy quiero hablaros de la dise\u00f1adora Teresa Helbig y m\u00e1s concretamente de sus vestidos de novia. <strong>Vestidos exquisitos muy femeninos en los que se mezcla <\/strong><strong>el encanto de lo bohemio <\/strong><strong>con las tendencias m\u00e1s contempor\u00e1neas<\/strong>. Me gusta especialmente el toque \u00a0vintage que la dise\u00f1adora catalana da a sus vestidos y sobre todo su car\u00e1cter de alta costura. <strong>Se trata de vestidos para mujeres con personalidad, que buscan un ser una novia elegante y sensual, y que quieren sentirse\u00a0 especiales y femeninas<\/strong>. Seg\u00fan Teresa Helbig el vestido de novia es \u201cel vestido joya por excelencia\u00bb. Y para lograrlo no duda en experimentar con todo tipo de tejidos, sedas, tules, crochet, pedrer\u00eda y otros exquisitos materiales hacen de cada dise\u00f1o verdaderas obras de arte. <strong>Entre sus novias y sus vestidos hay aut\u00e9nticos flechazos, ya que se trata de vestidos \u00fanicos dise\u00f1ados en su atelier de Barcelona con mimo y mucho cari\u00f1o.<\/strong> Su cat\u00e1logo cuenta con estilos y piezas muy variados pero con un denominador com\u00fan, cada pieza est\u00e1 dise\u00f1ada para resaltar lo mejor de cada mujer.<!--more-->\u00a0Su especial toque \u00a0nost\u00e1lgico hace que por los vestidos de Teresa Helbig no pasen el de moda y que den a cada mujer, una belleza radiante y un estilo \u00fanico para esta ocasi\u00f3n tan especial. \u00bfNo os parecen maravillosos?<\/p>\n","protected":false},"excerpt":{"rendered":"<p>Queridas novias!! Hoy quiero hablaros de la dise\u00f1adora Teresa Helbig y m\u00e1s concretamente de sus vestidos de novia. Vestidos exquisitos muy femeninos en los que se mezcla el encanto de lo bohemio con las tendencias m\u00e1s contempor\u00e1neas. Me gusta especialmente el toque \u00a0vintage que la dise\u00f1adora catalana da a sus vestidos y sobre todo su [&hellip;]<\/p>\n","protected":false},"author":2,"featured_media":0,"comment_status":"open","ping_status":"open","sticky":false,"template":"","format":"standard","meta":{"jetpack_post_was_ever_published":false,"_jetpack_newsletter_access":"","_jetpack_dont_email_post_to_subs":false,"_jetpack_newsletter_tier_id":0,"_jetpack_memberships_contains_paywalled_content":false,"_jetpack_memberships_contains_paid_content":false,"footnotes":""},"categories":[1],"tags":[],"class_list":["post-3477","post","type-post","status-publish","format-standard","hentry","category-novias"],"yoast_head":"<!-- This site is optimized with the Yoast SEO plugin v27.5 - https:\/\/yoast.com\/product\/yoast-seo-wordpress\/ -->\n<title>Los vestidos bohemios y femeninos de Teresa Helbig - Novias Baleares<\/title>\n<meta name=\"robots\" content=\"index, follow, max-snippet:-1, max-image-preview:large, max-video-preview:-1\" \/>\n<link rel=\"canonical\" href=\"http:\/\/noviasespana.com\/noviasbaleares\/los-vestidos-bohemios-y-femeninos-de-teresa-helbig\/\" \/>\n<meta property=\"og:locale\" content=\"es_ES\" \/>\n<meta property=\"og:type\" content=\"article\" \/>\n<meta property=\"og:title\" content=\"Los vestidos bohemios y femeninos de Teresa Helbig - Novias Baleares\" \/>\n<meta property=\"og:description\" content=\"Queridas novias!! Hoy quiero hablaros de la dise\u00f1adora Teresa Helbig y m\u00e1s concretamente de sus vestidos de novia. Vestidos exquisitos muy femeninos en los que se mezcla el encanto de lo bohemio con las tendencias m\u00e1s contempor\u00e1neas. Me gusta especialmente el toque \u00a0vintage que la dise\u00f1adora catalana da a sus vestidos y sobre todo su [&hellip;]\" \/>\n<meta property=\"og:url\" content=\"http:\/\/noviasespana.com\/noviasbaleares\/los-vestidos-bohemios-y-femeninos-de-teresa-helbig\/\" \/>\n<meta property=\"og:site_name\" content=\"Novias Baleares\" \/>\n<meta property=\"article:published_time\" content=\"2011-09-26T07:00:25+00:00\" \/>\n<meta property=\"og:image\" content=\"http:\/\/www.diariodeunanovia.com\/blog\/wp-content\/uploads\/sites\/5\/2011\/09\/teresa.jpg\" \/>\n<meta name=\"author\" content=\"admin\" \/>\n<meta name=\"twitter:label1\" content=\"Escrito por\" \/>\n\t<meta name=\"twitter:data1\" content=\"admin\" \/>\n\t<meta name=\"twitter:label2\" content=\"Tiempo de lectura\" \/>\n\t<meta name=\"twitter:data2\" content=\"1 minuto\" \/>\n<script type=\"application\/ld+json\" class=\"yoast-schema-graph\">{\"@context\":\"https:\\\/\\\/schema.org\",\"@graph\":[{\"@type\":\"Article\",\"@id\":\"http:\\\/\\\/noviasespana.com\\\/noviasbaleares\\\/los-vestidos-bohemios-y-femeninos-de-teresa-helbig\\\/#article\",\"isPartOf\":{\"@id\":\"http:\\\/\\\/noviasespana.com\\\/noviasbaleares\\\/los-vestidos-bohemios-y-femeninos-de-teresa-helbig\\\/\"},\"author\":{\"name\":\"admin\",\"@id\":\"http:\\\/\\\/noviasespana.com\\\/noviasbaleares\\\/#\\\/schema\\\/person\\\/82ff6e303fad28e4da623aa4d27969ed\"},\"headline\":\"Los vestidos bohemios y femeninos de Teresa Helbig\",\"datePublished\":\"2011-09-26T07:00:25+00:00\",\"mainEntityOfPage\":{\"@id\":\"http:\\\/\\\/noviasespana.com\\\/noviasbaleares\\\/los-vestidos-bohemios-y-femeninos-de-teresa-helbig\\\/\"},\"wordCount\":240,\"commentCount\":0,\"image\":{\"@id\":\"http:\\\/\\\/noviasespana.com\\\/noviasbaleares\\\/los-vestidos-bohemios-y-femeninos-de-teresa-helbig\\\/#primaryimage\"},\"thumbnailUrl\":\"http:\\\/\\\/www.diariodeunanovia.com\\\/blog\\\/wp-content\\\/uploads\\\/sites\\\/5\\\/2011\\\/09\\\/teresa.jpg\",\"articleSection\":[\"novias\"],\"inLanguage\":\"es\",\"potentialAction\":[{\"@type\":\"CommentAction\",\"name\":\"Comment\",\"target\":[\"http:\\\/\\\/noviasespana.com\\\/noviasbaleares\\\/los-vestidos-bohemios-y-femeninos-de-teresa-helbig\\\/#respond\"]}]},{\"@type\":\"WebPage\",\"@id\":\"http:\\\/\\\/noviasespana.com\\\/noviasbaleares\\\/los-vestidos-bohemios-y-femeninos-de-teresa-helbig\\\/\",\"url\":\"http:\\\/\\\/noviasespana.com\\\/noviasbaleares\\\/los-vestidos-bohemios-y-femeninos-de-teresa-helbig\\\/\",\"name\":\"Los vestidos bohemios y femeninos de Teresa Helbig - Novias Baleares\",\"isPartOf\":{\"@id\":\"http:\\\/\\\/noviasespana.com\\\/noviasbaleares\\\/#website\"},\"primaryImageOfPage\":{\"@id\":\"http:\\\/\\\/noviasespana.com\\\/noviasbaleares\\\/los-vestidos-bohemios-y-femeninos-de-teresa-helbig\\\/#primaryimage\"},\"image\":{\"@id\":\"http:\\\/\\\/noviasespana.com\\\/noviasbaleares\\\/los-vestidos-bohemios-y-femeninos-de-teresa-helbig\\\/#primaryimage\"},\"thumbnailUrl\":\"http:\\\/\\\/www.diariodeunanovia.com\\\/blog\\\/wp-content\\\/uploads\\\/sites\\\/5\\\/2011\\\/09\\\/teresa.jpg\",\"datePublished\":\"2011-09-26T07:00:25+00:00\",\"author\":{\"@id\":\"http:\\\/\\\/noviasespana.com\\\/noviasbaleares\\\/#\\\/schema\\\/person\\\/82ff6e303fad28e4da623aa4d27969ed\"},\"breadcrumb\":{\"@id\":\"http:\\\/\\\/noviasespana.com\\\/noviasbaleares\\\/los-vestidos-bohemios-y-femeninos-de-teresa-helbig\\\/#breadcrumb\"},\"inLanguage\":\"es\",\"potentialAction\":[{\"@type\":\"ReadAction\",\"target\":[\"http:\\\/\\\/noviasespana.com\\\/noviasbaleares\\\/los-vestidos-bohemios-y-femeninos-de-teresa-helbig\\\/\"]}]},{\"@type\":\"ImageObject\",\"inLanguage\":\"es\",\"@id\":\"http:\\\/\\\/noviasespana.com\\\/noviasbaleares\\\/los-vestidos-bohemios-y-femeninos-de-teresa-helbig\\\/#primaryimage\",\"url\":\"http:\\\/\\\/www.diariodeunanovia.com\\\/blog\\\/wp-content\\\/uploads\\\/sites\\\/5\\\/2011\\\/09\\\/teresa.jpg\",\"contentUrl\":\"http:\\\/\\\/www.diariodeunanovia.com\\\/blog\\\/wp-content\\\/uploads\\\/sites\\\/5\\\/2011\\\/09\\\/teresa.jpg\"},{\"@type\":\"BreadcrumbList\",\"@id\":\"http:\\\/\\\/noviasespana.com\\\/noviasbaleares\\\/los-vestidos-bohemios-y-femeninos-de-teresa-helbig\\\/#breadcrumb\",\"itemListElement\":[{\"@type\":\"ListItem\",\"position\":1,\"name\":\"Portada\",\"item\":\"http:\\\/\\\/noviasespana.com\\\/noviasbaleares\\\/\"},{\"@type\":\"ListItem\",\"position\":2,\"name\":\"Los vestidos bohemios y femeninos de Teresa Helbig\"}]},{\"@type\":\"WebSite\",\"@id\":\"http:\\\/\\\/noviasespana.com\\\/noviasbaleares\\\/#website\",\"url\":\"http:\\\/\\\/noviasespana.com\\\/noviasbaleares\\\/\",\"name\":\"Novias Baleares\",\"description\":\"Revista de novias\",\"potentialAction\":[{\"@type\":\"SearchAction\",\"target\":{\"@type\":\"EntryPoint\",\"urlTemplate\":\"http:\\\/\\\/noviasespana.com\\\/noviasbaleares\\\/?s={search_term_string}\"},\"query-input\":{\"@type\":\"PropertyValueSpecification\",\"valueRequired\":true,\"valueName\":\"search_term_string\"}}],\"inLanguage\":\"es\"},{\"@type\":\"Person\",\"@id\":\"http:\\\/\\\/noviasespana.com\\\/noviasbaleares\\\/#\\\/schema\\\/person\\\/82ff6e303fad28e4da623aa4d27969ed\",\"name\":\"admin\",\"image\":{\"@type\":\"ImageObject\",\"inLanguage\":\"es\",\"@id\":\"https:\\\/\\\/secure.gravatar.com\\\/avatar\\\/0f45231fddfb43fcbd0cdde4582a3580baf474d75fca7d494b42ff86847de871?s=96&d=mm&r=g\",\"url\":\"https:\\\/\\\/secure.gravatar.com\\\/avatar\\\/0f45231fddfb43fcbd0cdde4582a3580baf474d75fca7d494b42ff86847de871?s=96&d=mm&r=g\",\"contentUrl\":\"https:\\\/\\\/secure.gravatar.com\\\/avatar\\\/0f45231fddfb43fcbd0cdde4582a3580baf474d75fca7d494b42ff86847de871?s=96&d=mm&r=g\",\"caption\":\"admin\"},\"url\":\"http:\\\/\\\/noviasespana.com\\\/noviasbaleares\\\/author\\\/admin\\\/\"}]}<\/script>\n<!-- \/ Yoast SEO plugin. -->","yoast_head_json":{"title":"Los vestidos bohemios y femeninos de Teresa Helbig - Novias Baleares","robots":{"index":"index","follow":"follow","max-snippet":"max-snippet:-1","max-image-preview":"max-image-preview:large","max-video-preview":"max-video-preview:-1"},"canonical":"http:\/\/noviasespana.com\/noviasbaleares\/los-vestidos-bohemios-y-femeninos-de-teresa-helbig\/","og_locale":"es_ES","og_type":"article","og_title":"Los vestidos bohemios y femeninos de Teresa Helbig - Novias Baleares","og_description":"Queridas novias!! Hoy quiero hablaros de la dise\u00f1adora Teresa Helbig y m\u00e1s concretamente de sus vestidos de novia. Vestidos exquisitos muy femeninos en los que se mezcla el encanto de lo bohemio con las tendencias m\u00e1s contempor\u00e1neas. Me gusta especialmente el toque \u00a0vintage que la dise\u00f1adora catalana da a sus vestidos y sobre todo su [&hellip;]","og_url":"http:\/\/noviasespana.com\/noviasbaleares\/los-vestidos-bohemios-y-femeninos-de-teresa-helbig\/","og_site_name":"Novias Baleares","article_published_time":"2011-09-26T07:00:25+00:00","og_image":[{"url":"http:\/\/www.diariodeunanovia.com\/blog\/wp-content\/uploads\/sites\/5\/2011\/09\/teresa.jpg","type":"","width":"","height":""}],"author":"admin","twitter_misc":{"Escrito por":"admin","Tiempo de lectura":"1 minuto"},"schema":{"@context":"https:\/\/schema.org","@graph":[{"@type":"Article","@id":"http:\/\/noviasespana.com\/noviasbaleares\/los-vestidos-bohemios-y-femeninos-de-teresa-helbig\/#article","isPartOf":{"@id":"http:\/\/noviasespana.com\/noviasbaleares\/los-vestidos-bohemios-y-femeninos-de-teresa-helbig\/"},"author":{"name":"admin","@id":"http:\/\/noviasespana.com\/noviasbaleares\/#\/schema\/person\/82ff6e303fad28e4da623aa4d27969ed"},"headline":"Los vestidos bohemios y femeninos de Teresa Helbig","datePublished":"2011-09-26T07:00:25+00:00","mainEntityOfPage":{"@id":"http:\/\/noviasespana.com\/noviasbaleares\/los-vestidos-bohemios-y-femeninos-de-teresa-helbig\/"},"wordCount":240,"commentCount":0,"image":{"@id":"http:\/\/noviasespana.com\/noviasbaleares\/los-vestidos-bohemios-y-femeninos-de-teresa-helbig\/#primaryimage"},"thumbnailUrl":"http:\/\/www.diariodeunanovia.com\/blog\/wp-content\/uploads\/sites\/5\/2011\/09\/teresa.jpg","articleSection":["novias"],"inLanguage":"es","potentialAction":[{"@type":"CommentAction","name":"Comment","target":["http:\/\/noviasespana.com\/noviasbaleares\/los-vestidos-bohemios-y-femeninos-de-teresa-helbig\/#respond"]}]},{"@type":"WebPage","@id":"http:\/\/noviasespana.com\/noviasbaleares\/los-vestidos-bohemios-y-femeninos-de-teresa-helbig\/","url":"http:\/\/noviasespana.com\/noviasbaleares\/los-vestidos-bohemios-y-femeninos-de-teresa-helbig\/","name":"Los vestidos bohemios y femeninos de Teresa Helbig - Novias Baleares","isPartOf":{"@id":"http:\/\/noviasespana.com\/noviasbaleares\/#website"},"primaryImageOfPage":{"@id":"http:\/\/noviasespana.com\/noviasbaleares\/los-vestidos-bohemios-y-femeninos-de-teresa-helbig\/#primaryimage"},"image":{"@id":"http:\/\/noviasespana.com\/noviasbaleares\/los-vestidos-bohemios-y-femeninos-de-teresa-helbig\/#primaryimage"},"thumbnailUrl":"http:\/\/www.diariodeunanovia.com\/blog\/wp-content\/uploads\/sites\/5\/2011\/09\/teresa.jpg","datePublished":"2011-09-26T07:00:25+00:00","author":{"@id":"http:\/\/noviasespana.com\/noviasbaleares\/#\/schema\/person\/82ff6e303fad28e4da623aa4d27969ed"},"breadcrumb":{"@id":"http:\/\/noviasespana.com\/noviasbaleares\/los-vestidos-bohemios-y-femeninos-de-teresa-helbig\/#breadcrumb"},"inLanguage":"es","potentialAction":[{"@type":"ReadAction","target":["http:\/\/noviasespana.com\/noviasbaleares\/los-vestidos-bohemios-y-femeninos-de-teresa-helbig\/"]}]},{"@type":"ImageObject","inLanguage":"es","@id":"http:\/\/noviasespana.com\/noviasbaleares\/los-vestidos-bohemios-y-femeninos-de-teresa-helbig\/#primaryimage","url":"http:\/\/www.diariodeunanovia.com\/blog\/wp-content\/uploads\/sites\/5\/2011\/09\/teresa.jpg","contentUrl":"http:\/\/www.diariodeunanovia.com\/blog\/wp-content\/uploads\/sites\/5\/2011\/09\/teresa.jpg"},{"@type":"BreadcrumbList","@id":"http:\/\/noviasespana.com\/noviasbaleares\/los-vestidos-bohemios-y-femeninos-de-teresa-helbig\/#breadcrumb","itemListElement":[{"@type":"ListItem","position":1,"name":"Portada","item":"http:\/\/noviasespana.com\/noviasbaleares\/"},{"@type":"ListItem","position":2,"name":"Los vestidos bohemios y femeninos de Teresa Helbig"}]},{"@type":"WebSite","@id":"http:\/\/noviasespana.com\/noviasbaleares\/#website","url":"http:\/\/noviasespana.com\/noviasbaleares\/","name":"Novias Baleares","description":"Revista de novias","potentialAction":[{"@type":"SearchAction","target":{"@type":"EntryPoint","urlTemplate":"http:\/\/noviasespana.com\/noviasbaleares\/?s={search_term_string}"},"query-input":{"@type":"PropertyValueSpecification","valueRequired":true,"valueName":"search_term_string"}}],"inLanguage":"es"},{"@type":"Person","@id":"http:\/\/noviasespana.com\/noviasbaleares\/#\/schema\/person\/82ff6e303fad28e4da623aa4d27969ed","name":"admin","image":{"@type":"ImageObject","inLanguage":"es","@id":"https:\/\/secure.gravatar.com\/avatar\/0f45231fddfb43fcbd0cdde4582a3580baf474d75fca7d494b42ff86847de871?s=96&d=mm&r=g","url":"https:\/\/secure.gravatar.com\/avatar\/0f45231fddfb43fcbd0cdde4582a3580baf474d75fca7d494b42ff86847de871?s=96&d=mm&r=g","contentUrl":"https:\/\/secure.gravatar.com\/avatar\/0f45231fddfb43fcbd0cdde4582a3580baf474d75fca7d494b42ff86847de871?s=96&d=mm&r=g","caption":"admin"},"url":"http:\/\/noviasespana.com\/noviasbaleares\/author\/admin\/"}]}},"jetpack_featured_media_url":"","jetpack_sharing_enabled":true,"jetpack_shortlink":"https:\/\/wp.me\/p5Hg6P-U5","jetpack_likes_enabled":true,"_links":{"self":[{"href":"http:\/\/noviasespana.com\/noviasbaleares\/wp-json\/wp\/v2\/posts\/3477","targetHints":{"allow":["GET"]}}],"collection":[{"href":"http:\/\/noviasespana.com\/noviasbaleares\/wp-json\/wp\/v2\/posts"}],"about":[{"href":"http:\/\/noviasespana.com\/noviasbaleares\/wp-json\/wp\/v2\/types\/post"}],"author":[{"embeddable":true,"href":"http:\/\/noviasespana.com\/noviasbaleares\/wp-json\/wp\/v2\/users\/2"}],"replies":[{"embeddable":true,"href":"http:\/\/noviasespana.com\/noviasbaleares\/wp-json\/wp\/v2\/comments?post=3477"}],"version-history":[{"count":0,"href":"http:\/\/noviasespana.com\/noviasbaleares\/wp-json\/wp\/v2\/posts\/3477\/revisions"}],"wp:attachment":[{"href":"http:\/\/noviasespana.com\/noviasbaleares\/wp-json\/wp\/v2\/media?parent=3477"}],"wp:term":[{"taxonomy":"category","embeddable":true,"href":"http:\/\/noviasespana.com\/noviasbaleares\/wp-json\/wp\/v2\/categories?post=3477"},{"taxonomy":"post_tag","embeddable":true,"href":"http:\/\/noviasespana.com\/noviasbaleares\/wp-json\/wp\/v2\/tags?post=3477"}],"curies":[{"name":"wp","href":"https:\/\/api.w.org\/{rel}","templated":true}]}}