{"id":3474,"date":"2011-09-22T10:38:22","date_gmt":"2011-09-22T08:38:22","guid":{"rendered":"http:\/\/www.diariodeunanovia.com\/blog\/?p=3474"},"modified":"2011-09-22T10:38:22","modified_gmt":"2011-09-22T08:38:22","slug":"raimon-bundo-estrena-coleccion-y-web","status":"publish","type":"post","link":"http:\/\/noviasespana.com\/noviasbaleares\/raimon-bundo-estrena-coleccion-y-web\/","title":{"rendered":"Raim\u00f3n Bund\u00f3 estrena colecci\u00f3n y web"},"content":{"rendered":"<p><img data-recalc-dims=\"1\" loading=\"lazy\" decoding=\"async\" class=\"size-full wp-image-3475  aligncenter\" title=\"Blog DUN16\" src=\"https:\/\/i0.wp.com\/www.diariodeunanovia.com\/blog\/wp-content\/uploads\/sites\/5\/2011\/09\/Blog-DUN16.jpg?resize=300%2C225\" alt=\"Blog DUN16\" width=\"300\" height=\"225\" \/>\u00a0<\/p>\n<p>Queridas novias!!! <strong>La firma catalana <a href=\"http:\/\/www.raimonbundo.com\/\" target=\"_blank\">Raim\u00f3n Bund\u00f3 estrena nueva web <\/a>presentando su cat\u00e1logo Amanecer<\/strong>. Adem\u00e1s ya est\u00e1n en las tiendas los dise\u00f1os de las tres colecciones de la temporada 2012.<strong> La colecci\u00f3n de la l\u00ednea Raimon Bund\u00f3 Novias, Amanecer, Divino Tesoro es \u201cUna colecci\u00f3n llena de \u201csavoir faire\u201d donde reinan las sedas naturales, mikados y dupiones\u201d\u2026.<\/strong> Si eres una novia cl\u00e1sica que busca un look delicado y dulce te aconsejo estudiar con detalle esta preciosa colecci\u00f3n dise\u00f1ada por Cristina Arana ya que recupera la novia m\u00e1s cl\u00e1sica sin perder esencia de la marca Bund\u00f3. <strong>Para novias originales, que buscan un vestido de novia diferente y especial la colecci\u00f3n De Bund\u00f3 llamada Amanecer Volar Contigo.<\/strong> Dise\u00f1ada por Ivonne Ruiz cuenta con originales y alternativos dise\u00f1os para las novias menos cl\u00e1sicas. Lo m\u00e1s especial son los tonos gastados y envejecidos de los tules y gasas, y el toque de oro viejo de los dise\u00f1os que les da un aspecto vintage y cinematogr\u00e1fico muy especial. Por \u00faltimo la colecci\u00f3n Sirenas de Victorio &amp; Lucchino Novias consigue como siempre vestir a una mujer elegante y muy femenina, bajo una cascada de volantes y favorecedores vestidos inspirados en el mar.<\/p>\n<p>V\u00eda: <a href=\"http:\/\/www.raimonbundo.com\" target=\"_blank\">www.raimonbundo.com<\/a><\/p>\n","protected":false},"excerpt":{"rendered":"<p>\u00a0 Queridas novias!!! La firma catalana Raim\u00f3n Bund\u00f3 estrena nueva web presentando su cat\u00e1logo Amanecer. Adem\u00e1s ya est\u00e1n en las tiendas los dise\u00f1os de las tres colecciones de la temporada 2012. La colecci\u00f3n de la l\u00ednea Raimon Bund\u00f3 Novias, Amanecer, Divino Tesoro es \u201cUna colecci\u00f3n llena de \u201csavoir faire\u201d donde reinan las sedas naturales, mikados [&hellip;]<\/p>\n","protected":false},"author":2,"featured_media":0,"comment_status":"open","ping_status":"open","sticky":false,"template":"","format":"standard","meta":{"jetpack_post_was_ever_published":false,"_jetpack_newsletter_access":"","_jetpack_dont_email_post_to_subs":false,"_jetpack_newsletter_tier_id":0,"_jetpack_memberships_contains_paywalled_content":false,"_jetpack_memberships_contains_paid_content":false,"footnotes":""},"categories":[1],"tags":[],"class_list":["post-3474","post","type-post","status-publish","format-standard","hentry","category-novias"],"yoast_head":"<!-- This site is optimized with the Yoast SEO plugin v27.5 - https:\/\/yoast.com\/product\/yoast-seo-wordpress\/ -->\n<title>Raim\u00f3n Bund\u00f3 estrena colecci\u00f3n y web - Novias Baleares<\/title>\n<meta name=\"robots\" content=\"index, follow, max-snippet:-1, max-image-preview:large, max-video-preview:-1\" \/>\n<link rel=\"canonical\" href=\"http:\/\/noviasespana.com\/noviasbaleares\/raimon-bundo-estrena-coleccion-y-web\/\" \/>\n<meta property=\"og:locale\" content=\"es_ES\" \/>\n<meta property=\"og:type\" content=\"article\" \/>\n<meta property=\"og:title\" content=\"Raim\u00f3n Bund\u00f3 estrena colecci\u00f3n y web - Novias Baleares\" \/>\n<meta property=\"og:description\" content=\"\u00a0 Queridas novias!!! La firma catalana Raim\u00f3n Bund\u00f3 estrena nueva web presentando su cat\u00e1logo Amanecer. Adem\u00e1s ya est\u00e1n en las tiendas los dise\u00f1os de las tres colecciones de la temporada 2012. La colecci\u00f3n de la l\u00ednea Raimon Bund\u00f3 Novias, Amanecer, Divino Tesoro es \u201cUna colecci\u00f3n llena de \u201csavoir faire\u201d donde reinan las sedas naturales, mikados [&hellip;]\" \/>\n<meta property=\"og:url\" content=\"http:\/\/noviasespana.com\/noviasbaleares\/raimon-bundo-estrena-coleccion-y-web\/\" \/>\n<meta property=\"og:site_name\" content=\"Novias Baleares\" \/>\n<meta property=\"article:published_time\" content=\"2011-09-22T08:38:22+00:00\" \/>\n<meta property=\"og:image\" content=\"http:\/\/www.diariodeunanovia.com\/blog\/wp-content\/uploads\/sites\/5\/2011\/09\/Blog-DUN16.jpg\" \/>\n<meta name=\"author\" content=\"admin\" \/>\n<meta name=\"twitter:label1\" content=\"Escrito por\" \/>\n\t<meta name=\"twitter:data1\" content=\"admin\" \/>\n\t<meta name=\"twitter:label2\" content=\"Tiempo de lectura\" \/>\n\t<meta name=\"twitter:data2\" content=\"1 minuto\" \/>\n<script type=\"application\/ld+json\" class=\"yoast-schema-graph\">{\"@context\":\"https:\\\/\\\/schema.org\",\"@graph\":[{\"@type\":\"Article\",\"@id\":\"http:\\\/\\\/noviasespana.com\\\/noviasbaleares\\\/raimon-bundo-estrena-coleccion-y-web\\\/#article\",\"isPartOf\":{\"@id\":\"http:\\\/\\\/noviasespana.com\\\/noviasbaleares\\\/raimon-bundo-estrena-coleccion-y-web\\\/\"},\"author\":{\"name\":\"admin\",\"@id\":\"http:\\\/\\\/noviasespana.com\\\/noviasbaleares\\\/#\\\/schema\\\/person\\\/82ff6e303fad28e4da623aa4d27969ed\"},\"headline\":\"Raim\u00f3n Bund\u00f3 estrena colecci\u00f3n y web\",\"datePublished\":\"2011-09-22T08:38:22+00:00\",\"mainEntityOfPage\":{\"@id\":\"http:\\\/\\\/noviasespana.com\\\/noviasbaleares\\\/raimon-bundo-estrena-coleccion-y-web\\\/\"},\"wordCount\":228,\"commentCount\":0,\"image\":{\"@id\":\"http:\\\/\\\/noviasespana.com\\\/noviasbaleares\\\/raimon-bundo-estrena-coleccion-y-web\\\/#primaryimage\"},\"thumbnailUrl\":\"http:\\\/\\\/www.diariodeunanovia.com\\\/blog\\\/wp-content\\\/uploads\\\/sites\\\/5\\\/2011\\\/09\\\/Blog-DUN16.jpg\",\"articleSection\":[\"novias\"],\"inLanguage\":\"es\",\"potentialAction\":[{\"@type\":\"CommentAction\",\"name\":\"Comment\",\"target\":[\"http:\\\/\\\/noviasespana.com\\\/noviasbaleares\\\/raimon-bundo-estrena-coleccion-y-web\\\/#respond\"]}]},{\"@type\":\"WebPage\",\"@id\":\"http:\\\/\\\/noviasespana.com\\\/noviasbaleares\\\/raimon-bundo-estrena-coleccion-y-web\\\/\",\"url\":\"http:\\\/\\\/noviasespana.com\\\/noviasbaleares\\\/raimon-bundo-estrena-coleccion-y-web\\\/\",\"name\":\"Raim\u00f3n Bund\u00f3 estrena colecci\u00f3n y web - Novias Baleares\",\"isPartOf\":{\"@id\":\"http:\\\/\\\/noviasespana.com\\\/noviasbaleares\\\/#website\"},\"primaryImageOfPage\":{\"@id\":\"http:\\\/\\\/noviasespana.com\\\/noviasbaleares\\\/raimon-bundo-estrena-coleccion-y-web\\\/#primaryimage\"},\"image\":{\"@id\":\"http:\\\/\\\/noviasespana.com\\\/noviasbaleares\\\/raimon-bundo-estrena-coleccion-y-web\\\/#primaryimage\"},\"thumbnailUrl\":\"http:\\\/\\\/www.diariodeunanovia.com\\\/blog\\\/wp-content\\\/uploads\\\/sites\\\/5\\\/2011\\\/09\\\/Blog-DUN16.jpg\",\"datePublished\":\"2011-09-22T08:38:22+00:00\",\"author\":{\"@id\":\"http:\\\/\\\/noviasespana.com\\\/noviasbaleares\\\/#\\\/schema\\\/person\\\/82ff6e303fad28e4da623aa4d27969ed\"},\"breadcrumb\":{\"@id\":\"http:\\\/\\\/noviasespana.com\\\/noviasbaleares\\\/raimon-bundo-estrena-coleccion-y-web\\\/#breadcrumb\"},\"inLanguage\":\"es\",\"potentialAction\":[{\"@type\":\"ReadAction\",\"target\":[\"http:\\\/\\\/noviasespana.com\\\/noviasbaleares\\\/raimon-bundo-estrena-coleccion-y-web\\\/\"]}]},{\"@type\":\"ImageObject\",\"inLanguage\":\"es\",\"@id\":\"http:\\\/\\\/noviasespana.com\\\/noviasbaleares\\\/raimon-bundo-estrena-coleccion-y-web\\\/#primaryimage\",\"url\":\"http:\\\/\\\/www.diariodeunanovia.com\\\/blog\\\/wp-content\\\/uploads\\\/sites\\\/5\\\/2011\\\/09\\\/Blog-DUN16.jpg\",\"contentUrl\":\"http:\\\/\\\/www.diariodeunanovia.com\\\/blog\\\/wp-content\\\/uploads\\\/sites\\\/5\\\/2011\\\/09\\\/Blog-DUN16.jpg\"},{\"@type\":\"BreadcrumbList\",\"@id\":\"http:\\\/\\\/noviasespana.com\\\/noviasbaleares\\\/raimon-bundo-estrena-coleccion-y-web\\\/#breadcrumb\",\"itemListElement\":[{\"@type\":\"ListItem\",\"position\":1,\"name\":\"Portada\",\"item\":\"http:\\\/\\\/noviasespana.com\\\/noviasbaleares\\\/\"},{\"@type\":\"ListItem\",\"position\":2,\"name\":\"Raim\u00f3n Bund\u00f3 estrena colecci\u00f3n y web\"}]},{\"@type\":\"WebSite\",\"@id\":\"http:\\\/\\\/noviasespana.com\\\/noviasbaleares\\\/#website\",\"url\":\"http:\\\/\\\/noviasespana.com\\\/noviasbaleares\\\/\",\"name\":\"Novias Baleares\",\"description\":\"Revista de novias\",\"potentialAction\":[{\"@type\":\"SearchAction\",\"target\":{\"@type\":\"EntryPoint\",\"urlTemplate\":\"http:\\\/\\\/noviasespana.com\\\/noviasbaleares\\\/?s={search_term_string}\"},\"query-input\":{\"@type\":\"PropertyValueSpecification\",\"valueRequired\":true,\"valueName\":\"search_term_string\"}}],\"inLanguage\":\"es\"},{\"@type\":\"Person\",\"@id\":\"http:\\\/\\\/noviasespana.com\\\/noviasbaleares\\\/#\\\/schema\\\/person\\\/82ff6e303fad28e4da623aa4d27969ed\",\"name\":\"admin\",\"image\":{\"@type\":\"ImageObject\",\"inLanguage\":\"es\",\"@id\":\"https:\\\/\\\/secure.gravatar.com\\\/avatar\\\/0f45231fddfb43fcbd0cdde4582a3580baf474d75fca7d494b42ff86847de871?s=96&d=mm&r=g\",\"url\":\"https:\\\/\\\/secure.gravatar.com\\\/avatar\\\/0f45231fddfb43fcbd0cdde4582a3580baf474d75fca7d494b42ff86847de871?s=96&d=mm&r=g\",\"contentUrl\":\"https:\\\/\\\/secure.gravatar.com\\\/avatar\\\/0f45231fddfb43fcbd0cdde4582a3580baf474d75fca7d494b42ff86847de871?s=96&d=mm&r=g\",\"caption\":\"admin\"},\"url\":\"http:\\\/\\\/noviasespana.com\\\/noviasbaleares\\\/author\\\/admin\\\/\"}]}<\/script>\n<!-- \/ Yoast SEO plugin. -->","yoast_head_json":{"title":"Raim\u00f3n Bund\u00f3 estrena colecci\u00f3n y web - Novias Baleares","robots":{"index":"index","follow":"follow","max-snippet":"max-snippet:-1","max-image-preview":"max-image-preview:large","max-video-preview":"max-video-preview:-1"},"canonical":"http:\/\/noviasespana.com\/noviasbaleares\/raimon-bundo-estrena-coleccion-y-web\/","og_locale":"es_ES","og_type":"article","og_title":"Raim\u00f3n Bund\u00f3 estrena colecci\u00f3n y web - Novias Baleares","og_description":"\u00a0 Queridas novias!!! La firma catalana Raim\u00f3n Bund\u00f3 estrena nueva web presentando su cat\u00e1logo Amanecer. Adem\u00e1s ya est\u00e1n en las tiendas los dise\u00f1os de las tres colecciones de la temporada 2012. La colecci\u00f3n de la l\u00ednea Raimon Bund\u00f3 Novias, Amanecer, Divino Tesoro es \u201cUna colecci\u00f3n llena de \u201csavoir faire\u201d donde reinan las sedas naturales, mikados [&hellip;]","og_url":"http:\/\/noviasespana.com\/noviasbaleares\/raimon-bundo-estrena-coleccion-y-web\/","og_site_name":"Novias Baleares","article_published_time":"2011-09-22T08:38:22+00:00","og_image":[{"url":"http:\/\/www.diariodeunanovia.com\/blog\/wp-content\/uploads\/sites\/5\/2011\/09\/Blog-DUN16.jpg","type":"","width":"","height":""}],"author":"admin","twitter_misc":{"Escrito por":"admin","Tiempo de lectura":"1 minuto"},"schema":{"@context":"https:\/\/schema.org","@graph":[{"@type":"Article","@id":"http:\/\/noviasespana.com\/noviasbaleares\/raimon-bundo-estrena-coleccion-y-web\/#article","isPartOf":{"@id":"http:\/\/noviasespana.com\/noviasbaleares\/raimon-bundo-estrena-coleccion-y-web\/"},"author":{"name":"admin","@id":"http:\/\/noviasespana.com\/noviasbaleares\/#\/schema\/person\/82ff6e303fad28e4da623aa4d27969ed"},"headline":"Raim\u00f3n Bund\u00f3 estrena colecci\u00f3n y web","datePublished":"2011-09-22T08:38:22+00:00","mainEntityOfPage":{"@id":"http:\/\/noviasespana.com\/noviasbaleares\/raimon-bundo-estrena-coleccion-y-web\/"},"wordCount":228,"commentCount":0,"image":{"@id":"http:\/\/noviasespana.com\/noviasbaleares\/raimon-bundo-estrena-coleccion-y-web\/#primaryimage"},"thumbnailUrl":"http:\/\/www.diariodeunanovia.com\/blog\/wp-content\/uploads\/sites\/5\/2011\/09\/Blog-DUN16.jpg","articleSection":["novias"],"inLanguage":"es","potentialAction":[{"@type":"CommentAction","name":"Comment","target":["http:\/\/noviasespana.com\/noviasbaleares\/raimon-bundo-estrena-coleccion-y-web\/#respond"]}]},{"@type":"WebPage","@id":"http:\/\/noviasespana.com\/noviasbaleares\/raimon-bundo-estrena-coleccion-y-web\/","url":"http:\/\/noviasespana.com\/noviasbaleares\/raimon-bundo-estrena-coleccion-y-web\/","name":"Raim\u00f3n Bund\u00f3 estrena colecci\u00f3n y web - Novias Baleares","isPartOf":{"@id":"http:\/\/noviasespana.com\/noviasbaleares\/#website"},"primaryImageOfPage":{"@id":"http:\/\/noviasespana.com\/noviasbaleares\/raimon-bundo-estrena-coleccion-y-web\/#primaryimage"},"image":{"@id":"http:\/\/noviasespana.com\/noviasbaleares\/raimon-bundo-estrena-coleccion-y-web\/#primaryimage"},"thumbnailUrl":"http:\/\/www.diariodeunanovia.com\/blog\/wp-content\/uploads\/sites\/5\/2011\/09\/Blog-DUN16.jpg","datePublished":"2011-09-22T08:38:22+00:00","author":{"@id":"http:\/\/noviasespana.com\/noviasbaleares\/#\/schema\/person\/82ff6e303fad28e4da623aa4d27969ed"},"breadcrumb":{"@id":"http:\/\/noviasespana.com\/noviasbaleares\/raimon-bundo-estrena-coleccion-y-web\/#breadcrumb"},"inLanguage":"es","potentialAction":[{"@type":"ReadAction","target":["http:\/\/noviasespana.com\/noviasbaleares\/raimon-bundo-estrena-coleccion-y-web\/"]}]},{"@type":"ImageObject","inLanguage":"es","@id":"http:\/\/noviasespana.com\/noviasbaleares\/raimon-bundo-estrena-coleccion-y-web\/#primaryimage","url":"http:\/\/www.diariodeunanovia.com\/blog\/wp-content\/uploads\/sites\/5\/2011\/09\/Blog-DUN16.jpg","contentUrl":"http:\/\/www.diariodeunanovia.com\/blog\/wp-content\/uploads\/sites\/5\/2011\/09\/Blog-DUN16.jpg"},{"@type":"BreadcrumbList","@id":"http:\/\/noviasespana.com\/noviasbaleares\/raimon-bundo-estrena-coleccion-y-web\/#breadcrumb","itemListElement":[{"@type":"ListItem","position":1,"name":"Portada","item":"http:\/\/noviasespana.com\/noviasbaleares\/"},{"@type":"ListItem","position":2,"name":"Raim\u00f3n Bund\u00f3 estrena colecci\u00f3n y web"}]},{"@type":"WebSite","@id":"http:\/\/noviasespana.com\/noviasbaleares\/#website","url":"http:\/\/noviasespana.com\/noviasbaleares\/","name":"Novias Baleares","description":"Revista de novias","potentialAction":[{"@type":"SearchAction","target":{"@type":"EntryPoint","urlTemplate":"http:\/\/noviasespana.com\/noviasbaleares\/?s={search_term_string}"},"query-input":{"@type":"PropertyValueSpecification","valueRequired":true,"valueName":"search_term_string"}}],"inLanguage":"es"},{"@type":"Person","@id":"http:\/\/noviasespana.com\/noviasbaleares\/#\/schema\/person\/82ff6e303fad28e4da623aa4d27969ed","name":"admin","image":{"@type":"ImageObject","inLanguage":"es","@id":"https:\/\/secure.gravatar.com\/avatar\/0f45231fddfb43fcbd0cdde4582a3580baf474d75fca7d494b42ff86847de871?s=96&d=mm&r=g","url":"https:\/\/secure.gravatar.com\/avatar\/0f45231fddfb43fcbd0cdde4582a3580baf474d75fca7d494b42ff86847de871?s=96&d=mm&r=g","contentUrl":"https:\/\/secure.gravatar.com\/avatar\/0f45231fddfb43fcbd0cdde4582a3580baf474d75fca7d494b42ff86847de871?s=96&d=mm&r=g","caption":"admin"},"url":"http:\/\/noviasespana.com\/noviasbaleares\/author\/admin\/"}]}},"jetpack_featured_media_url":"","jetpack_sharing_enabled":true,"jetpack_shortlink":"https:\/\/wp.me\/p5Hg6P-U2","jetpack_likes_enabled":true,"_links":{"self":[{"href":"http:\/\/noviasespana.com\/noviasbaleares\/wp-json\/wp\/v2\/posts\/3474","targetHints":{"allow":["GET"]}}],"collection":[{"href":"http:\/\/noviasespana.com\/noviasbaleares\/wp-json\/wp\/v2\/posts"}],"about":[{"href":"http:\/\/noviasespana.com\/noviasbaleares\/wp-json\/wp\/v2\/types\/post"}],"author":[{"embeddable":true,"href":"http:\/\/noviasespana.com\/noviasbaleares\/wp-json\/wp\/v2\/users\/2"}],"replies":[{"embeddable":true,"href":"http:\/\/noviasespana.com\/noviasbaleares\/wp-json\/wp\/v2\/comments?post=3474"}],"version-history":[{"count":0,"href":"http:\/\/noviasespana.com\/noviasbaleares\/wp-json\/wp\/v2\/posts\/3474\/revisions"}],"wp:attachment":[{"href":"http:\/\/noviasespana.com\/noviasbaleares\/wp-json\/wp\/v2\/media?parent=3474"}],"wp:term":[{"taxonomy":"category","embeddable":true,"href":"http:\/\/noviasespana.com\/noviasbaleares\/wp-json\/wp\/v2\/categories?post=3474"},{"taxonomy":"post_tag","embeddable":true,"href":"http:\/\/noviasespana.com\/noviasbaleares\/wp-json\/wp\/v2\/tags?post=3474"}],"curies":[{"name":"wp","href":"https:\/\/api.w.org\/{rel}","templated":true}]}}