{"id":3439,"date":"2011-09-02T09:19:31","date_gmt":"2011-09-02T07:19:31","guid":{"rendered":"http:\/\/www.diariodeunanovia.com\/blog\/?p=3439"},"modified":"2011-09-02T09:19:31","modified_gmt":"2011-09-02T07:19:31","slug":"dos-bodas-dos-estilos-sofia-coppola-y-petra-ecclestone","status":"publish","type":"post","link":"http:\/\/noviasespana.com\/noviasbaleares\/dos-bodas-dos-estilos-sofia-coppola-y-petra-ecclestone\/","title":{"rendered":"Dos bodas, dos estilos: Sofia Coppola y Petra Ecclestone"},"content":{"rendered":"<p><img data-recalc-dims=\"1\" loading=\"lazy\" decoding=\"async\" class=\"size-full wp-image-3440  aligncenter\" title=\"Petra_Ecclestone_Wedding\" src=\"https:\/\/i0.wp.com\/www.diariodeunanovia.com\/blog\/wp-content\/uploads\/sites\/5\/2011\/09\/Petra_Ecclestone_Wedding.jpg?resize=300%2C209\" alt=\"Petra_Ecclestone_Wedding\" width=\"300\" height=\"209\" \/><\/p>\n<p>Queridas novias!! Dos famosas, <strong>Sofia Coppola y Petra Ecclestone, celebraron sus bodas en Italia durante el pasado fin de semana<\/strong>, una discreta y la otra por todo lo alto. Las dos bodas fueron muy diferentes, lo \u00fanico que tienen en com\u00fan es que Petra Ecclestone y Sof\u00eda Coppola eligieron Italia para casarse, el resto no se parece en nada. En la \u00a0de la hija de Bernie Ecclestone con James Stunt,\u00a0los festejos\u00a0se prolongaron durante\u00a0tres d\u00edas, asistieron muchos famosos, realeza incluida, como las hermanas Hilton, los Briatore y Sarah Ferguson. Tuvo lugar en las afueras de Roma, en el mismo castillo en el que se casaron Ton cruise y Katie Holmes,\u00a0y cont\u00f3 con fuegos artificiales y con las actuaciones de Eric Clapton y los Black Eyed Peas seg\u00fan la revista People. \u00a0<strong>La novia, Petra Ecclestone de 22 a\u00f1os luci\u00f3 un vestido de princesa palabra de honor y falda de tul de Vera Wang. Seg\u00fan varios medios el precio total del enlace podr\u00eda superar los\u00a0seis millones de euros<\/strong>.\u00a0 Por su parte <strong>Sofia Coppola\u00a0 luci\u00f3 un sencillo vestido lavanda creado exclusivamente para ella por Azzedine Alaia para dar el s\u00ed quiero a su pareja y padre de sus dos hijos, Thomas Mars<\/strong>.\u00a0 El vestido, va cortado en la cintura y la falda por encima de la rodilla y tiene vuelo. La directora de cine e icono de estilo lo combin\u00f3 con unas sandalias de pulsera y tiras finas. La boda discreta y familiar se celebr\u00f3 en el Palazzo Margherita, propiedad de su padre, Francis Ford Coppola en el pueblo de sus or\u00edgenes, Bernarda. El men\u00fa incluy\u00f3 productos t\u00edpicos de la regi\u00f3n y vinos de sus propias bodegas. Entre los ilustres invitados se encuentran hombres tan c\u00e9lebres como Al Pacino, Sylvester Stallone,\u00a0George Lucas y Steven Spielberg. Estos cuatro grandes del cine forman parte de un selecto grupo de s\u00f3lo 70 personas que acompa\u00f1an a Sof\u00eda y Thomas<strong>. En fin dos bodas, dos mujeres, dos estilos, \u00bfCon cu\u00e1l te quedas?<\/strong><\/p>\n<p><img data-recalc-dims=\"1\" loading=\"lazy\" decoding=\"async\" class=\"aligncenter\" title=\"Sofia-Coppola-Azzedine-Alaia\" src=\"https:\/\/i0.wp.com\/www.diariodeunanovia.com\/blog\/wp-content\/uploads\/sites\/5\/2011\/09\/Sofia-Coppola-Azzedine-Alaia.jpg?resize=300%2C237\" alt=\"Sofia-Coppola-Azzedine-Alaia\" width=\"300\" height=\"237\" \/><\/p>\n<p>\u00a0<\/p>\n<p>V\u00eda:<\/p>\n","protected":false},"excerpt":{"rendered":"<p>Queridas novias!! Dos famosas, Sofia Coppola y Petra Ecclestone, celebraron sus bodas en Italia durante el pasado fin de semana, una discreta y la otra por todo lo alto. Las dos bodas fueron muy diferentes, lo \u00fanico que tienen en com\u00fan es que Petra Ecclestone y Sof\u00eda Coppola eligieron Italia para casarse, el resto no [&hellip;]<\/p>\n","protected":false},"author":2,"featured_media":0,"comment_status":"open","ping_status":"open","sticky":false,"template":"","format":"standard","meta":{"jetpack_post_was_ever_published":false,"_jetpack_newsletter_access":"","_jetpack_dont_email_post_to_subs":false,"_jetpack_newsletter_tier_id":0,"_jetpack_memberships_contains_paywalled_content":false,"_jetpack_memberships_contains_paid_content":false,"footnotes":""},"categories":[1],"tags":[],"class_list":["post-3439","post","type-post","status-publish","format-standard","hentry","category-novias"],"yoast_head":"<!-- This site is optimized with the Yoast SEO plugin v27.5 - https:\/\/yoast.com\/product\/yoast-seo-wordpress\/ -->\n<title>Dos bodas, dos estilos: Sofia Coppola y Petra Ecclestone - Novias Baleares<\/title>\n<meta name=\"robots\" content=\"index, follow, max-snippet:-1, max-image-preview:large, max-video-preview:-1\" \/>\n<link rel=\"canonical\" href=\"http:\/\/noviasespana.com\/noviasbaleares\/dos-bodas-dos-estilos-sofia-coppola-y-petra-ecclestone\/\" \/>\n<meta property=\"og:locale\" content=\"es_ES\" \/>\n<meta property=\"og:type\" content=\"article\" \/>\n<meta property=\"og:title\" content=\"Dos bodas, dos estilos: Sofia Coppola y Petra Ecclestone - Novias Baleares\" \/>\n<meta property=\"og:description\" content=\"Queridas novias!! Dos famosas, Sofia Coppola y Petra Ecclestone, celebraron sus bodas en Italia durante el pasado fin de semana, una discreta y la otra por todo lo alto. Las dos bodas fueron muy diferentes, lo \u00fanico que tienen en com\u00fan es que Petra Ecclestone y Sof\u00eda Coppola eligieron Italia para casarse, el resto no [&hellip;]\" \/>\n<meta property=\"og:url\" content=\"http:\/\/noviasespana.com\/noviasbaleares\/dos-bodas-dos-estilos-sofia-coppola-y-petra-ecclestone\/\" \/>\n<meta property=\"og:site_name\" content=\"Novias Baleares\" \/>\n<meta property=\"article:published_time\" content=\"2011-09-02T07:19:31+00:00\" \/>\n<meta property=\"og:image\" content=\"http:\/\/www.diariodeunanovia.com\/blog\/wp-content\/uploads\/sites\/5\/2011\/09\/Petra_Ecclestone_Wedding.jpg\" \/>\n<meta name=\"author\" content=\"admin\" \/>\n<meta name=\"twitter:label1\" content=\"Escrito por\" \/>\n\t<meta name=\"twitter:data1\" content=\"admin\" \/>\n\t<meta name=\"twitter:label2\" content=\"Tiempo de lectura\" \/>\n\t<meta name=\"twitter:data2\" content=\"2 minutos\" \/>\n<script type=\"application\/ld+json\" class=\"yoast-schema-graph\">{\"@context\":\"https:\\\/\\\/schema.org\",\"@graph\":[{\"@type\":\"Article\",\"@id\":\"http:\\\/\\\/noviasespana.com\\\/noviasbaleares\\\/dos-bodas-dos-estilos-sofia-coppola-y-petra-ecclestone\\\/#article\",\"isPartOf\":{\"@id\":\"http:\\\/\\\/noviasespana.com\\\/noviasbaleares\\\/dos-bodas-dos-estilos-sofia-coppola-y-petra-ecclestone\\\/\"},\"author\":{\"name\":\"admin\",\"@id\":\"http:\\\/\\\/noviasespana.com\\\/noviasbaleares\\\/#\\\/schema\\\/person\\\/82ff6e303fad28e4da623aa4d27969ed\"},\"headline\":\"Dos bodas, dos estilos: Sofia Coppola y Petra Ecclestone\",\"datePublished\":\"2011-09-02T07:19:31+00:00\",\"mainEntityOfPage\":{\"@id\":\"http:\\\/\\\/noviasespana.com\\\/noviasbaleares\\\/dos-bodas-dos-estilos-sofia-coppola-y-petra-ecclestone\\\/\"},\"wordCount\":354,\"commentCount\":0,\"image\":{\"@id\":\"http:\\\/\\\/noviasespana.com\\\/noviasbaleares\\\/dos-bodas-dos-estilos-sofia-coppola-y-petra-ecclestone\\\/#primaryimage\"},\"thumbnailUrl\":\"http:\\\/\\\/www.diariodeunanovia.com\\\/blog\\\/wp-content\\\/uploads\\\/sites\\\/5\\\/2011\\\/09\\\/Petra_Ecclestone_Wedding.jpg\",\"articleSection\":[\"novias\"],\"inLanguage\":\"es\",\"potentialAction\":[{\"@type\":\"CommentAction\",\"name\":\"Comment\",\"target\":[\"http:\\\/\\\/noviasespana.com\\\/noviasbaleares\\\/dos-bodas-dos-estilos-sofia-coppola-y-petra-ecclestone\\\/#respond\"]}]},{\"@type\":\"WebPage\",\"@id\":\"http:\\\/\\\/noviasespana.com\\\/noviasbaleares\\\/dos-bodas-dos-estilos-sofia-coppola-y-petra-ecclestone\\\/\",\"url\":\"http:\\\/\\\/noviasespana.com\\\/noviasbaleares\\\/dos-bodas-dos-estilos-sofia-coppola-y-petra-ecclestone\\\/\",\"name\":\"Dos bodas, dos estilos: Sofia Coppola y Petra Ecclestone - Novias Baleares\",\"isPartOf\":{\"@id\":\"http:\\\/\\\/noviasespana.com\\\/noviasbaleares\\\/#website\"},\"primaryImageOfPage\":{\"@id\":\"http:\\\/\\\/noviasespana.com\\\/noviasbaleares\\\/dos-bodas-dos-estilos-sofia-coppola-y-petra-ecclestone\\\/#primaryimage\"},\"image\":{\"@id\":\"http:\\\/\\\/noviasespana.com\\\/noviasbaleares\\\/dos-bodas-dos-estilos-sofia-coppola-y-petra-ecclestone\\\/#primaryimage\"},\"thumbnailUrl\":\"http:\\\/\\\/www.diariodeunanovia.com\\\/blog\\\/wp-content\\\/uploads\\\/sites\\\/5\\\/2011\\\/09\\\/Petra_Ecclestone_Wedding.jpg\",\"datePublished\":\"2011-09-02T07:19:31+00:00\",\"author\":{\"@id\":\"http:\\\/\\\/noviasespana.com\\\/noviasbaleares\\\/#\\\/schema\\\/person\\\/82ff6e303fad28e4da623aa4d27969ed\"},\"breadcrumb\":{\"@id\":\"http:\\\/\\\/noviasespana.com\\\/noviasbaleares\\\/dos-bodas-dos-estilos-sofia-coppola-y-petra-ecclestone\\\/#breadcrumb\"},\"inLanguage\":\"es\",\"potentialAction\":[{\"@type\":\"ReadAction\",\"target\":[\"http:\\\/\\\/noviasespana.com\\\/noviasbaleares\\\/dos-bodas-dos-estilos-sofia-coppola-y-petra-ecclestone\\\/\"]}]},{\"@type\":\"ImageObject\",\"inLanguage\":\"es\",\"@id\":\"http:\\\/\\\/noviasespana.com\\\/noviasbaleares\\\/dos-bodas-dos-estilos-sofia-coppola-y-petra-ecclestone\\\/#primaryimage\",\"url\":\"http:\\\/\\\/www.diariodeunanovia.com\\\/blog\\\/wp-content\\\/uploads\\\/sites\\\/5\\\/2011\\\/09\\\/Petra_Ecclestone_Wedding.jpg\",\"contentUrl\":\"http:\\\/\\\/www.diariodeunanovia.com\\\/blog\\\/wp-content\\\/uploads\\\/sites\\\/5\\\/2011\\\/09\\\/Petra_Ecclestone_Wedding.jpg\"},{\"@type\":\"BreadcrumbList\",\"@id\":\"http:\\\/\\\/noviasespana.com\\\/noviasbaleares\\\/dos-bodas-dos-estilos-sofia-coppola-y-petra-ecclestone\\\/#breadcrumb\",\"itemListElement\":[{\"@type\":\"ListItem\",\"position\":1,\"name\":\"Portada\",\"item\":\"http:\\\/\\\/noviasespana.com\\\/noviasbaleares\\\/\"},{\"@type\":\"ListItem\",\"position\":2,\"name\":\"Dos bodas, dos estilos: Sofia Coppola y Petra Ecclestone\"}]},{\"@type\":\"WebSite\",\"@id\":\"http:\\\/\\\/noviasespana.com\\\/noviasbaleares\\\/#website\",\"url\":\"http:\\\/\\\/noviasespana.com\\\/noviasbaleares\\\/\",\"name\":\"Novias Baleares\",\"description\":\"Revista de novias\",\"potentialAction\":[{\"@type\":\"SearchAction\",\"target\":{\"@type\":\"EntryPoint\",\"urlTemplate\":\"http:\\\/\\\/noviasespana.com\\\/noviasbaleares\\\/?s={search_term_string}\"},\"query-input\":{\"@type\":\"PropertyValueSpecification\",\"valueRequired\":true,\"valueName\":\"search_term_string\"}}],\"inLanguage\":\"es\"},{\"@type\":\"Person\",\"@id\":\"http:\\\/\\\/noviasespana.com\\\/noviasbaleares\\\/#\\\/schema\\\/person\\\/82ff6e303fad28e4da623aa4d27969ed\",\"name\":\"admin\",\"image\":{\"@type\":\"ImageObject\",\"inLanguage\":\"es\",\"@id\":\"https:\\\/\\\/secure.gravatar.com\\\/avatar\\\/0f45231fddfb43fcbd0cdde4582a3580baf474d75fca7d494b42ff86847de871?s=96&d=mm&r=g\",\"url\":\"https:\\\/\\\/secure.gravatar.com\\\/avatar\\\/0f45231fddfb43fcbd0cdde4582a3580baf474d75fca7d494b42ff86847de871?s=96&d=mm&r=g\",\"contentUrl\":\"https:\\\/\\\/secure.gravatar.com\\\/avatar\\\/0f45231fddfb43fcbd0cdde4582a3580baf474d75fca7d494b42ff86847de871?s=96&d=mm&r=g\",\"caption\":\"admin\"},\"url\":\"http:\\\/\\\/noviasespana.com\\\/noviasbaleares\\\/author\\\/admin\\\/\"}]}<\/script>\n<!-- \/ Yoast SEO plugin. -->","yoast_head_json":{"title":"Dos bodas, dos estilos: Sofia Coppola y Petra Ecclestone - Novias Baleares","robots":{"index":"index","follow":"follow","max-snippet":"max-snippet:-1","max-image-preview":"max-image-preview:large","max-video-preview":"max-video-preview:-1"},"canonical":"http:\/\/noviasespana.com\/noviasbaleares\/dos-bodas-dos-estilos-sofia-coppola-y-petra-ecclestone\/","og_locale":"es_ES","og_type":"article","og_title":"Dos bodas, dos estilos: Sofia Coppola y Petra Ecclestone - Novias Baleares","og_description":"Queridas novias!! Dos famosas, Sofia Coppola y Petra Ecclestone, celebraron sus bodas en Italia durante el pasado fin de semana, una discreta y la otra por todo lo alto. Las dos bodas fueron muy diferentes, lo \u00fanico que tienen en com\u00fan es que Petra Ecclestone y Sof\u00eda Coppola eligieron Italia para casarse, el resto no [&hellip;]","og_url":"http:\/\/noviasespana.com\/noviasbaleares\/dos-bodas-dos-estilos-sofia-coppola-y-petra-ecclestone\/","og_site_name":"Novias Baleares","article_published_time":"2011-09-02T07:19:31+00:00","og_image":[{"url":"http:\/\/www.diariodeunanovia.com\/blog\/wp-content\/uploads\/sites\/5\/2011\/09\/Petra_Ecclestone_Wedding.jpg","type":"","width":"","height":""}],"author":"admin","twitter_misc":{"Escrito por":"admin","Tiempo de lectura":"2 minutos"},"schema":{"@context":"https:\/\/schema.org","@graph":[{"@type":"Article","@id":"http:\/\/noviasespana.com\/noviasbaleares\/dos-bodas-dos-estilos-sofia-coppola-y-petra-ecclestone\/#article","isPartOf":{"@id":"http:\/\/noviasespana.com\/noviasbaleares\/dos-bodas-dos-estilos-sofia-coppola-y-petra-ecclestone\/"},"author":{"name":"admin","@id":"http:\/\/noviasespana.com\/noviasbaleares\/#\/schema\/person\/82ff6e303fad28e4da623aa4d27969ed"},"headline":"Dos bodas, dos estilos: Sofia Coppola y Petra Ecclestone","datePublished":"2011-09-02T07:19:31+00:00","mainEntityOfPage":{"@id":"http:\/\/noviasespana.com\/noviasbaleares\/dos-bodas-dos-estilos-sofia-coppola-y-petra-ecclestone\/"},"wordCount":354,"commentCount":0,"image":{"@id":"http:\/\/noviasespana.com\/noviasbaleares\/dos-bodas-dos-estilos-sofia-coppola-y-petra-ecclestone\/#primaryimage"},"thumbnailUrl":"http:\/\/www.diariodeunanovia.com\/blog\/wp-content\/uploads\/sites\/5\/2011\/09\/Petra_Ecclestone_Wedding.jpg","articleSection":["novias"],"inLanguage":"es","potentialAction":[{"@type":"CommentAction","name":"Comment","target":["http:\/\/noviasespana.com\/noviasbaleares\/dos-bodas-dos-estilos-sofia-coppola-y-petra-ecclestone\/#respond"]}]},{"@type":"WebPage","@id":"http:\/\/noviasespana.com\/noviasbaleares\/dos-bodas-dos-estilos-sofia-coppola-y-petra-ecclestone\/","url":"http:\/\/noviasespana.com\/noviasbaleares\/dos-bodas-dos-estilos-sofia-coppola-y-petra-ecclestone\/","name":"Dos bodas, dos estilos: Sofia Coppola y Petra Ecclestone - Novias Baleares","isPartOf":{"@id":"http:\/\/noviasespana.com\/noviasbaleares\/#website"},"primaryImageOfPage":{"@id":"http:\/\/noviasespana.com\/noviasbaleares\/dos-bodas-dos-estilos-sofia-coppola-y-petra-ecclestone\/#primaryimage"},"image":{"@id":"http:\/\/noviasespana.com\/noviasbaleares\/dos-bodas-dos-estilos-sofia-coppola-y-petra-ecclestone\/#primaryimage"},"thumbnailUrl":"http:\/\/www.diariodeunanovia.com\/blog\/wp-content\/uploads\/sites\/5\/2011\/09\/Petra_Ecclestone_Wedding.jpg","datePublished":"2011-09-02T07:19:31+00:00","author":{"@id":"http:\/\/noviasespana.com\/noviasbaleares\/#\/schema\/person\/82ff6e303fad28e4da623aa4d27969ed"},"breadcrumb":{"@id":"http:\/\/noviasespana.com\/noviasbaleares\/dos-bodas-dos-estilos-sofia-coppola-y-petra-ecclestone\/#breadcrumb"},"inLanguage":"es","potentialAction":[{"@type":"ReadAction","target":["http:\/\/noviasespana.com\/noviasbaleares\/dos-bodas-dos-estilos-sofia-coppola-y-petra-ecclestone\/"]}]},{"@type":"ImageObject","inLanguage":"es","@id":"http:\/\/noviasespana.com\/noviasbaleares\/dos-bodas-dos-estilos-sofia-coppola-y-petra-ecclestone\/#primaryimage","url":"http:\/\/www.diariodeunanovia.com\/blog\/wp-content\/uploads\/sites\/5\/2011\/09\/Petra_Ecclestone_Wedding.jpg","contentUrl":"http:\/\/www.diariodeunanovia.com\/blog\/wp-content\/uploads\/sites\/5\/2011\/09\/Petra_Ecclestone_Wedding.jpg"},{"@type":"BreadcrumbList","@id":"http:\/\/noviasespana.com\/noviasbaleares\/dos-bodas-dos-estilos-sofia-coppola-y-petra-ecclestone\/#breadcrumb","itemListElement":[{"@type":"ListItem","position":1,"name":"Portada","item":"http:\/\/noviasespana.com\/noviasbaleares\/"},{"@type":"ListItem","position":2,"name":"Dos bodas, dos estilos: Sofia Coppola y Petra Ecclestone"}]},{"@type":"WebSite","@id":"http:\/\/noviasespana.com\/noviasbaleares\/#website","url":"http:\/\/noviasespana.com\/noviasbaleares\/","name":"Novias Baleares","description":"Revista de novias","potentialAction":[{"@type":"SearchAction","target":{"@type":"EntryPoint","urlTemplate":"http:\/\/noviasespana.com\/noviasbaleares\/?s={search_term_string}"},"query-input":{"@type":"PropertyValueSpecification","valueRequired":true,"valueName":"search_term_string"}}],"inLanguage":"es"},{"@type":"Person","@id":"http:\/\/noviasespana.com\/noviasbaleares\/#\/schema\/person\/82ff6e303fad28e4da623aa4d27969ed","name":"admin","image":{"@type":"ImageObject","inLanguage":"es","@id":"https:\/\/secure.gravatar.com\/avatar\/0f45231fddfb43fcbd0cdde4582a3580baf474d75fca7d494b42ff86847de871?s=96&d=mm&r=g","url":"https:\/\/secure.gravatar.com\/avatar\/0f45231fddfb43fcbd0cdde4582a3580baf474d75fca7d494b42ff86847de871?s=96&d=mm&r=g","contentUrl":"https:\/\/secure.gravatar.com\/avatar\/0f45231fddfb43fcbd0cdde4582a3580baf474d75fca7d494b42ff86847de871?s=96&d=mm&r=g","caption":"admin"},"url":"http:\/\/noviasespana.com\/noviasbaleares\/author\/admin\/"}]}},"jetpack_featured_media_url":"","jetpack_sharing_enabled":true,"jetpack_shortlink":"https:\/\/wp.me\/p5Hg6P-Tt","jetpack_likes_enabled":true,"_links":{"self":[{"href":"http:\/\/noviasespana.com\/noviasbaleares\/wp-json\/wp\/v2\/posts\/3439","targetHints":{"allow":["GET"]}}],"collection":[{"href":"http:\/\/noviasespana.com\/noviasbaleares\/wp-json\/wp\/v2\/posts"}],"about":[{"href":"http:\/\/noviasespana.com\/noviasbaleares\/wp-json\/wp\/v2\/types\/post"}],"author":[{"embeddable":true,"href":"http:\/\/noviasespana.com\/noviasbaleares\/wp-json\/wp\/v2\/users\/2"}],"replies":[{"embeddable":true,"href":"http:\/\/noviasespana.com\/noviasbaleares\/wp-json\/wp\/v2\/comments?post=3439"}],"version-history":[{"count":0,"href":"http:\/\/noviasespana.com\/noviasbaleares\/wp-json\/wp\/v2\/posts\/3439\/revisions"}],"wp:attachment":[{"href":"http:\/\/noviasespana.com\/noviasbaleares\/wp-json\/wp\/v2\/media?parent=3439"}],"wp:term":[{"taxonomy":"category","embeddable":true,"href":"http:\/\/noviasespana.com\/noviasbaleares\/wp-json\/wp\/v2\/categories?post=3439"},{"taxonomy":"post_tag","embeddable":true,"href":"http:\/\/noviasespana.com\/noviasbaleares\/wp-json\/wp\/v2\/tags?post=3439"}],"curies":[{"name":"wp","href":"https:\/\/api.w.org\/{rel}","templated":true}]}}