{"id":3435,"date":"2011-09-01T10:10:24","date_gmt":"2011-09-01T08:10:24","guid":{"rendered":"http:\/\/www.diariodeunanovia.com\/blog\/?p=3435"},"modified":"2011-09-01T10:10:24","modified_gmt":"2011-09-01T08:10:24","slug":"en-septiembre-el-amor-no-tiene-edad","status":"publish","type":"post","link":"http:\/\/noviasespana.com\/noviasbaleares\/en-septiembre-el-amor-no-tiene-edad\/","title":{"rendered":"En septiembre el amor no tiene edad"},"content":{"rendered":"<p style=\"text-align: left\">Queridas novias!! Comienza un septiembre y con \u00e9l nuevos proyectos y prop\u00f3sitos, \u00a0nos apuntamos al gimnasio, a ingl\u00e9s y a mil cosas m\u00e1s. Pero adem\u00e1s septiembre nos trae muchas bodas, es un mes muy interesante y muchas parejas eligen estas fechas para pasar por el altar. Y\u2026 \u00a0\u00bf<strong>qu\u00e9 hay mejor que una boda y sus maravillosos preparativos para superar el horrible s\u00edndrome postvacacional<\/strong>? Adem\u00e1s este septiembre nos trae la <strong>boda de Cayetana de Alba y Alfonso Diez<\/strong>. Un enlace dif\u00edcil de calificar, rodeada de pol\u00e9mica, morbo y curiosidad.\u00a0 \u00bfAmor,, dinero, poder\u2026? Una boda de car\u00e1cter que nos tiene perplejas y, a las rom\u00e1nticas incurables como yo, emocionadas \u00a0y esperanzadas. <strong>El amor lo puede todo y no tiene edad, la vida hay que vivirla cada uno c\u00f3mo quiera y con quien quiera, y sobre todo hay que intentar ser feliz<\/strong>. Por eso os deseo un feliz regreso. Por cierto esta boda nos dar\u00e1 mucho qu\u00e9 hablar, <strong>\u00bfc\u00f3mo se viste una novia de m\u00e1s de 80 a\u00f1os?&#8230;<\/strong><\/p>\n<p style=\"text-align: center\"><img data-recalc-dims=\"1\" loading=\"lazy\" decoding=\"async\" class=\"size-medium wp-image-3436  aligncenter\" title=\"la_duquesa_de_alba_y_alfonso_d__ez__de_boda_en_sevilla_434572533_530x398\" src=\"https:\/\/i0.wp.com\/www.diariodeunanovia.com\/blog\/wp-content\/uploads\/sites\/5\/2011\/09\/la_duquesa_de_alba_y_alfonso_d__ez__de_boda_en_sevilla_434572533_530x398-300x225.jpg?resize=300%2C225\" alt=\"la_duquesa_de_alba_y_alfonso_d__ez__de_boda_en_sevilla_434572533_530x398\" width=\"300\" height=\"225\" \/><\/p>\n","protected":false},"excerpt":{"rendered":"<p>Queridas novias!! Comienza un septiembre y con \u00e9l nuevos proyectos y prop\u00f3sitos, \u00a0nos apuntamos al gimnasio, a ingl\u00e9s y a mil cosas m\u00e1s. Pero adem\u00e1s septiembre nos trae muchas bodas, es un mes muy interesante y muchas parejas eligen estas fechas para pasar por el altar. Y\u2026 \u00a0\u00bfqu\u00e9 hay mejor que una boda y sus [&hellip;]<\/p>\n","protected":false},"author":2,"featured_media":0,"comment_status":"open","ping_status":"open","sticky":false,"template":"","format":"standard","meta":{"jetpack_post_was_ever_published":false,"_jetpack_newsletter_access":"","_jetpack_dont_email_post_to_subs":false,"_jetpack_newsletter_tier_id":0,"_jetpack_memberships_contains_paywalled_content":false,"_jetpack_memberships_contains_paid_content":false,"footnotes":""},"categories":[1],"tags":[],"class_list":["post-3435","post","type-post","status-publish","format-standard","hentry","category-novias"],"yoast_head":"<!-- This site is optimized with the Yoast SEO plugin v27.5 - https:\/\/yoast.com\/product\/yoast-seo-wordpress\/ -->\n<title>En septiembre el amor no tiene edad - Novias Baleares<\/title>\n<meta name=\"robots\" content=\"index, follow, max-snippet:-1, max-image-preview:large, max-video-preview:-1\" \/>\n<link rel=\"canonical\" href=\"http:\/\/noviasespana.com\/noviasbaleares\/en-septiembre-el-amor-no-tiene-edad\/\" \/>\n<meta property=\"og:locale\" content=\"es_ES\" \/>\n<meta property=\"og:type\" content=\"article\" \/>\n<meta property=\"og:title\" content=\"En septiembre el amor no tiene edad - Novias Baleares\" \/>\n<meta property=\"og:description\" content=\"Queridas novias!! Comienza un septiembre y con \u00e9l nuevos proyectos y prop\u00f3sitos, \u00a0nos apuntamos al gimnasio, a ingl\u00e9s y a mil cosas m\u00e1s. Pero adem\u00e1s septiembre nos trae muchas bodas, es un mes muy interesante y muchas parejas eligen estas fechas para pasar por el altar. Y\u2026 \u00a0\u00bfqu\u00e9 hay mejor que una boda y sus [&hellip;]\" \/>\n<meta property=\"og:url\" content=\"http:\/\/noviasespana.com\/noviasbaleares\/en-septiembre-el-amor-no-tiene-edad\/\" \/>\n<meta property=\"og:site_name\" content=\"Novias Baleares\" \/>\n<meta property=\"article:published_time\" content=\"2011-09-01T08:10:24+00:00\" \/>\n<meta property=\"og:image\" content=\"http:\/\/www.diariodeunanovia.com\/blog\/wp-content\/uploads\/sites\/5\/2011\/09\/la_duquesa_de_alba_y_alfonso_d__ez__de_boda_en_sevilla_434572533_530x398-300x225.jpg\" \/>\n<meta name=\"author\" content=\"admin\" \/>\n<meta name=\"twitter:label1\" content=\"Escrito por\" \/>\n\t<meta name=\"twitter:data1\" content=\"admin\" \/>\n\t<meta name=\"twitter:label2\" content=\"Tiempo de lectura\" \/>\n\t<meta name=\"twitter:data2\" content=\"1 minuto\" \/>\n<script type=\"application\/ld+json\" class=\"yoast-schema-graph\">{\"@context\":\"https:\\\/\\\/schema.org\",\"@graph\":[{\"@type\":\"Article\",\"@id\":\"http:\\\/\\\/noviasespana.com\\\/noviasbaleares\\\/en-septiembre-el-amor-no-tiene-edad\\\/#article\",\"isPartOf\":{\"@id\":\"http:\\\/\\\/noviasespana.com\\\/noviasbaleares\\\/en-septiembre-el-amor-no-tiene-edad\\\/\"},\"author\":{\"name\":\"admin\",\"@id\":\"http:\\\/\\\/noviasespana.com\\\/noviasbaleares\\\/#\\\/schema\\\/person\\\/82ff6e303fad28e4da623aa4d27969ed\"},\"headline\":\"En septiembre el amor no tiene edad\",\"datePublished\":\"2011-09-01T08:10:24+00:00\",\"mainEntityOfPage\":{\"@id\":\"http:\\\/\\\/noviasespana.com\\\/noviasbaleares\\\/en-septiembre-el-amor-no-tiene-edad\\\/\"},\"wordCount\":185,\"commentCount\":0,\"image\":{\"@id\":\"http:\\\/\\\/noviasespana.com\\\/noviasbaleares\\\/en-septiembre-el-amor-no-tiene-edad\\\/#primaryimage\"},\"thumbnailUrl\":\"http:\\\/\\\/www.diariodeunanovia.com\\\/blog\\\/wp-content\\\/uploads\\\/sites\\\/5\\\/2011\\\/09\\\/la_duquesa_de_alba_y_alfonso_d__ez__de_boda_en_sevilla_434572533_530x398-300x225.jpg\",\"articleSection\":[\"novias\"],\"inLanguage\":\"es\",\"potentialAction\":[{\"@type\":\"CommentAction\",\"name\":\"Comment\",\"target\":[\"http:\\\/\\\/noviasespana.com\\\/noviasbaleares\\\/en-septiembre-el-amor-no-tiene-edad\\\/#respond\"]}]},{\"@type\":\"WebPage\",\"@id\":\"http:\\\/\\\/noviasespana.com\\\/noviasbaleares\\\/en-septiembre-el-amor-no-tiene-edad\\\/\",\"url\":\"http:\\\/\\\/noviasespana.com\\\/noviasbaleares\\\/en-septiembre-el-amor-no-tiene-edad\\\/\",\"name\":\"En septiembre el amor no tiene edad - Novias Baleares\",\"isPartOf\":{\"@id\":\"http:\\\/\\\/noviasespana.com\\\/noviasbaleares\\\/#website\"},\"primaryImageOfPage\":{\"@id\":\"http:\\\/\\\/noviasespana.com\\\/noviasbaleares\\\/en-septiembre-el-amor-no-tiene-edad\\\/#primaryimage\"},\"image\":{\"@id\":\"http:\\\/\\\/noviasespana.com\\\/noviasbaleares\\\/en-septiembre-el-amor-no-tiene-edad\\\/#primaryimage\"},\"thumbnailUrl\":\"http:\\\/\\\/www.diariodeunanovia.com\\\/blog\\\/wp-content\\\/uploads\\\/sites\\\/5\\\/2011\\\/09\\\/la_duquesa_de_alba_y_alfonso_d__ez__de_boda_en_sevilla_434572533_530x398-300x225.jpg\",\"datePublished\":\"2011-09-01T08:10:24+00:00\",\"author\":{\"@id\":\"http:\\\/\\\/noviasespana.com\\\/noviasbaleares\\\/#\\\/schema\\\/person\\\/82ff6e303fad28e4da623aa4d27969ed\"},\"breadcrumb\":{\"@id\":\"http:\\\/\\\/noviasespana.com\\\/noviasbaleares\\\/en-septiembre-el-amor-no-tiene-edad\\\/#breadcrumb\"},\"inLanguage\":\"es\",\"potentialAction\":[{\"@type\":\"ReadAction\",\"target\":[\"http:\\\/\\\/noviasespana.com\\\/noviasbaleares\\\/en-septiembre-el-amor-no-tiene-edad\\\/\"]}]},{\"@type\":\"ImageObject\",\"inLanguage\":\"es\",\"@id\":\"http:\\\/\\\/noviasespana.com\\\/noviasbaleares\\\/en-septiembre-el-amor-no-tiene-edad\\\/#primaryimage\",\"url\":\"http:\\\/\\\/www.diariodeunanovia.com\\\/blog\\\/wp-content\\\/uploads\\\/sites\\\/5\\\/2011\\\/09\\\/la_duquesa_de_alba_y_alfonso_d__ez__de_boda_en_sevilla_434572533_530x398-300x225.jpg\",\"contentUrl\":\"http:\\\/\\\/www.diariodeunanovia.com\\\/blog\\\/wp-content\\\/uploads\\\/sites\\\/5\\\/2011\\\/09\\\/la_duquesa_de_alba_y_alfonso_d__ez__de_boda_en_sevilla_434572533_530x398-300x225.jpg\"},{\"@type\":\"BreadcrumbList\",\"@id\":\"http:\\\/\\\/noviasespana.com\\\/noviasbaleares\\\/en-septiembre-el-amor-no-tiene-edad\\\/#breadcrumb\",\"itemListElement\":[{\"@type\":\"ListItem\",\"position\":1,\"name\":\"Portada\",\"item\":\"http:\\\/\\\/noviasespana.com\\\/noviasbaleares\\\/\"},{\"@type\":\"ListItem\",\"position\":2,\"name\":\"En septiembre el amor no tiene edad\"}]},{\"@type\":\"WebSite\",\"@id\":\"http:\\\/\\\/noviasespana.com\\\/noviasbaleares\\\/#website\",\"url\":\"http:\\\/\\\/noviasespana.com\\\/noviasbaleares\\\/\",\"name\":\"Novias Baleares\",\"description\":\"Revista de novias\",\"potentialAction\":[{\"@type\":\"SearchAction\",\"target\":{\"@type\":\"EntryPoint\",\"urlTemplate\":\"http:\\\/\\\/noviasespana.com\\\/noviasbaleares\\\/?s={search_term_string}\"},\"query-input\":{\"@type\":\"PropertyValueSpecification\",\"valueRequired\":true,\"valueName\":\"search_term_string\"}}],\"inLanguage\":\"es\"},{\"@type\":\"Person\",\"@id\":\"http:\\\/\\\/noviasespana.com\\\/noviasbaleares\\\/#\\\/schema\\\/person\\\/82ff6e303fad28e4da623aa4d27969ed\",\"name\":\"admin\",\"image\":{\"@type\":\"ImageObject\",\"inLanguage\":\"es\",\"@id\":\"https:\\\/\\\/secure.gravatar.com\\\/avatar\\\/0f45231fddfb43fcbd0cdde4582a3580baf474d75fca7d494b42ff86847de871?s=96&d=mm&r=g\",\"url\":\"https:\\\/\\\/secure.gravatar.com\\\/avatar\\\/0f45231fddfb43fcbd0cdde4582a3580baf474d75fca7d494b42ff86847de871?s=96&d=mm&r=g\",\"contentUrl\":\"https:\\\/\\\/secure.gravatar.com\\\/avatar\\\/0f45231fddfb43fcbd0cdde4582a3580baf474d75fca7d494b42ff86847de871?s=96&d=mm&r=g\",\"caption\":\"admin\"},\"url\":\"http:\\\/\\\/noviasespana.com\\\/noviasbaleares\\\/author\\\/admin\\\/\"}]}<\/script>\n<!-- \/ Yoast SEO plugin. -->","yoast_head_json":{"title":"En septiembre el amor no tiene edad - Novias Baleares","robots":{"index":"index","follow":"follow","max-snippet":"max-snippet:-1","max-image-preview":"max-image-preview:large","max-video-preview":"max-video-preview:-1"},"canonical":"http:\/\/noviasespana.com\/noviasbaleares\/en-septiembre-el-amor-no-tiene-edad\/","og_locale":"es_ES","og_type":"article","og_title":"En septiembre el amor no tiene edad - Novias Baleares","og_description":"Queridas novias!! Comienza un septiembre y con \u00e9l nuevos proyectos y prop\u00f3sitos, \u00a0nos apuntamos al gimnasio, a ingl\u00e9s y a mil cosas m\u00e1s. Pero adem\u00e1s septiembre nos trae muchas bodas, es un mes muy interesante y muchas parejas eligen estas fechas para pasar por el altar. Y\u2026 \u00a0\u00bfqu\u00e9 hay mejor que una boda y sus [&hellip;]","og_url":"http:\/\/noviasespana.com\/noviasbaleares\/en-septiembre-el-amor-no-tiene-edad\/","og_site_name":"Novias Baleares","article_published_time":"2011-09-01T08:10:24+00:00","og_image":[{"url":"http:\/\/www.diariodeunanovia.com\/blog\/wp-content\/uploads\/sites\/5\/2011\/09\/la_duquesa_de_alba_y_alfonso_d__ez__de_boda_en_sevilla_434572533_530x398-300x225.jpg","type":"","width":"","height":""}],"author":"admin","twitter_misc":{"Escrito por":"admin","Tiempo de lectura":"1 minuto"},"schema":{"@context":"https:\/\/schema.org","@graph":[{"@type":"Article","@id":"http:\/\/noviasespana.com\/noviasbaleares\/en-septiembre-el-amor-no-tiene-edad\/#article","isPartOf":{"@id":"http:\/\/noviasespana.com\/noviasbaleares\/en-septiembre-el-amor-no-tiene-edad\/"},"author":{"name":"admin","@id":"http:\/\/noviasespana.com\/noviasbaleares\/#\/schema\/person\/82ff6e303fad28e4da623aa4d27969ed"},"headline":"En septiembre el amor no tiene edad","datePublished":"2011-09-01T08:10:24+00:00","mainEntityOfPage":{"@id":"http:\/\/noviasespana.com\/noviasbaleares\/en-septiembre-el-amor-no-tiene-edad\/"},"wordCount":185,"commentCount":0,"image":{"@id":"http:\/\/noviasespana.com\/noviasbaleares\/en-septiembre-el-amor-no-tiene-edad\/#primaryimage"},"thumbnailUrl":"http:\/\/www.diariodeunanovia.com\/blog\/wp-content\/uploads\/sites\/5\/2011\/09\/la_duquesa_de_alba_y_alfonso_d__ez__de_boda_en_sevilla_434572533_530x398-300x225.jpg","articleSection":["novias"],"inLanguage":"es","potentialAction":[{"@type":"CommentAction","name":"Comment","target":["http:\/\/noviasespana.com\/noviasbaleares\/en-septiembre-el-amor-no-tiene-edad\/#respond"]}]},{"@type":"WebPage","@id":"http:\/\/noviasespana.com\/noviasbaleares\/en-septiembre-el-amor-no-tiene-edad\/","url":"http:\/\/noviasespana.com\/noviasbaleares\/en-septiembre-el-amor-no-tiene-edad\/","name":"En septiembre el amor no tiene edad - Novias Baleares","isPartOf":{"@id":"http:\/\/noviasespana.com\/noviasbaleares\/#website"},"primaryImageOfPage":{"@id":"http:\/\/noviasespana.com\/noviasbaleares\/en-septiembre-el-amor-no-tiene-edad\/#primaryimage"},"image":{"@id":"http:\/\/noviasespana.com\/noviasbaleares\/en-septiembre-el-amor-no-tiene-edad\/#primaryimage"},"thumbnailUrl":"http:\/\/www.diariodeunanovia.com\/blog\/wp-content\/uploads\/sites\/5\/2011\/09\/la_duquesa_de_alba_y_alfonso_d__ez__de_boda_en_sevilla_434572533_530x398-300x225.jpg","datePublished":"2011-09-01T08:10:24+00:00","author":{"@id":"http:\/\/noviasespana.com\/noviasbaleares\/#\/schema\/person\/82ff6e303fad28e4da623aa4d27969ed"},"breadcrumb":{"@id":"http:\/\/noviasespana.com\/noviasbaleares\/en-septiembre-el-amor-no-tiene-edad\/#breadcrumb"},"inLanguage":"es","potentialAction":[{"@type":"ReadAction","target":["http:\/\/noviasespana.com\/noviasbaleares\/en-septiembre-el-amor-no-tiene-edad\/"]}]},{"@type":"ImageObject","inLanguage":"es","@id":"http:\/\/noviasespana.com\/noviasbaleares\/en-septiembre-el-amor-no-tiene-edad\/#primaryimage","url":"http:\/\/www.diariodeunanovia.com\/blog\/wp-content\/uploads\/sites\/5\/2011\/09\/la_duquesa_de_alba_y_alfonso_d__ez__de_boda_en_sevilla_434572533_530x398-300x225.jpg","contentUrl":"http:\/\/www.diariodeunanovia.com\/blog\/wp-content\/uploads\/sites\/5\/2011\/09\/la_duquesa_de_alba_y_alfonso_d__ez__de_boda_en_sevilla_434572533_530x398-300x225.jpg"},{"@type":"BreadcrumbList","@id":"http:\/\/noviasespana.com\/noviasbaleares\/en-septiembre-el-amor-no-tiene-edad\/#breadcrumb","itemListElement":[{"@type":"ListItem","position":1,"name":"Portada","item":"http:\/\/noviasespana.com\/noviasbaleares\/"},{"@type":"ListItem","position":2,"name":"En septiembre el amor no tiene edad"}]},{"@type":"WebSite","@id":"http:\/\/noviasespana.com\/noviasbaleares\/#website","url":"http:\/\/noviasespana.com\/noviasbaleares\/","name":"Novias Baleares","description":"Revista de novias","potentialAction":[{"@type":"SearchAction","target":{"@type":"EntryPoint","urlTemplate":"http:\/\/noviasespana.com\/noviasbaleares\/?s={search_term_string}"},"query-input":{"@type":"PropertyValueSpecification","valueRequired":true,"valueName":"search_term_string"}}],"inLanguage":"es"},{"@type":"Person","@id":"http:\/\/noviasespana.com\/noviasbaleares\/#\/schema\/person\/82ff6e303fad28e4da623aa4d27969ed","name":"admin","image":{"@type":"ImageObject","inLanguage":"es","@id":"https:\/\/secure.gravatar.com\/avatar\/0f45231fddfb43fcbd0cdde4582a3580baf474d75fca7d494b42ff86847de871?s=96&d=mm&r=g","url":"https:\/\/secure.gravatar.com\/avatar\/0f45231fddfb43fcbd0cdde4582a3580baf474d75fca7d494b42ff86847de871?s=96&d=mm&r=g","contentUrl":"https:\/\/secure.gravatar.com\/avatar\/0f45231fddfb43fcbd0cdde4582a3580baf474d75fca7d494b42ff86847de871?s=96&d=mm&r=g","caption":"admin"},"url":"http:\/\/noviasespana.com\/noviasbaleares\/author\/admin\/"}]}},"jetpack_featured_media_url":"","jetpack_sharing_enabled":true,"jetpack_shortlink":"https:\/\/wp.me\/p5Hg6P-Tp","jetpack_likes_enabled":true,"_links":{"self":[{"href":"http:\/\/noviasespana.com\/noviasbaleares\/wp-json\/wp\/v2\/posts\/3435","targetHints":{"allow":["GET"]}}],"collection":[{"href":"http:\/\/noviasespana.com\/noviasbaleares\/wp-json\/wp\/v2\/posts"}],"about":[{"href":"http:\/\/noviasespana.com\/noviasbaleares\/wp-json\/wp\/v2\/types\/post"}],"author":[{"embeddable":true,"href":"http:\/\/noviasespana.com\/noviasbaleares\/wp-json\/wp\/v2\/users\/2"}],"replies":[{"embeddable":true,"href":"http:\/\/noviasespana.com\/noviasbaleares\/wp-json\/wp\/v2\/comments?post=3435"}],"version-history":[{"count":0,"href":"http:\/\/noviasespana.com\/noviasbaleares\/wp-json\/wp\/v2\/posts\/3435\/revisions"}],"wp:attachment":[{"href":"http:\/\/noviasespana.com\/noviasbaleares\/wp-json\/wp\/v2\/media?parent=3435"}],"wp:term":[{"taxonomy":"category","embeddable":true,"href":"http:\/\/noviasespana.com\/noviasbaleares\/wp-json\/wp\/v2\/categories?post=3435"},{"taxonomy":"post_tag","embeddable":true,"href":"http:\/\/noviasespana.com\/noviasbaleares\/wp-json\/wp\/v2\/tags?post=3435"}],"curies":[{"name":"wp","href":"https:\/\/api.w.org\/{rel}","templated":true}]}}