{"id":343,"date":"2009-10-28T11:13:43","date_gmt":"2009-10-28T09:13:43","guid":{"rendered":"http:\/\/www.diariodeunanovia.com\/blog\/?p=343"},"modified":"2009-10-28T11:13:43","modified_gmt":"2009-10-28T09:13:43","slug":"rosa-clara-conquista-paris","status":"publish","type":"post","link":"http:\/\/noviasespana.com\/noviasbaleares\/rosa-clara-conquista-paris\/","title":{"rendered":"Rosa Clar\u00e1 conquista Par\u00eds"},"content":{"rendered":"<div id=\"story-texto\">\n<div style=\"text-align: justify\">Hola chicas!!! La dise\u00f1adora catalana Rosa Clar\u00e1 acaba de abrir su primera tienda en Par\u00eds, y en un lugar realmente estrat\u00e9gico: la &#8216;rue&#8217; Faubourg Saint-Honor\u00e9, justo enfrente del palacio del El\u00edseo. Ni Bruni ni Sarkozy, pese a ser vecinos, estuvieron presentes en la inauguraci\u00f3n de dicha tienda, celebrada el pasado jueves, pero el &#8216;glamour&#8217; parisino lo aportaron las Rossi, es decir, Cynthia, hija de Carmen Mart\u00ednez Bordi\u00fa, y su hermana (por parte de padre) Marella. Casualmente, la tienda de antig\u00fcedades del padre de ambas, Jean-Marie Rossi, tambi\u00e9n est\u00e1 pegada al El\u00edseo. El toque cosmopolita lo puso la actriz Marisa Berenson, aunque ninguna de las tres se visti\u00f3 de novia. Eso lo dejaron para la jovenc\u00edsima modelo Ludmilla Dom Perignon, que pertenece a una de las dinast\u00edas m\u00e1s c\u00e9lebres y legendarias en el negocio del champ\u00e1n franc\u00e9s. La fiesta de inauguraci\u00f3n, que cont\u00f3 con mucho champ\u00e1n franc\u00e9s y un toque de flamenquito, continu\u00f3 a bordo de un &#8216;bateau mouche&#8217; que surc\u00f3 el Sena.<\/div>\n<\/div>\n<div style=\"text-align: justify\"><img data-recalc-dims=\"1\" loading=\"lazy\" decoding=\"async\" class=\"aligncenter size-full wp-image-344\" title=\"rosa\" src=\"https:\/\/i0.wp.com\/www.diariodeunanovia.com\/blog\/wp-content\/uploads\/sites\/5\/2009\/10\/rosa.jpg?resize=300%2C199\" alt=\"rosa\" width=\"300\" height=\"199\" \/><\/div>\n","protected":false},"excerpt":{"rendered":"<p>Hola chicas!!! La dise\u00f1adora catalana Rosa Clar\u00e1 acaba de abrir su primera tienda en Par\u00eds, y en un lugar realmente estrat\u00e9gico: la &#8216;rue&#8217; Faubourg Saint-Honor\u00e9, justo enfrente del palacio del El\u00edseo. Ni Bruni ni Sarkozy, pese a ser vecinos, estuvieron presentes en la inauguraci\u00f3n de dicha tienda, celebrada el pasado jueves, pero el &#8216;glamour&#8217; parisino [&hellip;]<\/p>\n","protected":false},"author":2,"featured_media":0,"comment_status":"open","ping_status":"open","sticky":false,"template":"","format":"standard","meta":{"jetpack_post_was_ever_published":false,"_jetpack_newsletter_access":"","_jetpack_dont_email_post_to_subs":false,"_jetpack_newsletter_tier_id":0,"_jetpack_memberships_contains_paywalled_content":false,"_jetpack_memberships_contains_paid_content":false,"footnotes":""},"categories":[1],"tags":[],"class_list":["post-343","post","type-post","status-publish","format-standard","hentry","category-novias"],"yoast_head":"<!-- This site is optimized with the Yoast SEO plugin v27.5 - https:\/\/yoast.com\/product\/yoast-seo-wordpress\/ -->\n<title>Rosa Clar\u00e1 conquista Par\u00eds - Novias Baleares<\/title>\n<meta name=\"robots\" content=\"index, follow, max-snippet:-1, max-image-preview:large, max-video-preview:-1\" \/>\n<link rel=\"canonical\" href=\"http:\/\/noviasespana.com\/noviasbaleares\/rosa-clara-conquista-paris\/\" \/>\n<meta property=\"og:locale\" content=\"es_ES\" \/>\n<meta property=\"og:type\" content=\"article\" \/>\n<meta property=\"og:title\" content=\"Rosa Clar\u00e1 conquista Par\u00eds - Novias Baleares\" \/>\n<meta property=\"og:description\" content=\"Hola chicas!!! La dise\u00f1adora catalana Rosa Clar\u00e1 acaba de abrir su primera tienda en Par\u00eds, y en un lugar realmente estrat\u00e9gico: la &#8216;rue&#8217; Faubourg Saint-Honor\u00e9, justo enfrente del palacio del El\u00edseo. Ni Bruni ni Sarkozy, pese a ser vecinos, estuvieron presentes en la inauguraci\u00f3n de dicha tienda, celebrada el pasado jueves, pero el &#8216;glamour&#8217; parisino [&hellip;]\" \/>\n<meta property=\"og:url\" content=\"http:\/\/noviasespana.com\/noviasbaleares\/rosa-clara-conquista-paris\/\" \/>\n<meta property=\"og:site_name\" content=\"Novias Baleares\" \/>\n<meta property=\"article:published_time\" content=\"2009-10-28T09:13:43+00:00\" \/>\n<meta property=\"og:image\" content=\"http:\/\/www.diariodeunanovia.com\/blog\/wp-content\/uploads\/sites\/5\/2009\/10\/rosa.jpg\" \/>\n<meta name=\"author\" content=\"admin\" \/>\n<meta name=\"twitter:label1\" content=\"Escrito por\" \/>\n\t<meta name=\"twitter:data1\" content=\"admin\" \/>\n\t<meta name=\"twitter:label2\" content=\"Tiempo de lectura\" \/>\n\t<meta name=\"twitter:data2\" content=\"1 minuto\" \/>\n<script type=\"application\/ld+json\" class=\"yoast-schema-graph\">{\"@context\":\"https:\\\/\\\/schema.org\",\"@graph\":[{\"@type\":\"Article\",\"@id\":\"http:\\\/\\\/noviasespana.com\\\/noviasbaleares\\\/rosa-clara-conquista-paris\\\/#article\",\"isPartOf\":{\"@id\":\"http:\\\/\\\/noviasespana.com\\\/noviasbaleares\\\/rosa-clara-conquista-paris\\\/\"},\"author\":{\"name\":\"admin\",\"@id\":\"http:\\\/\\\/noviasespana.com\\\/noviasbaleares\\\/#\\\/schema\\\/person\\\/82ff6e303fad28e4da623aa4d27969ed\"},\"headline\":\"Rosa Clar\u00e1 conquista Par\u00eds\",\"datePublished\":\"2009-10-28T09:13:43+00:00\",\"mainEntityOfPage\":{\"@id\":\"http:\\\/\\\/noviasespana.com\\\/noviasbaleares\\\/rosa-clara-conquista-paris\\\/\"},\"wordCount\":185,\"commentCount\":0,\"image\":{\"@id\":\"http:\\\/\\\/noviasespana.com\\\/noviasbaleares\\\/rosa-clara-conquista-paris\\\/#primaryimage\"},\"thumbnailUrl\":\"http:\\\/\\\/www.diariodeunanovia.com\\\/blog\\\/wp-content\\\/uploads\\\/sites\\\/5\\\/2009\\\/10\\\/rosa.jpg\",\"articleSection\":[\"novias\"],\"inLanguage\":\"es\",\"potentialAction\":[{\"@type\":\"CommentAction\",\"name\":\"Comment\",\"target\":[\"http:\\\/\\\/noviasespana.com\\\/noviasbaleares\\\/rosa-clara-conquista-paris\\\/#respond\"]}]},{\"@type\":\"WebPage\",\"@id\":\"http:\\\/\\\/noviasespana.com\\\/noviasbaleares\\\/rosa-clara-conquista-paris\\\/\",\"url\":\"http:\\\/\\\/noviasespana.com\\\/noviasbaleares\\\/rosa-clara-conquista-paris\\\/\",\"name\":\"Rosa Clar\u00e1 conquista Par\u00eds - Novias Baleares\",\"isPartOf\":{\"@id\":\"http:\\\/\\\/noviasespana.com\\\/noviasbaleares\\\/#website\"},\"primaryImageOfPage\":{\"@id\":\"http:\\\/\\\/noviasespana.com\\\/noviasbaleares\\\/rosa-clara-conquista-paris\\\/#primaryimage\"},\"image\":{\"@id\":\"http:\\\/\\\/noviasespana.com\\\/noviasbaleares\\\/rosa-clara-conquista-paris\\\/#primaryimage\"},\"thumbnailUrl\":\"http:\\\/\\\/www.diariodeunanovia.com\\\/blog\\\/wp-content\\\/uploads\\\/sites\\\/5\\\/2009\\\/10\\\/rosa.jpg\",\"datePublished\":\"2009-10-28T09:13:43+00:00\",\"author\":{\"@id\":\"http:\\\/\\\/noviasespana.com\\\/noviasbaleares\\\/#\\\/schema\\\/person\\\/82ff6e303fad28e4da623aa4d27969ed\"},\"breadcrumb\":{\"@id\":\"http:\\\/\\\/noviasespana.com\\\/noviasbaleares\\\/rosa-clara-conquista-paris\\\/#breadcrumb\"},\"inLanguage\":\"es\",\"potentialAction\":[{\"@type\":\"ReadAction\",\"target\":[\"http:\\\/\\\/noviasespana.com\\\/noviasbaleares\\\/rosa-clara-conquista-paris\\\/\"]}]},{\"@type\":\"ImageObject\",\"inLanguage\":\"es\",\"@id\":\"http:\\\/\\\/noviasespana.com\\\/noviasbaleares\\\/rosa-clara-conquista-paris\\\/#primaryimage\",\"url\":\"http:\\\/\\\/www.diariodeunanovia.com\\\/blog\\\/wp-content\\\/uploads\\\/sites\\\/5\\\/2009\\\/10\\\/rosa.jpg\",\"contentUrl\":\"http:\\\/\\\/www.diariodeunanovia.com\\\/blog\\\/wp-content\\\/uploads\\\/sites\\\/5\\\/2009\\\/10\\\/rosa.jpg\"},{\"@type\":\"BreadcrumbList\",\"@id\":\"http:\\\/\\\/noviasespana.com\\\/noviasbaleares\\\/rosa-clara-conquista-paris\\\/#breadcrumb\",\"itemListElement\":[{\"@type\":\"ListItem\",\"position\":1,\"name\":\"Portada\",\"item\":\"http:\\\/\\\/noviasespana.com\\\/noviasbaleares\\\/\"},{\"@type\":\"ListItem\",\"position\":2,\"name\":\"Rosa Clar\u00e1 conquista Par\u00eds\"}]},{\"@type\":\"WebSite\",\"@id\":\"http:\\\/\\\/noviasespana.com\\\/noviasbaleares\\\/#website\",\"url\":\"http:\\\/\\\/noviasespana.com\\\/noviasbaleares\\\/\",\"name\":\"Novias Baleares\",\"description\":\"Revista de novias\",\"potentialAction\":[{\"@type\":\"SearchAction\",\"target\":{\"@type\":\"EntryPoint\",\"urlTemplate\":\"http:\\\/\\\/noviasespana.com\\\/noviasbaleares\\\/?s={search_term_string}\"},\"query-input\":{\"@type\":\"PropertyValueSpecification\",\"valueRequired\":true,\"valueName\":\"search_term_string\"}}],\"inLanguage\":\"es\"},{\"@type\":\"Person\",\"@id\":\"http:\\\/\\\/noviasespana.com\\\/noviasbaleares\\\/#\\\/schema\\\/person\\\/82ff6e303fad28e4da623aa4d27969ed\",\"name\":\"admin\",\"image\":{\"@type\":\"ImageObject\",\"inLanguage\":\"es\",\"@id\":\"https:\\\/\\\/secure.gravatar.com\\\/avatar\\\/0f45231fddfb43fcbd0cdde4582a3580baf474d75fca7d494b42ff86847de871?s=96&d=mm&r=g\",\"url\":\"https:\\\/\\\/secure.gravatar.com\\\/avatar\\\/0f45231fddfb43fcbd0cdde4582a3580baf474d75fca7d494b42ff86847de871?s=96&d=mm&r=g\",\"contentUrl\":\"https:\\\/\\\/secure.gravatar.com\\\/avatar\\\/0f45231fddfb43fcbd0cdde4582a3580baf474d75fca7d494b42ff86847de871?s=96&d=mm&r=g\",\"caption\":\"admin\"},\"url\":\"http:\\\/\\\/noviasespana.com\\\/noviasbaleares\\\/author\\\/admin\\\/\"}]}<\/script>\n<!-- \/ Yoast SEO plugin. -->","yoast_head_json":{"title":"Rosa Clar\u00e1 conquista Par\u00eds - Novias Baleares","robots":{"index":"index","follow":"follow","max-snippet":"max-snippet:-1","max-image-preview":"max-image-preview:large","max-video-preview":"max-video-preview:-1"},"canonical":"http:\/\/noviasespana.com\/noviasbaleares\/rosa-clara-conquista-paris\/","og_locale":"es_ES","og_type":"article","og_title":"Rosa Clar\u00e1 conquista Par\u00eds - Novias Baleares","og_description":"Hola chicas!!! La dise\u00f1adora catalana Rosa Clar\u00e1 acaba de abrir su primera tienda en Par\u00eds, y en un lugar realmente estrat\u00e9gico: la &#8216;rue&#8217; Faubourg Saint-Honor\u00e9, justo enfrente del palacio del El\u00edseo. Ni Bruni ni Sarkozy, pese a ser vecinos, estuvieron presentes en la inauguraci\u00f3n de dicha tienda, celebrada el pasado jueves, pero el &#8216;glamour&#8217; parisino [&hellip;]","og_url":"http:\/\/noviasespana.com\/noviasbaleares\/rosa-clara-conquista-paris\/","og_site_name":"Novias Baleares","article_published_time":"2009-10-28T09:13:43+00:00","og_image":[{"url":"http:\/\/www.diariodeunanovia.com\/blog\/wp-content\/uploads\/sites\/5\/2009\/10\/rosa.jpg","type":"","width":"","height":""}],"author":"admin","twitter_misc":{"Escrito por":"admin","Tiempo de lectura":"1 minuto"},"schema":{"@context":"https:\/\/schema.org","@graph":[{"@type":"Article","@id":"http:\/\/noviasespana.com\/noviasbaleares\/rosa-clara-conquista-paris\/#article","isPartOf":{"@id":"http:\/\/noviasespana.com\/noviasbaleares\/rosa-clara-conquista-paris\/"},"author":{"name":"admin","@id":"http:\/\/noviasespana.com\/noviasbaleares\/#\/schema\/person\/82ff6e303fad28e4da623aa4d27969ed"},"headline":"Rosa Clar\u00e1 conquista Par\u00eds","datePublished":"2009-10-28T09:13:43+00:00","mainEntityOfPage":{"@id":"http:\/\/noviasespana.com\/noviasbaleares\/rosa-clara-conquista-paris\/"},"wordCount":185,"commentCount":0,"image":{"@id":"http:\/\/noviasespana.com\/noviasbaleares\/rosa-clara-conquista-paris\/#primaryimage"},"thumbnailUrl":"http:\/\/www.diariodeunanovia.com\/blog\/wp-content\/uploads\/sites\/5\/2009\/10\/rosa.jpg","articleSection":["novias"],"inLanguage":"es","potentialAction":[{"@type":"CommentAction","name":"Comment","target":["http:\/\/noviasespana.com\/noviasbaleares\/rosa-clara-conquista-paris\/#respond"]}]},{"@type":"WebPage","@id":"http:\/\/noviasespana.com\/noviasbaleares\/rosa-clara-conquista-paris\/","url":"http:\/\/noviasespana.com\/noviasbaleares\/rosa-clara-conquista-paris\/","name":"Rosa Clar\u00e1 conquista Par\u00eds - Novias Baleares","isPartOf":{"@id":"http:\/\/noviasespana.com\/noviasbaleares\/#website"},"primaryImageOfPage":{"@id":"http:\/\/noviasespana.com\/noviasbaleares\/rosa-clara-conquista-paris\/#primaryimage"},"image":{"@id":"http:\/\/noviasespana.com\/noviasbaleares\/rosa-clara-conquista-paris\/#primaryimage"},"thumbnailUrl":"http:\/\/www.diariodeunanovia.com\/blog\/wp-content\/uploads\/sites\/5\/2009\/10\/rosa.jpg","datePublished":"2009-10-28T09:13:43+00:00","author":{"@id":"http:\/\/noviasespana.com\/noviasbaleares\/#\/schema\/person\/82ff6e303fad28e4da623aa4d27969ed"},"breadcrumb":{"@id":"http:\/\/noviasespana.com\/noviasbaleares\/rosa-clara-conquista-paris\/#breadcrumb"},"inLanguage":"es","potentialAction":[{"@type":"ReadAction","target":["http:\/\/noviasespana.com\/noviasbaleares\/rosa-clara-conquista-paris\/"]}]},{"@type":"ImageObject","inLanguage":"es","@id":"http:\/\/noviasespana.com\/noviasbaleares\/rosa-clara-conquista-paris\/#primaryimage","url":"http:\/\/www.diariodeunanovia.com\/blog\/wp-content\/uploads\/sites\/5\/2009\/10\/rosa.jpg","contentUrl":"http:\/\/www.diariodeunanovia.com\/blog\/wp-content\/uploads\/sites\/5\/2009\/10\/rosa.jpg"},{"@type":"BreadcrumbList","@id":"http:\/\/noviasespana.com\/noviasbaleares\/rosa-clara-conquista-paris\/#breadcrumb","itemListElement":[{"@type":"ListItem","position":1,"name":"Portada","item":"http:\/\/noviasespana.com\/noviasbaleares\/"},{"@type":"ListItem","position":2,"name":"Rosa Clar\u00e1 conquista Par\u00eds"}]},{"@type":"WebSite","@id":"http:\/\/noviasespana.com\/noviasbaleares\/#website","url":"http:\/\/noviasespana.com\/noviasbaleares\/","name":"Novias Baleares","description":"Revista de novias","potentialAction":[{"@type":"SearchAction","target":{"@type":"EntryPoint","urlTemplate":"http:\/\/noviasespana.com\/noviasbaleares\/?s={search_term_string}"},"query-input":{"@type":"PropertyValueSpecification","valueRequired":true,"valueName":"search_term_string"}}],"inLanguage":"es"},{"@type":"Person","@id":"http:\/\/noviasespana.com\/noviasbaleares\/#\/schema\/person\/82ff6e303fad28e4da623aa4d27969ed","name":"admin","image":{"@type":"ImageObject","inLanguage":"es","@id":"https:\/\/secure.gravatar.com\/avatar\/0f45231fddfb43fcbd0cdde4582a3580baf474d75fca7d494b42ff86847de871?s=96&d=mm&r=g","url":"https:\/\/secure.gravatar.com\/avatar\/0f45231fddfb43fcbd0cdde4582a3580baf474d75fca7d494b42ff86847de871?s=96&d=mm&r=g","contentUrl":"https:\/\/secure.gravatar.com\/avatar\/0f45231fddfb43fcbd0cdde4582a3580baf474d75fca7d494b42ff86847de871?s=96&d=mm&r=g","caption":"admin"},"url":"http:\/\/noviasespana.com\/noviasbaleares\/author\/admin\/"}]}},"jetpack_featured_media_url":"","jetpack_sharing_enabled":true,"jetpack_shortlink":"https:\/\/wp.me\/p5Hg6P-5x","jetpack_likes_enabled":true,"_links":{"self":[{"href":"http:\/\/noviasespana.com\/noviasbaleares\/wp-json\/wp\/v2\/posts\/343","targetHints":{"allow":["GET"]}}],"collection":[{"href":"http:\/\/noviasespana.com\/noviasbaleares\/wp-json\/wp\/v2\/posts"}],"about":[{"href":"http:\/\/noviasespana.com\/noviasbaleares\/wp-json\/wp\/v2\/types\/post"}],"author":[{"embeddable":true,"href":"http:\/\/noviasespana.com\/noviasbaleares\/wp-json\/wp\/v2\/users\/2"}],"replies":[{"embeddable":true,"href":"http:\/\/noviasespana.com\/noviasbaleares\/wp-json\/wp\/v2\/comments?post=343"}],"version-history":[{"count":0,"href":"http:\/\/noviasespana.com\/noviasbaleares\/wp-json\/wp\/v2\/posts\/343\/revisions"}],"wp:attachment":[{"href":"http:\/\/noviasespana.com\/noviasbaleares\/wp-json\/wp\/v2\/media?parent=343"}],"wp:term":[{"taxonomy":"category","embeddable":true,"href":"http:\/\/noviasespana.com\/noviasbaleares\/wp-json\/wp\/v2\/categories?post=343"},{"taxonomy":"post_tag","embeddable":true,"href":"http:\/\/noviasespana.com\/noviasbaleares\/wp-json\/wp\/v2\/tags?post=343"}],"curies":[{"name":"wp","href":"https:\/\/api.w.org\/{rel}","templated":true}]}}