{"id":3417,"date":"2011-07-27T09:00:31","date_gmt":"2011-07-27T07:00:31","guid":{"rendered":"http:\/\/www.diariodeunanovia.com\/blog\/?p=3417"},"modified":"2011-07-27T09:00:31","modified_gmt":"2011-07-27T07:00:31","slug":"vestir-a-los-ninos-para-una-boda","status":"publish","type":"post","link":"http:\/\/noviasespana.com\/noviasbaleares\/vestir-a-los-ninos-para-una-boda\/","title":{"rendered":"Vestir a los ni\u00f1os para una boda"},"content":{"rendered":"<p style=\"text-align: center\"><img data-recalc-dims=\"1\" loading=\"lazy\" decoding=\"async\" class=\"aligncenter size-full wp-image-3418\" title=\"Blog DUN11\" src=\"https:\/\/i0.wp.com\/www.diariodeunanovia.com\/blog\/wp-content\/uploads\/sites\/5\/2011\/07\/Blog-DUN11.jpg?resize=300%2C225\" alt=\"Blog DUN11\" width=\"300\" height=\"225\" \/><\/p>\n<p>Queridas novias!! En las \u00faltimas bodas de famosos hemos vistos distintos cortejos con ni\u00f1os, Me gusto especialmente las damitas de honor que acompa\u00f1aban a Kate Moss el d\u00eda de su boda, as\u00ed que este post va dedicado a ellos. A los invitados m\u00e1s peque\u00f1os. Especialmente si forman parte del cortejo nupcial, los ni\u00f1os son siempre foco de atenci\u00f3n y su vestuario debe ir acorde con el tipo de ceremonia \u00a0y el estilo de la boda. Hay muchas opciones para vestir a los ni\u00f1os mi preferida, aunque un poco extravagante, es vestir a las ni\u00f1as de bailarinas con un sencillo tut\u00fa y unos mo\u00f1os. Adornarles el pelo con coronas de flores tambi\u00e9n me gusta mucho especialmente para bodas al aire libre o de primavera. Tambi\u00e9n es muy bonito vestir a los ni\u00f1os con el traje regional del lugar de procedencia de los novios o de d\u00f3nde se celebre la boda, nuestro pa\u00eds tiene una gran riqueza en este sentido y los ni\u00f1os adem\u00e1s de estar guap\u00edsimos aportan color y sabor tradicional. <!--more-->El tema de los ni\u00f1os es m\u00e1s complicado de lo que parece porque es muy f\u00e1cil pasarse y disfrazarles. Para bodas muy formales se suele optar por tonos pastel, ocres, dorados o blancos. Adem\u00e1s, el atuendo se completa con fajines, cinturones y flores. Mi recomendaci\u00f3n es que los peque\u00f1os deben vestirse lo m\u00e1s simple posible, porque son ni\u00f1os y deben vestir ropa infantil<\/p>\n","protected":false},"excerpt":{"rendered":"<p>Queridas novias!! En las \u00faltimas bodas de famosos hemos vistos distintos cortejos con ni\u00f1os, Me gusto especialmente las damitas de honor que acompa\u00f1aban a Kate Moss el d\u00eda de su boda, as\u00ed que este post va dedicado a ellos. A los invitados m\u00e1s peque\u00f1os. Especialmente si forman parte del cortejo nupcial, los ni\u00f1os son siempre [&hellip;]<\/p>\n","protected":false},"author":2,"featured_media":0,"comment_status":"open","ping_status":"open","sticky":false,"template":"","format":"standard","meta":{"jetpack_post_was_ever_published":false,"_jetpack_newsletter_access":"","_jetpack_dont_email_post_to_subs":false,"_jetpack_newsletter_tier_id":0,"_jetpack_memberships_contains_paywalled_content":false,"_jetpack_memberships_contains_paid_content":false,"footnotes":""},"categories":[1],"tags":[],"class_list":["post-3417","post","type-post","status-publish","format-standard","hentry","category-novias"],"yoast_head":"<!-- This site is optimized with the Yoast SEO plugin v27.5 - https:\/\/yoast.com\/product\/yoast-seo-wordpress\/ -->\n<title>Vestir a los ni\u00f1os para una boda - Novias Baleares<\/title>\n<meta name=\"robots\" content=\"index, follow, max-snippet:-1, max-image-preview:large, max-video-preview:-1\" \/>\n<link rel=\"canonical\" href=\"http:\/\/noviasespana.com\/noviasbaleares\/vestir-a-los-ninos-para-una-boda\/\" \/>\n<meta property=\"og:locale\" content=\"es_ES\" \/>\n<meta property=\"og:type\" content=\"article\" \/>\n<meta property=\"og:title\" content=\"Vestir a los ni\u00f1os para una boda - Novias Baleares\" \/>\n<meta property=\"og:description\" content=\"Queridas novias!! En las \u00faltimas bodas de famosos hemos vistos distintos cortejos con ni\u00f1os, Me gusto especialmente las damitas de honor que acompa\u00f1aban a Kate Moss el d\u00eda de su boda, as\u00ed que este post va dedicado a ellos. A los invitados m\u00e1s peque\u00f1os. Especialmente si forman parte del cortejo nupcial, los ni\u00f1os son siempre [&hellip;]\" \/>\n<meta property=\"og:url\" content=\"http:\/\/noviasespana.com\/noviasbaleares\/vestir-a-los-ninos-para-una-boda\/\" \/>\n<meta property=\"og:site_name\" content=\"Novias Baleares\" \/>\n<meta property=\"article:published_time\" content=\"2011-07-27T07:00:31+00:00\" \/>\n<meta property=\"og:image\" content=\"http:\/\/www.diariodeunanovia.com\/blog\/wp-content\/uploads\/sites\/5\/2011\/07\/Blog-DUN11.jpg\" \/>\n<meta name=\"author\" content=\"admin\" \/>\n<meta name=\"twitter:label1\" content=\"Escrito por\" \/>\n\t<meta name=\"twitter:data1\" content=\"admin\" \/>\n\t<meta name=\"twitter:label2\" content=\"Tiempo de lectura\" \/>\n\t<meta name=\"twitter:data2\" content=\"1 minuto\" \/>\n<script type=\"application\/ld+json\" class=\"yoast-schema-graph\">{\"@context\":\"https:\\\/\\\/schema.org\",\"@graph\":[{\"@type\":\"Article\",\"@id\":\"http:\\\/\\\/noviasespana.com\\\/noviasbaleares\\\/vestir-a-los-ninos-para-una-boda\\\/#article\",\"isPartOf\":{\"@id\":\"http:\\\/\\\/noviasespana.com\\\/noviasbaleares\\\/vestir-a-los-ninos-para-una-boda\\\/\"},\"author\":{\"name\":\"admin\",\"@id\":\"http:\\\/\\\/noviasespana.com\\\/noviasbaleares\\\/#\\\/schema\\\/person\\\/82ff6e303fad28e4da623aa4d27969ed\"},\"headline\":\"Vestir a los ni\u00f1os para una boda\",\"datePublished\":\"2011-07-27T07:00:31+00:00\",\"mainEntityOfPage\":{\"@id\":\"http:\\\/\\\/noviasespana.com\\\/noviasbaleares\\\/vestir-a-los-ninos-para-una-boda\\\/\"},\"wordCount\":267,\"commentCount\":0,\"image\":{\"@id\":\"http:\\\/\\\/noviasespana.com\\\/noviasbaleares\\\/vestir-a-los-ninos-para-una-boda\\\/#primaryimage\"},\"thumbnailUrl\":\"http:\\\/\\\/www.diariodeunanovia.com\\\/blog\\\/wp-content\\\/uploads\\\/sites\\\/5\\\/2011\\\/07\\\/Blog-DUN11.jpg\",\"articleSection\":[\"novias\"],\"inLanguage\":\"es\",\"potentialAction\":[{\"@type\":\"CommentAction\",\"name\":\"Comment\",\"target\":[\"http:\\\/\\\/noviasespana.com\\\/noviasbaleares\\\/vestir-a-los-ninos-para-una-boda\\\/#respond\"]}]},{\"@type\":\"WebPage\",\"@id\":\"http:\\\/\\\/noviasespana.com\\\/noviasbaleares\\\/vestir-a-los-ninos-para-una-boda\\\/\",\"url\":\"http:\\\/\\\/noviasespana.com\\\/noviasbaleares\\\/vestir-a-los-ninos-para-una-boda\\\/\",\"name\":\"Vestir a los ni\u00f1os para una boda - Novias Baleares\",\"isPartOf\":{\"@id\":\"http:\\\/\\\/noviasespana.com\\\/noviasbaleares\\\/#website\"},\"primaryImageOfPage\":{\"@id\":\"http:\\\/\\\/noviasespana.com\\\/noviasbaleares\\\/vestir-a-los-ninos-para-una-boda\\\/#primaryimage\"},\"image\":{\"@id\":\"http:\\\/\\\/noviasespana.com\\\/noviasbaleares\\\/vestir-a-los-ninos-para-una-boda\\\/#primaryimage\"},\"thumbnailUrl\":\"http:\\\/\\\/www.diariodeunanovia.com\\\/blog\\\/wp-content\\\/uploads\\\/sites\\\/5\\\/2011\\\/07\\\/Blog-DUN11.jpg\",\"datePublished\":\"2011-07-27T07:00:31+00:00\",\"author\":{\"@id\":\"http:\\\/\\\/noviasespana.com\\\/noviasbaleares\\\/#\\\/schema\\\/person\\\/82ff6e303fad28e4da623aa4d27969ed\"},\"breadcrumb\":{\"@id\":\"http:\\\/\\\/noviasespana.com\\\/noviasbaleares\\\/vestir-a-los-ninos-para-una-boda\\\/#breadcrumb\"},\"inLanguage\":\"es\",\"potentialAction\":[{\"@type\":\"ReadAction\",\"target\":[\"http:\\\/\\\/noviasespana.com\\\/noviasbaleares\\\/vestir-a-los-ninos-para-una-boda\\\/\"]}]},{\"@type\":\"ImageObject\",\"inLanguage\":\"es\",\"@id\":\"http:\\\/\\\/noviasespana.com\\\/noviasbaleares\\\/vestir-a-los-ninos-para-una-boda\\\/#primaryimage\",\"url\":\"http:\\\/\\\/www.diariodeunanovia.com\\\/blog\\\/wp-content\\\/uploads\\\/sites\\\/5\\\/2011\\\/07\\\/Blog-DUN11.jpg\",\"contentUrl\":\"http:\\\/\\\/www.diariodeunanovia.com\\\/blog\\\/wp-content\\\/uploads\\\/sites\\\/5\\\/2011\\\/07\\\/Blog-DUN11.jpg\"},{\"@type\":\"BreadcrumbList\",\"@id\":\"http:\\\/\\\/noviasespana.com\\\/noviasbaleares\\\/vestir-a-los-ninos-para-una-boda\\\/#breadcrumb\",\"itemListElement\":[{\"@type\":\"ListItem\",\"position\":1,\"name\":\"Portada\",\"item\":\"http:\\\/\\\/noviasespana.com\\\/noviasbaleares\\\/\"},{\"@type\":\"ListItem\",\"position\":2,\"name\":\"Vestir a los ni\u00f1os para una boda\"}]},{\"@type\":\"WebSite\",\"@id\":\"http:\\\/\\\/noviasespana.com\\\/noviasbaleares\\\/#website\",\"url\":\"http:\\\/\\\/noviasespana.com\\\/noviasbaleares\\\/\",\"name\":\"Novias Baleares\",\"description\":\"Revista de novias\",\"potentialAction\":[{\"@type\":\"SearchAction\",\"target\":{\"@type\":\"EntryPoint\",\"urlTemplate\":\"http:\\\/\\\/noviasespana.com\\\/noviasbaleares\\\/?s={search_term_string}\"},\"query-input\":{\"@type\":\"PropertyValueSpecification\",\"valueRequired\":true,\"valueName\":\"search_term_string\"}}],\"inLanguage\":\"es\"},{\"@type\":\"Person\",\"@id\":\"http:\\\/\\\/noviasespana.com\\\/noviasbaleares\\\/#\\\/schema\\\/person\\\/82ff6e303fad28e4da623aa4d27969ed\",\"name\":\"admin\",\"image\":{\"@type\":\"ImageObject\",\"inLanguage\":\"es\",\"@id\":\"https:\\\/\\\/secure.gravatar.com\\\/avatar\\\/0f45231fddfb43fcbd0cdde4582a3580baf474d75fca7d494b42ff86847de871?s=96&d=mm&r=g\",\"url\":\"https:\\\/\\\/secure.gravatar.com\\\/avatar\\\/0f45231fddfb43fcbd0cdde4582a3580baf474d75fca7d494b42ff86847de871?s=96&d=mm&r=g\",\"contentUrl\":\"https:\\\/\\\/secure.gravatar.com\\\/avatar\\\/0f45231fddfb43fcbd0cdde4582a3580baf474d75fca7d494b42ff86847de871?s=96&d=mm&r=g\",\"caption\":\"admin\"},\"url\":\"http:\\\/\\\/noviasespana.com\\\/noviasbaleares\\\/author\\\/admin\\\/\"}]}<\/script>\n<!-- \/ Yoast SEO plugin. -->","yoast_head_json":{"title":"Vestir a los ni\u00f1os para una boda - Novias Baleares","robots":{"index":"index","follow":"follow","max-snippet":"max-snippet:-1","max-image-preview":"max-image-preview:large","max-video-preview":"max-video-preview:-1"},"canonical":"http:\/\/noviasespana.com\/noviasbaleares\/vestir-a-los-ninos-para-una-boda\/","og_locale":"es_ES","og_type":"article","og_title":"Vestir a los ni\u00f1os para una boda - Novias Baleares","og_description":"Queridas novias!! En las \u00faltimas bodas de famosos hemos vistos distintos cortejos con ni\u00f1os, Me gusto especialmente las damitas de honor que acompa\u00f1aban a Kate Moss el d\u00eda de su boda, as\u00ed que este post va dedicado a ellos. A los invitados m\u00e1s peque\u00f1os. Especialmente si forman parte del cortejo nupcial, los ni\u00f1os son siempre [&hellip;]","og_url":"http:\/\/noviasespana.com\/noviasbaleares\/vestir-a-los-ninos-para-una-boda\/","og_site_name":"Novias Baleares","article_published_time":"2011-07-27T07:00:31+00:00","og_image":[{"url":"http:\/\/www.diariodeunanovia.com\/blog\/wp-content\/uploads\/sites\/5\/2011\/07\/Blog-DUN11.jpg","type":"","width":"","height":""}],"author":"admin","twitter_misc":{"Escrito por":"admin","Tiempo de lectura":"1 minuto"},"schema":{"@context":"https:\/\/schema.org","@graph":[{"@type":"Article","@id":"http:\/\/noviasespana.com\/noviasbaleares\/vestir-a-los-ninos-para-una-boda\/#article","isPartOf":{"@id":"http:\/\/noviasespana.com\/noviasbaleares\/vestir-a-los-ninos-para-una-boda\/"},"author":{"name":"admin","@id":"http:\/\/noviasespana.com\/noviasbaleares\/#\/schema\/person\/82ff6e303fad28e4da623aa4d27969ed"},"headline":"Vestir a los ni\u00f1os para una boda","datePublished":"2011-07-27T07:00:31+00:00","mainEntityOfPage":{"@id":"http:\/\/noviasespana.com\/noviasbaleares\/vestir-a-los-ninos-para-una-boda\/"},"wordCount":267,"commentCount":0,"image":{"@id":"http:\/\/noviasespana.com\/noviasbaleares\/vestir-a-los-ninos-para-una-boda\/#primaryimage"},"thumbnailUrl":"http:\/\/www.diariodeunanovia.com\/blog\/wp-content\/uploads\/sites\/5\/2011\/07\/Blog-DUN11.jpg","articleSection":["novias"],"inLanguage":"es","potentialAction":[{"@type":"CommentAction","name":"Comment","target":["http:\/\/noviasespana.com\/noviasbaleares\/vestir-a-los-ninos-para-una-boda\/#respond"]}]},{"@type":"WebPage","@id":"http:\/\/noviasespana.com\/noviasbaleares\/vestir-a-los-ninos-para-una-boda\/","url":"http:\/\/noviasespana.com\/noviasbaleares\/vestir-a-los-ninos-para-una-boda\/","name":"Vestir a los ni\u00f1os para una boda - Novias Baleares","isPartOf":{"@id":"http:\/\/noviasespana.com\/noviasbaleares\/#website"},"primaryImageOfPage":{"@id":"http:\/\/noviasespana.com\/noviasbaleares\/vestir-a-los-ninos-para-una-boda\/#primaryimage"},"image":{"@id":"http:\/\/noviasespana.com\/noviasbaleares\/vestir-a-los-ninos-para-una-boda\/#primaryimage"},"thumbnailUrl":"http:\/\/www.diariodeunanovia.com\/blog\/wp-content\/uploads\/sites\/5\/2011\/07\/Blog-DUN11.jpg","datePublished":"2011-07-27T07:00:31+00:00","author":{"@id":"http:\/\/noviasespana.com\/noviasbaleares\/#\/schema\/person\/82ff6e303fad28e4da623aa4d27969ed"},"breadcrumb":{"@id":"http:\/\/noviasespana.com\/noviasbaleares\/vestir-a-los-ninos-para-una-boda\/#breadcrumb"},"inLanguage":"es","potentialAction":[{"@type":"ReadAction","target":["http:\/\/noviasespana.com\/noviasbaleares\/vestir-a-los-ninos-para-una-boda\/"]}]},{"@type":"ImageObject","inLanguage":"es","@id":"http:\/\/noviasespana.com\/noviasbaleares\/vestir-a-los-ninos-para-una-boda\/#primaryimage","url":"http:\/\/www.diariodeunanovia.com\/blog\/wp-content\/uploads\/sites\/5\/2011\/07\/Blog-DUN11.jpg","contentUrl":"http:\/\/www.diariodeunanovia.com\/blog\/wp-content\/uploads\/sites\/5\/2011\/07\/Blog-DUN11.jpg"},{"@type":"BreadcrumbList","@id":"http:\/\/noviasespana.com\/noviasbaleares\/vestir-a-los-ninos-para-una-boda\/#breadcrumb","itemListElement":[{"@type":"ListItem","position":1,"name":"Portada","item":"http:\/\/noviasespana.com\/noviasbaleares\/"},{"@type":"ListItem","position":2,"name":"Vestir a los ni\u00f1os para una boda"}]},{"@type":"WebSite","@id":"http:\/\/noviasespana.com\/noviasbaleares\/#website","url":"http:\/\/noviasespana.com\/noviasbaleares\/","name":"Novias Baleares","description":"Revista de novias","potentialAction":[{"@type":"SearchAction","target":{"@type":"EntryPoint","urlTemplate":"http:\/\/noviasespana.com\/noviasbaleares\/?s={search_term_string}"},"query-input":{"@type":"PropertyValueSpecification","valueRequired":true,"valueName":"search_term_string"}}],"inLanguage":"es"},{"@type":"Person","@id":"http:\/\/noviasespana.com\/noviasbaleares\/#\/schema\/person\/82ff6e303fad28e4da623aa4d27969ed","name":"admin","image":{"@type":"ImageObject","inLanguage":"es","@id":"https:\/\/secure.gravatar.com\/avatar\/0f45231fddfb43fcbd0cdde4582a3580baf474d75fca7d494b42ff86847de871?s=96&d=mm&r=g","url":"https:\/\/secure.gravatar.com\/avatar\/0f45231fddfb43fcbd0cdde4582a3580baf474d75fca7d494b42ff86847de871?s=96&d=mm&r=g","contentUrl":"https:\/\/secure.gravatar.com\/avatar\/0f45231fddfb43fcbd0cdde4582a3580baf474d75fca7d494b42ff86847de871?s=96&d=mm&r=g","caption":"admin"},"url":"http:\/\/noviasespana.com\/noviasbaleares\/author\/admin\/"}]}},"jetpack_featured_media_url":"","jetpack_sharing_enabled":true,"jetpack_shortlink":"https:\/\/wp.me\/p5Hg6P-T7","jetpack_likes_enabled":true,"_links":{"self":[{"href":"http:\/\/noviasespana.com\/noviasbaleares\/wp-json\/wp\/v2\/posts\/3417","targetHints":{"allow":["GET"]}}],"collection":[{"href":"http:\/\/noviasespana.com\/noviasbaleares\/wp-json\/wp\/v2\/posts"}],"about":[{"href":"http:\/\/noviasespana.com\/noviasbaleares\/wp-json\/wp\/v2\/types\/post"}],"author":[{"embeddable":true,"href":"http:\/\/noviasespana.com\/noviasbaleares\/wp-json\/wp\/v2\/users\/2"}],"replies":[{"embeddable":true,"href":"http:\/\/noviasespana.com\/noviasbaleares\/wp-json\/wp\/v2\/comments?post=3417"}],"version-history":[{"count":0,"href":"http:\/\/noviasespana.com\/noviasbaleares\/wp-json\/wp\/v2\/posts\/3417\/revisions"}],"wp:attachment":[{"href":"http:\/\/noviasespana.com\/noviasbaleares\/wp-json\/wp\/v2\/media?parent=3417"}],"wp:term":[{"taxonomy":"category","embeddable":true,"href":"http:\/\/noviasespana.com\/noviasbaleares\/wp-json\/wp\/v2\/categories?post=3417"},{"taxonomy":"post_tag","embeddable":true,"href":"http:\/\/noviasespana.com\/noviasbaleares\/wp-json\/wp\/v2\/tags?post=3417"}],"curies":[{"name":"wp","href":"https:\/\/api.w.org\/{rel}","templated":true}]}}