{"id":3413,"date":"2011-07-26T09:00:20","date_gmt":"2011-07-26T07:00:20","guid":{"rendered":"http:\/\/www.diariodeunanovia.com\/blog\/?p=3413"},"modified":"2011-07-26T09:00:20","modified_gmt":"2011-07-26T07:00:20","slug":"el-vestido-de-catalina-expuesto","status":"publish","type":"post","link":"http:\/\/noviasespana.com\/noviasbaleares\/el-vestido-de-catalina-expuesto\/","title":{"rendered":"El vestido de Catalina expuesto"},"content":{"rendered":"<p style=\"text-align: center\"><img data-recalc-dims=\"1\" loading=\"lazy\" decoding=\"async\" class=\"size-medium wp-image-3414  aligncenter\" title=\"2011072261kate1_g\" src=\"https:\/\/i0.wp.com\/www.diariodeunanovia.com\/blog\/wp-content\/uploads\/sites\/5\/2011\/07\/2011072261kate1_g-300x209.jpg?resize=300%2C209\" alt=\"2011072261kate1_g\" width=\"300\" height=\"209\" \/><\/p>\n<p>Queridas novias!! Seguro que muchas de vosotras visit\u00e1is este verano Londres, si es as\u00ed, ya ten\u00e9is una raz\u00f3n m\u00e1s para visitar el palacio de Buckingham. Se acaba de abrir al p\u00fablico una sala en la que se expone al p\u00fablico el maravilloso vestido que luci\u00f3n en su boda con el pr\u00edncipe Guillermo \u00a0Kate Middleton dise\u00f1ado por Sara Burton. En la misma exposici\u00f3n, se podr\u00e1 ver la tiara, los zapatos, el velo, el ramo, los pendientes e incluso una reproducci\u00f3n de su tarta. Aunque despu\u00e9s de los comentarios de la reina, Isabel II no se si animaros\u00a0 a ir o no. Y es que a la reina se le oy\u00f3 exclamar \u00abhorrible\u00bb y \u00abespantoso\u00bb mientras miraba el descabezado maniqu\u00ed con las manos a la espalda. \u00abHan hecho que parezca espeluznante\u00bb, ha dicho la soberana. Seg\u00fan parece la forma en que est\u00e1 expuesto el vestido sostenido por un maniqu\u00ed sin cabeza, y el hecho de que se muestra casi en penumbra, m\u00e1s que emocionar, asusta. <!--more-->La reina y Catalina Middleton visitaron ayer la exposici\u00f3n, que ha vendido una cifra r\u00e9cord de 125.000 entradas de manera anticipada y que abrir\u00e1 al p\u00fablico hoy. Supongo que las colas para ver el vestido y el resto de complementos ser\u00e1n largas. Cada verano, la residencia de la reina de Inglaterra abre sus puertas aprovechando las vacaciones en Escocia de la soberana, y este a\u00f1o se espera un n\u00famero r\u00e9cord de visitantes gracias al reclamo del traje que Catalina Middleton visti\u00f3 el d\u00eda de su boda con el pr\u00edncipe Guillermo, el 29 de abril pasado.<\/p>\n<p>Fuente: Efe, Vanitatis<\/p>\n","protected":false},"excerpt":{"rendered":"<p>Queridas novias!! Seguro que muchas de vosotras visit\u00e1is este verano Londres, si es as\u00ed, ya ten\u00e9is una raz\u00f3n m\u00e1s para visitar el palacio de Buckingham. Se acaba de abrir al p\u00fablico una sala en la que se expone al p\u00fablico el maravilloso vestido que luci\u00f3n en su boda con el pr\u00edncipe Guillermo \u00a0Kate Middleton dise\u00f1ado [&hellip;]<\/p>\n","protected":false},"author":2,"featured_media":0,"comment_status":"open","ping_status":"open","sticky":false,"template":"","format":"standard","meta":{"jetpack_post_was_ever_published":false,"_jetpack_newsletter_access":"","_jetpack_dont_email_post_to_subs":false,"_jetpack_newsletter_tier_id":0,"_jetpack_memberships_contains_paywalled_content":false,"_jetpack_memberships_contains_paid_content":false,"footnotes":""},"categories":[1],"tags":[],"class_list":["post-3413","post","type-post","status-publish","format-standard","hentry","category-novias"],"yoast_head":"<!-- This site is optimized with the Yoast SEO plugin v27.5 - https:\/\/yoast.com\/product\/yoast-seo-wordpress\/ -->\n<title>El vestido de Catalina expuesto - Novias Baleares<\/title>\n<meta name=\"robots\" content=\"index, follow, max-snippet:-1, max-image-preview:large, max-video-preview:-1\" \/>\n<link rel=\"canonical\" href=\"http:\/\/noviasespana.com\/noviasbaleares\/el-vestido-de-catalina-expuesto\/\" \/>\n<meta property=\"og:locale\" content=\"es_ES\" \/>\n<meta property=\"og:type\" content=\"article\" \/>\n<meta property=\"og:title\" content=\"El vestido de Catalina expuesto - Novias Baleares\" \/>\n<meta property=\"og:description\" content=\"Queridas novias!! Seguro que muchas de vosotras visit\u00e1is este verano Londres, si es as\u00ed, ya ten\u00e9is una raz\u00f3n m\u00e1s para visitar el palacio de Buckingham. Se acaba de abrir al p\u00fablico una sala en la que se expone al p\u00fablico el maravilloso vestido que luci\u00f3n en su boda con el pr\u00edncipe Guillermo \u00a0Kate Middleton dise\u00f1ado [&hellip;]\" \/>\n<meta property=\"og:url\" content=\"http:\/\/noviasespana.com\/noviasbaleares\/el-vestido-de-catalina-expuesto\/\" \/>\n<meta property=\"og:site_name\" content=\"Novias Baleares\" \/>\n<meta property=\"article:published_time\" content=\"2011-07-26T07:00:20+00:00\" \/>\n<meta property=\"og:image\" content=\"http:\/\/www.diariodeunanovia.com\/blog\/wp-content\/uploads\/sites\/5\/2011\/07\/2011072261kate1_g-300x209.jpg\" \/>\n<meta name=\"author\" content=\"admin\" \/>\n<meta name=\"twitter:label1\" content=\"Escrito por\" \/>\n\t<meta name=\"twitter:data1\" content=\"admin\" \/>\n\t<meta name=\"twitter:label2\" content=\"Tiempo de lectura\" \/>\n\t<meta name=\"twitter:data2\" content=\"1 minuto\" \/>\n<script type=\"application\/ld+json\" class=\"yoast-schema-graph\">{\"@context\":\"https:\\\/\\\/schema.org\",\"@graph\":[{\"@type\":\"Article\",\"@id\":\"http:\\\/\\\/noviasespana.com\\\/noviasbaleares\\\/el-vestido-de-catalina-expuesto\\\/#article\",\"isPartOf\":{\"@id\":\"http:\\\/\\\/noviasespana.com\\\/noviasbaleares\\\/el-vestido-de-catalina-expuesto\\\/\"},\"author\":{\"name\":\"admin\",\"@id\":\"http:\\\/\\\/noviasespana.com\\\/noviasbaleares\\\/#\\\/schema\\\/person\\\/82ff6e303fad28e4da623aa4d27969ed\"},\"headline\":\"El vestido de Catalina expuesto\",\"datePublished\":\"2011-07-26T07:00:20+00:00\",\"mainEntityOfPage\":{\"@id\":\"http:\\\/\\\/noviasespana.com\\\/noviasbaleares\\\/el-vestido-de-catalina-expuesto\\\/\"},\"wordCount\":287,\"commentCount\":0,\"image\":{\"@id\":\"http:\\\/\\\/noviasespana.com\\\/noviasbaleares\\\/el-vestido-de-catalina-expuesto\\\/#primaryimage\"},\"thumbnailUrl\":\"http:\\\/\\\/www.diariodeunanovia.com\\\/blog\\\/wp-content\\\/uploads\\\/sites\\\/5\\\/2011\\\/07\\\/2011072261kate1_g-300x209.jpg\",\"articleSection\":[\"novias\"],\"inLanguage\":\"es\",\"potentialAction\":[{\"@type\":\"CommentAction\",\"name\":\"Comment\",\"target\":[\"http:\\\/\\\/noviasespana.com\\\/noviasbaleares\\\/el-vestido-de-catalina-expuesto\\\/#respond\"]}]},{\"@type\":\"WebPage\",\"@id\":\"http:\\\/\\\/noviasespana.com\\\/noviasbaleares\\\/el-vestido-de-catalina-expuesto\\\/\",\"url\":\"http:\\\/\\\/noviasespana.com\\\/noviasbaleares\\\/el-vestido-de-catalina-expuesto\\\/\",\"name\":\"El vestido de Catalina expuesto - Novias Baleares\",\"isPartOf\":{\"@id\":\"http:\\\/\\\/noviasespana.com\\\/noviasbaleares\\\/#website\"},\"primaryImageOfPage\":{\"@id\":\"http:\\\/\\\/noviasespana.com\\\/noviasbaleares\\\/el-vestido-de-catalina-expuesto\\\/#primaryimage\"},\"image\":{\"@id\":\"http:\\\/\\\/noviasespana.com\\\/noviasbaleares\\\/el-vestido-de-catalina-expuesto\\\/#primaryimage\"},\"thumbnailUrl\":\"http:\\\/\\\/www.diariodeunanovia.com\\\/blog\\\/wp-content\\\/uploads\\\/sites\\\/5\\\/2011\\\/07\\\/2011072261kate1_g-300x209.jpg\",\"datePublished\":\"2011-07-26T07:00:20+00:00\",\"author\":{\"@id\":\"http:\\\/\\\/noviasespana.com\\\/noviasbaleares\\\/#\\\/schema\\\/person\\\/82ff6e303fad28e4da623aa4d27969ed\"},\"breadcrumb\":{\"@id\":\"http:\\\/\\\/noviasespana.com\\\/noviasbaleares\\\/el-vestido-de-catalina-expuesto\\\/#breadcrumb\"},\"inLanguage\":\"es\",\"potentialAction\":[{\"@type\":\"ReadAction\",\"target\":[\"http:\\\/\\\/noviasespana.com\\\/noviasbaleares\\\/el-vestido-de-catalina-expuesto\\\/\"]}]},{\"@type\":\"ImageObject\",\"inLanguage\":\"es\",\"@id\":\"http:\\\/\\\/noviasespana.com\\\/noviasbaleares\\\/el-vestido-de-catalina-expuesto\\\/#primaryimage\",\"url\":\"http:\\\/\\\/www.diariodeunanovia.com\\\/blog\\\/wp-content\\\/uploads\\\/sites\\\/5\\\/2011\\\/07\\\/2011072261kate1_g-300x209.jpg\",\"contentUrl\":\"http:\\\/\\\/www.diariodeunanovia.com\\\/blog\\\/wp-content\\\/uploads\\\/sites\\\/5\\\/2011\\\/07\\\/2011072261kate1_g-300x209.jpg\"},{\"@type\":\"BreadcrumbList\",\"@id\":\"http:\\\/\\\/noviasespana.com\\\/noviasbaleares\\\/el-vestido-de-catalina-expuesto\\\/#breadcrumb\",\"itemListElement\":[{\"@type\":\"ListItem\",\"position\":1,\"name\":\"Portada\",\"item\":\"http:\\\/\\\/noviasespana.com\\\/noviasbaleares\\\/\"},{\"@type\":\"ListItem\",\"position\":2,\"name\":\"El vestido de Catalina expuesto\"}]},{\"@type\":\"WebSite\",\"@id\":\"http:\\\/\\\/noviasespana.com\\\/noviasbaleares\\\/#website\",\"url\":\"http:\\\/\\\/noviasespana.com\\\/noviasbaleares\\\/\",\"name\":\"Novias Baleares\",\"description\":\"Revista de novias\",\"potentialAction\":[{\"@type\":\"SearchAction\",\"target\":{\"@type\":\"EntryPoint\",\"urlTemplate\":\"http:\\\/\\\/noviasespana.com\\\/noviasbaleares\\\/?s={search_term_string}\"},\"query-input\":{\"@type\":\"PropertyValueSpecification\",\"valueRequired\":true,\"valueName\":\"search_term_string\"}}],\"inLanguage\":\"es\"},{\"@type\":\"Person\",\"@id\":\"http:\\\/\\\/noviasespana.com\\\/noviasbaleares\\\/#\\\/schema\\\/person\\\/82ff6e303fad28e4da623aa4d27969ed\",\"name\":\"admin\",\"image\":{\"@type\":\"ImageObject\",\"inLanguage\":\"es\",\"@id\":\"https:\\\/\\\/secure.gravatar.com\\\/avatar\\\/0f45231fddfb43fcbd0cdde4582a3580baf474d75fca7d494b42ff86847de871?s=96&d=mm&r=g\",\"url\":\"https:\\\/\\\/secure.gravatar.com\\\/avatar\\\/0f45231fddfb43fcbd0cdde4582a3580baf474d75fca7d494b42ff86847de871?s=96&d=mm&r=g\",\"contentUrl\":\"https:\\\/\\\/secure.gravatar.com\\\/avatar\\\/0f45231fddfb43fcbd0cdde4582a3580baf474d75fca7d494b42ff86847de871?s=96&d=mm&r=g\",\"caption\":\"admin\"},\"url\":\"http:\\\/\\\/noviasespana.com\\\/noviasbaleares\\\/author\\\/admin\\\/\"}]}<\/script>\n<!-- \/ Yoast SEO plugin. -->","yoast_head_json":{"title":"El vestido de Catalina expuesto - Novias Baleares","robots":{"index":"index","follow":"follow","max-snippet":"max-snippet:-1","max-image-preview":"max-image-preview:large","max-video-preview":"max-video-preview:-1"},"canonical":"http:\/\/noviasespana.com\/noviasbaleares\/el-vestido-de-catalina-expuesto\/","og_locale":"es_ES","og_type":"article","og_title":"El vestido de Catalina expuesto - Novias Baleares","og_description":"Queridas novias!! Seguro que muchas de vosotras visit\u00e1is este verano Londres, si es as\u00ed, ya ten\u00e9is una raz\u00f3n m\u00e1s para visitar el palacio de Buckingham. Se acaba de abrir al p\u00fablico una sala en la que se expone al p\u00fablico el maravilloso vestido que luci\u00f3n en su boda con el pr\u00edncipe Guillermo \u00a0Kate Middleton dise\u00f1ado [&hellip;]","og_url":"http:\/\/noviasespana.com\/noviasbaleares\/el-vestido-de-catalina-expuesto\/","og_site_name":"Novias Baleares","article_published_time":"2011-07-26T07:00:20+00:00","og_image":[{"url":"http:\/\/www.diariodeunanovia.com\/blog\/wp-content\/uploads\/sites\/5\/2011\/07\/2011072261kate1_g-300x209.jpg","type":"","width":"","height":""}],"author":"admin","twitter_misc":{"Escrito por":"admin","Tiempo de lectura":"1 minuto"},"schema":{"@context":"https:\/\/schema.org","@graph":[{"@type":"Article","@id":"http:\/\/noviasespana.com\/noviasbaleares\/el-vestido-de-catalina-expuesto\/#article","isPartOf":{"@id":"http:\/\/noviasespana.com\/noviasbaleares\/el-vestido-de-catalina-expuesto\/"},"author":{"name":"admin","@id":"http:\/\/noviasespana.com\/noviasbaleares\/#\/schema\/person\/82ff6e303fad28e4da623aa4d27969ed"},"headline":"El vestido de Catalina expuesto","datePublished":"2011-07-26T07:00:20+00:00","mainEntityOfPage":{"@id":"http:\/\/noviasespana.com\/noviasbaleares\/el-vestido-de-catalina-expuesto\/"},"wordCount":287,"commentCount":0,"image":{"@id":"http:\/\/noviasespana.com\/noviasbaleares\/el-vestido-de-catalina-expuesto\/#primaryimage"},"thumbnailUrl":"http:\/\/www.diariodeunanovia.com\/blog\/wp-content\/uploads\/sites\/5\/2011\/07\/2011072261kate1_g-300x209.jpg","articleSection":["novias"],"inLanguage":"es","potentialAction":[{"@type":"CommentAction","name":"Comment","target":["http:\/\/noviasespana.com\/noviasbaleares\/el-vestido-de-catalina-expuesto\/#respond"]}]},{"@type":"WebPage","@id":"http:\/\/noviasespana.com\/noviasbaleares\/el-vestido-de-catalina-expuesto\/","url":"http:\/\/noviasespana.com\/noviasbaleares\/el-vestido-de-catalina-expuesto\/","name":"El vestido de Catalina expuesto - Novias Baleares","isPartOf":{"@id":"http:\/\/noviasespana.com\/noviasbaleares\/#website"},"primaryImageOfPage":{"@id":"http:\/\/noviasespana.com\/noviasbaleares\/el-vestido-de-catalina-expuesto\/#primaryimage"},"image":{"@id":"http:\/\/noviasespana.com\/noviasbaleares\/el-vestido-de-catalina-expuesto\/#primaryimage"},"thumbnailUrl":"http:\/\/www.diariodeunanovia.com\/blog\/wp-content\/uploads\/sites\/5\/2011\/07\/2011072261kate1_g-300x209.jpg","datePublished":"2011-07-26T07:00:20+00:00","author":{"@id":"http:\/\/noviasespana.com\/noviasbaleares\/#\/schema\/person\/82ff6e303fad28e4da623aa4d27969ed"},"breadcrumb":{"@id":"http:\/\/noviasespana.com\/noviasbaleares\/el-vestido-de-catalina-expuesto\/#breadcrumb"},"inLanguage":"es","potentialAction":[{"@type":"ReadAction","target":["http:\/\/noviasespana.com\/noviasbaleares\/el-vestido-de-catalina-expuesto\/"]}]},{"@type":"ImageObject","inLanguage":"es","@id":"http:\/\/noviasespana.com\/noviasbaleares\/el-vestido-de-catalina-expuesto\/#primaryimage","url":"http:\/\/www.diariodeunanovia.com\/blog\/wp-content\/uploads\/sites\/5\/2011\/07\/2011072261kate1_g-300x209.jpg","contentUrl":"http:\/\/www.diariodeunanovia.com\/blog\/wp-content\/uploads\/sites\/5\/2011\/07\/2011072261kate1_g-300x209.jpg"},{"@type":"BreadcrumbList","@id":"http:\/\/noviasespana.com\/noviasbaleares\/el-vestido-de-catalina-expuesto\/#breadcrumb","itemListElement":[{"@type":"ListItem","position":1,"name":"Portada","item":"http:\/\/noviasespana.com\/noviasbaleares\/"},{"@type":"ListItem","position":2,"name":"El vestido de Catalina expuesto"}]},{"@type":"WebSite","@id":"http:\/\/noviasespana.com\/noviasbaleares\/#website","url":"http:\/\/noviasespana.com\/noviasbaleares\/","name":"Novias Baleares","description":"Revista de novias","potentialAction":[{"@type":"SearchAction","target":{"@type":"EntryPoint","urlTemplate":"http:\/\/noviasespana.com\/noviasbaleares\/?s={search_term_string}"},"query-input":{"@type":"PropertyValueSpecification","valueRequired":true,"valueName":"search_term_string"}}],"inLanguage":"es"},{"@type":"Person","@id":"http:\/\/noviasespana.com\/noviasbaleares\/#\/schema\/person\/82ff6e303fad28e4da623aa4d27969ed","name":"admin","image":{"@type":"ImageObject","inLanguage":"es","@id":"https:\/\/secure.gravatar.com\/avatar\/0f45231fddfb43fcbd0cdde4582a3580baf474d75fca7d494b42ff86847de871?s=96&d=mm&r=g","url":"https:\/\/secure.gravatar.com\/avatar\/0f45231fddfb43fcbd0cdde4582a3580baf474d75fca7d494b42ff86847de871?s=96&d=mm&r=g","contentUrl":"https:\/\/secure.gravatar.com\/avatar\/0f45231fddfb43fcbd0cdde4582a3580baf474d75fca7d494b42ff86847de871?s=96&d=mm&r=g","caption":"admin"},"url":"http:\/\/noviasespana.com\/noviasbaleares\/author\/admin\/"}]}},"jetpack_featured_media_url":"","jetpack_sharing_enabled":true,"jetpack_shortlink":"https:\/\/wp.me\/p5Hg6P-T3","jetpack_likes_enabled":true,"_links":{"self":[{"href":"http:\/\/noviasespana.com\/noviasbaleares\/wp-json\/wp\/v2\/posts\/3413","targetHints":{"allow":["GET"]}}],"collection":[{"href":"http:\/\/noviasespana.com\/noviasbaleares\/wp-json\/wp\/v2\/posts"}],"about":[{"href":"http:\/\/noviasespana.com\/noviasbaleares\/wp-json\/wp\/v2\/types\/post"}],"author":[{"embeddable":true,"href":"http:\/\/noviasespana.com\/noviasbaleares\/wp-json\/wp\/v2\/users\/2"}],"replies":[{"embeddable":true,"href":"http:\/\/noviasespana.com\/noviasbaleares\/wp-json\/wp\/v2\/comments?post=3413"}],"version-history":[{"count":0,"href":"http:\/\/noviasespana.com\/noviasbaleares\/wp-json\/wp\/v2\/posts\/3413\/revisions"}],"wp:attachment":[{"href":"http:\/\/noviasespana.com\/noviasbaleares\/wp-json\/wp\/v2\/media?parent=3413"}],"wp:term":[{"taxonomy":"category","embeddable":true,"href":"http:\/\/noviasespana.com\/noviasbaleares\/wp-json\/wp\/v2\/categories?post=3413"},{"taxonomy":"post_tag","embeddable":true,"href":"http:\/\/noviasespana.com\/noviasbaleares\/wp-json\/wp\/v2\/tags?post=3413"}],"curies":[{"name":"wp","href":"https:\/\/api.w.org\/{rel}","templated":true}]}}