{"id":3404,"date":"2011-07-21T09:00:44","date_gmt":"2011-07-21T07:00:44","guid":{"rendered":"http:\/\/www.diariodeunanovia.com\/blog\/?p=3404"},"modified":"2011-07-21T09:00:44","modified_gmt":"2011-07-21T07:00:44","slug":"la-exclusiva-boda-de-carla-goyanes","status":"publish","type":"post","link":"http:\/\/noviasespana.com\/noviasbaleares\/la-exclusiva-boda-de-carla-goyanes\/","title":{"rendered":"La exclusiva boda de Carla Goyanes"},"content":{"rendered":"<p><img data-recalc-dims=\"1\" loading=\"lazy\" decoding=\"async\" class=\"aligncenter\" title=\"carla goyanes\" src=\"https:\/\/i0.wp.com\/www.diariodeunanovia.com\/blog\/wp-content\/uploads\/sites\/5\/2011\/07\/carla-goyanes-216x300.jpg?resize=216%2C300\" alt=\"carla goyanes\" width=\"216\" height=\"300\" \/><\/p>\n<p>\u00bfQueridas novias! No puedo dejar pasar la oportunidad de comentar en este blog la<strong> boda de Carla Goyanes y Jorge Bengur\u00eda<\/strong>. Celebrada en Marbella este fin de semana la revista hola publica la exclusiva a toda p\u00e1gina y a todo color. Yo les pondr\u00eda el t\u00edtulo de la nueva generaci\u00f3n de \u201cfamosos\u201d y no es para menos, m\u00e1s de sesenta p\u00e1ginas dedica Hola a lo que llama el acontecimiento social del a\u00f1o. Una boda muye elegante y seg\u00fan la revista, muy divertida. <strong>Un enlace tradicional, elegante y con grandes dosis de glamour patrio, con m\u00e1s de 500 invitados. Arist\u00f3cratas, banqueros, empresarios y numerosos rostros conocidos pero no vimos a nadie ya que la exclusiva se protegi\u00f3 con u\u00f1as y dientes y solo en Holase puede ver algo de esta boda. Mucho dinero, mucho estilo pero todo por la pasta, en fin que ni una foto, ni un saludo gratis, as\u00ed cualquiera se casa en la Finca Cortes\u00edn, un espectacular resort situado en pleno coraz\u00f3n de la Costa del Sol, entre Sotogrande y Marbella, si lo paga Hola<\/strong>.<!--more-->Sabemos que la novia luci\u00f3 dos vestidos de Rosa Clar\u00e1<strong>,<\/strong> uno\u00a0para la ceremonia con escote en v en tul de seda y falda de encaje de Chantilly y para la fiesta posterior,\u00a0un dise\u00f1o palabra de honor en organza de seda natural. Por cierto su hermana Caritina tambi\u00e9n es portada esta semana, en esta ocasi\u00f3n de Lecturas y la raz\u00f3n que ha perdido 30 kilos con la Dieta Dukan. \u00a0En fin que las hermanas Goyanes est\u00e1n rentabilizando el verano, \u00bfNo os<\/p>\n","protected":false},"excerpt":{"rendered":"<p>\u00bfQueridas novias! No puedo dejar pasar la oportunidad de comentar en este blog la boda de Carla Goyanes y Jorge Bengur\u00eda. Celebrada en Marbella este fin de semana la revista hola publica la exclusiva a toda p\u00e1gina y a todo color. Yo les pondr\u00eda el t\u00edtulo de la nueva generaci\u00f3n de \u201cfamosos\u201d y no es [&hellip;]<\/p>\n","protected":false},"author":2,"featured_media":0,"comment_status":"open","ping_status":"open","sticky":false,"template":"","format":"standard","meta":{"jetpack_post_was_ever_published":false,"_jetpack_newsletter_access":"","_jetpack_dont_email_post_to_subs":false,"_jetpack_newsletter_tier_id":0,"_jetpack_memberships_contains_paywalled_content":false,"_jetpack_memberships_contains_paid_content":false,"footnotes":""},"categories":[1],"tags":[],"class_list":["post-3404","post","type-post","status-publish","format-standard","hentry","category-novias"],"yoast_head":"<!-- This site is optimized with the Yoast SEO plugin v27.5 - https:\/\/yoast.com\/product\/yoast-seo-wordpress\/ -->\n<title>La exclusiva boda de Carla Goyanes - Novias Baleares<\/title>\n<meta name=\"robots\" content=\"index, follow, max-snippet:-1, max-image-preview:large, max-video-preview:-1\" \/>\n<link rel=\"canonical\" href=\"http:\/\/noviasespana.com\/noviasbaleares\/la-exclusiva-boda-de-carla-goyanes\/\" \/>\n<meta property=\"og:locale\" content=\"es_ES\" \/>\n<meta property=\"og:type\" content=\"article\" \/>\n<meta property=\"og:title\" content=\"La exclusiva boda de Carla Goyanes - Novias Baleares\" \/>\n<meta property=\"og:description\" content=\"\u00bfQueridas novias! No puedo dejar pasar la oportunidad de comentar en este blog la boda de Carla Goyanes y Jorge Bengur\u00eda. Celebrada en Marbella este fin de semana la revista hola publica la exclusiva a toda p\u00e1gina y a todo color. Yo les pondr\u00eda el t\u00edtulo de la nueva generaci\u00f3n de \u201cfamosos\u201d y no es [&hellip;]\" \/>\n<meta property=\"og:url\" content=\"http:\/\/noviasespana.com\/noviasbaleares\/la-exclusiva-boda-de-carla-goyanes\/\" \/>\n<meta property=\"og:site_name\" content=\"Novias Baleares\" \/>\n<meta property=\"article:published_time\" content=\"2011-07-21T07:00:44+00:00\" \/>\n<meta property=\"og:image\" content=\"http:\/\/www.diariodeunanovia.com\/blog\/wp-content\/uploads\/sites\/5\/2011\/07\/carla-goyanes-216x300.jpg\" \/>\n<meta name=\"author\" content=\"admin\" \/>\n<meta name=\"twitter:label1\" content=\"Escrito por\" \/>\n\t<meta name=\"twitter:data1\" content=\"admin\" \/>\n\t<meta name=\"twitter:label2\" content=\"Tiempo de lectura\" \/>\n\t<meta name=\"twitter:data2\" content=\"1 minuto\" \/>\n<script type=\"application\/ld+json\" class=\"yoast-schema-graph\">{\"@context\":\"https:\\\/\\\/schema.org\",\"@graph\":[{\"@type\":\"Article\",\"@id\":\"http:\\\/\\\/noviasespana.com\\\/noviasbaleares\\\/la-exclusiva-boda-de-carla-goyanes\\\/#article\",\"isPartOf\":{\"@id\":\"http:\\\/\\\/noviasespana.com\\\/noviasbaleares\\\/la-exclusiva-boda-de-carla-goyanes\\\/\"},\"author\":{\"name\":\"admin\",\"@id\":\"http:\\\/\\\/noviasespana.com\\\/noviasbaleares\\\/#\\\/schema\\\/person\\\/82ff6e303fad28e4da623aa4d27969ed\"},\"headline\":\"La exclusiva boda de Carla Goyanes\",\"datePublished\":\"2011-07-21T07:00:44+00:00\",\"mainEntityOfPage\":{\"@id\":\"http:\\\/\\\/noviasespana.com\\\/noviasbaleares\\\/la-exclusiva-boda-de-carla-goyanes\\\/\"},\"wordCount\":282,\"commentCount\":0,\"image\":{\"@id\":\"http:\\\/\\\/noviasespana.com\\\/noviasbaleares\\\/la-exclusiva-boda-de-carla-goyanes\\\/#primaryimage\"},\"thumbnailUrl\":\"http:\\\/\\\/www.diariodeunanovia.com\\\/blog\\\/wp-content\\\/uploads\\\/sites\\\/5\\\/2011\\\/07\\\/carla-goyanes-216x300.jpg\",\"articleSection\":[\"novias\"],\"inLanguage\":\"es\",\"potentialAction\":[{\"@type\":\"CommentAction\",\"name\":\"Comment\",\"target\":[\"http:\\\/\\\/noviasespana.com\\\/noviasbaleares\\\/la-exclusiva-boda-de-carla-goyanes\\\/#respond\"]}]},{\"@type\":\"WebPage\",\"@id\":\"http:\\\/\\\/noviasespana.com\\\/noviasbaleares\\\/la-exclusiva-boda-de-carla-goyanes\\\/\",\"url\":\"http:\\\/\\\/noviasespana.com\\\/noviasbaleares\\\/la-exclusiva-boda-de-carla-goyanes\\\/\",\"name\":\"La exclusiva boda de Carla Goyanes - Novias Baleares\",\"isPartOf\":{\"@id\":\"http:\\\/\\\/noviasespana.com\\\/noviasbaleares\\\/#website\"},\"primaryImageOfPage\":{\"@id\":\"http:\\\/\\\/noviasespana.com\\\/noviasbaleares\\\/la-exclusiva-boda-de-carla-goyanes\\\/#primaryimage\"},\"image\":{\"@id\":\"http:\\\/\\\/noviasespana.com\\\/noviasbaleares\\\/la-exclusiva-boda-de-carla-goyanes\\\/#primaryimage\"},\"thumbnailUrl\":\"http:\\\/\\\/www.diariodeunanovia.com\\\/blog\\\/wp-content\\\/uploads\\\/sites\\\/5\\\/2011\\\/07\\\/carla-goyanes-216x300.jpg\",\"datePublished\":\"2011-07-21T07:00:44+00:00\",\"author\":{\"@id\":\"http:\\\/\\\/noviasespana.com\\\/noviasbaleares\\\/#\\\/schema\\\/person\\\/82ff6e303fad28e4da623aa4d27969ed\"},\"breadcrumb\":{\"@id\":\"http:\\\/\\\/noviasespana.com\\\/noviasbaleares\\\/la-exclusiva-boda-de-carla-goyanes\\\/#breadcrumb\"},\"inLanguage\":\"es\",\"potentialAction\":[{\"@type\":\"ReadAction\",\"target\":[\"http:\\\/\\\/noviasespana.com\\\/noviasbaleares\\\/la-exclusiva-boda-de-carla-goyanes\\\/\"]}]},{\"@type\":\"ImageObject\",\"inLanguage\":\"es\",\"@id\":\"http:\\\/\\\/noviasespana.com\\\/noviasbaleares\\\/la-exclusiva-boda-de-carla-goyanes\\\/#primaryimage\",\"url\":\"http:\\\/\\\/www.diariodeunanovia.com\\\/blog\\\/wp-content\\\/uploads\\\/sites\\\/5\\\/2011\\\/07\\\/carla-goyanes-216x300.jpg\",\"contentUrl\":\"http:\\\/\\\/www.diariodeunanovia.com\\\/blog\\\/wp-content\\\/uploads\\\/sites\\\/5\\\/2011\\\/07\\\/carla-goyanes-216x300.jpg\"},{\"@type\":\"BreadcrumbList\",\"@id\":\"http:\\\/\\\/noviasespana.com\\\/noviasbaleares\\\/la-exclusiva-boda-de-carla-goyanes\\\/#breadcrumb\",\"itemListElement\":[{\"@type\":\"ListItem\",\"position\":1,\"name\":\"Portada\",\"item\":\"http:\\\/\\\/noviasespana.com\\\/noviasbaleares\\\/\"},{\"@type\":\"ListItem\",\"position\":2,\"name\":\"La exclusiva boda de Carla Goyanes\"}]},{\"@type\":\"WebSite\",\"@id\":\"http:\\\/\\\/noviasespana.com\\\/noviasbaleares\\\/#website\",\"url\":\"http:\\\/\\\/noviasespana.com\\\/noviasbaleares\\\/\",\"name\":\"Novias Baleares\",\"description\":\"Revista de novias\",\"potentialAction\":[{\"@type\":\"SearchAction\",\"target\":{\"@type\":\"EntryPoint\",\"urlTemplate\":\"http:\\\/\\\/noviasespana.com\\\/noviasbaleares\\\/?s={search_term_string}\"},\"query-input\":{\"@type\":\"PropertyValueSpecification\",\"valueRequired\":true,\"valueName\":\"search_term_string\"}}],\"inLanguage\":\"es\"},{\"@type\":\"Person\",\"@id\":\"http:\\\/\\\/noviasespana.com\\\/noviasbaleares\\\/#\\\/schema\\\/person\\\/82ff6e303fad28e4da623aa4d27969ed\",\"name\":\"admin\",\"image\":{\"@type\":\"ImageObject\",\"inLanguage\":\"es\",\"@id\":\"https:\\\/\\\/secure.gravatar.com\\\/avatar\\\/0f45231fddfb43fcbd0cdde4582a3580baf474d75fca7d494b42ff86847de871?s=96&d=mm&r=g\",\"url\":\"https:\\\/\\\/secure.gravatar.com\\\/avatar\\\/0f45231fddfb43fcbd0cdde4582a3580baf474d75fca7d494b42ff86847de871?s=96&d=mm&r=g\",\"contentUrl\":\"https:\\\/\\\/secure.gravatar.com\\\/avatar\\\/0f45231fddfb43fcbd0cdde4582a3580baf474d75fca7d494b42ff86847de871?s=96&d=mm&r=g\",\"caption\":\"admin\"},\"url\":\"http:\\\/\\\/noviasespana.com\\\/noviasbaleares\\\/author\\\/admin\\\/\"}]}<\/script>\n<!-- \/ Yoast SEO plugin. -->","yoast_head_json":{"title":"La exclusiva boda de Carla Goyanes - Novias Baleares","robots":{"index":"index","follow":"follow","max-snippet":"max-snippet:-1","max-image-preview":"max-image-preview:large","max-video-preview":"max-video-preview:-1"},"canonical":"http:\/\/noviasespana.com\/noviasbaleares\/la-exclusiva-boda-de-carla-goyanes\/","og_locale":"es_ES","og_type":"article","og_title":"La exclusiva boda de Carla Goyanes - Novias Baleares","og_description":"\u00bfQueridas novias! No puedo dejar pasar la oportunidad de comentar en este blog la boda de Carla Goyanes y Jorge Bengur\u00eda. Celebrada en Marbella este fin de semana la revista hola publica la exclusiva a toda p\u00e1gina y a todo color. Yo les pondr\u00eda el t\u00edtulo de la nueva generaci\u00f3n de \u201cfamosos\u201d y no es [&hellip;]","og_url":"http:\/\/noviasespana.com\/noviasbaleares\/la-exclusiva-boda-de-carla-goyanes\/","og_site_name":"Novias Baleares","article_published_time":"2011-07-21T07:00:44+00:00","og_image":[{"url":"http:\/\/www.diariodeunanovia.com\/blog\/wp-content\/uploads\/sites\/5\/2011\/07\/carla-goyanes-216x300.jpg","type":"","width":"","height":""}],"author":"admin","twitter_misc":{"Escrito por":"admin","Tiempo de lectura":"1 minuto"},"schema":{"@context":"https:\/\/schema.org","@graph":[{"@type":"Article","@id":"http:\/\/noviasespana.com\/noviasbaleares\/la-exclusiva-boda-de-carla-goyanes\/#article","isPartOf":{"@id":"http:\/\/noviasespana.com\/noviasbaleares\/la-exclusiva-boda-de-carla-goyanes\/"},"author":{"name":"admin","@id":"http:\/\/noviasespana.com\/noviasbaleares\/#\/schema\/person\/82ff6e303fad28e4da623aa4d27969ed"},"headline":"La exclusiva boda de Carla Goyanes","datePublished":"2011-07-21T07:00:44+00:00","mainEntityOfPage":{"@id":"http:\/\/noviasespana.com\/noviasbaleares\/la-exclusiva-boda-de-carla-goyanes\/"},"wordCount":282,"commentCount":0,"image":{"@id":"http:\/\/noviasespana.com\/noviasbaleares\/la-exclusiva-boda-de-carla-goyanes\/#primaryimage"},"thumbnailUrl":"http:\/\/www.diariodeunanovia.com\/blog\/wp-content\/uploads\/sites\/5\/2011\/07\/carla-goyanes-216x300.jpg","articleSection":["novias"],"inLanguage":"es","potentialAction":[{"@type":"CommentAction","name":"Comment","target":["http:\/\/noviasespana.com\/noviasbaleares\/la-exclusiva-boda-de-carla-goyanes\/#respond"]}]},{"@type":"WebPage","@id":"http:\/\/noviasespana.com\/noviasbaleares\/la-exclusiva-boda-de-carla-goyanes\/","url":"http:\/\/noviasespana.com\/noviasbaleares\/la-exclusiva-boda-de-carla-goyanes\/","name":"La exclusiva boda de Carla Goyanes - Novias Baleares","isPartOf":{"@id":"http:\/\/noviasespana.com\/noviasbaleares\/#website"},"primaryImageOfPage":{"@id":"http:\/\/noviasespana.com\/noviasbaleares\/la-exclusiva-boda-de-carla-goyanes\/#primaryimage"},"image":{"@id":"http:\/\/noviasespana.com\/noviasbaleares\/la-exclusiva-boda-de-carla-goyanes\/#primaryimage"},"thumbnailUrl":"http:\/\/www.diariodeunanovia.com\/blog\/wp-content\/uploads\/sites\/5\/2011\/07\/carla-goyanes-216x300.jpg","datePublished":"2011-07-21T07:00:44+00:00","author":{"@id":"http:\/\/noviasespana.com\/noviasbaleares\/#\/schema\/person\/82ff6e303fad28e4da623aa4d27969ed"},"breadcrumb":{"@id":"http:\/\/noviasespana.com\/noviasbaleares\/la-exclusiva-boda-de-carla-goyanes\/#breadcrumb"},"inLanguage":"es","potentialAction":[{"@type":"ReadAction","target":["http:\/\/noviasespana.com\/noviasbaleares\/la-exclusiva-boda-de-carla-goyanes\/"]}]},{"@type":"ImageObject","inLanguage":"es","@id":"http:\/\/noviasespana.com\/noviasbaleares\/la-exclusiva-boda-de-carla-goyanes\/#primaryimage","url":"http:\/\/www.diariodeunanovia.com\/blog\/wp-content\/uploads\/sites\/5\/2011\/07\/carla-goyanes-216x300.jpg","contentUrl":"http:\/\/www.diariodeunanovia.com\/blog\/wp-content\/uploads\/sites\/5\/2011\/07\/carla-goyanes-216x300.jpg"},{"@type":"BreadcrumbList","@id":"http:\/\/noviasespana.com\/noviasbaleares\/la-exclusiva-boda-de-carla-goyanes\/#breadcrumb","itemListElement":[{"@type":"ListItem","position":1,"name":"Portada","item":"http:\/\/noviasespana.com\/noviasbaleares\/"},{"@type":"ListItem","position":2,"name":"La exclusiva boda de Carla Goyanes"}]},{"@type":"WebSite","@id":"http:\/\/noviasespana.com\/noviasbaleares\/#website","url":"http:\/\/noviasespana.com\/noviasbaleares\/","name":"Novias Baleares","description":"Revista de novias","potentialAction":[{"@type":"SearchAction","target":{"@type":"EntryPoint","urlTemplate":"http:\/\/noviasespana.com\/noviasbaleares\/?s={search_term_string}"},"query-input":{"@type":"PropertyValueSpecification","valueRequired":true,"valueName":"search_term_string"}}],"inLanguage":"es"},{"@type":"Person","@id":"http:\/\/noviasespana.com\/noviasbaleares\/#\/schema\/person\/82ff6e303fad28e4da623aa4d27969ed","name":"admin","image":{"@type":"ImageObject","inLanguage":"es","@id":"https:\/\/secure.gravatar.com\/avatar\/0f45231fddfb43fcbd0cdde4582a3580baf474d75fca7d494b42ff86847de871?s=96&d=mm&r=g","url":"https:\/\/secure.gravatar.com\/avatar\/0f45231fddfb43fcbd0cdde4582a3580baf474d75fca7d494b42ff86847de871?s=96&d=mm&r=g","contentUrl":"https:\/\/secure.gravatar.com\/avatar\/0f45231fddfb43fcbd0cdde4582a3580baf474d75fca7d494b42ff86847de871?s=96&d=mm&r=g","caption":"admin"},"url":"http:\/\/noviasespana.com\/noviasbaleares\/author\/admin\/"}]}},"jetpack_featured_media_url":"","jetpack_sharing_enabled":true,"jetpack_shortlink":"https:\/\/wp.me\/p5Hg6P-SU","jetpack_likes_enabled":true,"_links":{"self":[{"href":"http:\/\/noviasespana.com\/noviasbaleares\/wp-json\/wp\/v2\/posts\/3404","targetHints":{"allow":["GET"]}}],"collection":[{"href":"http:\/\/noviasespana.com\/noviasbaleares\/wp-json\/wp\/v2\/posts"}],"about":[{"href":"http:\/\/noviasespana.com\/noviasbaleares\/wp-json\/wp\/v2\/types\/post"}],"author":[{"embeddable":true,"href":"http:\/\/noviasespana.com\/noviasbaleares\/wp-json\/wp\/v2\/users\/2"}],"replies":[{"embeddable":true,"href":"http:\/\/noviasespana.com\/noviasbaleares\/wp-json\/wp\/v2\/comments?post=3404"}],"version-history":[{"count":0,"href":"http:\/\/noviasespana.com\/noviasbaleares\/wp-json\/wp\/v2\/posts\/3404\/revisions"}],"wp:attachment":[{"href":"http:\/\/noviasespana.com\/noviasbaleares\/wp-json\/wp\/v2\/media?parent=3404"}],"wp:term":[{"taxonomy":"category","embeddable":true,"href":"http:\/\/noviasespana.com\/noviasbaleares\/wp-json\/wp\/v2\/categories?post=3404"},{"taxonomy":"post_tag","embeddable":true,"href":"http:\/\/noviasespana.com\/noviasbaleares\/wp-json\/wp\/v2\/tags?post=3404"}],"curies":[{"name":"wp","href":"https:\/\/api.w.org\/{rel}","templated":true}]}}