{"id":3362,"date":"2011-07-11T09:00:36","date_gmt":"2011-07-11T07:00:36","guid":{"rendered":"http:\/\/www.diariodeunanovia.com\/blog\/?p=3362"},"modified":"2011-07-11T09:00:36","modified_gmt":"2011-07-11T07:00:36","slug":"si-quiero-en-el-camp-nou","status":"publish","type":"post","link":"http:\/\/noviasespana.com\/noviasbaleares\/si-quiero-en-el-camp-nou\/","title":{"rendered":"\u00abS\u00ed, quiero\u00bb en el Camp Nou"},"content":{"rendered":"<p style=\"text-align: center\"><img data-recalc-dims=\"1\" loading=\"lazy\" decoding=\"async\" class=\"size-medium wp-image-3363  aligncenter\" title=\"La-primera-Bodaen-el-Camp-Nou-_54184411776_54115221155_600_244\" src=\"https:\/\/i0.wp.com\/www.diariodeunanovia.com\/blog\/wp-content\/uploads\/sites\/5\/2011\/07\/La-primera-Bodaen-el-Camp-Nou-_54184411776_54115221155_600_244-300x122.jpg?resize=300%2C122\" alt=\"La-primera-Bodaen-el-Camp-Nou-_54184411776_54115221155_600_244\" width=\"300\" height=\"122\" \/><\/p>\n<p>Queridas novias!! Este fin de semana se ha celebrado la primera boda en el Camp Nou. A m\u00ed personalmente me parece extra\u00f1o que alguien quiera casase en un campo de f\u00fatbol, pero claro, yo no soy nada futbolera y no siento la pasi\u00f3n que Iban y Sigrid, los primeros novios en celebrar una boda 100% cul\u00e9 sienten por el Bar\u00e7a. M\u00e1s de 250 invitados asistieron a esta boda, que fue la primera en la que los invitados pudieron tomar un delicioso aperitivo servido en el antepalco de honor, mientras por megafon\u00eda, sonaba el himno cul\u00e9, y las pantallas del estadio animaban a la gente con todos los goles de la temporada 2010-2011. Los novios disfrutaron de una exclusiva \u00a0sesi\u00f3n de fotos en el centro del terreno de juego tras la cual fueron sorprendidos por el \u00abspeaker\u00bb del Camp Nou quien los felicit\u00f3 por celebrar \u00abla primera ceremonia nupcial\u00bb en el Bar\u00e7a, hecho que \u00abpasar\u00e1 a formar parte de la historia del club\u00bb. El banquete, tuvo lugar en la platea con vistas al c\u00e9sped. <!--more-->La iniciativa del F.C. Barcelona parece que ha sido muy bien acogida y el primer d\u00eda ya tuvieron unas 25 solicitudes de parejas interesadas en celebrar su boda en el Camp Nou. Un lugar perfecto para los que buscan algo especial y diferente a lo convencional el d\u00eda de su boda. La Platea, el Hall de Tribuna, la Sala Par\u00eds o la Sala Roma son los distintos lugares que podr\u00e1n elegir los novios, y adem\u00e1s, los invitados podr\u00e1n disfrutar de una copa de\u00a0cava a ras de c\u00e9sped y los novios se llevaran una sesi\u00f3n de fotos para el recuerdo. Pero la cosa no acaba aqu\u00ed: los invitados se podr\u00e1n desplazar con el autocar del primer equipo, las &#8216;cheerleaders&#8217; del equipo de baloncesto podr\u00e1n actuar en la boda y se podr\u00e1 contar con regalos conmemorativos. \u00bfTe gusta la idea?<\/p>\n<p>Fuente: <a href=\"http:\/\/www.mundodeportivo.com\/20110710\/y-los-novios-dijeron-si-quiero-en-el-camp-nou_54184411753.html\" target=\"_blank\">Mundo deportivo<\/a><\/p>\n","protected":false},"excerpt":{"rendered":"<p>Queridas novias!! Este fin de semana se ha celebrado la primera boda en el Camp Nou. A m\u00ed personalmente me parece extra\u00f1o que alguien quiera casase en un campo de f\u00fatbol, pero claro, yo no soy nada futbolera y no siento la pasi\u00f3n que Iban y Sigrid, los primeros novios en celebrar una boda 100% [&hellip;]<\/p>\n","protected":false},"author":2,"featured_media":0,"comment_status":"open","ping_status":"open","sticky":false,"template":"","format":"standard","meta":{"jetpack_post_was_ever_published":false,"_jetpack_newsletter_access":"","_jetpack_dont_email_post_to_subs":false,"_jetpack_newsletter_tier_id":0,"_jetpack_memberships_contains_paywalled_content":false,"_jetpack_memberships_contains_paid_content":false,"footnotes":""},"categories":[1],"tags":[],"class_list":["post-3362","post","type-post","status-publish","format-standard","hentry","category-novias"],"yoast_head":"<!-- This site is optimized with the Yoast SEO plugin v27.5 - https:\/\/yoast.com\/product\/yoast-seo-wordpress\/ -->\n<title>&quot;S\u00ed, quiero&quot; en el Camp Nou - Novias Baleares<\/title>\n<meta name=\"robots\" content=\"index, follow, max-snippet:-1, max-image-preview:large, max-video-preview:-1\" \/>\n<link rel=\"canonical\" href=\"http:\/\/noviasespana.com\/noviasbaleares\/si-quiero-en-el-camp-nou\/\" \/>\n<meta property=\"og:locale\" content=\"es_ES\" \/>\n<meta property=\"og:type\" content=\"article\" \/>\n<meta property=\"og:title\" content=\"&quot;S\u00ed, quiero&quot; en el Camp Nou - Novias Baleares\" \/>\n<meta property=\"og:description\" content=\"Queridas novias!! Este fin de semana se ha celebrado la primera boda en el Camp Nou. A m\u00ed personalmente me parece extra\u00f1o que alguien quiera casase en un campo de f\u00fatbol, pero claro, yo no soy nada futbolera y no siento la pasi\u00f3n que Iban y Sigrid, los primeros novios en celebrar una boda 100% [&hellip;]\" \/>\n<meta property=\"og:url\" content=\"http:\/\/noviasespana.com\/noviasbaleares\/si-quiero-en-el-camp-nou\/\" \/>\n<meta property=\"og:site_name\" content=\"Novias Baleares\" \/>\n<meta property=\"article:published_time\" content=\"2011-07-11T07:00:36+00:00\" \/>\n<meta property=\"og:image\" content=\"http:\/\/www.diariodeunanovia.com\/blog\/wp-content\/uploads\/sites\/5\/2011\/07\/La-primera-Bodaen-el-Camp-Nou-_54184411776_54115221155_600_244-300x122.jpg\" \/>\n<meta name=\"author\" content=\"admin\" \/>\n<meta name=\"twitter:label1\" content=\"Escrito por\" \/>\n\t<meta name=\"twitter:data1\" content=\"admin\" \/>\n\t<meta name=\"twitter:label2\" content=\"Tiempo de lectura\" \/>\n\t<meta name=\"twitter:data2\" content=\"2 minutos\" \/>\n<script type=\"application\/ld+json\" class=\"yoast-schema-graph\">{\"@context\":\"https:\\\/\\\/schema.org\",\"@graph\":[{\"@type\":\"Article\",\"@id\":\"http:\\\/\\\/noviasespana.com\\\/noviasbaleares\\\/si-quiero-en-el-camp-nou\\\/#article\",\"isPartOf\":{\"@id\":\"http:\\\/\\\/noviasespana.com\\\/noviasbaleares\\\/si-quiero-en-el-camp-nou\\\/\"},\"author\":{\"name\":\"admin\",\"@id\":\"http:\\\/\\\/noviasespana.com\\\/noviasbaleares\\\/#\\\/schema\\\/person\\\/82ff6e303fad28e4da623aa4d27969ed\"},\"headline\":\"\u00abS\u00ed, quiero\u00bb en el Camp Nou\",\"datePublished\":\"2011-07-11T07:00:36+00:00\",\"mainEntityOfPage\":{\"@id\":\"http:\\\/\\\/noviasespana.com\\\/noviasbaleares\\\/si-quiero-en-el-camp-nou\\\/\"},\"wordCount\":338,\"commentCount\":0,\"image\":{\"@id\":\"http:\\\/\\\/noviasespana.com\\\/noviasbaleares\\\/si-quiero-en-el-camp-nou\\\/#primaryimage\"},\"thumbnailUrl\":\"http:\\\/\\\/www.diariodeunanovia.com\\\/blog\\\/wp-content\\\/uploads\\\/sites\\\/5\\\/2011\\\/07\\\/La-primera-Bodaen-el-Camp-Nou-_54184411776_54115221155_600_244-300x122.jpg\",\"articleSection\":[\"novias\"],\"inLanguage\":\"es\",\"potentialAction\":[{\"@type\":\"CommentAction\",\"name\":\"Comment\",\"target\":[\"http:\\\/\\\/noviasespana.com\\\/noviasbaleares\\\/si-quiero-en-el-camp-nou\\\/#respond\"]}]},{\"@type\":\"WebPage\",\"@id\":\"http:\\\/\\\/noviasespana.com\\\/noviasbaleares\\\/si-quiero-en-el-camp-nou\\\/\",\"url\":\"http:\\\/\\\/noviasespana.com\\\/noviasbaleares\\\/si-quiero-en-el-camp-nou\\\/\",\"name\":\"\\\"S\u00ed, quiero\\\" en el Camp Nou - Novias Baleares\",\"isPartOf\":{\"@id\":\"http:\\\/\\\/noviasespana.com\\\/noviasbaleares\\\/#website\"},\"primaryImageOfPage\":{\"@id\":\"http:\\\/\\\/noviasespana.com\\\/noviasbaleares\\\/si-quiero-en-el-camp-nou\\\/#primaryimage\"},\"image\":{\"@id\":\"http:\\\/\\\/noviasespana.com\\\/noviasbaleares\\\/si-quiero-en-el-camp-nou\\\/#primaryimage\"},\"thumbnailUrl\":\"http:\\\/\\\/www.diariodeunanovia.com\\\/blog\\\/wp-content\\\/uploads\\\/sites\\\/5\\\/2011\\\/07\\\/La-primera-Bodaen-el-Camp-Nou-_54184411776_54115221155_600_244-300x122.jpg\",\"datePublished\":\"2011-07-11T07:00:36+00:00\",\"author\":{\"@id\":\"http:\\\/\\\/noviasespana.com\\\/noviasbaleares\\\/#\\\/schema\\\/person\\\/82ff6e303fad28e4da623aa4d27969ed\"},\"breadcrumb\":{\"@id\":\"http:\\\/\\\/noviasespana.com\\\/noviasbaleares\\\/si-quiero-en-el-camp-nou\\\/#breadcrumb\"},\"inLanguage\":\"es\",\"potentialAction\":[{\"@type\":\"ReadAction\",\"target\":[\"http:\\\/\\\/noviasespana.com\\\/noviasbaleares\\\/si-quiero-en-el-camp-nou\\\/\"]}]},{\"@type\":\"ImageObject\",\"inLanguage\":\"es\",\"@id\":\"http:\\\/\\\/noviasespana.com\\\/noviasbaleares\\\/si-quiero-en-el-camp-nou\\\/#primaryimage\",\"url\":\"http:\\\/\\\/www.diariodeunanovia.com\\\/blog\\\/wp-content\\\/uploads\\\/sites\\\/5\\\/2011\\\/07\\\/La-primera-Bodaen-el-Camp-Nou-_54184411776_54115221155_600_244-300x122.jpg\",\"contentUrl\":\"http:\\\/\\\/www.diariodeunanovia.com\\\/blog\\\/wp-content\\\/uploads\\\/sites\\\/5\\\/2011\\\/07\\\/La-primera-Bodaen-el-Camp-Nou-_54184411776_54115221155_600_244-300x122.jpg\"},{\"@type\":\"BreadcrumbList\",\"@id\":\"http:\\\/\\\/noviasespana.com\\\/noviasbaleares\\\/si-quiero-en-el-camp-nou\\\/#breadcrumb\",\"itemListElement\":[{\"@type\":\"ListItem\",\"position\":1,\"name\":\"Portada\",\"item\":\"http:\\\/\\\/noviasespana.com\\\/noviasbaleares\\\/\"},{\"@type\":\"ListItem\",\"position\":2,\"name\":\"\u00abS\u00ed, quiero\u00bb en el Camp Nou\"}]},{\"@type\":\"WebSite\",\"@id\":\"http:\\\/\\\/noviasespana.com\\\/noviasbaleares\\\/#website\",\"url\":\"http:\\\/\\\/noviasespana.com\\\/noviasbaleares\\\/\",\"name\":\"Novias Baleares\",\"description\":\"Revista de novias\",\"potentialAction\":[{\"@type\":\"SearchAction\",\"target\":{\"@type\":\"EntryPoint\",\"urlTemplate\":\"http:\\\/\\\/noviasespana.com\\\/noviasbaleares\\\/?s={search_term_string}\"},\"query-input\":{\"@type\":\"PropertyValueSpecification\",\"valueRequired\":true,\"valueName\":\"search_term_string\"}}],\"inLanguage\":\"es\"},{\"@type\":\"Person\",\"@id\":\"http:\\\/\\\/noviasespana.com\\\/noviasbaleares\\\/#\\\/schema\\\/person\\\/82ff6e303fad28e4da623aa4d27969ed\",\"name\":\"admin\",\"image\":{\"@type\":\"ImageObject\",\"inLanguage\":\"es\",\"@id\":\"https:\\\/\\\/secure.gravatar.com\\\/avatar\\\/0f45231fddfb43fcbd0cdde4582a3580baf474d75fca7d494b42ff86847de871?s=96&d=mm&r=g\",\"url\":\"https:\\\/\\\/secure.gravatar.com\\\/avatar\\\/0f45231fddfb43fcbd0cdde4582a3580baf474d75fca7d494b42ff86847de871?s=96&d=mm&r=g\",\"contentUrl\":\"https:\\\/\\\/secure.gravatar.com\\\/avatar\\\/0f45231fddfb43fcbd0cdde4582a3580baf474d75fca7d494b42ff86847de871?s=96&d=mm&r=g\",\"caption\":\"admin\"},\"url\":\"http:\\\/\\\/noviasespana.com\\\/noviasbaleares\\\/author\\\/admin\\\/\"}]}<\/script>\n<!-- \/ Yoast SEO plugin. -->","yoast_head_json":{"title":"\"S\u00ed, quiero\" en el Camp Nou - Novias Baleares","robots":{"index":"index","follow":"follow","max-snippet":"max-snippet:-1","max-image-preview":"max-image-preview:large","max-video-preview":"max-video-preview:-1"},"canonical":"http:\/\/noviasespana.com\/noviasbaleares\/si-quiero-en-el-camp-nou\/","og_locale":"es_ES","og_type":"article","og_title":"\"S\u00ed, quiero\" en el Camp Nou - Novias Baleares","og_description":"Queridas novias!! Este fin de semana se ha celebrado la primera boda en el Camp Nou. A m\u00ed personalmente me parece extra\u00f1o que alguien quiera casase en un campo de f\u00fatbol, pero claro, yo no soy nada futbolera y no siento la pasi\u00f3n que Iban y Sigrid, los primeros novios en celebrar una boda 100% [&hellip;]","og_url":"http:\/\/noviasespana.com\/noviasbaleares\/si-quiero-en-el-camp-nou\/","og_site_name":"Novias Baleares","article_published_time":"2011-07-11T07:00:36+00:00","og_image":[{"url":"http:\/\/www.diariodeunanovia.com\/blog\/wp-content\/uploads\/sites\/5\/2011\/07\/La-primera-Bodaen-el-Camp-Nou-_54184411776_54115221155_600_244-300x122.jpg","type":"","width":"","height":""}],"author":"admin","twitter_misc":{"Escrito por":"admin","Tiempo de lectura":"2 minutos"},"schema":{"@context":"https:\/\/schema.org","@graph":[{"@type":"Article","@id":"http:\/\/noviasespana.com\/noviasbaleares\/si-quiero-en-el-camp-nou\/#article","isPartOf":{"@id":"http:\/\/noviasespana.com\/noviasbaleares\/si-quiero-en-el-camp-nou\/"},"author":{"name":"admin","@id":"http:\/\/noviasespana.com\/noviasbaleares\/#\/schema\/person\/82ff6e303fad28e4da623aa4d27969ed"},"headline":"\u00abS\u00ed, quiero\u00bb en el Camp Nou","datePublished":"2011-07-11T07:00:36+00:00","mainEntityOfPage":{"@id":"http:\/\/noviasespana.com\/noviasbaleares\/si-quiero-en-el-camp-nou\/"},"wordCount":338,"commentCount":0,"image":{"@id":"http:\/\/noviasespana.com\/noviasbaleares\/si-quiero-en-el-camp-nou\/#primaryimage"},"thumbnailUrl":"http:\/\/www.diariodeunanovia.com\/blog\/wp-content\/uploads\/sites\/5\/2011\/07\/La-primera-Bodaen-el-Camp-Nou-_54184411776_54115221155_600_244-300x122.jpg","articleSection":["novias"],"inLanguage":"es","potentialAction":[{"@type":"CommentAction","name":"Comment","target":["http:\/\/noviasespana.com\/noviasbaleares\/si-quiero-en-el-camp-nou\/#respond"]}]},{"@type":"WebPage","@id":"http:\/\/noviasespana.com\/noviasbaleares\/si-quiero-en-el-camp-nou\/","url":"http:\/\/noviasespana.com\/noviasbaleares\/si-quiero-en-el-camp-nou\/","name":"\"S\u00ed, quiero\" en el Camp Nou - Novias Baleares","isPartOf":{"@id":"http:\/\/noviasespana.com\/noviasbaleares\/#website"},"primaryImageOfPage":{"@id":"http:\/\/noviasespana.com\/noviasbaleares\/si-quiero-en-el-camp-nou\/#primaryimage"},"image":{"@id":"http:\/\/noviasespana.com\/noviasbaleares\/si-quiero-en-el-camp-nou\/#primaryimage"},"thumbnailUrl":"http:\/\/www.diariodeunanovia.com\/blog\/wp-content\/uploads\/sites\/5\/2011\/07\/La-primera-Bodaen-el-Camp-Nou-_54184411776_54115221155_600_244-300x122.jpg","datePublished":"2011-07-11T07:00:36+00:00","author":{"@id":"http:\/\/noviasespana.com\/noviasbaleares\/#\/schema\/person\/82ff6e303fad28e4da623aa4d27969ed"},"breadcrumb":{"@id":"http:\/\/noviasespana.com\/noviasbaleares\/si-quiero-en-el-camp-nou\/#breadcrumb"},"inLanguage":"es","potentialAction":[{"@type":"ReadAction","target":["http:\/\/noviasespana.com\/noviasbaleares\/si-quiero-en-el-camp-nou\/"]}]},{"@type":"ImageObject","inLanguage":"es","@id":"http:\/\/noviasespana.com\/noviasbaleares\/si-quiero-en-el-camp-nou\/#primaryimage","url":"http:\/\/www.diariodeunanovia.com\/blog\/wp-content\/uploads\/sites\/5\/2011\/07\/La-primera-Bodaen-el-Camp-Nou-_54184411776_54115221155_600_244-300x122.jpg","contentUrl":"http:\/\/www.diariodeunanovia.com\/blog\/wp-content\/uploads\/sites\/5\/2011\/07\/La-primera-Bodaen-el-Camp-Nou-_54184411776_54115221155_600_244-300x122.jpg"},{"@type":"BreadcrumbList","@id":"http:\/\/noviasespana.com\/noviasbaleares\/si-quiero-en-el-camp-nou\/#breadcrumb","itemListElement":[{"@type":"ListItem","position":1,"name":"Portada","item":"http:\/\/noviasespana.com\/noviasbaleares\/"},{"@type":"ListItem","position":2,"name":"\u00abS\u00ed, quiero\u00bb en el Camp Nou"}]},{"@type":"WebSite","@id":"http:\/\/noviasespana.com\/noviasbaleares\/#website","url":"http:\/\/noviasespana.com\/noviasbaleares\/","name":"Novias Baleares","description":"Revista de novias","potentialAction":[{"@type":"SearchAction","target":{"@type":"EntryPoint","urlTemplate":"http:\/\/noviasespana.com\/noviasbaleares\/?s={search_term_string}"},"query-input":{"@type":"PropertyValueSpecification","valueRequired":true,"valueName":"search_term_string"}}],"inLanguage":"es"},{"@type":"Person","@id":"http:\/\/noviasespana.com\/noviasbaleares\/#\/schema\/person\/82ff6e303fad28e4da623aa4d27969ed","name":"admin","image":{"@type":"ImageObject","inLanguage":"es","@id":"https:\/\/secure.gravatar.com\/avatar\/0f45231fddfb43fcbd0cdde4582a3580baf474d75fca7d494b42ff86847de871?s=96&d=mm&r=g","url":"https:\/\/secure.gravatar.com\/avatar\/0f45231fddfb43fcbd0cdde4582a3580baf474d75fca7d494b42ff86847de871?s=96&d=mm&r=g","contentUrl":"https:\/\/secure.gravatar.com\/avatar\/0f45231fddfb43fcbd0cdde4582a3580baf474d75fca7d494b42ff86847de871?s=96&d=mm&r=g","caption":"admin"},"url":"http:\/\/noviasespana.com\/noviasbaleares\/author\/admin\/"}]}},"jetpack_featured_media_url":"","jetpack_sharing_enabled":true,"jetpack_shortlink":"https:\/\/wp.me\/p5Hg6P-Se","jetpack_likes_enabled":true,"_links":{"self":[{"href":"http:\/\/noviasespana.com\/noviasbaleares\/wp-json\/wp\/v2\/posts\/3362","targetHints":{"allow":["GET"]}}],"collection":[{"href":"http:\/\/noviasespana.com\/noviasbaleares\/wp-json\/wp\/v2\/posts"}],"about":[{"href":"http:\/\/noviasespana.com\/noviasbaleares\/wp-json\/wp\/v2\/types\/post"}],"author":[{"embeddable":true,"href":"http:\/\/noviasespana.com\/noviasbaleares\/wp-json\/wp\/v2\/users\/2"}],"replies":[{"embeddable":true,"href":"http:\/\/noviasespana.com\/noviasbaleares\/wp-json\/wp\/v2\/comments?post=3362"}],"version-history":[{"count":0,"href":"http:\/\/noviasespana.com\/noviasbaleares\/wp-json\/wp\/v2\/posts\/3362\/revisions"}],"wp:attachment":[{"href":"http:\/\/noviasespana.com\/noviasbaleares\/wp-json\/wp\/v2\/media?parent=3362"}],"wp:term":[{"taxonomy":"category","embeddable":true,"href":"http:\/\/noviasespana.com\/noviasbaleares\/wp-json\/wp\/v2\/categories?post=3362"},{"taxonomy":"post_tag","embeddable":true,"href":"http:\/\/noviasespana.com\/noviasbaleares\/wp-json\/wp\/v2\/tags?post=3362"}],"curies":[{"name":"wp","href":"https:\/\/api.w.org\/{rel}","templated":true}]}}