{"id":3350,"date":"2011-07-08T09:17:01","date_gmt":"2011-07-08T07:17:01","guid":{"rendered":"http:\/\/www.diariodeunanovia.com\/blog\/?p=3350"},"modified":"2011-07-08T09:17:01","modified_gmt":"2011-07-08T07:17:01","slug":"la-tarta-nupcial-de-chalene","status":"publish","type":"post","link":"http:\/\/noviasespana.com\/noviasbaleares\/la-tarta-nupcial-de-chalene\/","title":{"rendered":"La tarta nupcial de Charlene"},"content":{"rendered":"<p style=\"text-align: center\"><img data-recalc-dims=\"1\" loading=\"lazy\" decoding=\"async\" class=\"aligncenter size-medium wp-image-3357\" title=\"boda_real_monaco_cena_gala\" src=\"https:\/\/i0.wp.com\/www.diariodeunanovia.com\/blog\/wp-content\/uploads\/sites\/5\/2011\/07\/boda_real_monaco_cena_gala-640x640x80-199x300.jpg?resize=220%2C300\" alt=\"boda_real_monaco_cena_gala\" width=\"220\" height=\"300\" \/>Queridas novias!!! No puedo poner fin a esta semana de bodas reales, la de M\u00f3naco y la de la princesa de la pasarela Kate Moss, sin comentar la alucinante tarta nupcial de Alberto y Chalene. Se trata de uno de los momentos m\u00e1s esperados de toda boda, adem\u00e1s las tendencias en reposter\u00eda nupcial hacen que las tartas de bodas sean aut\u00e9nticas obras de arte. As\u00ed que como no pod\u00eda ser menos para una boda como esta, en la terraza de la \u00d3pera Garnier de Montecarlo la expectaci\u00f3n era enorme. Y con que nos sorprendi\u00f3 las pareja real, pues con una espectacular creaci\u00f3n de <strong>siete plantas, metro y medio de di\u00e1metro y dos y medio de alto para la que el chef Ducasse necesito 2.000 flores de az\u00facar.<\/strong> La flor que corona el pastel, es una protea, el s\u00edmbolo nacional sudafricano en homenaje a la princesa Charlene, complementa a la perfecci\u00f3n <strong>un bizcocho \u00abesponjoso de almendras, con una fina compota de grosellas y una mousse ligera de vainilla, recubierta de chocolate blanco y de algunas perlas de grosella\u00bb.<\/strong> <!--more-->Durante la cena los invitados pudieron probar hasta diez tipos diferentes de pescados, 50 kilos de fresas, 30 de moras y 20 de frambuesas. Entre las\u00a0 delicias de la cena se sirvieron ravioli \u00abbarbagiuan\u00bb, una suerte de raviolis de pasta muy fina, rellenos de espinacas, puerros, cebolla, perejil, albahaca y, entre otros ingredientes, huevo y queso parmesano, para un interior \u00abtierno y verde\u00bb.<br \/>\nA continuaci\u00f3n, hortalizas y m\u00fajol marinado, pescado por G\u00e9rard Rinaldi, de la \u00faltima familia de pescadores en M\u00f3naco. El men\u00fa prosigui\u00f3 con trigo cocinado con zanahorias, corazones de alcachofas, puerros, guisantes, apio y, entre otros, champi\u00f1ones, y antes de los postres, y con un revuelto de langostinos, dorada, lenguado o pulpo, que seg\u00fan las intenciones del chef, \u00abtransporta a las escenas m\u00edticas de las antiguas riberas, relumbrantes y repletas de azul\u00bb. \u00bfQu\u00e9 os parece el men\u00fa real? \u00bfY la tarta? Yo estoy, sin palabras.<\/p>\n","protected":false},"excerpt":{"rendered":"<p>Queridas novias!!! No puedo poner fin a esta semana de bodas reales, la de M\u00f3naco y la de la princesa de la pasarela Kate Moss, sin comentar la alucinante tarta nupcial de Alberto y Chalene. Se trata de uno de los momentos m\u00e1s esperados de toda boda, adem\u00e1s las tendencias en reposter\u00eda nupcial hacen que [&hellip;]<\/p>\n","protected":false},"author":2,"featured_media":0,"comment_status":"open","ping_status":"open","sticky":false,"template":"","format":"standard","meta":{"jetpack_post_was_ever_published":false,"_jetpack_newsletter_access":"","_jetpack_dont_email_post_to_subs":false,"_jetpack_newsletter_tier_id":0,"_jetpack_memberships_contains_paywalled_content":false,"_jetpack_memberships_contains_paid_content":false,"footnotes":""},"categories":[1],"tags":[],"class_list":["post-3350","post","type-post","status-publish","format-standard","hentry","category-novias"],"yoast_head":"<!-- This site is optimized with the Yoast SEO plugin v27.5 - https:\/\/yoast.com\/product\/yoast-seo-wordpress\/ -->\n<title>La tarta nupcial de Charlene - Novias Baleares<\/title>\n<meta name=\"robots\" content=\"index, follow, max-snippet:-1, max-image-preview:large, max-video-preview:-1\" \/>\n<link rel=\"canonical\" href=\"http:\/\/noviasespana.com\/noviasbaleares\/la-tarta-nupcial-de-chalene\/\" \/>\n<meta property=\"og:locale\" content=\"es_ES\" \/>\n<meta property=\"og:type\" content=\"article\" \/>\n<meta property=\"og:title\" content=\"La tarta nupcial de Charlene - Novias Baleares\" \/>\n<meta property=\"og:description\" content=\"Queridas novias!!! No puedo poner fin a esta semana de bodas reales, la de M\u00f3naco y la de la princesa de la pasarela Kate Moss, sin comentar la alucinante tarta nupcial de Alberto y Chalene. Se trata de uno de los momentos m\u00e1s esperados de toda boda, adem\u00e1s las tendencias en reposter\u00eda nupcial hacen que [&hellip;]\" \/>\n<meta property=\"og:url\" content=\"http:\/\/noviasespana.com\/noviasbaleares\/la-tarta-nupcial-de-chalene\/\" \/>\n<meta property=\"og:site_name\" content=\"Novias Baleares\" \/>\n<meta property=\"article:published_time\" content=\"2011-07-08T07:17:01+00:00\" \/>\n<meta property=\"og:image\" content=\"http:\/\/www.diariodeunanovia.com\/blog\/wp-content\/uploads\/sites\/5\/2011\/07\/boda_real_monaco_cena_gala-640x640x80-199x300.jpg\" \/>\n<meta name=\"author\" content=\"admin\" \/>\n<meta name=\"twitter:label1\" content=\"Escrito por\" \/>\n\t<meta name=\"twitter:data1\" content=\"admin\" \/>\n\t<meta name=\"twitter:label2\" content=\"Tiempo de lectura\" \/>\n\t<meta name=\"twitter:data2\" content=\"2 minutos\" \/>\n<script type=\"application\/ld+json\" class=\"yoast-schema-graph\">{\"@context\":\"https:\\\/\\\/schema.org\",\"@graph\":[{\"@type\":\"Article\",\"@id\":\"http:\\\/\\\/noviasespana.com\\\/noviasbaleares\\\/la-tarta-nupcial-de-chalene\\\/#article\",\"isPartOf\":{\"@id\":\"http:\\\/\\\/noviasespana.com\\\/noviasbaleares\\\/la-tarta-nupcial-de-chalene\\\/\"},\"author\":{\"name\":\"admin\",\"@id\":\"http:\\\/\\\/noviasespana.com\\\/noviasbaleares\\\/#\\\/schema\\\/person\\\/82ff6e303fad28e4da623aa4d27969ed\"},\"headline\":\"La tarta nupcial de Charlene\",\"datePublished\":\"2011-07-08T07:17:01+00:00\",\"mainEntityOfPage\":{\"@id\":\"http:\\\/\\\/noviasespana.com\\\/noviasbaleares\\\/la-tarta-nupcial-de-chalene\\\/\"},\"wordCount\":344,\"commentCount\":0,\"image\":{\"@id\":\"http:\\\/\\\/noviasespana.com\\\/noviasbaleares\\\/la-tarta-nupcial-de-chalene\\\/#primaryimage\"},\"thumbnailUrl\":\"http:\\\/\\\/www.diariodeunanovia.com\\\/blog\\\/wp-content\\\/uploads\\\/sites\\\/5\\\/2011\\\/07\\\/boda_real_monaco_cena_gala-640x640x80-199x300.jpg\",\"articleSection\":[\"novias\"],\"inLanguage\":\"es\",\"potentialAction\":[{\"@type\":\"CommentAction\",\"name\":\"Comment\",\"target\":[\"http:\\\/\\\/noviasespana.com\\\/noviasbaleares\\\/la-tarta-nupcial-de-chalene\\\/#respond\"]}]},{\"@type\":\"WebPage\",\"@id\":\"http:\\\/\\\/noviasespana.com\\\/noviasbaleares\\\/la-tarta-nupcial-de-chalene\\\/\",\"url\":\"http:\\\/\\\/noviasespana.com\\\/noviasbaleares\\\/la-tarta-nupcial-de-chalene\\\/\",\"name\":\"La tarta nupcial de Charlene - Novias Baleares\",\"isPartOf\":{\"@id\":\"http:\\\/\\\/noviasespana.com\\\/noviasbaleares\\\/#website\"},\"primaryImageOfPage\":{\"@id\":\"http:\\\/\\\/noviasespana.com\\\/noviasbaleares\\\/la-tarta-nupcial-de-chalene\\\/#primaryimage\"},\"image\":{\"@id\":\"http:\\\/\\\/noviasespana.com\\\/noviasbaleares\\\/la-tarta-nupcial-de-chalene\\\/#primaryimage\"},\"thumbnailUrl\":\"http:\\\/\\\/www.diariodeunanovia.com\\\/blog\\\/wp-content\\\/uploads\\\/sites\\\/5\\\/2011\\\/07\\\/boda_real_monaco_cena_gala-640x640x80-199x300.jpg\",\"datePublished\":\"2011-07-08T07:17:01+00:00\",\"author\":{\"@id\":\"http:\\\/\\\/noviasespana.com\\\/noviasbaleares\\\/#\\\/schema\\\/person\\\/82ff6e303fad28e4da623aa4d27969ed\"},\"breadcrumb\":{\"@id\":\"http:\\\/\\\/noviasespana.com\\\/noviasbaleares\\\/la-tarta-nupcial-de-chalene\\\/#breadcrumb\"},\"inLanguage\":\"es\",\"potentialAction\":[{\"@type\":\"ReadAction\",\"target\":[\"http:\\\/\\\/noviasespana.com\\\/noviasbaleares\\\/la-tarta-nupcial-de-chalene\\\/\"]}]},{\"@type\":\"ImageObject\",\"inLanguage\":\"es\",\"@id\":\"http:\\\/\\\/noviasespana.com\\\/noviasbaleares\\\/la-tarta-nupcial-de-chalene\\\/#primaryimage\",\"url\":\"http:\\\/\\\/www.diariodeunanovia.com\\\/blog\\\/wp-content\\\/uploads\\\/sites\\\/5\\\/2011\\\/07\\\/boda_real_monaco_cena_gala-640x640x80-199x300.jpg\",\"contentUrl\":\"http:\\\/\\\/www.diariodeunanovia.com\\\/blog\\\/wp-content\\\/uploads\\\/sites\\\/5\\\/2011\\\/07\\\/boda_real_monaco_cena_gala-640x640x80-199x300.jpg\"},{\"@type\":\"BreadcrumbList\",\"@id\":\"http:\\\/\\\/noviasespana.com\\\/noviasbaleares\\\/la-tarta-nupcial-de-chalene\\\/#breadcrumb\",\"itemListElement\":[{\"@type\":\"ListItem\",\"position\":1,\"name\":\"Portada\",\"item\":\"http:\\\/\\\/noviasespana.com\\\/noviasbaleares\\\/\"},{\"@type\":\"ListItem\",\"position\":2,\"name\":\"La tarta nupcial de Charlene\"}]},{\"@type\":\"WebSite\",\"@id\":\"http:\\\/\\\/noviasespana.com\\\/noviasbaleares\\\/#website\",\"url\":\"http:\\\/\\\/noviasespana.com\\\/noviasbaleares\\\/\",\"name\":\"Novias Baleares\",\"description\":\"Revista de novias\",\"potentialAction\":[{\"@type\":\"SearchAction\",\"target\":{\"@type\":\"EntryPoint\",\"urlTemplate\":\"http:\\\/\\\/noviasespana.com\\\/noviasbaleares\\\/?s={search_term_string}\"},\"query-input\":{\"@type\":\"PropertyValueSpecification\",\"valueRequired\":true,\"valueName\":\"search_term_string\"}}],\"inLanguage\":\"es\"},{\"@type\":\"Person\",\"@id\":\"http:\\\/\\\/noviasespana.com\\\/noviasbaleares\\\/#\\\/schema\\\/person\\\/82ff6e303fad28e4da623aa4d27969ed\",\"name\":\"admin\",\"image\":{\"@type\":\"ImageObject\",\"inLanguage\":\"es\",\"@id\":\"https:\\\/\\\/secure.gravatar.com\\\/avatar\\\/0f45231fddfb43fcbd0cdde4582a3580baf474d75fca7d494b42ff86847de871?s=96&d=mm&r=g\",\"url\":\"https:\\\/\\\/secure.gravatar.com\\\/avatar\\\/0f45231fddfb43fcbd0cdde4582a3580baf474d75fca7d494b42ff86847de871?s=96&d=mm&r=g\",\"contentUrl\":\"https:\\\/\\\/secure.gravatar.com\\\/avatar\\\/0f45231fddfb43fcbd0cdde4582a3580baf474d75fca7d494b42ff86847de871?s=96&d=mm&r=g\",\"caption\":\"admin\"},\"url\":\"http:\\\/\\\/noviasespana.com\\\/noviasbaleares\\\/author\\\/admin\\\/\"}]}<\/script>\n<!-- \/ Yoast SEO plugin. -->","yoast_head_json":{"title":"La tarta nupcial de Charlene - Novias Baleares","robots":{"index":"index","follow":"follow","max-snippet":"max-snippet:-1","max-image-preview":"max-image-preview:large","max-video-preview":"max-video-preview:-1"},"canonical":"http:\/\/noviasespana.com\/noviasbaleares\/la-tarta-nupcial-de-chalene\/","og_locale":"es_ES","og_type":"article","og_title":"La tarta nupcial de Charlene - Novias Baleares","og_description":"Queridas novias!!! No puedo poner fin a esta semana de bodas reales, la de M\u00f3naco y la de la princesa de la pasarela Kate Moss, sin comentar la alucinante tarta nupcial de Alberto y Chalene. Se trata de uno de los momentos m\u00e1s esperados de toda boda, adem\u00e1s las tendencias en reposter\u00eda nupcial hacen que [&hellip;]","og_url":"http:\/\/noviasespana.com\/noviasbaleares\/la-tarta-nupcial-de-chalene\/","og_site_name":"Novias Baleares","article_published_time":"2011-07-08T07:17:01+00:00","og_image":[{"url":"http:\/\/www.diariodeunanovia.com\/blog\/wp-content\/uploads\/sites\/5\/2011\/07\/boda_real_monaco_cena_gala-640x640x80-199x300.jpg","type":"","width":"","height":""}],"author":"admin","twitter_misc":{"Escrito por":"admin","Tiempo de lectura":"2 minutos"},"schema":{"@context":"https:\/\/schema.org","@graph":[{"@type":"Article","@id":"http:\/\/noviasespana.com\/noviasbaleares\/la-tarta-nupcial-de-chalene\/#article","isPartOf":{"@id":"http:\/\/noviasespana.com\/noviasbaleares\/la-tarta-nupcial-de-chalene\/"},"author":{"name":"admin","@id":"http:\/\/noviasespana.com\/noviasbaleares\/#\/schema\/person\/82ff6e303fad28e4da623aa4d27969ed"},"headline":"La tarta nupcial de Charlene","datePublished":"2011-07-08T07:17:01+00:00","mainEntityOfPage":{"@id":"http:\/\/noviasespana.com\/noviasbaleares\/la-tarta-nupcial-de-chalene\/"},"wordCount":344,"commentCount":0,"image":{"@id":"http:\/\/noviasespana.com\/noviasbaleares\/la-tarta-nupcial-de-chalene\/#primaryimage"},"thumbnailUrl":"http:\/\/www.diariodeunanovia.com\/blog\/wp-content\/uploads\/sites\/5\/2011\/07\/boda_real_monaco_cena_gala-640x640x80-199x300.jpg","articleSection":["novias"],"inLanguage":"es","potentialAction":[{"@type":"CommentAction","name":"Comment","target":["http:\/\/noviasespana.com\/noviasbaleares\/la-tarta-nupcial-de-chalene\/#respond"]}]},{"@type":"WebPage","@id":"http:\/\/noviasespana.com\/noviasbaleares\/la-tarta-nupcial-de-chalene\/","url":"http:\/\/noviasespana.com\/noviasbaleares\/la-tarta-nupcial-de-chalene\/","name":"La tarta nupcial de Charlene - Novias Baleares","isPartOf":{"@id":"http:\/\/noviasespana.com\/noviasbaleares\/#website"},"primaryImageOfPage":{"@id":"http:\/\/noviasespana.com\/noviasbaleares\/la-tarta-nupcial-de-chalene\/#primaryimage"},"image":{"@id":"http:\/\/noviasespana.com\/noviasbaleares\/la-tarta-nupcial-de-chalene\/#primaryimage"},"thumbnailUrl":"http:\/\/www.diariodeunanovia.com\/blog\/wp-content\/uploads\/sites\/5\/2011\/07\/boda_real_monaco_cena_gala-640x640x80-199x300.jpg","datePublished":"2011-07-08T07:17:01+00:00","author":{"@id":"http:\/\/noviasespana.com\/noviasbaleares\/#\/schema\/person\/82ff6e303fad28e4da623aa4d27969ed"},"breadcrumb":{"@id":"http:\/\/noviasespana.com\/noviasbaleares\/la-tarta-nupcial-de-chalene\/#breadcrumb"},"inLanguage":"es","potentialAction":[{"@type":"ReadAction","target":["http:\/\/noviasespana.com\/noviasbaleares\/la-tarta-nupcial-de-chalene\/"]}]},{"@type":"ImageObject","inLanguage":"es","@id":"http:\/\/noviasespana.com\/noviasbaleares\/la-tarta-nupcial-de-chalene\/#primaryimage","url":"http:\/\/www.diariodeunanovia.com\/blog\/wp-content\/uploads\/sites\/5\/2011\/07\/boda_real_monaco_cena_gala-640x640x80-199x300.jpg","contentUrl":"http:\/\/www.diariodeunanovia.com\/blog\/wp-content\/uploads\/sites\/5\/2011\/07\/boda_real_monaco_cena_gala-640x640x80-199x300.jpg"},{"@type":"BreadcrumbList","@id":"http:\/\/noviasespana.com\/noviasbaleares\/la-tarta-nupcial-de-chalene\/#breadcrumb","itemListElement":[{"@type":"ListItem","position":1,"name":"Portada","item":"http:\/\/noviasespana.com\/noviasbaleares\/"},{"@type":"ListItem","position":2,"name":"La tarta nupcial de Charlene"}]},{"@type":"WebSite","@id":"http:\/\/noviasespana.com\/noviasbaleares\/#website","url":"http:\/\/noviasespana.com\/noviasbaleares\/","name":"Novias Baleares","description":"Revista de novias","potentialAction":[{"@type":"SearchAction","target":{"@type":"EntryPoint","urlTemplate":"http:\/\/noviasespana.com\/noviasbaleares\/?s={search_term_string}"},"query-input":{"@type":"PropertyValueSpecification","valueRequired":true,"valueName":"search_term_string"}}],"inLanguage":"es"},{"@type":"Person","@id":"http:\/\/noviasespana.com\/noviasbaleares\/#\/schema\/person\/82ff6e303fad28e4da623aa4d27969ed","name":"admin","image":{"@type":"ImageObject","inLanguage":"es","@id":"https:\/\/secure.gravatar.com\/avatar\/0f45231fddfb43fcbd0cdde4582a3580baf474d75fca7d494b42ff86847de871?s=96&d=mm&r=g","url":"https:\/\/secure.gravatar.com\/avatar\/0f45231fddfb43fcbd0cdde4582a3580baf474d75fca7d494b42ff86847de871?s=96&d=mm&r=g","contentUrl":"https:\/\/secure.gravatar.com\/avatar\/0f45231fddfb43fcbd0cdde4582a3580baf474d75fca7d494b42ff86847de871?s=96&d=mm&r=g","caption":"admin"},"url":"http:\/\/noviasespana.com\/noviasbaleares\/author\/admin\/"}]}},"jetpack_featured_media_url":"","jetpack_sharing_enabled":true,"jetpack_shortlink":"https:\/\/wp.me\/p5Hg6P-S2","jetpack_likes_enabled":true,"_links":{"self":[{"href":"http:\/\/noviasespana.com\/noviasbaleares\/wp-json\/wp\/v2\/posts\/3350","targetHints":{"allow":["GET"]}}],"collection":[{"href":"http:\/\/noviasespana.com\/noviasbaleares\/wp-json\/wp\/v2\/posts"}],"about":[{"href":"http:\/\/noviasespana.com\/noviasbaleares\/wp-json\/wp\/v2\/types\/post"}],"author":[{"embeddable":true,"href":"http:\/\/noviasespana.com\/noviasbaleares\/wp-json\/wp\/v2\/users\/2"}],"replies":[{"embeddable":true,"href":"http:\/\/noviasespana.com\/noviasbaleares\/wp-json\/wp\/v2\/comments?post=3350"}],"version-history":[{"count":0,"href":"http:\/\/noviasespana.com\/noviasbaleares\/wp-json\/wp\/v2\/posts\/3350\/revisions"}],"wp:attachment":[{"href":"http:\/\/noviasespana.com\/noviasbaleares\/wp-json\/wp\/v2\/media?parent=3350"}],"wp:term":[{"taxonomy":"category","embeddable":true,"href":"http:\/\/noviasespana.com\/noviasbaleares\/wp-json\/wp\/v2\/categories?post=3350"},{"taxonomy":"post_tag","embeddable":true,"href":"http:\/\/noviasespana.com\/noviasbaleares\/wp-json\/wp\/v2\/tags?post=3350"}],"curies":[{"name":"wp","href":"https:\/\/api.w.org\/{rel}","templated":true}]}}