{"id":3347,"date":"2011-07-07T08:15:25","date_gmt":"2011-07-07T06:15:25","guid":{"rendered":"http:\/\/www.diariodeunanovia.com\/blog\/?p=3347"},"modified":"2011-07-07T08:15:25","modified_gmt":"2011-07-07T06:15:25","slug":"una-boda-real-fria-y-patrocinada","status":"publish","type":"post","link":"http:\/\/noviasespana.com\/noviasbaleares\/una-boda-real-fria-y-patrocinada\/","title":{"rendered":"Una boda real fr\u00eda y patrocinada"},"content":{"rendered":"<p><img data-recalc-dims=\"1\" loading=\"lazy\" decoding=\"async\" class=\"size-full wp-image-3348 aligncenter\" title=\"boda real monaco\" src=\"https:\/\/i0.wp.com\/www.diariodeunanovia.com\/blog\/wp-content\/uploads\/sites\/5\/2011\/07\/boda-real-monaco.jpg?resize=368%2C259\" alt=\"boda real monaco\" width=\"368\" height=\"259\" \/><\/p>\n<p>Queridas novias!!! Intentos de fuga, rumores sobre hijos ileg\u00edtimos, una novia sin\u00a0joyas y con los ojos tristes\u2026. <strong>La boda real del pr\u00edncipe Alberto de M\u00f3naco y Charlene Wittstock ser\u00e1 recordada sobre todo por peque\u00f1os grandes detalles, desde ca\u00eddas, a graciosas damitas de honor, pasando por alguna l\u00e1grima y distantes novios<\/strong>. \u00a0El vestido de la novia de Armani ha sido muy comentado, pero sobre todo llama la atenci\u00f3n que Charlene optara por no llevar tiara, ni pendientes, ni pulseras&#8230; <strong>La \u00fanica joya que luci\u00f3 fue un fabulosos broche de plata y brillantes que adornaba su recogido<\/strong>. Puede parecer extra\u00f1o que una princesa no lleve tiara el d\u00eda de su boda, pero en la dinast\u00eda Grimaldi es algo bastante com\u00fan, ni la princesa Grace ni Carolina llevaron tiara el d\u00eda de su boda. Respecto a las emociones muchos han comentado que los novios estuvieron m\u00e1s bien fr\u00edos durante toda la ceremonia y la verdad es <strong>el pr\u00edncipe Alberto estuvo muy serio durante y tan s\u00f3lo dedic\u00f3 una caricia a su esposa cuando \u00e9sta no pudo aguantar las l\u00e1grimas al depositar su ramo de novia en la capilla de Santa Devota<\/strong>, emoci\u00f3n, tristeza la verdad es que no se sabe. Al parecer, y <strong>seg\u00fan varios medios franceses la princesa intent\u00f3 fugarse por lo menos tres veces: <\/strong>cuando fue a Par\u00eds a probarse su vestido de novia, durante el alboroto de la Formula 1, y tres d\u00edas antes de la boda. <!--more-->Adem\u00e1s el hecho de ser una boda real patrocinada por marcas de lujo, como Perrier-Jou\u00ebt, Lexus o Montblanc y los rumores sobre un contrato prematrimonial que obliga a Charlene a tener un hijo y permanecer casada como m\u00ednimo 5 a\u00f1os, hacen de esta boda una de las menos rom\u00e1nticas y m\u00e1s fr\u00edas que recuerdo.. De momento la pareja ya esta luna de miel, el destino elegido ha sido Durban, Sud\u00e1frica, tierra natal de Charlene y donde hoy celebraran una fiesta. Desde luego por celebrar que no quede.<\/p>\n<p>\u00a0Fuente: <a href=\"http:\/\/www.lavanguardia.com\">www.lavanguardia.com<\/a><\/p>\n","protected":false},"excerpt":{"rendered":"<p>Queridas novias!!! Intentos de fuga, rumores sobre hijos ileg\u00edtimos, una novia sin\u00a0joyas y con los ojos tristes\u2026. La boda real del pr\u00edncipe Alberto de M\u00f3naco y Charlene Wittstock ser\u00e1 recordada sobre todo por peque\u00f1os grandes detalles, desde ca\u00eddas, a graciosas damitas de honor, pasando por alguna l\u00e1grima y distantes novios. \u00a0El vestido de la novia [&hellip;]<\/p>\n","protected":false},"author":2,"featured_media":0,"comment_status":"open","ping_status":"open","sticky":false,"template":"","format":"standard","meta":{"jetpack_post_was_ever_published":false,"_jetpack_newsletter_access":"","_jetpack_dont_email_post_to_subs":false,"_jetpack_newsletter_tier_id":0,"_jetpack_memberships_contains_paywalled_content":false,"_jetpack_memberships_contains_paid_content":false,"footnotes":""},"categories":[1],"tags":[],"class_list":["post-3347","post","type-post","status-publish","format-standard","hentry","category-novias"],"yoast_head":"<!-- This site is optimized with the Yoast SEO plugin v27.5 - https:\/\/yoast.com\/product\/yoast-seo-wordpress\/ -->\n<title>Una boda real fr\u00eda y patrocinada - Novias Baleares<\/title>\n<meta name=\"robots\" content=\"index, follow, max-snippet:-1, max-image-preview:large, max-video-preview:-1\" \/>\n<link rel=\"canonical\" href=\"http:\/\/noviasespana.com\/noviasbaleares\/una-boda-real-fria-y-patrocinada\/\" \/>\n<meta property=\"og:locale\" content=\"es_ES\" \/>\n<meta property=\"og:type\" content=\"article\" \/>\n<meta property=\"og:title\" content=\"Una boda real fr\u00eda y patrocinada - Novias Baleares\" \/>\n<meta property=\"og:description\" content=\"Queridas novias!!! Intentos de fuga, rumores sobre hijos ileg\u00edtimos, una novia sin\u00a0joyas y con los ojos tristes\u2026. La boda real del pr\u00edncipe Alberto de M\u00f3naco y Charlene Wittstock ser\u00e1 recordada sobre todo por peque\u00f1os grandes detalles, desde ca\u00eddas, a graciosas damitas de honor, pasando por alguna l\u00e1grima y distantes novios. \u00a0El vestido de la novia [&hellip;]\" \/>\n<meta property=\"og:url\" content=\"http:\/\/noviasespana.com\/noviasbaleares\/una-boda-real-fria-y-patrocinada\/\" \/>\n<meta property=\"og:site_name\" content=\"Novias Baleares\" \/>\n<meta property=\"article:published_time\" content=\"2011-07-07T06:15:25+00:00\" \/>\n<meta property=\"og:image\" content=\"http:\/\/www.diariodeunanovia.com\/blog\/wp-content\/uploads\/sites\/5\/2011\/07\/boda-real-monaco.jpg\" \/>\n<meta name=\"author\" content=\"admin\" \/>\n<meta name=\"twitter:label1\" content=\"Escrito por\" \/>\n\t<meta name=\"twitter:data1\" content=\"admin\" \/>\n\t<meta name=\"twitter:label2\" content=\"Tiempo de lectura\" \/>\n\t<meta name=\"twitter:data2\" content=\"2 minutos\" \/>\n<script type=\"application\/ld+json\" class=\"yoast-schema-graph\">{\"@context\":\"https:\\\/\\\/schema.org\",\"@graph\":[{\"@type\":\"Article\",\"@id\":\"http:\\\/\\\/noviasespana.com\\\/noviasbaleares\\\/una-boda-real-fria-y-patrocinada\\\/#article\",\"isPartOf\":{\"@id\":\"http:\\\/\\\/noviasespana.com\\\/noviasbaleares\\\/una-boda-real-fria-y-patrocinada\\\/\"},\"author\":{\"name\":\"admin\",\"@id\":\"http:\\\/\\\/noviasespana.com\\\/noviasbaleares\\\/#\\\/schema\\\/person\\\/82ff6e303fad28e4da623aa4d27969ed\"},\"headline\":\"Una boda real fr\u00eda y patrocinada\",\"datePublished\":\"2011-07-07T06:15:25+00:00\",\"mainEntityOfPage\":{\"@id\":\"http:\\\/\\\/noviasespana.com\\\/noviasbaleares\\\/una-boda-real-fria-y-patrocinada\\\/\"},\"wordCount\":363,\"commentCount\":0,\"image\":{\"@id\":\"http:\\\/\\\/noviasespana.com\\\/noviasbaleares\\\/una-boda-real-fria-y-patrocinada\\\/#primaryimage\"},\"thumbnailUrl\":\"http:\\\/\\\/www.diariodeunanovia.com\\\/blog\\\/wp-content\\\/uploads\\\/sites\\\/5\\\/2011\\\/07\\\/boda-real-monaco.jpg\",\"articleSection\":[\"novias\"],\"inLanguage\":\"es\",\"potentialAction\":[{\"@type\":\"CommentAction\",\"name\":\"Comment\",\"target\":[\"http:\\\/\\\/noviasespana.com\\\/noviasbaleares\\\/una-boda-real-fria-y-patrocinada\\\/#respond\"]}]},{\"@type\":\"WebPage\",\"@id\":\"http:\\\/\\\/noviasespana.com\\\/noviasbaleares\\\/una-boda-real-fria-y-patrocinada\\\/\",\"url\":\"http:\\\/\\\/noviasespana.com\\\/noviasbaleares\\\/una-boda-real-fria-y-patrocinada\\\/\",\"name\":\"Una boda real fr\u00eda y patrocinada - Novias Baleares\",\"isPartOf\":{\"@id\":\"http:\\\/\\\/noviasespana.com\\\/noviasbaleares\\\/#website\"},\"primaryImageOfPage\":{\"@id\":\"http:\\\/\\\/noviasespana.com\\\/noviasbaleares\\\/una-boda-real-fria-y-patrocinada\\\/#primaryimage\"},\"image\":{\"@id\":\"http:\\\/\\\/noviasespana.com\\\/noviasbaleares\\\/una-boda-real-fria-y-patrocinada\\\/#primaryimage\"},\"thumbnailUrl\":\"http:\\\/\\\/www.diariodeunanovia.com\\\/blog\\\/wp-content\\\/uploads\\\/sites\\\/5\\\/2011\\\/07\\\/boda-real-monaco.jpg\",\"datePublished\":\"2011-07-07T06:15:25+00:00\",\"author\":{\"@id\":\"http:\\\/\\\/noviasespana.com\\\/noviasbaleares\\\/#\\\/schema\\\/person\\\/82ff6e303fad28e4da623aa4d27969ed\"},\"breadcrumb\":{\"@id\":\"http:\\\/\\\/noviasespana.com\\\/noviasbaleares\\\/una-boda-real-fria-y-patrocinada\\\/#breadcrumb\"},\"inLanguage\":\"es\",\"potentialAction\":[{\"@type\":\"ReadAction\",\"target\":[\"http:\\\/\\\/noviasespana.com\\\/noviasbaleares\\\/una-boda-real-fria-y-patrocinada\\\/\"]}]},{\"@type\":\"ImageObject\",\"inLanguage\":\"es\",\"@id\":\"http:\\\/\\\/noviasespana.com\\\/noviasbaleares\\\/una-boda-real-fria-y-patrocinada\\\/#primaryimage\",\"url\":\"http:\\\/\\\/www.diariodeunanovia.com\\\/blog\\\/wp-content\\\/uploads\\\/sites\\\/5\\\/2011\\\/07\\\/boda-real-monaco.jpg\",\"contentUrl\":\"http:\\\/\\\/www.diariodeunanovia.com\\\/blog\\\/wp-content\\\/uploads\\\/sites\\\/5\\\/2011\\\/07\\\/boda-real-monaco.jpg\"},{\"@type\":\"BreadcrumbList\",\"@id\":\"http:\\\/\\\/noviasespana.com\\\/noviasbaleares\\\/una-boda-real-fria-y-patrocinada\\\/#breadcrumb\",\"itemListElement\":[{\"@type\":\"ListItem\",\"position\":1,\"name\":\"Portada\",\"item\":\"http:\\\/\\\/noviasespana.com\\\/noviasbaleares\\\/\"},{\"@type\":\"ListItem\",\"position\":2,\"name\":\"Una boda real fr\u00eda y patrocinada\"}]},{\"@type\":\"WebSite\",\"@id\":\"http:\\\/\\\/noviasespana.com\\\/noviasbaleares\\\/#website\",\"url\":\"http:\\\/\\\/noviasespana.com\\\/noviasbaleares\\\/\",\"name\":\"Novias Baleares\",\"description\":\"Revista de novias\",\"potentialAction\":[{\"@type\":\"SearchAction\",\"target\":{\"@type\":\"EntryPoint\",\"urlTemplate\":\"http:\\\/\\\/noviasespana.com\\\/noviasbaleares\\\/?s={search_term_string}\"},\"query-input\":{\"@type\":\"PropertyValueSpecification\",\"valueRequired\":true,\"valueName\":\"search_term_string\"}}],\"inLanguage\":\"es\"},{\"@type\":\"Person\",\"@id\":\"http:\\\/\\\/noviasespana.com\\\/noviasbaleares\\\/#\\\/schema\\\/person\\\/82ff6e303fad28e4da623aa4d27969ed\",\"name\":\"admin\",\"image\":{\"@type\":\"ImageObject\",\"inLanguage\":\"es\",\"@id\":\"https:\\\/\\\/secure.gravatar.com\\\/avatar\\\/0f45231fddfb43fcbd0cdde4582a3580baf474d75fca7d494b42ff86847de871?s=96&d=mm&r=g\",\"url\":\"https:\\\/\\\/secure.gravatar.com\\\/avatar\\\/0f45231fddfb43fcbd0cdde4582a3580baf474d75fca7d494b42ff86847de871?s=96&d=mm&r=g\",\"contentUrl\":\"https:\\\/\\\/secure.gravatar.com\\\/avatar\\\/0f45231fddfb43fcbd0cdde4582a3580baf474d75fca7d494b42ff86847de871?s=96&d=mm&r=g\",\"caption\":\"admin\"},\"url\":\"http:\\\/\\\/noviasespana.com\\\/noviasbaleares\\\/author\\\/admin\\\/\"}]}<\/script>\n<!-- \/ Yoast SEO plugin. -->","yoast_head_json":{"title":"Una boda real fr\u00eda y patrocinada - Novias Baleares","robots":{"index":"index","follow":"follow","max-snippet":"max-snippet:-1","max-image-preview":"max-image-preview:large","max-video-preview":"max-video-preview:-1"},"canonical":"http:\/\/noviasespana.com\/noviasbaleares\/una-boda-real-fria-y-patrocinada\/","og_locale":"es_ES","og_type":"article","og_title":"Una boda real fr\u00eda y patrocinada - Novias Baleares","og_description":"Queridas novias!!! Intentos de fuga, rumores sobre hijos ileg\u00edtimos, una novia sin\u00a0joyas y con los ojos tristes\u2026. La boda real del pr\u00edncipe Alberto de M\u00f3naco y Charlene Wittstock ser\u00e1 recordada sobre todo por peque\u00f1os grandes detalles, desde ca\u00eddas, a graciosas damitas de honor, pasando por alguna l\u00e1grima y distantes novios. \u00a0El vestido de la novia [&hellip;]","og_url":"http:\/\/noviasespana.com\/noviasbaleares\/una-boda-real-fria-y-patrocinada\/","og_site_name":"Novias Baleares","article_published_time":"2011-07-07T06:15:25+00:00","og_image":[{"url":"http:\/\/www.diariodeunanovia.com\/blog\/wp-content\/uploads\/sites\/5\/2011\/07\/boda-real-monaco.jpg","type":"","width":"","height":""}],"author":"admin","twitter_misc":{"Escrito por":"admin","Tiempo de lectura":"2 minutos"},"schema":{"@context":"https:\/\/schema.org","@graph":[{"@type":"Article","@id":"http:\/\/noviasespana.com\/noviasbaleares\/una-boda-real-fria-y-patrocinada\/#article","isPartOf":{"@id":"http:\/\/noviasespana.com\/noviasbaleares\/una-boda-real-fria-y-patrocinada\/"},"author":{"name":"admin","@id":"http:\/\/noviasespana.com\/noviasbaleares\/#\/schema\/person\/82ff6e303fad28e4da623aa4d27969ed"},"headline":"Una boda real fr\u00eda y patrocinada","datePublished":"2011-07-07T06:15:25+00:00","mainEntityOfPage":{"@id":"http:\/\/noviasespana.com\/noviasbaleares\/una-boda-real-fria-y-patrocinada\/"},"wordCount":363,"commentCount":0,"image":{"@id":"http:\/\/noviasespana.com\/noviasbaleares\/una-boda-real-fria-y-patrocinada\/#primaryimage"},"thumbnailUrl":"http:\/\/www.diariodeunanovia.com\/blog\/wp-content\/uploads\/sites\/5\/2011\/07\/boda-real-monaco.jpg","articleSection":["novias"],"inLanguage":"es","potentialAction":[{"@type":"CommentAction","name":"Comment","target":["http:\/\/noviasespana.com\/noviasbaleares\/una-boda-real-fria-y-patrocinada\/#respond"]}]},{"@type":"WebPage","@id":"http:\/\/noviasespana.com\/noviasbaleares\/una-boda-real-fria-y-patrocinada\/","url":"http:\/\/noviasespana.com\/noviasbaleares\/una-boda-real-fria-y-patrocinada\/","name":"Una boda real fr\u00eda y patrocinada - Novias Baleares","isPartOf":{"@id":"http:\/\/noviasespana.com\/noviasbaleares\/#website"},"primaryImageOfPage":{"@id":"http:\/\/noviasespana.com\/noviasbaleares\/una-boda-real-fria-y-patrocinada\/#primaryimage"},"image":{"@id":"http:\/\/noviasespana.com\/noviasbaleares\/una-boda-real-fria-y-patrocinada\/#primaryimage"},"thumbnailUrl":"http:\/\/www.diariodeunanovia.com\/blog\/wp-content\/uploads\/sites\/5\/2011\/07\/boda-real-monaco.jpg","datePublished":"2011-07-07T06:15:25+00:00","author":{"@id":"http:\/\/noviasespana.com\/noviasbaleares\/#\/schema\/person\/82ff6e303fad28e4da623aa4d27969ed"},"breadcrumb":{"@id":"http:\/\/noviasespana.com\/noviasbaleares\/una-boda-real-fria-y-patrocinada\/#breadcrumb"},"inLanguage":"es","potentialAction":[{"@type":"ReadAction","target":["http:\/\/noviasespana.com\/noviasbaleares\/una-boda-real-fria-y-patrocinada\/"]}]},{"@type":"ImageObject","inLanguage":"es","@id":"http:\/\/noviasespana.com\/noviasbaleares\/una-boda-real-fria-y-patrocinada\/#primaryimage","url":"http:\/\/www.diariodeunanovia.com\/blog\/wp-content\/uploads\/sites\/5\/2011\/07\/boda-real-monaco.jpg","contentUrl":"http:\/\/www.diariodeunanovia.com\/blog\/wp-content\/uploads\/sites\/5\/2011\/07\/boda-real-monaco.jpg"},{"@type":"BreadcrumbList","@id":"http:\/\/noviasespana.com\/noviasbaleares\/una-boda-real-fria-y-patrocinada\/#breadcrumb","itemListElement":[{"@type":"ListItem","position":1,"name":"Portada","item":"http:\/\/noviasespana.com\/noviasbaleares\/"},{"@type":"ListItem","position":2,"name":"Una boda real fr\u00eda y patrocinada"}]},{"@type":"WebSite","@id":"http:\/\/noviasespana.com\/noviasbaleares\/#website","url":"http:\/\/noviasespana.com\/noviasbaleares\/","name":"Novias Baleares","description":"Revista de novias","potentialAction":[{"@type":"SearchAction","target":{"@type":"EntryPoint","urlTemplate":"http:\/\/noviasespana.com\/noviasbaleares\/?s={search_term_string}"},"query-input":{"@type":"PropertyValueSpecification","valueRequired":true,"valueName":"search_term_string"}}],"inLanguage":"es"},{"@type":"Person","@id":"http:\/\/noviasespana.com\/noviasbaleares\/#\/schema\/person\/82ff6e303fad28e4da623aa4d27969ed","name":"admin","image":{"@type":"ImageObject","inLanguage":"es","@id":"https:\/\/secure.gravatar.com\/avatar\/0f45231fddfb43fcbd0cdde4582a3580baf474d75fca7d494b42ff86847de871?s=96&d=mm&r=g","url":"https:\/\/secure.gravatar.com\/avatar\/0f45231fddfb43fcbd0cdde4582a3580baf474d75fca7d494b42ff86847de871?s=96&d=mm&r=g","contentUrl":"https:\/\/secure.gravatar.com\/avatar\/0f45231fddfb43fcbd0cdde4582a3580baf474d75fca7d494b42ff86847de871?s=96&d=mm&r=g","caption":"admin"},"url":"http:\/\/noviasespana.com\/noviasbaleares\/author\/admin\/"}]}},"jetpack_featured_media_url":"","jetpack_sharing_enabled":true,"jetpack_shortlink":"https:\/\/wp.me\/p5Hg6P-RZ","jetpack_likes_enabled":true,"_links":{"self":[{"href":"http:\/\/noviasespana.com\/noviasbaleares\/wp-json\/wp\/v2\/posts\/3347","targetHints":{"allow":["GET"]}}],"collection":[{"href":"http:\/\/noviasespana.com\/noviasbaleares\/wp-json\/wp\/v2\/posts"}],"about":[{"href":"http:\/\/noviasespana.com\/noviasbaleares\/wp-json\/wp\/v2\/types\/post"}],"author":[{"embeddable":true,"href":"http:\/\/noviasespana.com\/noviasbaleares\/wp-json\/wp\/v2\/users\/2"}],"replies":[{"embeddable":true,"href":"http:\/\/noviasespana.com\/noviasbaleares\/wp-json\/wp\/v2\/comments?post=3347"}],"version-history":[{"count":0,"href":"http:\/\/noviasespana.com\/noviasbaleares\/wp-json\/wp\/v2\/posts\/3347\/revisions"}],"wp:attachment":[{"href":"http:\/\/noviasespana.com\/noviasbaleares\/wp-json\/wp\/v2\/media?parent=3347"}],"wp:term":[{"taxonomy":"category","embeddable":true,"href":"http:\/\/noviasespana.com\/noviasbaleares\/wp-json\/wp\/v2\/categories?post=3347"},{"taxonomy":"post_tag","embeddable":true,"href":"http:\/\/noviasespana.com\/noviasbaleares\/wp-json\/wp\/v2\/tags?post=3347"}],"curies":[{"name":"wp","href":"https:\/\/api.w.org\/{rel}","templated":true}]}}