{"id":3317,"date":"2011-07-04T09:08:28","date_gmt":"2011-07-04T07:08:28","guid":{"rendered":"http:\/\/www.diariodeunanovia.com\/blog\/?p=3317"},"modified":"2011-07-04T09:08:28","modified_gmt":"2011-07-04T07:08:28","slug":"charlene-o-kate","status":"publish","type":"post","link":"http:\/\/noviasespana.com\/noviasbaleares\/charlene-o-kate\/","title":{"rendered":"\u00bfCharlene o Kate?"},"content":{"rendered":"<p><img data-recalc-dims=\"1\" loading=\"lazy\" decoding=\"async\" class=\"aligncenter size-full wp-image-3318\" title=\"kate6\" src=\"https:\/\/i0.wp.com\/www.diariodeunanovia.com\/blog\/wp-content\/uploads\/sites\/5\/2011\/07\/kate6.jpg?resize=639%2C397\" alt=\"kate6\" width=\"639\" height=\"397\" \/><\/p>\n<p>Queridas novias!!! \u00bfCharlene o Kate? \u00bfQu\u00e9 novia os ha gustado m\u00e1s?. Las dos han sido protagonistas de unas bodas de cuento de hadas. <strong>Una vestida de Arnani, elegante, sobria y muy contenida, y la otra de Galiano, con un traje precioso de inspiraci\u00f3n vintage y un maravilloso velo a\u00f1os 20.<\/strong><a href=\"http:\/\/www.elpais.com\/fotogaleria\/boda\/Kate\/Moss\/elpgal\/20110701elpepuage_1\/Zes\/1\" target=\"_blank\"> Kate Moss<\/a>, la it girl m\u00e1s famosa estaba muy natural, vestida de ella misma. Su traje muy pegado al cuerpo y bastante trasparente estaba adornado por delicadas paillettes doradas. Por su parte, el refinado traje de la <a href=\"http:\/\/www.hola.com\/realeza\/casa_monaco\/galeria\/2011070453413\/boda-monaco-revista\/1\/\" target=\"_blank\">Charlene Wittstock<\/a>, dise\u00f1ado por Armani sorprendi\u00f3 a todos por su simplicidad y belleza. Un traje completamente blanco y largo hasta los pies que arrastra una cola largu\u00edsima, digna de una Princesa. La nueva princesa de M\u00f3naco homenajea a su tierra natal Sud\u00e1frica con un \u00a0el bordado floral que nace en el pecho del vestido. Con una cola de cinco metros la pobre Charlene casi no pod\u00eda con el vestido, o con el peso de su decisi\u00f3n porque menuda semana de rumores que ha tenido la pobre.<!--more-->\u00a0<strong>Respecto a los novios me quedo con el \u00a0esmoquin azul novios de Yves Saint Laurent que luci\u00f3 Jamie Hince y el uniforme blanco del pr\u00edncipe Alberto no me gusto nada de nada<\/strong>. Ver a la rebelde \u00a0Kate Moss llegar envuelta en su maravilloso velo de Stella McCartney a la peque\u00f1a iglesia de St. Peter pasa casarse en una ceremonia religiosa me ha sorprendido bastante. Con un cortejo de damas de honor y m\u00e1s de quince damitas, entre ellas su hija, adornada con flores en el pelo me ha parecido sorprendente. De todas formas me quedo con la boda de Kate, a vosotras, \u00bfcual os ha gustado mas?<\/p>\n<p><img data-recalc-dims=\"1\" loading=\"lazy\" decoding=\"async\" class=\"aligncenter size-full wp-image-3319\" title=\"boda7\" src=\"https:\/\/i0.wp.com\/www.diariodeunanovia.com\/blog\/wp-content\/uploads\/sites\/5\/2011\/07\/boda7.jpg?resize=650%2C433\" alt=\"boda7\" width=\"650\" height=\"433\" \/><\/p>\n<p><a href=\"http:\/\/www.elpais.com\/fotogaleria\/boda\/Kate\/Moss\/elpgal\/20110701elpepuage_1\/Zes\/1\">Fuente: www.elpais.com<\/a>\u00a0<a href=\"http:\/\/www.hola.com\/realeza\/casa_monaco\/galeria\/2011070453413\/boda-monaco-revista\/1\/\">www.hola.com\/<\/a><\/p>\n","protected":false},"excerpt":{"rendered":"<p>Queridas novias!!! \u00bfCharlene o Kate? \u00bfQu\u00e9 novia os ha gustado m\u00e1s?. Las dos han sido protagonistas de unas bodas de cuento de hadas. Una vestida de Arnani, elegante, sobria y muy contenida, y la otra de Galiano, con un traje precioso de inspiraci\u00f3n vintage y un maravilloso velo a\u00f1os 20. Kate Moss, la it girl [&hellip;]<\/p>\n","protected":false},"author":2,"featured_media":0,"comment_status":"open","ping_status":"open","sticky":false,"template":"","format":"standard","meta":{"jetpack_post_was_ever_published":false,"_jetpack_newsletter_access":"","_jetpack_dont_email_post_to_subs":false,"_jetpack_newsletter_tier_id":0,"_jetpack_memberships_contains_paywalled_content":false,"_jetpack_memberships_contains_paid_content":false,"footnotes":""},"categories":[1],"tags":[],"class_list":["post-3317","post","type-post","status-publish","format-standard","hentry","category-novias"],"yoast_head":"<!-- This site is optimized with the Yoast SEO plugin v27.5 - https:\/\/yoast.com\/product\/yoast-seo-wordpress\/ -->\n<title>\u00bfCharlene o Kate? - Novias Baleares<\/title>\n<meta name=\"robots\" content=\"index, follow, max-snippet:-1, max-image-preview:large, max-video-preview:-1\" \/>\n<link rel=\"canonical\" href=\"http:\/\/noviasespana.com\/noviasbaleares\/charlene-o-kate\/\" \/>\n<meta property=\"og:locale\" content=\"es_ES\" \/>\n<meta property=\"og:type\" content=\"article\" \/>\n<meta property=\"og:title\" content=\"\u00bfCharlene o Kate? - Novias Baleares\" \/>\n<meta property=\"og:description\" content=\"Queridas novias!!! \u00bfCharlene o Kate? \u00bfQu\u00e9 novia os ha gustado m\u00e1s?. Las dos han sido protagonistas de unas bodas de cuento de hadas. Una vestida de Arnani, elegante, sobria y muy contenida, y la otra de Galiano, con un traje precioso de inspiraci\u00f3n vintage y un maravilloso velo a\u00f1os 20. Kate Moss, la it girl [&hellip;]\" \/>\n<meta property=\"og:url\" content=\"http:\/\/noviasespana.com\/noviasbaleares\/charlene-o-kate\/\" \/>\n<meta property=\"og:site_name\" content=\"Novias Baleares\" \/>\n<meta property=\"article:published_time\" content=\"2011-07-04T07:08:28+00:00\" \/>\n<meta property=\"og:image\" content=\"http:\/\/www.diariodeunanovia.com\/blog\/wp-content\/uploads\/sites\/5\/2011\/07\/kate6.jpg\" \/>\n<meta name=\"author\" content=\"admin\" \/>\n<meta name=\"twitter:label1\" content=\"Escrito por\" \/>\n\t<meta name=\"twitter:data1\" content=\"admin\" \/>\n\t<meta name=\"twitter:label2\" content=\"Tiempo de lectura\" \/>\n\t<meta name=\"twitter:data2\" content=\"1 minuto\" \/>\n<script type=\"application\/ld+json\" class=\"yoast-schema-graph\">{\"@context\":\"https:\\\/\\\/schema.org\",\"@graph\":[{\"@type\":\"Article\",\"@id\":\"http:\\\/\\\/noviasespana.com\\\/noviasbaleares\\\/charlene-o-kate\\\/#article\",\"isPartOf\":{\"@id\":\"http:\\\/\\\/noviasespana.com\\\/noviasbaleares\\\/charlene-o-kate\\\/\"},\"author\":{\"name\":\"admin\",\"@id\":\"http:\\\/\\\/noviasespana.com\\\/noviasbaleares\\\/#\\\/schema\\\/person\\\/82ff6e303fad28e4da623aa4d27969ed\"},\"headline\":\"\u00bfCharlene o Kate?\",\"datePublished\":\"2011-07-04T07:08:28+00:00\",\"mainEntityOfPage\":{\"@id\":\"http:\\\/\\\/noviasespana.com\\\/noviasbaleares\\\/charlene-o-kate\\\/\"},\"wordCount\":302,\"commentCount\":0,\"image\":{\"@id\":\"http:\\\/\\\/noviasespana.com\\\/noviasbaleares\\\/charlene-o-kate\\\/#primaryimage\"},\"thumbnailUrl\":\"http:\\\/\\\/www.diariodeunanovia.com\\\/blog\\\/wp-content\\\/uploads\\\/sites\\\/5\\\/2011\\\/07\\\/kate6.jpg\",\"articleSection\":[\"novias\"],\"inLanguage\":\"es\",\"potentialAction\":[{\"@type\":\"CommentAction\",\"name\":\"Comment\",\"target\":[\"http:\\\/\\\/noviasespana.com\\\/noviasbaleares\\\/charlene-o-kate\\\/#respond\"]}]},{\"@type\":\"WebPage\",\"@id\":\"http:\\\/\\\/noviasespana.com\\\/noviasbaleares\\\/charlene-o-kate\\\/\",\"url\":\"http:\\\/\\\/noviasespana.com\\\/noviasbaleares\\\/charlene-o-kate\\\/\",\"name\":\"\u00bfCharlene o Kate? - Novias Baleares\",\"isPartOf\":{\"@id\":\"http:\\\/\\\/noviasespana.com\\\/noviasbaleares\\\/#website\"},\"primaryImageOfPage\":{\"@id\":\"http:\\\/\\\/noviasespana.com\\\/noviasbaleares\\\/charlene-o-kate\\\/#primaryimage\"},\"image\":{\"@id\":\"http:\\\/\\\/noviasespana.com\\\/noviasbaleares\\\/charlene-o-kate\\\/#primaryimage\"},\"thumbnailUrl\":\"http:\\\/\\\/www.diariodeunanovia.com\\\/blog\\\/wp-content\\\/uploads\\\/sites\\\/5\\\/2011\\\/07\\\/kate6.jpg\",\"datePublished\":\"2011-07-04T07:08:28+00:00\",\"author\":{\"@id\":\"http:\\\/\\\/noviasespana.com\\\/noviasbaleares\\\/#\\\/schema\\\/person\\\/82ff6e303fad28e4da623aa4d27969ed\"},\"breadcrumb\":{\"@id\":\"http:\\\/\\\/noviasespana.com\\\/noviasbaleares\\\/charlene-o-kate\\\/#breadcrumb\"},\"inLanguage\":\"es\",\"potentialAction\":[{\"@type\":\"ReadAction\",\"target\":[\"http:\\\/\\\/noviasespana.com\\\/noviasbaleares\\\/charlene-o-kate\\\/\"]}]},{\"@type\":\"ImageObject\",\"inLanguage\":\"es\",\"@id\":\"http:\\\/\\\/noviasespana.com\\\/noviasbaleares\\\/charlene-o-kate\\\/#primaryimage\",\"url\":\"http:\\\/\\\/www.diariodeunanovia.com\\\/blog\\\/wp-content\\\/uploads\\\/sites\\\/5\\\/2011\\\/07\\\/kate6.jpg\",\"contentUrl\":\"http:\\\/\\\/www.diariodeunanovia.com\\\/blog\\\/wp-content\\\/uploads\\\/sites\\\/5\\\/2011\\\/07\\\/kate6.jpg\"},{\"@type\":\"BreadcrumbList\",\"@id\":\"http:\\\/\\\/noviasespana.com\\\/noviasbaleares\\\/charlene-o-kate\\\/#breadcrumb\",\"itemListElement\":[{\"@type\":\"ListItem\",\"position\":1,\"name\":\"Portada\",\"item\":\"http:\\\/\\\/noviasespana.com\\\/noviasbaleares\\\/\"},{\"@type\":\"ListItem\",\"position\":2,\"name\":\"\u00bfCharlene o Kate?\"}]},{\"@type\":\"WebSite\",\"@id\":\"http:\\\/\\\/noviasespana.com\\\/noviasbaleares\\\/#website\",\"url\":\"http:\\\/\\\/noviasespana.com\\\/noviasbaleares\\\/\",\"name\":\"Novias Baleares\",\"description\":\"Revista de novias\",\"potentialAction\":[{\"@type\":\"SearchAction\",\"target\":{\"@type\":\"EntryPoint\",\"urlTemplate\":\"http:\\\/\\\/noviasespana.com\\\/noviasbaleares\\\/?s={search_term_string}\"},\"query-input\":{\"@type\":\"PropertyValueSpecification\",\"valueRequired\":true,\"valueName\":\"search_term_string\"}}],\"inLanguage\":\"es\"},{\"@type\":\"Person\",\"@id\":\"http:\\\/\\\/noviasespana.com\\\/noviasbaleares\\\/#\\\/schema\\\/person\\\/82ff6e303fad28e4da623aa4d27969ed\",\"name\":\"admin\",\"image\":{\"@type\":\"ImageObject\",\"inLanguage\":\"es\",\"@id\":\"https:\\\/\\\/secure.gravatar.com\\\/avatar\\\/0f45231fddfb43fcbd0cdde4582a3580baf474d75fca7d494b42ff86847de871?s=96&d=mm&r=g\",\"url\":\"https:\\\/\\\/secure.gravatar.com\\\/avatar\\\/0f45231fddfb43fcbd0cdde4582a3580baf474d75fca7d494b42ff86847de871?s=96&d=mm&r=g\",\"contentUrl\":\"https:\\\/\\\/secure.gravatar.com\\\/avatar\\\/0f45231fddfb43fcbd0cdde4582a3580baf474d75fca7d494b42ff86847de871?s=96&d=mm&r=g\",\"caption\":\"admin\"},\"url\":\"http:\\\/\\\/noviasespana.com\\\/noviasbaleares\\\/author\\\/admin\\\/\"}]}<\/script>\n<!-- \/ Yoast SEO plugin. -->","yoast_head_json":{"title":"\u00bfCharlene o Kate? - Novias Baleares","robots":{"index":"index","follow":"follow","max-snippet":"max-snippet:-1","max-image-preview":"max-image-preview:large","max-video-preview":"max-video-preview:-1"},"canonical":"http:\/\/noviasespana.com\/noviasbaleares\/charlene-o-kate\/","og_locale":"es_ES","og_type":"article","og_title":"\u00bfCharlene o Kate? - Novias Baleares","og_description":"Queridas novias!!! \u00bfCharlene o Kate? \u00bfQu\u00e9 novia os ha gustado m\u00e1s?. Las dos han sido protagonistas de unas bodas de cuento de hadas. Una vestida de Arnani, elegante, sobria y muy contenida, y la otra de Galiano, con un traje precioso de inspiraci\u00f3n vintage y un maravilloso velo a\u00f1os 20. Kate Moss, la it girl [&hellip;]","og_url":"http:\/\/noviasespana.com\/noviasbaleares\/charlene-o-kate\/","og_site_name":"Novias Baleares","article_published_time":"2011-07-04T07:08:28+00:00","og_image":[{"url":"http:\/\/www.diariodeunanovia.com\/blog\/wp-content\/uploads\/sites\/5\/2011\/07\/kate6.jpg","type":"","width":"","height":""}],"author":"admin","twitter_misc":{"Escrito por":"admin","Tiempo de lectura":"1 minuto"},"schema":{"@context":"https:\/\/schema.org","@graph":[{"@type":"Article","@id":"http:\/\/noviasespana.com\/noviasbaleares\/charlene-o-kate\/#article","isPartOf":{"@id":"http:\/\/noviasespana.com\/noviasbaleares\/charlene-o-kate\/"},"author":{"name":"admin","@id":"http:\/\/noviasespana.com\/noviasbaleares\/#\/schema\/person\/82ff6e303fad28e4da623aa4d27969ed"},"headline":"\u00bfCharlene o Kate?","datePublished":"2011-07-04T07:08:28+00:00","mainEntityOfPage":{"@id":"http:\/\/noviasespana.com\/noviasbaleares\/charlene-o-kate\/"},"wordCount":302,"commentCount":0,"image":{"@id":"http:\/\/noviasespana.com\/noviasbaleares\/charlene-o-kate\/#primaryimage"},"thumbnailUrl":"http:\/\/www.diariodeunanovia.com\/blog\/wp-content\/uploads\/sites\/5\/2011\/07\/kate6.jpg","articleSection":["novias"],"inLanguage":"es","potentialAction":[{"@type":"CommentAction","name":"Comment","target":["http:\/\/noviasespana.com\/noviasbaleares\/charlene-o-kate\/#respond"]}]},{"@type":"WebPage","@id":"http:\/\/noviasespana.com\/noviasbaleares\/charlene-o-kate\/","url":"http:\/\/noviasespana.com\/noviasbaleares\/charlene-o-kate\/","name":"\u00bfCharlene o Kate? - Novias Baleares","isPartOf":{"@id":"http:\/\/noviasespana.com\/noviasbaleares\/#website"},"primaryImageOfPage":{"@id":"http:\/\/noviasespana.com\/noviasbaleares\/charlene-o-kate\/#primaryimage"},"image":{"@id":"http:\/\/noviasespana.com\/noviasbaleares\/charlene-o-kate\/#primaryimage"},"thumbnailUrl":"http:\/\/www.diariodeunanovia.com\/blog\/wp-content\/uploads\/sites\/5\/2011\/07\/kate6.jpg","datePublished":"2011-07-04T07:08:28+00:00","author":{"@id":"http:\/\/noviasespana.com\/noviasbaleares\/#\/schema\/person\/82ff6e303fad28e4da623aa4d27969ed"},"breadcrumb":{"@id":"http:\/\/noviasespana.com\/noviasbaleares\/charlene-o-kate\/#breadcrumb"},"inLanguage":"es","potentialAction":[{"@type":"ReadAction","target":["http:\/\/noviasespana.com\/noviasbaleares\/charlene-o-kate\/"]}]},{"@type":"ImageObject","inLanguage":"es","@id":"http:\/\/noviasespana.com\/noviasbaleares\/charlene-o-kate\/#primaryimage","url":"http:\/\/www.diariodeunanovia.com\/blog\/wp-content\/uploads\/sites\/5\/2011\/07\/kate6.jpg","contentUrl":"http:\/\/www.diariodeunanovia.com\/blog\/wp-content\/uploads\/sites\/5\/2011\/07\/kate6.jpg"},{"@type":"BreadcrumbList","@id":"http:\/\/noviasespana.com\/noviasbaleares\/charlene-o-kate\/#breadcrumb","itemListElement":[{"@type":"ListItem","position":1,"name":"Portada","item":"http:\/\/noviasespana.com\/noviasbaleares\/"},{"@type":"ListItem","position":2,"name":"\u00bfCharlene o Kate?"}]},{"@type":"WebSite","@id":"http:\/\/noviasespana.com\/noviasbaleares\/#website","url":"http:\/\/noviasespana.com\/noviasbaleares\/","name":"Novias Baleares","description":"Revista de novias","potentialAction":[{"@type":"SearchAction","target":{"@type":"EntryPoint","urlTemplate":"http:\/\/noviasespana.com\/noviasbaleares\/?s={search_term_string}"},"query-input":{"@type":"PropertyValueSpecification","valueRequired":true,"valueName":"search_term_string"}}],"inLanguage":"es"},{"@type":"Person","@id":"http:\/\/noviasespana.com\/noviasbaleares\/#\/schema\/person\/82ff6e303fad28e4da623aa4d27969ed","name":"admin","image":{"@type":"ImageObject","inLanguage":"es","@id":"https:\/\/secure.gravatar.com\/avatar\/0f45231fddfb43fcbd0cdde4582a3580baf474d75fca7d494b42ff86847de871?s=96&d=mm&r=g","url":"https:\/\/secure.gravatar.com\/avatar\/0f45231fddfb43fcbd0cdde4582a3580baf474d75fca7d494b42ff86847de871?s=96&d=mm&r=g","contentUrl":"https:\/\/secure.gravatar.com\/avatar\/0f45231fddfb43fcbd0cdde4582a3580baf474d75fca7d494b42ff86847de871?s=96&d=mm&r=g","caption":"admin"},"url":"http:\/\/noviasespana.com\/noviasbaleares\/author\/admin\/"}]}},"jetpack_featured_media_url":"","jetpack_sharing_enabled":true,"jetpack_shortlink":"https:\/\/wp.me\/p5Hg6P-Rv","jetpack_likes_enabled":true,"_links":{"self":[{"href":"http:\/\/noviasespana.com\/noviasbaleares\/wp-json\/wp\/v2\/posts\/3317","targetHints":{"allow":["GET"]}}],"collection":[{"href":"http:\/\/noviasespana.com\/noviasbaleares\/wp-json\/wp\/v2\/posts"}],"about":[{"href":"http:\/\/noviasespana.com\/noviasbaleares\/wp-json\/wp\/v2\/types\/post"}],"author":[{"embeddable":true,"href":"http:\/\/noviasespana.com\/noviasbaleares\/wp-json\/wp\/v2\/users\/2"}],"replies":[{"embeddable":true,"href":"http:\/\/noviasespana.com\/noviasbaleares\/wp-json\/wp\/v2\/comments?post=3317"}],"version-history":[{"count":0,"href":"http:\/\/noviasespana.com\/noviasbaleares\/wp-json\/wp\/v2\/posts\/3317\/revisions"}],"wp:attachment":[{"href":"http:\/\/noviasespana.com\/noviasbaleares\/wp-json\/wp\/v2\/media?parent=3317"}],"wp:term":[{"taxonomy":"category","embeddable":true,"href":"http:\/\/noviasespana.com\/noviasbaleares\/wp-json\/wp\/v2\/categories?post=3317"},{"taxonomy":"post_tag","embeddable":true,"href":"http:\/\/noviasespana.com\/noviasbaleares\/wp-json\/wp\/v2\/tags?post=3317"}],"curies":[{"name":"wp","href":"https:\/\/api.w.org\/{rel}","templated":true}]}}