{"id":3301,"date":"2011-07-01T09:00:58","date_gmt":"2011-07-01T07:00:58","guid":{"rendered":"http:\/\/www.diariodeunanovia.com\/blog\/?p=3301"},"modified":"2011-07-01T09:00:58","modified_gmt":"2011-07-01T07:00:58","slug":"empiezan-los-festejos-de-la-boda-real-de-monaco","status":"publish","type":"post","link":"http:\/\/noviasespana.com\/noviasbaleares\/empiezan-los-festejos-de-la-boda-real-de-monaco\/","title":{"rendered":"Empiezan los festejos de la boda real de M\u00f3naco"},"content":{"rendered":"<p><img data-recalc-dims=\"1\" loading=\"lazy\" decoding=\"async\" class=\"aligncenter size-full wp-image-3304\" title=\"Charlene-Wittstock\" src=\"https:\/\/i0.wp.com\/www.diariodeunanovia.com\/blog\/wp-content\/uploads\/sites\/5\/2011\/07\/vestido-de-novia-de-Charlene-Wittstock2.jpeg?resize=540%2C358\" alt=\"Charlene-Wittstock\" width=\"540\" height=\"358\" \/>Queridas novias!! Ya solo <strong>quedan horas para que <a href=\"http:\/\/www.hoymujer.com\/bodas-reales\/Charlene-Wittstock-Alberto-Monaco\/Charlene-Wittstock-sencilla-clasica-636264062011.html\" target=\"_blank\">Charlene Wittstock <\/a>cambie su nombre por el de Su alteza seren\u00edsima la princesa Charlene o Charlene de M\u00f3naco<\/strong>, y se convierta en la primera dama del principado en sustituci\u00f3n de Carolina. Esta tarde tendr\u00e1 lugar la celebraci\u00f3n de la boda civil, de car\u00e1cter privado, y ma\u00f1ana la boda religiosa. Ser\u00e1 a las 17.00 en el Sal\u00f3n del Trono del Palacio, un enlace \u00edntimo con familiares y allegados de la pareja, que a las 18.00 saldr\u00e1 a saludar al pueblo de M\u00f3naco ya convertidos en marido y mujer desde el balc\u00f3n de la Sala de los Espejos. Los ciudadanos monegascos disfrutar\u00e1n de un c\u00f3ctel en la plaza del Palacio a las 20.00 y a las 22.00 la pareja ofrecer\u00e1 un espect\u00e1culo al aire libre en el puerto de M\u00f3naco a cargo del compositor e int\u00e9rprete franc\u00e9s de m\u00fasica electr\u00f3nica Jean-Michel Jarre. Pero el gran d\u00eda ser\u00e1 el s\u00e1bado, cuando Alberto y <a href=\"http:\/\/www.rtve.es\/noticias\/20110621\/charlene-wittstock-sirena-monaco\/442734.shtml\">Charlene<\/a> se den el \u2018s\u00ed quiero\u2019 en una ceremonia religiosa en el patio principal del Palacio Grimaldi.<!--more-->El vestido de la novia es uno de los grandes secretos y la verdad estar a la altura del de Grace Kelly, icono de los trajes de novia del siglo XX no va a ser f\u00e1cil. Nos espera una autentica pasarela de alta costura porque las invitadas, empezando por Carolina, despiertan casi m\u00e1s expectaci\u00f3n que la novia. Adem\u00e1s al tratarse de una boda de tarde las mujeres deber\u00e1n vestir un traje corto pero como el banquete oficial es por la noche deber\u00e1n entonces optar por un traje largo de gala, en fin que lo vamos a pasar genial, \u00bfno os parece?<\/p>\n<p>Fuente: <a href=\"http:\/\/www.rtve.es\/noticias\/20110628\/monaco-celebra-boda-principesca-del-siglo\/444247.shtml\" target=\"_blank\">TVE<\/a><\/p>\n","protected":false},"excerpt":{"rendered":"<p>Queridas novias!! Ya solo quedan horas para que Charlene Wittstock cambie su nombre por el de Su alteza seren\u00edsima la princesa Charlene o Charlene de M\u00f3naco, y se convierta en la primera dama del principado en sustituci\u00f3n de Carolina. Esta tarde tendr\u00e1 lugar la celebraci\u00f3n de la boda civil, de car\u00e1cter privado, y ma\u00f1ana la [&hellip;]<\/p>\n","protected":false},"author":2,"featured_media":0,"comment_status":"open","ping_status":"open","sticky":false,"template":"","format":"standard","meta":{"jetpack_post_was_ever_published":false,"_jetpack_newsletter_access":"","_jetpack_dont_email_post_to_subs":false,"_jetpack_newsletter_tier_id":0,"_jetpack_memberships_contains_paywalled_content":false,"_jetpack_memberships_contains_paid_content":false,"footnotes":""},"categories":[1],"tags":[],"class_list":["post-3301","post","type-post","status-publish","format-standard","hentry","category-novias"],"yoast_head":"<!-- This site is optimized with the Yoast SEO plugin v27.5 - https:\/\/yoast.com\/product\/yoast-seo-wordpress\/ -->\n<title>Empiezan los festejos de la boda real de M\u00f3naco - Novias Baleares<\/title>\n<meta name=\"robots\" content=\"index, follow, max-snippet:-1, max-image-preview:large, max-video-preview:-1\" \/>\n<link rel=\"canonical\" href=\"http:\/\/noviasespana.com\/noviasbaleares\/empiezan-los-festejos-de-la-boda-real-de-monaco\/\" \/>\n<meta property=\"og:locale\" content=\"es_ES\" \/>\n<meta property=\"og:type\" content=\"article\" \/>\n<meta property=\"og:title\" content=\"Empiezan los festejos de la boda real de M\u00f3naco - Novias Baleares\" \/>\n<meta property=\"og:description\" content=\"Queridas novias!! Ya solo quedan horas para que Charlene Wittstock cambie su nombre por el de Su alteza seren\u00edsima la princesa Charlene o Charlene de M\u00f3naco, y se convierta en la primera dama del principado en sustituci\u00f3n de Carolina. Esta tarde tendr\u00e1 lugar la celebraci\u00f3n de la boda civil, de car\u00e1cter privado, y ma\u00f1ana la [&hellip;]\" \/>\n<meta property=\"og:url\" content=\"http:\/\/noviasespana.com\/noviasbaleares\/empiezan-los-festejos-de-la-boda-real-de-monaco\/\" \/>\n<meta property=\"og:site_name\" content=\"Novias Baleares\" \/>\n<meta property=\"article:published_time\" content=\"2011-07-01T07:00:58+00:00\" \/>\n<meta property=\"og:image\" content=\"http:\/\/www.diariodeunanovia.com\/blog\/wp-content\/uploads\/sites\/5\/2011\/07\/vestido-de-novia-de-Charlene-Wittstock2.jpeg\" \/>\n<meta name=\"author\" content=\"admin\" \/>\n<meta name=\"twitter:label1\" content=\"Escrito por\" \/>\n\t<meta name=\"twitter:data1\" content=\"admin\" \/>\n\t<meta name=\"twitter:label2\" content=\"Tiempo de lectura\" \/>\n\t<meta name=\"twitter:data2\" content=\"1 minuto\" \/>\n<script type=\"application\/ld+json\" class=\"yoast-schema-graph\">{\"@context\":\"https:\\\/\\\/schema.org\",\"@graph\":[{\"@type\":\"Article\",\"@id\":\"http:\\\/\\\/noviasespana.com\\\/noviasbaleares\\\/empiezan-los-festejos-de-la-boda-real-de-monaco\\\/#article\",\"isPartOf\":{\"@id\":\"http:\\\/\\\/noviasespana.com\\\/noviasbaleares\\\/empiezan-los-festejos-de-la-boda-real-de-monaco\\\/\"},\"author\":{\"name\":\"admin\",\"@id\":\"http:\\\/\\\/noviasespana.com\\\/noviasbaleares\\\/#\\\/schema\\\/person\\\/82ff6e303fad28e4da623aa4d27969ed\"},\"headline\":\"Empiezan los festejos de la boda real de M\u00f3naco\",\"datePublished\":\"2011-07-01T07:00:58+00:00\",\"mainEntityOfPage\":{\"@id\":\"http:\\\/\\\/noviasespana.com\\\/noviasbaleares\\\/empiezan-los-festejos-de-la-boda-real-de-monaco\\\/\"},\"wordCount\":309,\"commentCount\":0,\"image\":{\"@id\":\"http:\\\/\\\/noviasespana.com\\\/noviasbaleares\\\/empiezan-los-festejos-de-la-boda-real-de-monaco\\\/#primaryimage\"},\"thumbnailUrl\":\"http:\\\/\\\/www.diariodeunanovia.com\\\/blog\\\/wp-content\\\/uploads\\\/sites\\\/5\\\/2011\\\/07\\\/vestido-de-novia-de-Charlene-Wittstock2.jpeg\",\"articleSection\":[\"novias\"],\"inLanguage\":\"es\",\"potentialAction\":[{\"@type\":\"CommentAction\",\"name\":\"Comment\",\"target\":[\"http:\\\/\\\/noviasespana.com\\\/noviasbaleares\\\/empiezan-los-festejos-de-la-boda-real-de-monaco\\\/#respond\"]}]},{\"@type\":\"WebPage\",\"@id\":\"http:\\\/\\\/noviasespana.com\\\/noviasbaleares\\\/empiezan-los-festejos-de-la-boda-real-de-monaco\\\/\",\"url\":\"http:\\\/\\\/noviasespana.com\\\/noviasbaleares\\\/empiezan-los-festejos-de-la-boda-real-de-monaco\\\/\",\"name\":\"Empiezan los festejos de la boda real de M\u00f3naco - Novias Baleares\",\"isPartOf\":{\"@id\":\"http:\\\/\\\/noviasespana.com\\\/noviasbaleares\\\/#website\"},\"primaryImageOfPage\":{\"@id\":\"http:\\\/\\\/noviasespana.com\\\/noviasbaleares\\\/empiezan-los-festejos-de-la-boda-real-de-monaco\\\/#primaryimage\"},\"image\":{\"@id\":\"http:\\\/\\\/noviasespana.com\\\/noviasbaleares\\\/empiezan-los-festejos-de-la-boda-real-de-monaco\\\/#primaryimage\"},\"thumbnailUrl\":\"http:\\\/\\\/www.diariodeunanovia.com\\\/blog\\\/wp-content\\\/uploads\\\/sites\\\/5\\\/2011\\\/07\\\/vestido-de-novia-de-Charlene-Wittstock2.jpeg\",\"datePublished\":\"2011-07-01T07:00:58+00:00\",\"author\":{\"@id\":\"http:\\\/\\\/noviasespana.com\\\/noviasbaleares\\\/#\\\/schema\\\/person\\\/82ff6e303fad28e4da623aa4d27969ed\"},\"breadcrumb\":{\"@id\":\"http:\\\/\\\/noviasespana.com\\\/noviasbaleares\\\/empiezan-los-festejos-de-la-boda-real-de-monaco\\\/#breadcrumb\"},\"inLanguage\":\"es\",\"potentialAction\":[{\"@type\":\"ReadAction\",\"target\":[\"http:\\\/\\\/noviasespana.com\\\/noviasbaleares\\\/empiezan-los-festejos-de-la-boda-real-de-monaco\\\/\"]}]},{\"@type\":\"ImageObject\",\"inLanguage\":\"es\",\"@id\":\"http:\\\/\\\/noviasespana.com\\\/noviasbaleares\\\/empiezan-los-festejos-de-la-boda-real-de-monaco\\\/#primaryimage\",\"url\":\"http:\\\/\\\/www.diariodeunanovia.com\\\/blog\\\/wp-content\\\/uploads\\\/sites\\\/5\\\/2011\\\/07\\\/vestido-de-novia-de-Charlene-Wittstock2.jpeg\",\"contentUrl\":\"http:\\\/\\\/www.diariodeunanovia.com\\\/blog\\\/wp-content\\\/uploads\\\/sites\\\/5\\\/2011\\\/07\\\/vestido-de-novia-de-Charlene-Wittstock2.jpeg\"},{\"@type\":\"BreadcrumbList\",\"@id\":\"http:\\\/\\\/noviasespana.com\\\/noviasbaleares\\\/empiezan-los-festejos-de-la-boda-real-de-monaco\\\/#breadcrumb\",\"itemListElement\":[{\"@type\":\"ListItem\",\"position\":1,\"name\":\"Portada\",\"item\":\"http:\\\/\\\/noviasespana.com\\\/noviasbaleares\\\/\"},{\"@type\":\"ListItem\",\"position\":2,\"name\":\"Empiezan los festejos de la boda real de M\u00f3naco\"}]},{\"@type\":\"WebSite\",\"@id\":\"http:\\\/\\\/noviasespana.com\\\/noviasbaleares\\\/#website\",\"url\":\"http:\\\/\\\/noviasespana.com\\\/noviasbaleares\\\/\",\"name\":\"Novias Baleares\",\"description\":\"Revista de novias\",\"potentialAction\":[{\"@type\":\"SearchAction\",\"target\":{\"@type\":\"EntryPoint\",\"urlTemplate\":\"http:\\\/\\\/noviasespana.com\\\/noviasbaleares\\\/?s={search_term_string}\"},\"query-input\":{\"@type\":\"PropertyValueSpecification\",\"valueRequired\":true,\"valueName\":\"search_term_string\"}}],\"inLanguage\":\"es\"},{\"@type\":\"Person\",\"@id\":\"http:\\\/\\\/noviasespana.com\\\/noviasbaleares\\\/#\\\/schema\\\/person\\\/82ff6e303fad28e4da623aa4d27969ed\",\"name\":\"admin\",\"image\":{\"@type\":\"ImageObject\",\"inLanguage\":\"es\",\"@id\":\"https:\\\/\\\/secure.gravatar.com\\\/avatar\\\/0f45231fddfb43fcbd0cdde4582a3580baf474d75fca7d494b42ff86847de871?s=96&d=mm&r=g\",\"url\":\"https:\\\/\\\/secure.gravatar.com\\\/avatar\\\/0f45231fddfb43fcbd0cdde4582a3580baf474d75fca7d494b42ff86847de871?s=96&d=mm&r=g\",\"contentUrl\":\"https:\\\/\\\/secure.gravatar.com\\\/avatar\\\/0f45231fddfb43fcbd0cdde4582a3580baf474d75fca7d494b42ff86847de871?s=96&d=mm&r=g\",\"caption\":\"admin\"},\"url\":\"http:\\\/\\\/noviasespana.com\\\/noviasbaleares\\\/author\\\/admin\\\/\"}]}<\/script>\n<!-- \/ Yoast SEO plugin. -->","yoast_head_json":{"title":"Empiezan los festejos de la boda real de M\u00f3naco - Novias Baleares","robots":{"index":"index","follow":"follow","max-snippet":"max-snippet:-1","max-image-preview":"max-image-preview:large","max-video-preview":"max-video-preview:-1"},"canonical":"http:\/\/noviasespana.com\/noviasbaleares\/empiezan-los-festejos-de-la-boda-real-de-monaco\/","og_locale":"es_ES","og_type":"article","og_title":"Empiezan los festejos de la boda real de M\u00f3naco - Novias Baleares","og_description":"Queridas novias!! Ya solo quedan horas para que Charlene Wittstock cambie su nombre por el de Su alteza seren\u00edsima la princesa Charlene o Charlene de M\u00f3naco, y se convierta en la primera dama del principado en sustituci\u00f3n de Carolina. Esta tarde tendr\u00e1 lugar la celebraci\u00f3n de la boda civil, de car\u00e1cter privado, y ma\u00f1ana la [&hellip;]","og_url":"http:\/\/noviasespana.com\/noviasbaleares\/empiezan-los-festejos-de-la-boda-real-de-monaco\/","og_site_name":"Novias Baleares","article_published_time":"2011-07-01T07:00:58+00:00","og_image":[{"url":"http:\/\/www.diariodeunanovia.com\/blog\/wp-content\/uploads\/sites\/5\/2011\/07\/vestido-de-novia-de-Charlene-Wittstock2.jpeg","type":"","width":"","height":""}],"author":"admin","twitter_misc":{"Escrito por":"admin","Tiempo de lectura":"1 minuto"},"schema":{"@context":"https:\/\/schema.org","@graph":[{"@type":"Article","@id":"http:\/\/noviasespana.com\/noviasbaleares\/empiezan-los-festejos-de-la-boda-real-de-monaco\/#article","isPartOf":{"@id":"http:\/\/noviasespana.com\/noviasbaleares\/empiezan-los-festejos-de-la-boda-real-de-monaco\/"},"author":{"name":"admin","@id":"http:\/\/noviasespana.com\/noviasbaleares\/#\/schema\/person\/82ff6e303fad28e4da623aa4d27969ed"},"headline":"Empiezan los festejos de la boda real de M\u00f3naco","datePublished":"2011-07-01T07:00:58+00:00","mainEntityOfPage":{"@id":"http:\/\/noviasespana.com\/noviasbaleares\/empiezan-los-festejos-de-la-boda-real-de-monaco\/"},"wordCount":309,"commentCount":0,"image":{"@id":"http:\/\/noviasespana.com\/noviasbaleares\/empiezan-los-festejos-de-la-boda-real-de-monaco\/#primaryimage"},"thumbnailUrl":"http:\/\/www.diariodeunanovia.com\/blog\/wp-content\/uploads\/sites\/5\/2011\/07\/vestido-de-novia-de-Charlene-Wittstock2.jpeg","articleSection":["novias"],"inLanguage":"es","potentialAction":[{"@type":"CommentAction","name":"Comment","target":["http:\/\/noviasespana.com\/noviasbaleares\/empiezan-los-festejos-de-la-boda-real-de-monaco\/#respond"]}]},{"@type":"WebPage","@id":"http:\/\/noviasespana.com\/noviasbaleares\/empiezan-los-festejos-de-la-boda-real-de-monaco\/","url":"http:\/\/noviasespana.com\/noviasbaleares\/empiezan-los-festejos-de-la-boda-real-de-monaco\/","name":"Empiezan los festejos de la boda real de M\u00f3naco - Novias Baleares","isPartOf":{"@id":"http:\/\/noviasespana.com\/noviasbaleares\/#website"},"primaryImageOfPage":{"@id":"http:\/\/noviasespana.com\/noviasbaleares\/empiezan-los-festejos-de-la-boda-real-de-monaco\/#primaryimage"},"image":{"@id":"http:\/\/noviasespana.com\/noviasbaleares\/empiezan-los-festejos-de-la-boda-real-de-monaco\/#primaryimage"},"thumbnailUrl":"http:\/\/www.diariodeunanovia.com\/blog\/wp-content\/uploads\/sites\/5\/2011\/07\/vestido-de-novia-de-Charlene-Wittstock2.jpeg","datePublished":"2011-07-01T07:00:58+00:00","author":{"@id":"http:\/\/noviasespana.com\/noviasbaleares\/#\/schema\/person\/82ff6e303fad28e4da623aa4d27969ed"},"breadcrumb":{"@id":"http:\/\/noviasespana.com\/noviasbaleares\/empiezan-los-festejos-de-la-boda-real-de-monaco\/#breadcrumb"},"inLanguage":"es","potentialAction":[{"@type":"ReadAction","target":["http:\/\/noviasespana.com\/noviasbaleares\/empiezan-los-festejos-de-la-boda-real-de-monaco\/"]}]},{"@type":"ImageObject","inLanguage":"es","@id":"http:\/\/noviasespana.com\/noviasbaleares\/empiezan-los-festejos-de-la-boda-real-de-monaco\/#primaryimage","url":"http:\/\/www.diariodeunanovia.com\/blog\/wp-content\/uploads\/sites\/5\/2011\/07\/vestido-de-novia-de-Charlene-Wittstock2.jpeg","contentUrl":"http:\/\/www.diariodeunanovia.com\/blog\/wp-content\/uploads\/sites\/5\/2011\/07\/vestido-de-novia-de-Charlene-Wittstock2.jpeg"},{"@type":"BreadcrumbList","@id":"http:\/\/noviasespana.com\/noviasbaleares\/empiezan-los-festejos-de-la-boda-real-de-monaco\/#breadcrumb","itemListElement":[{"@type":"ListItem","position":1,"name":"Portada","item":"http:\/\/noviasespana.com\/noviasbaleares\/"},{"@type":"ListItem","position":2,"name":"Empiezan los festejos de la boda real de M\u00f3naco"}]},{"@type":"WebSite","@id":"http:\/\/noviasespana.com\/noviasbaleares\/#website","url":"http:\/\/noviasespana.com\/noviasbaleares\/","name":"Novias Baleares","description":"Revista de novias","potentialAction":[{"@type":"SearchAction","target":{"@type":"EntryPoint","urlTemplate":"http:\/\/noviasespana.com\/noviasbaleares\/?s={search_term_string}"},"query-input":{"@type":"PropertyValueSpecification","valueRequired":true,"valueName":"search_term_string"}}],"inLanguage":"es"},{"@type":"Person","@id":"http:\/\/noviasespana.com\/noviasbaleares\/#\/schema\/person\/82ff6e303fad28e4da623aa4d27969ed","name":"admin","image":{"@type":"ImageObject","inLanguage":"es","@id":"https:\/\/secure.gravatar.com\/avatar\/0f45231fddfb43fcbd0cdde4582a3580baf474d75fca7d494b42ff86847de871?s=96&d=mm&r=g","url":"https:\/\/secure.gravatar.com\/avatar\/0f45231fddfb43fcbd0cdde4582a3580baf474d75fca7d494b42ff86847de871?s=96&d=mm&r=g","contentUrl":"https:\/\/secure.gravatar.com\/avatar\/0f45231fddfb43fcbd0cdde4582a3580baf474d75fca7d494b42ff86847de871?s=96&d=mm&r=g","caption":"admin"},"url":"http:\/\/noviasespana.com\/noviasbaleares\/author\/admin\/"}]}},"jetpack_featured_media_url":"","jetpack_sharing_enabled":true,"jetpack_shortlink":"https:\/\/wp.me\/p5Hg6P-Rf","jetpack_likes_enabled":true,"_links":{"self":[{"href":"http:\/\/noviasespana.com\/noviasbaleares\/wp-json\/wp\/v2\/posts\/3301","targetHints":{"allow":["GET"]}}],"collection":[{"href":"http:\/\/noviasespana.com\/noviasbaleares\/wp-json\/wp\/v2\/posts"}],"about":[{"href":"http:\/\/noviasespana.com\/noviasbaleares\/wp-json\/wp\/v2\/types\/post"}],"author":[{"embeddable":true,"href":"http:\/\/noviasespana.com\/noviasbaleares\/wp-json\/wp\/v2\/users\/2"}],"replies":[{"embeddable":true,"href":"http:\/\/noviasespana.com\/noviasbaleares\/wp-json\/wp\/v2\/comments?post=3301"}],"version-history":[{"count":0,"href":"http:\/\/noviasespana.com\/noviasbaleares\/wp-json\/wp\/v2\/posts\/3301\/revisions"}],"wp:attachment":[{"href":"http:\/\/noviasespana.com\/noviasbaleares\/wp-json\/wp\/v2\/media?parent=3301"}],"wp:term":[{"taxonomy":"category","embeddable":true,"href":"http:\/\/noviasespana.com\/noviasbaleares\/wp-json\/wp\/v2\/categories?post=3301"},{"taxonomy":"post_tag","embeddable":true,"href":"http:\/\/noviasespana.com\/noviasbaleares\/wp-json\/wp\/v2\/tags?post=3301"}],"curies":[{"name":"wp","href":"https:\/\/api.w.org\/{rel}","templated":true}]}}