{"id":3290,"date":"2011-06-29T09:00:45","date_gmt":"2011-06-29T07:00:45","guid":{"rendered":"http:\/\/www.diariodeunanovia.com\/blog\/?p=3290"},"modified":"2011-06-29T09:00:45","modified_gmt":"2011-06-29T07:00:45","slug":"boda-real-en-monaco-estilo-y-glamour","status":"publish","type":"post","link":"http:\/\/noviasespana.com\/noviasbaleares\/boda-real-en-monaco-estilo-y-glamour\/","title":{"rendered":"Boda real en Monaco: estilo y glamour"},"content":{"rendered":"<p>Queridas novias!! Los pr\u00edncipes de Asturias no acudir\u00e1n al enlace de Alberto de M\u00f3naco y Charlene Wittstock, que se celebrar\u00e1 el pr\u00f3ximo dos de julio en la capital monegasca. Pues que pena, yo estar\u00eda encantad de ir. Sin duda va a ser la otra gran boda del a\u00f1o y un desfile de modelos de los que hacen \u00e9poca. Lo va a tener dif\u00edcil Charlene, ser la nueva Grace Kelly va a ser un trabajo muy duro, adem\u00e1s su futura sobrina, Carlota Casiraghi ha conseguido robarle el protagonismo ante las c\u00e1maras. La belleza y el \u00abglamour\u00bb de la joven la sit\u00faan ya como la perfecta heredera del saber estar y de la elegancia de su madre, la Princesa Carolina. Giorgio Armani firma el dise\u00f1o de novia que lucir\u00e1 Charlene Wittstock y estoy segura que no nos defraudar\u00e1 como no lo har\u00e1n el resto de damas de la familia Grimaldi, Carolina, Estefan\u00eda y Carlota. Tambi\u00e9n estoy desenado vera a los hijos varones de Carolina, Andrea y Pierre con sus respectivas novias Tatiana Santo Domingo y Beatrice Borromeo respectivamente.<!--more-->\u00a0La colombiana Tatiana Santo Domingo, es la mujer m\u00e1s elegante del mundo seg\u00fan la revista Vanity Fair y, quiz\u00e1 una de las m\u00e1s ricas, porque Tatiana es nieta del magnate colombiano Julio Mario Santo Domingo, uno de los empresarios m\u00e1s ricos de toda Am\u00e9rica Latina. El estilo de Tatiana es muy vintage mientras que la italiana Beatrice Borromeo, presentadora, modelo y una de las arist\u00f3cratas m\u00e1s famosas de Italia. El duelo de estilos esta servido. http:\/\/www.hola.com\/casasreales\/especial\/hijoscarolina\/3.html http:\/\/www.hoymujer.com\/bodas-reales\/Charlene-Wittstock-Alberto-Monaco\/Tatiana-Santo-Domingo-glamour-633507062011.html<\/p>\n","protected":false},"excerpt":{"rendered":"<p>Queridas novias!! Los pr\u00edncipes de Asturias no acudir\u00e1n al enlace de Alberto de M\u00f3naco y Charlene Wittstock, que se celebrar\u00e1 el pr\u00f3ximo dos de julio en la capital monegasca. Pues que pena, yo estar\u00eda encantad de ir. Sin duda va a ser la otra gran boda del a\u00f1o y un desfile de modelos de los [&hellip;]<\/p>\n","protected":false},"author":2,"featured_media":0,"comment_status":"open","ping_status":"open","sticky":false,"template":"","format":"standard","meta":{"jetpack_post_was_ever_published":false,"_jetpack_newsletter_access":"","_jetpack_dont_email_post_to_subs":false,"_jetpack_newsletter_tier_id":0,"_jetpack_memberships_contains_paywalled_content":false,"_jetpack_memberships_contains_paid_content":false,"footnotes":""},"categories":[1],"tags":[],"class_list":["post-3290","post","type-post","status-publish","format-standard","hentry","category-novias"],"yoast_head":"<!-- This site is optimized with the Yoast SEO plugin v27.5 - https:\/\/yoast.com\/product\/yoast-seo-wordpress\/ -->\n<title>Boda real en Monaco: estilo y glamour - Novias Baleares<\/title>\n<meta name=\"robots\" content=\"index, follow, max-snippet:-1, max-image-preview:large, max-video-preview:-1\" \/>\n<link rel=\"canonical\" href=\"http:\/\/noviasespana.com\/noviasbaleares\/boda-real-en-monaco-estilo-y-glamour\/\" \/>\n<meta property=\"og:locale\" content=\"es_ES\" \/>\n<meta property=\"og:type\" content=\"article\" \/>\n<meta property=\"og:title\" content=\"Boda real en Monaco: estilo y glamour - Novias Baleares\" \/>\n<meta property=\"og:description\" content=\"Queridas novias!! Los pr\u00edncipes de Asturias no acudir\u00e1n al enlace de Alberto de M\u00f3naco y Charlene Wittstock, que se celebrar\u00e1 el pr\u00f3ximo dos de julio en la capital monegasca. Pues que pena, yo estar\u00eda encantad de ir. Sin duda va a ser la otra gran boda del a\u00f1o y un desfile de modelos de los [&hellip;]\" \/>\n<meta property=\"og:url\" content=\"http:\/\/noviasespana.com\/noviasbaleares\/boda-real-en-monaco-estilo-y-glamour\/\" \/>\n<meta property=\"og:site_name\" content=\"Novias Baleares\" \/>\n<meta property=\"article:published_time\" content=\"2011-06-29T07:00:45+00:00\" \/>\n<meta name=\"author\" content=\"admin\" \/>\n<meta name=\"twitter:label1\" content=\"Escrito por\" \/>\n\t<meta name=\"twitter:data1\" content=\"admin\" \/>\n\t<meta name=\"twitter:label2\" content=\"Tiempo de lectura\" \/>\n\t<meta name=\"twitter:data2\" content=\"1 minuto\" \/>\n<script type=\"application\/ld+json\" class=\"yoast-schema-graph\">{\"@context\":\"https:\\\/\\\/schema.org\",\"@graph\":[{\"@type\":\"Article\",\"@id\":\"http:\\\/\\\/noviasespana.com\\\/noviasbaleares\\\/boda-real-en-monaco-estilo-y-glamour\\\/#article\",\"isPartOf\":{\"@id\":\"http:\\\/\\\/noviasespana.com\\\/noviasbaleares\\\/boda-real-en-monaco-estilo-y-glamour\\\/\"},\"author\":{\"name\":\"admin\",\"@id\":\"http:\\\/\\\/noviasespana.com\\\/noviasbaleares\\\/#\\\/schema\\\/person\\\/82ff6e303fad28e4da623aa4d27969ed\"},\"headline\":\"Boda real en Monaco: estilo y glamour\",\"datePublished\":\"2011-06-29T07:00:45+00:00\",\"mainEntityOfPage\":{\"@id\":\"http:\\\/\\\/noviasespana.com\\\/noviasbaleares\\\/boda-real-en-monaco-estilo-y-glamour\\\/\"},\"wordCount\":295,\"commentCount\":0,\"articleSection\":[\"novias\"],\"inLanguage\":\"es\",\"potentialAction\":[{\"@type\":\"CommentAction\",\"name\":\"Comment\",\"target\":[\"http:\\\/\\\/noviasespana.com\\\/noviasbaleares\\\/boda-real-en-monaco-estilo-y-glamour\\\/#respond\"]}]},{\"@type\":\"WebPage\",\"@id\":\"http:\\\/\\\/noviasespana.com\\\/noviasbaleares\\\/boda-real-en-monaco-estilo-y-glamour\\\/\",\"url\":\"http:\\\/\\\/noviasespana.com\\\/noviasbaleares\\\/boda-real-en-monaco-estilo-y-glamour\\\/\",\"name\":\"Boda real en Monaco: estilo y glamour - Novias Baleares\",\"isPartOf\":{\"@id\":\"http:\\\/\\\/noviasespana.com\\\/noviasbaleares\\\/#website\"},\"datePublished\":\"2011-06-29T07:00:45+00:00\",\"author\":{\"@id\":\"http:\\\/\\\/noviasespana.com\\\/noviasbaleares\\\/#\\\/schema\\\/person\\\/82ff6e303fad28e4da623aa4d27969ed\"},\"breadcrumb\":{\"@id\":\"http:\\\/\\\/noviasespana.com\\\/noviasbaleares\\\/boda-real-en-monaco-estilo-y-glamour\\\/#breadcrumb\"},\"inLanguage\":\"es\",\"potentialAction\":[{\"@type\":\"ReadAction\",\"target\":[\"http:\\\/\\\/noviasespana.com\\\/noviasbaleares\\\/boda-real-en-monaco-estilo-y-glamour\\\/\"]}]},{\"@type\":\"BreadcrumbList\",\"@id\":\"http:\\\/\\\/noviasespana.com\\\/noviasbaleares\\\/boda-real-en-monaco-estilo-y-glamour\\\/#breadcrumb\",\"itemListElement\":[{\"@type\":\"ListItem\",\"position\":1,\"name\":\"Portada\",\"item\":\"http:\\\/\\\/noviasespana.com\\\/noviasbaleares\\\/\"},{\"@type\":\"ListItem\",\"position\":2,\"name\":\"Boda real en Monaco: estilo y glamour\"}]},{\"@type\":\"WebSite\",\"@id\":\"http:\\\/\\\/noviasespana.com\\\/noviasbaleares\\\/#website\",\"url\":\"http:\\\/\\\/noviasespana.com\\\/noviasbaleares\\\/\",\"name\":\"Novias Baleares\",\"description\":\"Revista de novias\",\"potentialAction\":[{\"@type\":\"SearchAction\",\"target\":{\"@type\":\"EntryPoint\",\"urlTemplate\":\"http:\\\/\\\/noviasespana.com\\\/noviasbaleares\\\/?s={search_term_string}\"},\"query-input\":{\"@type\":\"PropertyValueSpecification\",\"valueRequired\":true,\"valueName\":\"search_term_string\"}}],\"inLanguage\":\"es\"},{\"@type\":\"Person\",\"@id\":\"http:\\\/\\\/noviasespana.com\\\/noviasbaleares\\\/#\\\/schema\\\/person\\\/82ff6e303fad28e4da623aa4d27969ed\",\"name\":\"admin\",\"image\":{\"@type\":\"ImageObject\",\"inLanguage\":\"es\",\"@id\":\"https:\\\/\\\/secure.gravatar.com\\\/avatar\\\/0f45231fddfb43fcbd0cdde4582a3580baf474d75fca7d494b42ff86847de871?s=96&d=mm&r=g\",\"url\":\"https:\\\/\\\/secure.gravatar.com\\\/avatar\\\/0f45231fddfb43fcbd0cdde4582a3580baf474d75fca7d494b42ff86847de871?s=96&d=mm&r=g\",\"contentUrl\":\"https:\\\/\\\/secure.gravatar.com\\\/avatar\\\/0f45231fddfb43fcbd0cdde4582a3580baf474d75fca7d494b42ff86847de871?s=96&d=mm&r=g\",\"caption\":\"admin\"},\"url\":\"http:\\\/\\\/noviasespana.com\\\/noviasbaleares\\\/author\\\/admin\\\/\"}]}<\/script>\n<!-- \/ Yoast SEO plugin. -->","yoast_head_json":{"title":"Boda real en Monaco: estilo y glamour - Novias Baleares","robots":{"index":"index","follow":"follow","max-snippet":"max-snippet:-1","max-image-preview":"max-image-preview:large","max-video-preview":"max-video-preview:-1"},"canonical":"http:\/\/noviasespana.com\/noviasbaleares\/boda-real-en-monaco-estilo-y-glamour\/","og_locale":"es_ES","og_type":"article","og_title":"Boda real en Monaco: estilo y glamour - Novias Baleares","og_description":"Queridas novias!! Los pr\u00edncipes de Asturias no acudir\u00e1n al enlace de Alberto de M\u00f3naco y Charlene Wittstock, que se celebrar\u00e1 el pr\u00f3ximo dos de julio en la capital monegasca. Pues que pena, yo estar\u00eda encantad de ir. Sin duda va a ser la otra gran boda del a\u00f1o y un desfile de modelos de los [&hellip;]","og_url":"http:\/\/noviasespana.com\/noviasbaleares\/boda-real-en-monaco-estilo-y-glamour\/","og_site_name":"Novias Baleares","article_published_time":"2011-06-29T07:00:45+00:00","author":"admin","twitter_misc":{"Escrito por":"admin","Tiempo de lectura":"1 minuto"},"schema":{"@context":"https:\/\/schema.org","@graph":[{"@type":"Article","@id":"http:\/\/noviasespana.com\/noviasbaleares\/boda-real-en-monaco-estilo-y-glamour\/#article","isPartOf":{"@id":"http:\/\/noviasespana.com\/noviasbaleares\/boda-real-en-monaco-estilo-y-glamour\/"},"author":{"name":"admin","@id":"http:\/\/noviasespana.com\/noviasbaleares\/#\/schema\/person\/82ff6e303fad28e4da623aa4d27969ed"},"headline":"Boda real en Monaco: estilo y glamour","datePublished":"2011-06-29T07:00:45+00:00","mainEntityOfPage":{"@id":"http:\/\/noviasespana.com\/noviasbaleares\/boda-real-en-monaco-estilo-y-glamour\/"},"wordCount":295,"commentCount":0,"articleSection":["novias"],"inLanguage":"es","potentialAction":[{"@type":"CommentAction","name":"Comment","target":["http:\/\/noviasespana.com\/noviasbaleares\/boda-real-en-monaco-estilo-y-glamour\/#respond"]}]},{"@type":"WebPage","@id":"http:\/\/noviasespana.com\/noviasbaleares\/boda-real-en-monaco-estilo-y-glamour\/","url":"http:\/\/noviasespana.com\/noviasbaleares\/boda-real-en-monaco-estilo-y-glamour\/","name":"Boda real en Monaco: estilo y glamour - Novias Baleares","isPartOf":{"@id":"http:\/\/noviasespana.com\/noviasbaleares\/#website"},"datePublished":"2011-06-29T07:00:45+00:00","author":{"@id":"http:\/\/noviasespana.com\/noviasbaleares\/#\/schema\/person\/82ff6e303fad28e4da623aa4d27969ed"},"breadcrumb":{"@id":"http:\/\/noviasespana.com\/noviasbaleares\/boda-real-en-monaco-estilo-y-glamour\/#breadcrumb"},"inLanguage":"es","potentialAction":[{"@type":"ReadAction","target":["http:\/\/noviasespana.com\/noviasbaleares\/boda-real-en-monaco-estilo-y-glamour\/"]}]},{"@type":"BreadcrumbList","@id":"http:\/\/noviasespana.com\/noviasbaleares\/boda-real-en-monaco-estilo-y-glamour\/#breadcrumb","itemListElement":[{"@type":"ListItem","position":1,"name":"Portada","item":"http:\/\/noviasespana.com\/noviasbaleares\/"},{"@type":"ListItem","position":2,"name":"Boda real en Monaco: estilo y glamour"}]},{"@type":"WebSite","@id":"http:\/\/noviasespana.com\/noviasbaleares\/#website","url":"http:\/\/noviasespana.com\/noviasbaleares\/","name":"Novias Baleares","description":"Revista de novias","potentialAction":[{"@type":"SearchAction","target":{"@type":"EntryPoint","urlTemplate":"http:\/\/noviasespana.com\/noviasbaleares\/?s={search_term_string}"},"query-input":{"@type":"PropertyValueSpecification","valueRequired":true,"valueName":"search_term_string"}}],"inLanguage":"es"},{"@type":"Person","@id":"http:\/\/noviasespana.com\/noviasbaleares\/#\/schema\/person\/82ff6e303fad28e4da623aa4d27969ed","name":"admin","image":{"@type":"ImageObject","inLanguage":"es","@id":"https:\/\/secure.gravatar.com\/avatar\/0f45231fddfb43fcbd0cdde4582a3580baf474d75fca7d494b42ff86847de871?s=96&d=mm&r=g","url":"https:\/\/secure.gravatar.com\/avatar\/0f45231fddfb43fcbd0cdde4582a3580baf474d75fca7d494b42ff86847de871?s=96&d=mm&r=g","contentUrl":"https:\/\/secure.gravatar.com\/avatar\/0f45231fddfb43fcbd0cdde4582a3580baf474d75fca7d494b42ff86847de871?s=96&d=mm&r=g","caption":"admin"},"url":"http:\/\/noviasespana.com\/noviasbaleares\/author\/admin\/"}]}},"jetpack_featured_media_url":"","jetpack_sharing_enabled":true,"jetpack_shortlink":"https:\/\/wp.me\/p5Hg6P-R4","jetpack_likes_enabled":true,"_links":{"self":[{"href":"http:\/\/noviasespana.com\/noviasbaleares\/wp-json\/wp\/v2\/posts\/3290","targetHints":{"allow":["GET"]}}],"collection":[{"href":"http:\/\/noviasespana.com\/noviasbaleares\/wp-json\/wp\/v2\/posts"}],"about":[{"href":"http:\/\/noviasespana.com\/noviasbaleares\/wp-json\/wp\/v2\/types\/post"}],"author":[{"embeddable":true,"href":"http:\/\/noviasespana.com\/noviasbaleares\/wp-json\/wp\/v2\/users\/2"}],"replies":[{"embeddable":true,"href":"http:\/\/noviasespana.com\/noviasbaleares\/wp-json\/wp\/v2\/comments?post=3290"}],"version-history":[{"count":0,"href":"http:\/\/noviasespana.com\/noviasbaleares\/wp-json\/wp\/v2\/posts\/3290\/revisions"}],"wp:attachment":[{"href":"http:\/\/noviasespana.com\/noviasbaleares\/wp-json\/wp\/v2\/media?parent=3290"}],"wp:term":[{"taxonomy":"category","embeddable":true,"href":"http:\/\/noviasespana.com\/noviasbaleares\/wp-json\/wp\/v2\/categories?post=3290"},{"taxonomy":"post_tag","embeddable":true,"href":"http:\/\/noviasespana.com\/noviasbaleares\/wp-json\/wp\/v2\/tags?post=3290"}],"curies":[{"name":"wp","href":"https:\/\/api.w.org\/{rel}","templated":true}]}}