{"id":3272,"date":"2011-06-20T09:00:00","date_gmt":"2011-06-20T07:00:00","guid":{"rendered":"http:\/\/www.diariodeunanovia.com\/blog\/?p=3272"},"modified":"2011-06-20T09:00:00","modified_gmt":"2011-06-20T07:00:00","slug":"boda-en-valencia-de-raul-albiol","status":"publish","type":"post","link":"http:\/\/noviasespana.com\/noviasbaleares\/boda-en-valencia-de-raul-albiol\/","title":{"rendered":"Boda en Valencia de Raul Albiol"},"content":{"rendered":"<p><img data-recalc-dims=\"1\" loading=\"lazy\" decoding=\"async\" class=\"aligncenter size-full wp-image-3310\" title=\"boda-raul-albiol-y-alicia-roig\" src=\"https:\/\/i0.wp.com\/www.diariodeunanovia.com\/blog\/wp-content\/uploads\/sites\/5\/2011\/06\/big-raul-albiol-y-su-gran-boda-valenciana.jpeg?resize=400%2C224\" alt=\"boda-raul-albiol-y-alicia-roig\" width=\"400\" height=\"224\" \/>Queridas novias!! Continuamos con bodas de famosos, en esta ocasi\u00f3n <strong>repasamos la <a href=\"http:\/\/www.hola.com\/famosos\/2011061853164\/boda-raul-albiol\/\" target=\"_blank\">boda del futbolista Ra\u00fal Albiol y su novia, Alicia Roig<\/a>, que se casaron en la catedral de Valencia<\/strong>. Entre los invitados otros futbolistas famosos Xabi Alonso y \u00c1lvaro Arbeloa con sus esposas: Nagore Aramburu, que derroch\u00f3 elegancia con un original dise\u00f1o de color berenjena, y Carlota Ruiz, que apost\u00f3 por el rosa palo y una de las tendencias de esta temporada, la trenza. La pareja abandon\u00f3 el templo ante los aplausos y los v\u00edtores de muchos valencianos que quisieron acompa\u00f1arles y felicitarles en este momento inolvidable. \u00abHa sido el partido m\u00e1s importante de mi vida. Quiero dar las gracias a toda la gente que ha venido para mostrarnos su cari\u00f1o. No me hubiese casado en otro sitio que no fuera en Valencia\u00bb, confesaba un emocionado Ra\u00fal que miraba embelesado a Alicia, que adem\u00e1s de convertirse en su mujer es la madre de sus dos hijas,\u00a0Azahara y Alma. Su boda no s\u00f3lo ser\u00e1 especial para los novios, sino tambi\u00e9n para la capital del Turia ya que se trata del <strong><a href=\"http:\/\/www.diariodeunanovia.com\/blog\/?palclave=palau&amp;paged=3\" target=\"_blank\">primer enlace cuyo banquete se celebra en el Palau de les Arts<\/a><\/strong>,\u00a0a penas\u00a0un mes despu\u00e9s de que se comunicara que se iban ofrecer este tipo de servicios en el edificio ideado por Santiago Calatrava. Por cierto, la novia muy guapa, no he podido averiguar el dise\u00f1ador del traje pero me gusta mucho el estilo romano, pero \u00bfalguien me puede explicar ese ramo? Mas que un ramo es una bola con cola, lo siento no me gusta.<\/p>\n<p>Fuente: Hola.com<\/p>\n","protected":false},"excerpt":{"rendered":"<p>Queridas novias!! Continuamos con bodas de famosos, en esta ocasi\u00f3n repasamos la boda del futbolista Ra\u00fal Albiol y su novia, Alicia Roig, que se casaron en la catedral de Valencia. Entre los invitados otros futbolistas famosos Xabi Alonso y \u00c1lvaro Arbeloa con sus esposas: Nagore Aramburu, que derroch\u00f3 elegancia con un original dise\u00f1o de color [&hellip;]<\/p>\n","protected":false},"author":2,"featured_media":0,"comment_status":"open","ping_status":"open","sticky":false,"template":"","format":"standard","meta":{"jetpack_post_was_ever_published":false,"_jetpack_newsletter_access":"","_jetpack_dont_email_post_to_subs":false,"_jetpack_newsletter_tier_id":0,"_jetpack_memberships_contains_paywalled_content":false,"_jetpack_memberships_contains_paid_content":false,"footnotes":""},"categories":[1],"tags":[],"class_list":["post-3272","post","type-post","status-publish","format-standard","hentry","category-novias"],"yoast_head":"<!-- This site is optimized with the Yoast SEO plugin v27.5 - https:\/\/yoast.com\/product\/yoast-seo-wordpress\/ -->\n<title>Boda en Valencia de Raul Albiol - Novias Baleares<\/title>\n<meta name=\"robots\" content=\"index, follow, max-snippet:-1, max-image-preview:large, max-video-preview:-1\" \/>\n<link rel=\"canonical\" href=\"http:\/\/noviasespana.com\/noviasbaleares\/boda-en-valencia-de-raul-albiol\/\" \/>\n<meta property=\"og:locale\" content=\"es_ES\" \/>\n<meta property=\"og:type\" content=\"article\" \/>\n<meta property=\"og:title\" content=\"Boda en Valencia de Raul Albiol - Novias Baleares\" \/>\n<meta property=\"og:description\" content=\"Queridas novias!! Continuamos con bodas de famosos, en esta ocasi\u00f3n repasamos la boda del futbolista Ra\u00fal Albiol y su novia, Alicia Roig, que se casaron en la catedral de Valencia. Entre los invitados otros futbolistas famosos Xabi Alonso y \u00c1lvaro Arbeloa con sus esposas: Nagore Aramburu, que derroch\u00f3 elegancia con un original dise\u00f1o de color [&hellip;]\" \/>\n<meta property=\"og:url\" content=\"http:\/\/noviasespana.com\/noviasbaleares\/boda-en-valencia-de-raul-albiol\/\" \/>\n<meta property=\"og:site_name\" content=\"Novias Baleares\" \/>\n<meta property=\"article:published_time\" content=\"2011-06-20T07:00:00+00:00\" \/>\n<meta property=\"og:image\" content=\"http:\/\/www.diariodeunanovia.com\/blog\/wp-content\/uploads\/sites\/5\/2011\/06\/big-raul-albiol-y-su-gran-boda-valenciana.jpeg\" \/>\n<meta name=\"author\" content=\"admin\" \/>\n<meta name=\"twitter:label1\" content=\"Escrito por\" \/>\n\t<meta name=\"twitter:data1\" content=\"admin\" \/>\n\t<meta name=\"twitter:label2\" content=\"Tiempo de lectura\" \/>\n\t<meta name=\"twitter:data2\" content=\"1 minuto\" \/>\n<script type=\"application\/ld+json\" class=\"yoast-schema-graph\">{\"@context\":\"https:\\\/\\\/schema.org\",\"@graph\":[{\"@type\":\"Article\",\"@id\":\"http:\\\/\\\/noviasespana.com\\\/noviasbaleares\\\/boda-en-valencia-de-raul-albiol\\\/#article\",\"isPartOf\":{\"@id\":\"http:\\\/\\\/noviasespana.com\\\/noviasbaleares\\\/boda-en-valencia-de-raul-albiol\\\/\"},\"author\":{\"name\":\"admin\",\"@id\":\"http:\\\/\\\/noviasespana.com\\\/noviasbaleares\\\/#\\\/schema\\\/person\\\/82ff6e303fad28e4da623aa4d27969ed\"},\"headline\":\"Boda en Valencia de Raul Albiol\",\"datePublished\":\"2011-06-20T07:00:00+00:00\",\"mainEntityOfPage\":{\"@id\":\"http:\\\/\\\/noviasespana.com\\\/noviasbaleares\\\/boda-en-valencia-de-raul-albiol\\\/\"},\"wordCount\":281,\"commentCount\":0,\"image\":{\"@id\":\"http:\\\/\\\/noviasespana.com\\\/noviasbaleares\\\/boda-en-valencia-de-raul-albiol\\\/#primaryimage\"},\"thumbnailUrl\":\"http:\\\/\\\/www.diariodeunanovia.com\\\/blog\\\/wp-content\\\/uploads\\\/sites\\\/5\\\/2011\\\/06\\\/big-raul-albiol-y-su-gran-boda-valenciana.jpeg\",\"articleSection\":[\"novias\"],\"inLanguage\":\"es\",\"potentialAction\":[{\"@type\":\"CommentAction\",\"name\":\"Comment\",\"target\":[\"http:\\\/\\\/noviasespana.com\\\/noviasbaleares\\\/boda-en-valencia-de-raul-albiol\\\/#respond\"]}]},{\"@type\":\"WebPage\",\"@id\":\"http:\\\/\\\/noviasespana.com\\\/noviasbaleares\\\/boda-en-valencia-de-raul-albiol\\\/\",\"url\":\"http:\\\/\\\/noviasespana.com\\\/noviasbaleares\\\/boda-en-valencia-de-raul-albiol\\\/\",\"name\":\"Boda en Valencia de Raul Albiol - Novias Baleares\",\"isPartOf\":{\"@id\":\"http:\\\/\\\/noviasespana.com\\\/noviasbaleares\\\/#website\"},\"primaryImageOfPage\":{\"@id\":\"http:\\\/\\\/noviasespana.com\\\/noviasbaleares\\\/boda-en-valencia-de-raul-albiol\\\/#primaryimage\"},\"image\":{\"@id\":\"http:\\\/\\\/noviasespana.com\\\/noviasbaleares\\\/boda-en-valencia-de-raul-albiol\\\/#primaryimage\"},\"thumbnailUrl\":\"http:\\\/\\\/www.diariodeunanovia.com\\\/blog\\\/wp-content\\\/uploads\\\/sites\\\/5\\\/2011\\\/06\\\/big-raul-albiol-y-su-gran-boda-valenciana.jpeg\",\"datePublished\":\"2011-06-20T07:00:00+00:00\",\"author\":{\"@id\":\"http:\\\/\\\/noviasespana.com\\\/noviasbaleares\\\/#\\\/schema\\\/person\\\/82ff6e303fad28e4da623aa4d27969ed\"},\"breadcrumb\":{\"@id\":\"http:\\\/\\\/noviasespana.com\\\/noviasbaleares\\\/boda-en-valencia-de-raul-albiol\\\/#breadcrumb\"},\"inLanguage\":\"es\",\"potentialAction\":[{\"@type\":\"ReadAction\",\"target\":[\"http:\\\/\\\/noviasespana.com\\\/noviasbaleares\\\/boda-en-valencia-de-raul-albiol\\\/\"]}]},{\"@type\":\"ImageObject\",\"inLanguage\":\"es\",\"@id\":\"http:\\\/\\\/noviasespana.com\\\/noviasbaleares\\\/boda-en-valencia-de-raul-albiol\\\/#primaryimage\",\"url\":\"http:\\\/\\\/www.diariodeunanovia.com\\\/blog\\\/wp-content\\\/uploads\\\/sites\\\/5\\\/2011\\\/06\\\/big-raul-albiol-y-su-gran-boda-valenciana.jpeg\",\"contentUrl\":\"http:\\\/\\\/www.diariodeunanovia.com\\\/blog\\\/wp-content\\\/uploads\\\/sites\\\/5\\\/2011\\\/06\\\/big-raul-albiol-y-su-gran-boda-valenciana.jpeg\"},{\"@type\":\"BreadcrumbList\",\"@id\":\"http:\\\/\\\/noviasespana.com\\\/noviasbaleares\\\/boda-en-valencia-de-raul-albiol\\\/#breadcrumb\",\"itemListElement\":[{\"@type\":\"ListItem\",\"position\":1,\"name\":\"Portada\",\"item\":\"http:\\\/\\\/noviasespana.com\\\/noviasbaleares\\\/\"},{\"@type\":\"ListItem\",\"position\":2,\"name\":\"Boda en Valencia de Raul Albiol\"}]},{\"@type\":\"WebSite\",\"@id\":\"http:\\\/\\\/noviasespana.com\\\/noviasbaleares\\\/#website\",\"url\":\"http:\\\/\\\/noviasespana.com\\\/noviasbaleares\\\/\",\"name\":\"Novias Baleares\",\"description\":\"Revista de novias\",\"potentialAction\":[{\"@type\":\"SearchAction\",\"target\":{\"@type\":\"EntryPoint\",\"urlTemplate\":\"http:\\\/\\\/noviasespana.com\\\/noviasbaleares\\\/?s={search_term_string}\"},\"query-input\":{\"@type\":\"PropertyValueSpecification\",\"valueRequired\":true,\"valueName\":\"search_term_string\"}}],\"inLanguage\":\"es\"},{\"@type\":\"Person\",\"@id\":\"http:\\\/\\\/noviasespana.com\\\/noviasbaleares\\\/#\\\/schema\\\/person\\\/82ff6e303fad28e4da623aa4d27969ed\",\"name\":\"admin\",\"image\":{\"@type\":\"ImageObject\",\"inLanguage\":\"es\",\"@id\":\"https:\\\/\\\/secure.gravatar.com\\\/avatar\\\/0f45231fddfb43fcbd0cdde4582a3580baf474d75fca7d494b42ff86847de871?s=96&d=mm&r=g\",\"url\":\"https:\\\/\\\/secure.gravatar.com\\\/avatar\\\/0f45231fddfb43fcbd0cdde4582a3580baf474d75fca7d494b42ff86847de871?s=96&d=mm&r=g\",\"contentUrl\":\"https:\\\/\\\/secure.gravatar.com\\\/avatar\\\/0f45231fddfb43fcbd0cdde4582a3580baf474d75fca7d494b42ff86847de871?s=96&d=mm&r=g\",\"caption\":\"admin\"},\"url\":\"http:\\\/\\\/noviasespana.com\\\/noviasbaleares\\\/author\\\/admin\\\/\"}]}<\/script>\n<!-- \/ Yoast SEO plugin. -->","yoast_head_json":{"title":"Boda en Valencia de Raul Albiol - Novias Baleares","robots":{"index":"index","follow":"follow","max-snippet":"max-snippet:-1","max-image-preview":"max-image-preview:large","max-video-preview":"max-video-preview:-1"},"canonical":"http:\/\/noviasespana.com\/noviasbaleares\/boda-en-valencia-de-raul-albiol\/","og_locale":"es_ES","og_type":"article","og_title":"Boda en Valencia de Raul Albiol - Novias Baleares","og_description":"Queridas novias!! Continuamos con bodas de famosos, en esta ocasi\u00f3n repasamos la boda del futbolista Ra\u00fal Albiol y su novia, Alicia Roig, que se casaron en la catedral de Valencia. Entre los invitados otros futbolistas famosos Xabi Alonso y \u00c1lvaro Arbeloa con sus esposas: Nagore Aramburu, que derroch\u00f3 elegancia con un original dise\u00f1o de color [&hellip;]","og_url":"http:\/\/noviasespana.com\/noviasbaleares\/boda-en-valencia-de-raul-albiol\/","og_site_name":"Novias Baleares","article_published_time":"2011-06-20T07:00:00+00:00","og_image":[{"url":"http:\/\/www.diariodeunanovia.com\/blog\/wp-content\/uploads\/sites\/5\/2011\/06\/big-raul-albiol-y-su-gran-boda-valenciana.jpeg","type":"","width":"","height":""}],"author":"admin","twitter_misc":{"Escrito por":"admin","Tiempo de lectura":"1 minuto"},"schema":{"@context":"https:\/\/schema.org","@graph":[{"@type":"Article","@id":"http:\/\/noviasespana.com\/noviasbaleares\/boda-en-valencia-de-raul-albiol\/#article","isPartOf":{"@id":"http:\/\/noviasespana.com\/noviasbaleares\/boda-en-valencia-de-raul-albiol\/"},"author":{"name":"admin","@id":"http:\/\/noviasespana.com\/noviasbaleares\/#\/schema\/person\/82ff6e303fad28e4da623aa4d27969ed"},"headline":"Boda en Valencia de Raul Albiol","datePublished":"2011-06-20T07:00:00+00:00","mainEntityOfPage":{"@id":"http:\/\/noviasespana.com\/noviasbaleares\/boda-en-valencia-de-raul-albiol\/"},"wordCount":281,"commentCount":0,"image":{"@id":"http:\/\/noviasespana.com\/noviasbaleares\/boda-en-valencia-de-raul-albiol\/#primaryimage"},"thumbnailUrl":"http:\/\/www.diariodeunanovia.com\/blog\/wp-content\/uploads\/sites\/5\/2011\/06\/big-raul-albiol-y-su-gran-boda-valenciana.jpeg","articleSection":["novias"],"inLanguage":"es","potentialAction":[{"@type":"CommentAction","name":"Comment","target":["http:\/\/noviasespana.com\/noviasbaleares\/boda-en-valencia-de-raul-albiol\/#respond"]}]},{"@type":"WebPage","@id":"http:\/\/noviasespana.com\/noviasbaleares\/boda-en-valencia-de-raul-albiol\/","url":"http:\/\/noviasespana.com\/noviasbaleares\/boda-en-valencia-de-raul-albiol\/","name":"Boda en Valencia de Raul Albiol - Novias Baleares","isPartOf":{"@id":"http:\/\/noviasespana.com\/noviasbaleares\/#website"},"primaryImageOfPage":{"@id":"http:\/\/noviasespana.com\/noviasbaleares\/boda-en-valencia-de-raul-albiol\/#primaryimage"},"image":{"@id":"http:\/\/noviasespana.com\/noviasbaleares\/boda-en-valencia-de-raul-albiol\/#primaryimage"},"thumbnailUrl":"http:\/\/www.diariodeunanovia.com\/blog\/wp-content\/uploads\/sites\/5\/2011\/06\/big-raul-albiol-y-su-gran-boda-valenciana.jpeg","datePublished":"2011-06-20T07:00:00+00:00","author":{"@id":"http:\/\/noviasespana.com\/noviasbaleares\/#\/schema\/person\/82ff6e303fad28e4da623aa4d27969ed"},"breadcrumb":{"@id":"http:\/\/noviasespana.com\/noviasbaleares\/boda-en-valencia-de-raul-albiol\/#breadcrumb"},"inLanguage":"es","potentialAction":[{"@type":"ReadAction","target":["http:\/\/noviasespana.com\/noviasbaleares\/boda-en-valencia-de-raul-albiol\/"]}]},{"@type":"ImageObject","inLanguage":"es","@id":"http:\/\/noviasespana.com\/noviasbaleares\/boda-en-valencia-de-raul-albiol\/#primaryimage","url":"http:\/\/www.diariodeunanovia.com\/blog\/wp-content\/uploads\/sites\/5\/2011\/06\/big-raul-albiol-y-su-gran-boda-valenciana.jpeg","contentUrl":"http:\/\/www.diariodeunanovia.com\/blog\/wp-content\/uploads\/sites\/5\/2011\/06\/big-raul-albiol-y-su-gran-boda-valenciana.jpeg"},{"@type":"BreadcrumbList","@id":"http:\/\/noviasespana.com\/noviasbaleares\/boda-en-valencia-de-raul-albiol\/#breadcrumb","itemListElement":[{"@type":"ListItem","position":1,"name":"Portada","item":"http:\/\/noviasespana.com\/noviasbaleares\/"},{"@type":"ListItem","position":2,"name":"Boda en Valencia de Raul Albiol"}]},{"@type":"WebSite","@id":"http:\/\/noviasespana.com\/noviasbaleares\/#website","url":"http:\/\/noviasespana.com\/noviasbaleares\/","name":"Novias Baleares","description":"Revista de novias","potentialAction":[{"@type":"SearchAction","target":{"@type":"EntryPoint","urlTemplate":"http:\/\/noviasespana.com\/noviasbaleares\/?s={search_term_string}"},"query-input":{"@type":"PropertyValueSpecification","valueRequired":true,"valueName":"search_term_string"}}],"inLanguage":"es"},{"@type":"Person","@id":"http:\/\/noviasespana.com\/noviasbaleares\/#\/schema\/person\/82ff6e303fad28e4da623aa4d27969ed","name":"admin","image":{"@type":"ImageObject","inLanguage":"es","@id":"https:\/\/secure.gravatar.com\/avatar\/0f45231fddfb43fcbd0cdde4582a3580baf474d75fca7d494b42ff86847de871?s=96&d=mm&r=g","url":"https:\/\/secure.gravatar.com\/avatar\/0f45231fddfb43fcbd0cdde4582a3580baf474d75fca7d494b42ff86847de871?s=96&d=mm&r=g","contentUrl":"https:\/\/secure.gravatar.com\/avatar\/0f45231fddfb43fcbd0cdde4582a3580baf474d75fca7d494b42ff86847de871?s=96&d=mm&r=g","caption":"admin"},"url":"http:\/\/noviasespana.com\/noviasbaleares\/author\/admin\/"}]}},"jetpack_featured_media_url":"","jetpack_sharing_enabled":true,"jetpack_shortlink":"https:\/\/wp.me\/p5Hg6P-QM","jetpack_likes_enabled":true,"_links":{"self":[{"href":"http:\/\/noviasespana.com\/noviasbaleares\/wp-json\/wp\/v2\/posts\/3272","targetHints":{"allow":["GET"]}}],"collection":[{"href":"http:\/\/noviasespana.com\/noviasbaleares\/wp-json\/wp\/v2\/posts"}],"about":[{"href":"http:\/\/noviasespana.com\/noviasbaleares\/wp-json\/wp\/v2\/types\/post"}],"author":[{"embeddable":true,"href":"http:\/\/noviasespana.com\/noviasbaleares\/wp-json\/wp\/v2\/users\/2"}],"replies":[{"embeddable":true,"href":"http:\/\/noviasespana.com\/noviasbaleares\/wp-json\/wp\/v2\/comments?post=3272"}],"version-history":[{"count":0,"href":"http:\/\/noviasespana.com\/noviasbaleares\/wp-json\/wp\/v2\/posts\/3272\/revisions"}],"wp:attachment":[{"href":"http:\/\/noviasespana.com\/noviasbaleares\/wp-json\/wp\/v2\/media?parent=3272"}],"wp:term":[{"taxonomy":"category","embeddable":true,"href":"http:\/\/noviasespana.com\/noviasbaleares\/wp-json\/wp\/v2\/categories?post=3272"},{"taxonomy":"post_tag","embeddable":true,"href":"http:\/\/noviasespana.com\/noviasbaleares\/wp-json\/wp\/v2\/tags?post=3272"}],"curies":[{"name":"wp","href":"https:\/\/api.w.org\/{rel}","templated":true}]}}